{"id":541,"date":"2018-03-22T21:08:02","date_gmt":"2018-03-22T20:08:02","guid":{"rendered":"http:\/\/rume.katti.eu\/?p=541"},"modified":"2018-03-22T21:08:02","modified_gmt":"2018-03-22T20:08:02","slug":"aufgelesen-und-kommentiert-2018-03-22","status":"publish","type":"post","link":"https:\/\/www.rume.de\/?p=541","title":{"rendered":"Aufgelesen und kommentiert 2018-03-22"},"content":{"rendered":"<p>\/ Hartz IV-Kindersatz: 2,77 Euro f\u00fcr die Ern\u00e4hrung eines Kindes<br \/>\n\/ Arbeitsminister Heil (SPD) verk\u00fcndet 100-Tage-Sofortprogramm<br \/>\n\/ BMW-Gro\u00dfaktion\u00e4re: Quandt-Erben kassieren \u00fcber eine Milliarde Euro Dividende<br \/>\n\/ EU geht bei Besteuerung von Internetfirmen in die Offensive<br \/>\n\/ Olaf Scholz &#8211; Der Spezialdemokrat<br \/>\n\/ Mietpreisbremse und Neubauoffensive: Mit Placebos gegen die Wohnungsnot<br \/>\n\/ Der \u00dcberwachungsstaat<br \/>\n\/ Bundespressekonferenz: &#8222;W\u00fcrde die neue CIA-Folter-Chefin in Deutschland verhaftet werden?&#8220;<br \/>\n\/ Merkel kritisiert T\u00fcrkei: &#8222;Inakzeptabel, was in Afrin passiert&#8220;<br \/>\n\/ DIE LINKE deckt auf: Bundeswehr kooperiert immer \u00f6fter mit Kinderg\u00e4rten<br \/>\n\/ Merkels Regierungserkl\u00e4rung: Was sie wirklich sagte<br \/>\n\/ ARD diskreditiert die Friedensbewegung und wirbt f\u00fcr Aufr\u00fcstung<br \/>\n\/ Kathrin Hartmann &#8211; Die gr\u00fcne L\u00fcge<br \/>\n\/ Mercedes-Benz: Einfach nicht vern\u00fcnftig werden<br \/>\n\/ Interview mit TITANIC-Redakteur Moritz H\u00fcrtgen<br \/>\n\/ Olaf Scholz: &#8222;Unsere Finanzpolitik wird nicht bei Goldman Sachs gemacht&#8220;<\/p>\n<p>&#8212;<\/p>\n<p><!--more--><\/p>\n<p><a href='http:\/\/www.gegen-hartz.de\/news\/hartz-iv-kindersatz-277-euro-fuer-die-ernaehrung-eines-kindes-zu-wenig' class='azc_bbc_url'>Hartz IV-Kindersatz: 2,77 Euro f\u00fcr die Ern\u00e4hrung eines Kindes<\/a><br \/>\n<span class='azc_bbc_italic'>Mit 2,77 Euro pro Tag sollen Hartz IV-Empf\u00e4nger ihre Kinder bis zum sechsten Lebensjahr gesund und vollwertig ern\u00e4hren. &#8222;Das ist schlicht nicht m\u00f6glich&#8220;, mahnen Ern\u00e4hrungswissenschaftler der SNFS. Sie warnen davor, nur die Kalorien im Blick zu haben. &#8222;Entscheidend sei vielmehr die ausreichende Versorgung mit allen N\u00e4hrstoffen.&#8220;<\/p>\n<p>Armut und Mangelern\u00e4hrung sind auf fatale Weise miteinander verbunden. Eine Mikron\u00e4hrstoff-Mangelern\u00e4hrung entzieht sich der Diagnose; deshalb auch als verborgener Hunger bezeichnet. Das Problem: Er wird nicht wahrgenommen, obwohl er, je nach Ausma\u00df, schwerwiegende Konsequenzen f\u00fcr die Entwicklung und das sp\u00e4tere Leben der betroffenen Kinder haben kann. Denn Fehlern\u00e4hrung im Kindesalter kann zu k\u00f6rperlichen und geistigen Entwicklungsst\u00f6rungen f\u00fchren.&#8220;<\/span><\/p>\n<p>Tja Leute: Im Kindesalter wird man noch nicht einmal mit ausreichend Vitaminen versorgt, in gesundheitlich schlechteren Armutsvierteln konzentriert, von Jobcentern schikaniert, von der Qualit\u00e4tsjournaille verhetzt, von den Regierenden beschimpft und verh\u00f6hnt, in Depression und Selbstmord getrieben &#8211; bei einer zehn Jahre k\u00fcrzeren Lebenserwartung im Vergleich zur Normalbev\u00f6lkerung. Und selbst wer das Rentenalter erreicht, muss dann an der Tafel anstehen.<\/p>\n<p>Alles politisch gewollt und vom W\u00e4hler bejubelt und wiedergew\u00e4hlt. Obwohl jeder weiss, dass es nicht genug existenzsichernde Arbeitspl\u00e4tze f\u00fcr alle gibt und allein deshalb eine Debatte \u00fcber eine Mindestteilhabe am gesellschaftlichen Leben l\u00e4ngst \u00fcberf\u00e4llig ist.<\/p>\n<p>Was genau sagt uns dieser Befund \u00fcber den zivilisatorischen Fortschritt hier in Deutschland? Und die bildungspolitische Intelligenz?<\/p>\n<p><a href='https:\/\/altonabloggt.com\/2018\/03\/22\/kommentar-regierungserklaerung-arbeits-und-sozialministerium' class='azc_bbc_url'>Arbeitsminister Heil (SPD) verk\u00fcndet 100-Tage-Sofortprogramm<\/a><br \/>\nDa ist sie endlich, die SPD-Erneuerung, von der st\u00e4ndig geredet wird.<\/p>\n<img class='azc_bbc_image' src='https:\/\/www.rume.de\/smilies\/muahaha.gif'  \/>\n<p><a href='http:\/\/www.spiegel.de\/wirtschaft\/unternehmen\/bmw-milliarden-dividende-fuer-stefan-quandt-und-susanne-klatten-a-1199186.html' class='azc_bbc_url'>BMW-Gro\u00dfaktion\u00e4re: Quandt-Erben kassieren \u00fcber eine Milliarde Euro Dividende<\/a><br \/>\n<span class='azc_bbc_italic'>&#8222;Die Geschwister Stefan Quandt und Susanne Klatten erhalten von BMW in K\u00fcrze 1,1 Milliarden Euro aufs Konto&#8220;<\/span>, jubelt das ehemalige Nachrichtenmagazin.<\/p>\n<p>Hmm, wenn man das durch 365 Tage teilt, denn schon letztes Jahr kassierten die \u00fcber 1 Milliarde Euro ab, dann sind das 3 Millionen Euro pro Tag! Und da in Deutschland streng nach Leistung bezahlt wird, jetzt bitte kein Sozialneid. Das ist eine v\u00f6llig marktgerechte Entlohnung f\u00fcr viele harte Stunden Arbeit &#8211; das sollte doch wohl jeder einsehen, oder? <img class='azc_bbc_image' src='https:\/\/www.rume.de\/smilies\/sarkasm.gif'  \/><\/p>\n<p>Und bloss keine Million\u00e4rssteuer einf\u00fchren. Das w\u00fcrde die &#8222;Leistungstr\u00e4ger&#8220; nur \u00fcberproportional &#8222;belasten&#8220; <img class='azc_bbc_image' src='https:\/\/www.rume.de\/smilies\/sarkasm.gif'  \/><\/p>\n<p>Und ja, ich halte derartige Spr\u00fcche f\u00fcr kompletten Schwachsinn. Aber weit \u00fcber 80 Prozent der W\u00e4hler kreuzen halt begeistert Parteien an, die eine Million\u00e4rsbesteuerung niemals durchsetzen wollen.<\/p>\n<p><a href='https:\/\/www.welt.de\/newsticker\/news1\/article174774224\/Steuern-EU-geht-bei-Besteuerung-von-Internetfirmen-in-die-Offensive.html' class='azc_bbc_url'>EU geht bei Besteuerung von Internetfirmen in die Offensive<\/a><br \/>\n<span class='azc_bbc_italic'>&#8222;Die EU-Kommission will Digitalkonzerne wie Google und Facebook in Zukunft besteuern. Kurzfristig soll eine Umsatzsteuer als Ausgleich f\u00fcr entgangene Steuereinnahmen eingef\u00fchrt werden und langfristig die Besteuerung von Gewinnen ohne physische Pr\u00e4senz eines Unternehmens m\u00f6glich sein, wie EU-Wirtschaftskommissar Pierre Moscovici am Mittwoch ausf\u00fchrte. Die von der Kommission vorgeschlagene Abgabe soll drei Prozent des Umsatzes der Unternehmen in den Staaten der EU betragen. Betroffen w\u00e4ren Konzerne, deren weltweiter Jahresumsatz mehr als 750 Millionen Euro betr\u00e4gt, wovon mehr als 50 Millionen durch digitale Dienstleistungen in der EU generiert werden. Die Steuer zielt also in erster Linie auf Internetriesen wie Google, Facebook und Amazon ab.&#8220;<\/span><\/p>\n<p>\u00c4hh, warum erst ab 750 Millionen Euro Umsatz? Und warum nur bei Internetkonzerne? Es gibt hunderte Firmen wie beispielsweise Starbucks oder Subway, die ihre Millionengewinne lachend dorthin verschieben, wo man nichts zahlen muss. Und das betrifft auch keineswegs nur Konzerne aus den USA. Auch deutsche Grosskonzerne verschieben Millionensummen ins Ausland, um Steuern zu sparen. In der gesamten EU verschieben Konzerne ihre Gewinne, wie sie wollen.<\/p>\n<p>Wer dagegen WIRKLICH etwas unternehmen will, der belegt all diese Verschiebemillionen mit einer Umsatzsteuer, die auch in der gesamten EU angewendet werden. Und ja, inklusive Luxemburg, Niederlande und den britischen \u00dcberseegebieten.<\/p>\n<p>Da aber genau das NICHT passiert, ist diese Ank\u00fcndigung nichts anderes als billige PR zum Einseifen von Tagesschau-Zuschauern. Aber angesichts des bildungspolitischen Niveaus der Deutschen reicht das ja auch v\u00f6llig aus <img class='azc_bbc_image' src='https:\/\/www.rume.de\/smilies\/nasiehste.gif'  \/><\/p>\n<p><a href='https:\/\/www.rubikon.news\/artikel\/der-spezialdemokrat' class='azc_bbc_url'>Olaf Scholz &#8211; Der Spezialdemokrat<\/a><br \/>\nWas der Bundesfinanzminister Olaf Scholz (SPD) damals als Juso-Vorsitzender so sagte &#8211; und was er heute als geschmierter Singvogel des Kapitals von sich gibt. Inklusive einem treffsicheren Seitenhieb auf Andrea Nahles und Kevin K\u00fchnert im Bericht. Ein sch\u00f6ner LESEBEFEHL f\u00fcr Leute, die der SPD nachlaufen und\/oder von &#8222;linken Sammlungsbewegungen&#8220; tr\u00e4umen.<\/p>\n<p><a href='https:\/\/www.hintergrund.de\/wirtschaft\/wirtschaft-inland\/placebos-gegen-wohnungsnot' class='azc_bbc_url'>Mietpreisbremse und Neubauoffensive: Mit Placebos gegen die Wohnungsnot<\/a><br \/>\nVor allem lesenswert, weil darin auch das Verhalten von DIE LINKE aufgezeigt wird, die auf Bundesebene einen sozialen Wohnungsbau fordern &#8211; aber in Berlin und Dresden dem Verkauf von Sozialwohnungen an Finanzheuschrecken zustimmte &#8211; mit allen im Bericht beschriebenen Folgen.<\/p>\n<p><a href='https:\/\/www.rubikon.news\/artikel\/der-uberwachungsstaat' class='azc_bbc_url'>Der \u00dcberwachungsstaat<\/a><br \/>\n<span class='azc_bbc_italic'>&#8222;Anfang Februar stellte Bayerns Innenminister Joachim Hermann einen Entwurf des neuen Polizei-Aufgabengesetzes (PAG) vor. Das, was wir der t\u00fcrkischen oder russischen Exekutive immerzu vorwerfen, w\u00fcrde die Bayerische Polizei durch das neue PAG an Befugnissen erhalten. Denn die geplanten Befugnisse sind beim besten Willen nicht mehr mit dem Grundgesetz und der freien demokratischen Grundordnung vereinbar.&#8220;<\/span> <a href='https:\/\/www.rubikon.news\/artikel\/der-uberwachungsstaat' class='azc_bbc_url'>Weiterlesen&#8230;<\/a><\/p>\n<p>Bundesinnenmminister Horst Seehofer (CSU) hat bereits angek\u00fcndigt, <a href='https:\/\/www.wsws.org\/de\/articles\/2018\/03\/12\/seeh-m12.html' class='azc_bbc_url'>ganz Deutschland nach dem &#8222;Vorbild Bayern&#8220; zu unterdr\u00fccken<\/a>.<\/p>\n<p><a href='https:\/\/www.youtube.com\/watch?v=Mso_Lv07LBw' class='azc_bbc_url'>Bundespressekonferenz: &#8222;W\u00fcrde die neue CIA-Folter-Chefin in Deutschland verhaftet werden?&#8220;<\/a><br \/>\nWer mal sehen m\u00f6chte, wie sich menschgewordene Aale winden &#8211; Herr Seibert kann diese Disziplin in Vollendung. Aber genau das hat er ja auch gelernt. Er war vorher schliesslich ZDF-Nachrichtensprecher <img class='azc_bbc_image' src='https:\/\/www.rume.de\/smilies\/nasiehste.gif'  \/><\/p>\n<p><a href='http:\/\/www.faz.net\/aktuell\/politik\/inland\/angela-merkel-kritisiert-die-tuerkei-fuer-den-einmarsch-in-syrien-15505496.html' class='azc_bbc_url'>Merkel kritisiert T\u00fcrkei: &#8222;Inakzeptabel, was in Afrin passiert&#8220;<\/a><br \/>\nWas hat diese ekelerregende Heuchlerin eigentlich erwartet, <a href='http:\/\/www.schwarwel.de\/wp-content\/uploads\/2018\/02\/180321-Tuerkei-waffenexport-1000-karikatur-schwarwel.jpg' class='azc_bbc_url'>als sie Panzer in die T\u00fcrkei ausliefern liess?<\/a> Dass die Panzer zum Denkmal umgebaut und in die Landschaft gestellt werden? <img class='azc_bbc_image' src='https:\/\/www.rume.de\/smilies\/clown.gif'  \/> Nein, Panzer haben nur einen Zweck: Zu morden! Das hat Merkel bewilligt und das wird nun auch getan. Tausendfach!<\/p>\n<p><span class='azc_bbc_italic'>&#8222;Deutsche Waffen, deutsches Geld morden mit in aller Welt&#8220;<\/span>, hiess es fr\u00fcher v\u00f6llig zurecht. Und genau das ist dank Merkel (!) auch heute noch der Fall.<\/p>\n<p>Ach und noch etwas: Muss ich es noch explizit erw\u00e4hnen, dass in den \u00f6ffentlich-rechten Qualit\u00e4tsnachrichtensendungen dieser Zusammenhang (nat\u00fcrlich!) mit keinem einzigen Wort erw\u00e4hnt wurde? Oder konntet ihr euch das schon denken? <img class='azc_bbc_image' src='https:\/\/www.rume.de\/smilies\/nasiehste.gif'  \/><\/p>\n<p><a href='http:\/\/www.spiegel.de\/lebenundlernen\/schule\/was-will-die-bundeswehr-bei-kita-kindern-a-1199164.html' class='azc_bbc_url'>DIE LINKE deckt auf: Bundeswehr kooperiert immer \u00f6fter mit Kinderg\u00e4rten<\/a><br \/>\n<span class='azc_bbc_italic'>&#8222;Im vergangenen Jahr hat die Bundeswehr mehr als 2000 Minderj\u00e4hrige rekrutiert &#8211; so viele wie noch nie. Seit 2011 hat sich die Zahl der Minderj\u00e4hrigen bei der Bundeswehr damit verdreifacht&#8220;<\/span>, berichtet das ehemalige Nachrichtenmagazin.<\/p>\n<p>Ein Skandal? Ja klar, aber lest mal weiter (Zitat): <span class='azc_bbc_italic'>&#8222;Lampionumzug durch die Kaserne, Vorlesetage und selbst mit Helm und Maske vor der Kamera posieren: Die Bundeswehr pflegt auch immer \u00f6fter enge Kontakte zu Kitas und Schulen, wie eine Antwort auf eine Kleine Anfrage der LINKEN im Bundestag zeigt. In dem Papier, das dem SPIEGEL vorliegt, werden mehr als hundert Kooperationen der Bundeswehr mit Schulen und Kinderg\u00e4rten aus den vergangenen zwei Jahren dokumentiert, an denen mindestens (!) tausend Kinder (!!) beteiligt waren.&#8220;<\/span><\/p>\n<p>Auch gegen all das wird seitens der Bundesregierung NICHTS unternommen. Ganz im Gegenteil: Die zunehmende Normalisierung von Krieg, Gewalt, Hetze und massiver Aufr\u00fcstung ist sogar explizit gew\u00fcnscht.<\/p>\n<p>Dazu passt auch:<\/p>\n<p><a href='http:\/\/www.wsws.org\/de\/articles\/2018\/03\/22\/merk-m22.html' class='azc_bbc_url'>Merkels Regierungserkl\u00e4rung: Was sie wirklich sagte<\/a><br \/>\nEs hat seinen Grund, weswegen Merkel in ihrem typisch einschl\u00e4fernden Tonfall die ihr vorgelegte Regierungserkl\u00e4rung abgelesen hatte. Der P\u00f6bel soll n\u00e4mlich nicht mitbekommen, was mit seinem Geld alles geplant wird &#8211; und nur zwischen den Zeilen angek\u00fcndigt wird.<\/p>\n<p>Zitat: <span class='azc_bbc_italic'>&#8222;Im Zentrum von Merkels Erkl\u00e4rung stand die Fl\u00fcchtlingspolitik der Gro\u00dfen Koalition, die zunehmend die Forderungen der rechtsextremen AfD \u00fcbernimmt. Eine &#8222;solche Ausnahmesituation&#8220; wie im Jahr 2015 &#8222;soll und darf sich nicht wiederholen&#8220;, stellte Merkel fest. Dann pr\u00e4sentierte sie einen ganzen Katalog von Ma\u00dfnahmen, die zuk\u00fcnftig die konsequentere Abschiebung und Abwehr von hunderttausenden Fl\u00fcchtlingen aus den Kriegsgebieten des Nahen Ostens und Nordafrikas sicherstellen sollen. Die &#8222;Gr\u00fcndung einer gemeinsamen Grenzsicherungsagentur ist ein genauso wichtiger Schritt, wie das Ein- und Ausreiseregister, das nun endlich aufgebaut wird&#8220;. Fl\u00fcchtlinge, die nach eigenem Ermessen der Bundesregierung &#8222;keinen Anspruch auf Schutz haben, m\u00fcssen unser Land wieder verlassen&#8220;, so Merkel weiter. &#8222;Am besten \u00fcber freiwillige R\u00fcckkehrprogramme&#8220;, aber &#8222;notfalls auch durch staatlich angeordnete R\u00fcckf\u00fchrung&#8220;.<\/p>\n<p>Obwohl es in den b\u00fcrgerlichen Medien teilweise anders dargestellt wurde, nahm Merkel auch die anti-muslimische Hetzkampagne ihres neuen Innen- und Heimatministers Horst Seehofer (CSU) in Schutz. Dieser hatte Ende letzter Woche erkl\u00e4rt, dass der Islam nicht zu Deutschland geh\u00f6re. Nun pflichtete ihm Merkel bei: &#8222;Mit den 4,5 Millionen in Deutschland lebenden Muslimen, sei der Islam zwar mittlerweile ein Teil Deutschlands geworden&#8220;. Sie wisse aber, &#8222;dass viele ein Problem damit haben, diesen Gedanken anzunehmen. Und das ist ihr gutes Recht.&#8220;<\/p>\n<p>Im Bereich der Sozialpolitik gab Merkel freim\u00fctig zu, dass die ohnehin mickrigen Versprechen der Gro\u00dfen Koalition reine Makulatur sind. Im Namen der Wirtschaft pl\u00e4dierte Merkel stattdessen f\u00fcr mehr &#8222;Wettbewerbsf\u00e4higkeit&#8220;, also weitere Angriffe auf die L\u00f6hne und den Lebensstandard der Arbeiterklasse in ganz Europa.<\/p>\n<p>Merkel lie\u00df auch keinen Zweifel daran, dass die gesamte Finanzplanung der n\u00e4chsten Legislaturperiode den massiven Aufr\u00fcstungspl\u00e4nen der Gro\u00dfen Koalition untergeordnet sein wird. Sie bekannte sich zum Zwei-Prozent-Ziel der NATO, das hei\u00dft zur Erh\u00f6hung des j\u00e4hrlichen Milit\u00e4retats um mindestens 35 Milliarden Euro in den n\u00e4chsten Jahren. Um &#8222;unsere Souver\u00e4nit\u00e4t, unsere Interessen und unsere Werte&#8220; zu verteidigen brauche man &#8222;neben der st\u00e4rkeren und strukturierteren Zusammenarbeit bei der Verteidigung auch viel mehr Gemeinsamkeit bei der Au\u00dfenpolitik&#8220;, erkl\u00e4rte Merkel.<\/p>\n<p>Die mehrst\u00fcndige Debatte \u00fcber die Regierungserkl\u00e4rung, die heute und am Freitag im Bundestag fortgesetzt wird, machte deutlich, dass alle Bundestagsparteien im Kern mit dem reaktion\u00e4ren und militaristischen Programm der Gro\u00dfen Koalition \u00fcbereinstimmen. Vertreter von FDP, LINKE und GR\u00dcNEN applaudierten gleich an mehreren Stellen von Merkels Erkl\u00e4rung gemeinsam mit den Regierungsparteien.&#8220;<\/span><\/p>\n<p><a href='https:\/\/www.rubikon.news\/artikel\/als-atombomben-deutschland-veranderten' class='azc_bbc_url'>ARD diskreditiert die Friedensbewegung und wirbt f\u00fcr Aufr\u00fcstung<\/a><br \/>\nEin sogenannter Dokumentarfilm der ARD verdreht historische Tatsachen, nur um am Ende proklamieren zu k\u00f6nnen: &#8222;Die NATO muss aufr\u00fcsten, weil die Russen&#8230;&#8220;. Der Beweis daf\u00fcr, dass die \u00d6ffentlich-Rechten inzwischen auch ihre &#8222;Dokumentarfilme&#8220; lachend auf das &#8211; naja &#8211; &#8222;Niveau&#8220; ihrer Tagesschau-Propaganda herunterziehen k\u00f6nnen.<\/p>\n<p><a href='https:\/\/www.freitag.de\/autoren\/martina-mescher\/wir-clooneys' class='azc_bbc_url'>Kathrin Hartmann &#8211; Die gr\u00fcne L\u00fcge<\/a><br \/>\n<span class='azc_bbc_italic'>&#8222;Viele Konzerne haben das Vokabular der Umweltschutzbewegung gekapert. Sie preisen ihre Produkte als fair, nat\u00fcrlich oder umweltschonend an. Auch von Nachhaltigkeit ist die Rede, sogar von der Waffenindustrie. Konzerne, die die Welt verbessern?<\/p>\n<p>Gemeinsam mit dem \u00f6sterreichischen Filmemacher Werner Boote hat sich Kathrin Hartmann auf eine Reise begeben, um die Wohltaten, f\u00fcr die sich die Industrie r\u00fchmt, im globalen S\u00fcden zu besichtigen. Bei ihren Recherchen treffen sie einen Vertreter der Palm\u00f6l-Lobby, der ins Stottern ger\u00e4t, als er ihnen erkl\u00e4ren soll, was &#8222;nachhaltiges Palm\u00f6l&#8220; sein soll &#8211; aber vor allem finden sie Orte vor, an denen Ausbeutung, Menschenrechtsverletzungen und die Naturzerst\u00f6rung, die die stetig wachsende Nachfrage nach Rohstoffen mit sich bringt, sichtbar werden. Hartmann und Boote dokumentieren, was unser Lebensstil anrichtet &#8211; und sie portr\u00e4tieren diejenigen, die den Preis daf\u00fcr zahlen. Kleinbauern, denen gewaltsam das Land geraubt wird, Arbeitssklaven, die auf Palm\u00f6lplantagen giftige Pestizide einatmen und deshalb an Atemwegs- und Hauterkrankungen leiden.<\/p>\n<p>Kathrin Hartmann r\u00e4umt mit der Schim\u00e4re von Konzernen, Politik und Verbrauchern auf, die gemeinsam an einem Strang ziehen, um das Klima zu retten. Sie stellt dar, wie Konzerne am Klimaschutzprogramm der UN mitschreiben und an Runden Tischen daf\u00fcr sorgen, dass keine Gesetze erlassen werden, die ihrem zerst\u00f6rerischen Gesch\u00e4ftsmodell Grenzen setzen. Institutionen und Regierungen treten da fast nur als Handlanger in Erscheinung. In Deutschland gibt es weder ein Unternehmensstrafrecht noch ein Gesetz, das menschenrechtliche Sorgfaltspflichten f\u00fcr Unternehmen festschreibt. Frei nach Adorno lautet Hartmanns Fazit: Es gibt kein richtiges Einkaufen im falschen Weltwirtschaftssystem.&#8220;<\/span> <a href='https:\/\/www.freitag.de\/autoren\/martina-mescher\/wir-clooneys' class='azc_bbc_url'>Weiterlesen&#8230;<\/a><\/p>\n<p><a href='http:\/\/klima-luegendetektor.de\/2018\/03\/21\/mercedes-benz-einfach-nicht-vernuenftig-werden' class='azc_bbc_url'>Mercedes-Benz: Einfach nicht vern\u00fcnftig werden<\/a><br \/>\nAls ob die gesamte Klima- und Abgasdebatte \u00fcberhaupt nicht existiert, schmeisst Mercedes ein Fahrzeug auf den Markt, das mehr als 200 Gramm Treibhausgas pro Kilometer auspustet. Wohlgemerkt: Der Grenzwert wird bereits 2020 &#8211; also in 19 Monaten &#8211; bei 95 Gramm Kohlendioxid je Kilometer liegen.<\/p>\n<span class='azc_bbc_italic'>&#8222;Eine Studie zeigte soeben, wie tief wir bereits im Klimawandel stecken: Die weltweite Gletscherschmelze ist demnach nicht mehr aufzuhalten. Selbst wenn die Menschheit pl\u00f6tzlich vern\u00fcnftig werden und in einen Klimaschutz einsteigen w\u00fcrde, der diese Bezeichnung verdient, das Abschmelzen der Gletscher ist schon nicht mehr zu stoppen. &#8222;Alle 500 Meter Autofahrt geht ein Kilo Gletschereis verloren&#8220;, <a href='https:\/\/www.welt.de\/wissenschaft\/article174717877\/Kein-ewiges-Eis-Gletscher-werden-schmelzen-egal-was-wir-tun.html' class='azc_bbc_url'>schreiben die Forscher<\/a>. &#8222;F\u00fcr die Gletscher ist es f\u00fcnf nach zw\u00f6lf.&#8220;<\/span>\n<p>Im Falle des neuen Mercedes CLS gehen pro 500 Meter Autofahrt sogar ungef\u00e4hr zwei Kilo Gletschereis verloren!<\/p>\n<p><a href='https:\/\/uebermedien.de\/26467\/wir-haben-eigentlich-keine-ziele-wir-wollen-einfach-mitspielen' class='azc_bbc_url'>Interview mit TITANIC-Redakteur Moritz H\u00fcrtgen<\/a><br \/>\nGrosses Interview zur TITANIC Satire-Aktion mit der BILD und der (falschen) russischen Unterst\u00fctzung beim SPD-Mitgliederentscheid <img class='azc_bbc_image' src='https:\/\/www.rume.de\/smilies\/biggrin.gif'  \/><\/p>\n<p>Und zu guter Letzt:<\/p>\n<p><a href='https:\/\/www.stuttmann-karikaturen.de\/karikaturen\/2018\/filiale2_kol.jpg' class='azc_bbc_url'>Olaf Scholz: &#8222;Unsere Finanzpolitik wird nicht bei Goldman Sachs gemacht&#8220;<\/a><br \/>\n<img class='azc_bbc_image' src='https:\/\/www.rume.de\/smilies\/nasiehste.gif'  \/><\/p>\n","protected":false},"excerpt":{"rendered":"<p>\/ Hartz IV-Kindersatz: 2,77 Euro f\u00fcr die Ern\u00e4hrung eines Kindes \/ Arbeitsminister Heil (SPD) verk\u00fcndet 100-Tage-Sofortprogramm \/ BMW-Gro\u00dfaktion\u00e4re: Quandt-Erben kassieren \u00fcber eine Milliarde Euro Dividende \/ EU geht bei Besteuerung von Internetfirmen in die Offensive \/ Olaf Scholz &#8211; Der Spezialdemokrat \/ Mietpreisbremse und Neubauoffensive: Mit Placebos gegen die Wohnungsnot \/ Der \u00dcberwachungsstaat \/ Bundespressekonferenz: &hellip; <a href=\"https:\/\/www.rume.de\/?p=541\" class=\"more-link\"><span class=\"screen-reader-text\">\u201eAufgelesen und kommentiert 2018-03-22\u201c <\/span>weiterlesen<\/a><\/p>\n","protected":false},"author":1,"featured_media":0,"comment_status":"open","ping_status":"closed","sticky":false,"template":"","format":"standard","meta":{"footnotes":""},"categories":[2],"tags":[],"class_list":["post-541","post","type-post","status-publish","format-standard","hentry","category-aufgelesen"],"_links":{"self":[{"href":"https:\/\/www.rume.de\/index.php?rest_route=\/wp\/v2\/posts\/541","targetHints":{"allow":["GET"]}}],"collection":[{"href":"https:\/\/www.rume.de\/index.php?rest_route=\/wp\/v2\/posts"}],"about":[{"href":"https:\/\/www.rume.de\/index.php?rest_route=\/wp\/v2\/types\/post"}],"author":[{"embeddable":true,"href":"https:\/\/www.rume.de\/index.php?rest_route=\/wp\/v2\/users\/1"}],"replies":[{"embeddable":true,"href":"https:\/\/www.rume.de\/index.php?rest_route=%2Fwp%2Fv2%2Fcomments&post=541"}],"version-history":[{"count":1,"href":"https:\/\/www.rume.de\/index.php?rest_route=\/wp\/v2\/posts\/541\/revisions"}],"predecessor-version":[{"id":542,"href":"https:\/\/www.rume.de\/index.php?rest_route=\/wp\/v2\/posts\/541\/revisions\/542"}],"wp:attachment":[{"href":"https:\/\/www.rume.de\/index.php?rest_route=%2Fwp%2Fv2%2Fmedia&parent=541"}],"wp:term":[{"taxonomy":"category","embeddable":true,"href":"https:\/\/www.rume.de\/index.php?rest_route=%2Fwp%2Fv2%2Fcategories&post=541"},{"taxonomy":"post_tag","embeddable":true,"href":"https:\/\/www.rume.de\/index.php?rest_route=%2Fwp%2Fv2%2Ftags&post=541"}],"curies":[{"name":"wp","href":"https:\/\/api.w.org\/{rel}","templated":true}]}}