{"id":539,"date":"2018-03-21T19:17:45","date_gmt":"2018-03-21T18:17:45","guid":{"rendered":"http:\/\/rume.katti.eu\/?p=539"},"modified":"2018-03-21T19:17:45","modified_gmt":"2018-03-21T18:17:45","slug":"aufgelesen-und-kommentiert-2018-03-21","status":"publish","type":"post","link":"https:\/\/www.rume.de\/?p=539","title":{"rendered":"Aufgelesen und kommentiert 2018-03-21"},"content":{"rendered":"<p>\/ Hartz IV-Regelsatz: Eine Kugel Eis ist Luxus<br \/>\n\/ Hartz IV muss weg &#8211; und dann?<br \/>\n\/ Hunderttausende Menschen in Deutschland sind nicht krankenversichert<br \/>\n\/ Kindergeld f\u00fcr Kinder im Ausland: H\u00e4ufiger, aber in der Summe weniger<br \/>\n\/ Warnstreiks im \u00f6ffentlichen Dienst<br \/>\n\/ SPD Vizekanzler Scholz holt Vertreter der Finanzoligarchie ins Finanzministerium<br \/>\n\/ DIE LINKE deckt auf: Polizei setzt Gesichtserkennung im gro\u00dfen Stil ein<br \/>\n\/ Vier Jahrzehnte unter illegaler staatlicher \u00dcberwachung<br \/>\n\/ Bayern will die Befugnisse der Polizei massiv ausweiten<br \/>\n\/ Facebook und Cambridge Analytica in allen Massenmedien<br \/>\n\/ Skandal: Millionen Nutzer ver\u00f6ffentlichen ihre Daten im Internet<br \/>\n\/ Russland wirklich weh tun<br \/>\n\/ CDU-Generalsekret\u00e4rin Kramp-Karrenbauer im ZDF: &#8222;Libyen ist sozusagen implodiert&#8220;<br \/>\n\/ Wie BILD sich am Kindesmissbrauch durch Lehrerinnen aufgeilt<br \/>\n\/ Premiumdenker der Gegenwart<\/p>\n<p>&#8212;<\/p>\n<p><!--more--><\/p>\n<p><a href='https:\/\/www.kontextwochenzeitung.de\/gesellschaft\/364\/eine-kugel-eis-ist-luxus-4978.html' class='azc_bbc_url'>Hartz IV-Regelsatz: Eine Kugel Eis ist Luxus<\/a><br \/>\nF\u00fcr Interessierte nochmal die Methode, mit denen der sogenannte Regelsatz k\u00fcnstlich (und imo verfassungswidrig) kleingerechnet wird. Denn w\u00fcrde man wirklich 1:1 den Monatsverbrauch der untersten 15 Prozent unserer Bev\u00f6lkerung hernehmen, l\u00e4ge der Regelsatz schon im Jahr 2013 bei 560 Euro monatlich.<\/p>\n<p><a href='https:\/\/altonabloggt.com\/2018\/02\/13\/mit-dem-bge-den-begriff-arbeit-neu-definieren' class='azc_bbc_url'>Hartz IV muss weg &#8211; und dann?<\/a><br \/>\nDie ehemalige Jobcenter-Angestellte Inge Hannemann schreibt: <span class='azc_bbc_italic'>&#8222;Die Forderung &#8222;Hartz IV muss weg&#8220; klingt durchaus polarisierend, wenn keine Alternativen im selben Atemzug genannt werden. Eine Alternative und ein erster Schritt w\u00e4re durchaus die sanktionsfreie Mindestsicherung der LINKEN. Diese ist allerdings nicht bedingungslos und erwartet weiterhin die Offenbarung und den teilweisen Verbrauch des eigenen Verm\u00f6gens und die Stigmatisierung des &#8222;faulen, schmarotzenden Hartzers&#8220;. Auch die Jobcenter und deren Regularien blieben weitestgehend bestehen.<\/p>\n<p>Eine weitere Alternative w\u00e4re die 30-Stunden-Woche bei vollem Lohn und Personalausgleich, die Prof. Heinz-J. Bontrup fordert. Als Argumente werden zus\u00e4tzliche Arbeitspl\u00e4tze und eine berufliche Entlastung angef\u00fchrt. Auch, wenn sich die zus\u00e4tzlichen Arbeitspl\u00e4tze vermutlich nicht linear in allen Regionen verteilen werden, ist zumindest der positive Effekt der pers\u00f6nlichen Entlastung und Zeit f\u00fcr die Familie oder anderes hervorzuheben. Hartz IV bleibt damit leider noch immer Realit\u00e4t.<\/p>\n<p>Und somit komme ich zum Bedingungslosen Grundeinkommen statt Hartz IV. Denn ein BGE ist mehr als die Flucht aus den Jobcenterschikanen. Es ist die erweiterte Frage nach dem Begriff der Arbeit und dessen Bedeutung. Denn das Bedingungslose Grundeinkommen stellt uns als Mensch in den Mittelpunkt und nicht nur unsere (nicht abgerufene) Arbeitskraft. Sie setzt voraus, den Menschen als Menschen zu sehen und nicht als Kapital, der zu funktionieren hat.&#8220;<\/span> <a href='https:\/\/altonabloggt.com\/2018\/02\/13\/mit-dem-bge-den-begriff-arbeit-neu-definieren' class='azc_bbc_url'>Weiterlesen&#8230;<\/a><\/p>\n<p><a href='http:\/\/www.tagesschau.de\/inland\/krankenversicherung-105.html' class='azc_bbc_url'>Hunderttausende Menschen in Deutschland sind nicht krankenversichert<\/a><br \/>\nAber hey: Lasst uns doch nochmal &#8222;Hartzer&#8220; \u00f6ffentlich ausschimpfen. Oder den Islam &#8222;kritisieren&#8220;. Oder gegen Fl\u00fcchtlinge hetzen. DAS wird die wahren Probleme hierzulande &#8211; Armut, Hungerl\u00f6hne, Wohnungsnot und die Habgier der Abkassierenden &#8211; ganz bestimmt l\u00f6sen <img class='azc_bbc_image' src='https:\/\/www.rume.de\/smilies\/sarkasm.gif'  \/><\/p>\n<p><a href='https:\/\/www.heise.de\/tp\/features\/Kindergeld-fuer-Kinder-im-Ausland-Haeufiger-aber-in-der-Summe-weniger-4000372.html' class='azc_bbc_url'>Kindergeld f\u00fcr Kinder im Ausland: H\u00e4ufiger, aber in der Summe weniger<\/a><br \/>\n<span class='azc_bbc_italic'>&#8222;Es wird in der Summe nicht mehr Geld \u00fcberwiesen, sondern weniger. 2016 waren es 414 Millionen Euro, 2017 nur noch 343 Millionen Euro&#8220;<\/span>, berichtet TELEPOLIS. Und entgegen der weit verbreiteten Meinung, handelt es sich beim Kindergeld um KEINE Sozialleistung. Denn Kindergeld bekommt man nur, wenn man in Deutschland arbeitet und Steuern zahlt. <\/p>\n<p>Kurze (amateurhafte) Erkl\u00e4rung: Wer arbeitet und Steuern zahlt, kann am Ende des Jahres einen Lohnsteuerjahresausgleich machen. Und wer z.B. bei weiten Pendelstrecken auch demzufolge h\u00f6here Summen zur\u00fcckerstattet bekommt, der kann diese auch beim Finanzamt als monatliche Freibetr\u00e4ge geltend machen, die einem sofort zugute kommen.<\/p>\n<p>So \u00e4hnlich ist es auch mit dem Kindergeld. Es ist quasi ein steuerlicher Freibetrag aufs eigene Kind, der einem monatlich erstattet wird. Deutlich wird dieses System bei Besserverdienern, die anstelle des Kindergelds einen &#8222;Kinderfreibetrag&#8220; geltend machen k\u00f6nnen, der folgerichtig auch mehr Netto einbringt, als das l\u00e4cherliche Kindergeld der minderwertigeren Arbeiterkinder.<\/p>\n<p>Es muss ja schliesslich sozial gerecht zugehen <img class='azc_bbc_image' src='https:\/\/www.rume.de\/smilies\/sarkasm.gif'  \/><\/p>\n<p><a href='http:\/\/www.wsws.org\/de\/articles\/2018\/03\/21\/warn-m21.html' class='azc_bbc_url'>Warnstreiks im \u00f6ffentlichen Dienst<\/a><br \/>\n<span class='azc_bbc_italic'>&#8222;In der Tarifauseinandersetzung im \u00f6ffentlichen Dienst haben am gestrigen Dienstag 20.000 Besch\u00e4ftigte das Ruhrgebiet praktisch lahmgelegt. In Dortmund, Bochum, Gelsenkirchen, Essen, Duisburg, Moers und Wesel stand der Bus- und Stadtbahnverkehr still, und die Kitas, die M\u00fcllabfuhr und die Jobcenters blieben geschlossen. Die st\u00e4dtischen Kliniken und Seniorenheimen waren auf einen Notdienst beschr\u00e4nkt. Eine Woche zuvor streikten die Berliner Stadtreinigung, sowie Krankenschwestern, Erzieherinnen und Azubis in Hessen und Baden-W\u00fcrttemberg.<\/p>\n<p>\u00dcberall wo Warnstreiks stattfinden, werden sie weitgehend und begeistert befolgt. Aber jedem Beobachter springt ins Auge, wie unsinnig und widerspr\u00fcchlich der Tarifkampf gef\u00fchrt wird. Seit drei Wochen h\u00e4lt Verdi den Tarifkampf auf Sparflamme: mal hier ein kleiner Warnstreik, dann wieder dort eine Kundgebung von ein paar hundert Besch\u00e4ftigten. Ganze Bereiche des \u00f6ffentlichen Dienstes sind \u00fcberhaupt nicht in den Tarifkampf einbezogen, obwohl dort genauso Arbeitsstress und Niedriglohn-Bedingungen herrschen. In \u00e4hnlicher Weise hatte die IG Metall Ende Januar die Warnstreiks in der Metall- und Elektrobranche auf 24-Stunden-Streiks ausgedehnt. Damit konnte sie eine Urabstimmung \u00fcber einen unbefristeten Streik vermeiden. Schon wenige Tage sp\u00e4ter w\u00fcrgte die IG Metall durch einen \u00fcblen Ausverkauf den Arbeitskampf abrupt ab.<\/p>\n<p>Auch die Gewerkschaftsf\u00fchrer von Verdi und dbb haben nicht die geringste Absicht, ihre selbstgesetzten Ziele (6 Prozent mehr Lohn) zu erreichen. Sie bel\u00fcgen die Arbeiter \u00fcber die tats\u00e4chlichen Pl\u00e4ne der neuen Bundesregierung, die vom gesamten DGB und seinen Einzelgewerkschaften unterst\u00fctzt wird. Der Koalitionsvertrag schreibt die strikte Einhaltung der &#8222;Schwarzen Null&#8220; fest und sieht vor, dass alle freiwerdenden Gelder in die R\u00fcstung gesteckt werden.<\/p>\n<p>Wie die Warnstreiks zeigen, verk\u00f6rpern die Besch\u00e4ftigten des \u00f6ffentlichen Diensts eine starke Macht. \u00dcber sechs Millionen Menschen arbeiten in Bund, L\u00e4ndern und Gemeinden, an den Flugh\u00e4fen und in den St\u00e4dten, f\u00fcr Stra\u00dfenreinigung, M\u00fcllabfuhr und im \u00f6ffentlichen Nahverkehr, in den Kitas und sozialen Einrichtungen, in Krankenh\u00e4usern und Altersheimen, in B\u00fcchereien, B\u00fchnen oder Volkshochschulen, in der Verwaltung, in den Schwimmb\u00e4dern, f\u00fcr die Forstwirtschaft oder die Feuerwehr. Aber Verdi hat nicht die geringste Absicht, diese Macht zu mobilisieren. Sie sieht ihre Aufgabe im Gegenteil darin, sie zu unterdr\u00fccken.&#8220;<\/span> <a href='http:\/\/www.wsws.org\/de\/articles\/2018\/03\/21\/warn-m21.html' class='azc_bbc_url'>Weiterlesen&#8230;<\/a><\/p>\n<p><a href='http:\/\/internetz-zeitung.eu\/index.php\/4714-spd-vizekanzler-scholz-holt-vertreter-der-finanzoligarchie-ins-finanzministerium' class='azc_bbc_url'>SPD Vizekanzler Scholz holt Vertreter der Finanzoligarchie ins Finanzministerium<\/a><br \/>\nDie SPD-Erneuerung <a href='https:\/\/www.facebook.com\/oskarlafontaine\/photos\/a.198567656871376.47953.188971457830996\/1732627796798680' class='azc_bbc_url'>nimmt Fahrt auf<\/a> <img class='azc_bbc_image' src='https:\/\/www.rume.de\/smilies\/sarkasm.gif'  \/><\/p>\n<p><a href='http:\/\/www.rp-online.de\/panorama\/deutschland\/foto-fahndungen-polizei-setzt-auf-gesichtserkennung-aid-1.7469037' class='azc_bbc_url'>DIE LINKE deckt auf: Polizei setzt Gesichtserkennung im gro\u00dfen Stil ein<\/a><br \/>\nRP-Online berichtet: <span class='azc_bbc_italic'>&#8222;Wie die Bundesregierung auf Anfrage der Fraktion DIE LINKE best\u00e4tigte, stieg der Einsatz der Gesichtserkennungstechnik seit 2010 von 1673 F\u00e4llen auf 27.436 im vergangenen Jahr. Das ist mehr als das 16-Fache.&#8220;<\/span><\/p>\n<p>Und falls jetzt jemand ruft: Das ist doch gut so f\u00fcr unsere Sicherheit &#8211; nun ja, schaut euch mal die Aktenberge an, die unsere sogenannten &#8222;Sicherheitsbeh\u00f6rden&#8220; schon \u00fcber Anis Amri oder die beiden NSU-Uwes hatten. In allerh\u00f6chster Not musste da geschreddert werden, was das Zeug hielt.<\/p>\n<p>Es geht NIE um unsere Sicherheit, sondern um Machterhalt. Und ist doch f\u00fcr die Reichen immer gut zu wissen, wo sich die Volksschafe dort unten gerade alle so versammeln und bewegen. Anders macht es ein Landwirt mit seinem Nutzvieh ja schliesslich auch nicht. Freiheit gibt es nur, so weit die Wiese reicht und den wahren Ertrag kassiert er f\u00fcr sich. Und wenn man nicht mehr genug Profit abwirft, ist es vorbei mit Freiheit und Zuwendungen.<\/p>\n<p><a href='https:\/\/www.kontextwochenzeitung.de\/politik\/364\/polizei-im-kopf-4990.html' class='azc_bbc_url'>Vier Jahrzehnte unter illegaler staatlicher \u00dcberwachung<\/a><br \/>\nUnd wer jetzt denkt, es w\u00e4re ein Bericht aus Russland oder China &#8211; nein, falsch. Es ist ein Tatsachenbericht \u00fcber Ralf G\u00f6ssner aus Freiburg.<\/p>\n<p>Dazu passt auch:<\/p>\n<p><a href='http:\/\/www.sueddeutsche.de\/bayern\/kriminalitaet-bayern-will-die-befugnisse-der-polizei-massiv-ausweiten-1.3912091' class='azc_bbc_url'>Bayern will die Befugnisse der Polizei massiv ausweiten<\/a><br \/>\nNachdem man in Bayern nun schon endlos in den Knast verfrachtet werden kann, sobald man als &#8222;zu unbequem&#8220; bezeichnet wird, soll nun auch das illegale \u00dcberwachen jeder &#8222;verd\u00e4chtig&#8220; aussehenden oder sich verhaltenden Person legalisiert werden.<\/p>\n<p>Und falls jemand denkt, naja Bayern, da fahre ich eh nicht hin &#8211; nun ja, unser neuer Bundesinnenminister stammt aus Bayern! Und die Umsetzung des bayerischen Polizeigesetzes auf ganz Deutschland <a href='https:\/\/www.heise.de\/newsticker\/meldung\/Deutschland-will-DNA-Phaenotypisierung-fuer-polizeiliche-Zwecke-legalisieren-4000405.html' class='azc_bbc_url'>haben CDU\/CSU und SPD in ihrem Koalitionsvertrag verankert<\/a>. Zitat: <span class='azc_bbc_italic'>&#8222;Als Vorbild f\u00fcr den Neuanlauf gilt der aktuelle Entwurf des bayerischen Polizeiaufgabengesetzes, in dem unter anderem auch noch die Identifikation mit Hilfe von Gendaten sowie die Ableitung von Augen-, Haar- und Hautfarbe, des sogenannten biologischen Alters sowie der biogeografischen Herkunft eines Spurenverursachers aus den DNA-Daten erlaubt wird. Ohne Speicherfristen oder Zweckbeschr\u00e4nkung.&#8220;<\/span><\/p>\n<p><a href='http:\/\/www.google.de\/search?q=cambridge+analytica&#038;hl=de&#038;tbm=nws' class='azc_bbc_url'>Facebook und Cambridge Analytica in allen Massenmedien<\/a><br \/>\nVersteht ihr die Aufregung wegen der kommerziellen und politischen Ausschlachtung der Privatdaten durch Facebook, Twitter, Google, Whatsapp und Komplizen? Oder die Qualit\u00e4tsjournaille sogar schreibt, dass das Vertrauen (!) in Facebook (!!) nun zerst\u00f6rt ist? <img class='azc_bbc_image' src='https:\/\/www.rume.de\/smilies\/clown.gif'  \/> Vertrauen f\u00fcr was?<\/p>\n<p>Man kann nicht seine Daten ins Internet stellen und darauf hoffen, dass damit schon nichts passiert. Jeder Kommentar und jedes Foto kann einem noch 20 Jahre sp\u00e4ter um die Ohren gehauen werden. Deswegen ist Datensparsamkeit und Anonymit\u00e4t auch so wichtig. Bringt das endlich auch mal als eigenes Unterrichtsfach s\u00e4mtlichen Sch\u00fclern bei!<\/p>\n<p>Denn nat\u00fcrlich missbrauchen diese Firmen s\u00e4mtliche Daten, die wir denen (mehr oder weniger) freiwillig geben. Ja was denn auch sonst? Was anderes haben die doch auch gar nicht. Genau das ist deren sogenanntes &#8222;Gesch\u00e4ftsmodell&#8220;. Und je mehr Profit es abwirft, umso gezielter werden die Daten missbraucht. <a href='https:\/\/www.neues-deutschland.de\/artikel\/64649.wie-lautet-das-marx-zitat-exakt.html' class='azc_bbc_url'>Hat schon Karl Marx vor \u00fcber 100 Jahren gesagt<\/a>. Und genau deswegen ist es auch massiv abzulehnen, wenn Merkel sich <a href='https:\/\/heise.de\/-2867735' class='azc_bbc_url'>als Lobbyistin dieser Datenkraken prostituiert<\/a> und unsere pers\u00f6nlichen Daten als &#8222;Rohstoff&#8220; bezeichnet, deren kapitalistische Verwertung nicht durch &#8222;\u00fcbertriebenen Datenschutz&#8220; blockiert werden darf. Oder die FDP mit Spr\u00fcchen wie &#8222;Digitalisierung first &#8211; Bedenken second&#8220; Wahlwerbung betreibt. Und dass selbst nach den Enth\u00fcllungen von Edward Snowden alles nur noch schlimmer gemacht wurde \/ und wird.<\/p>\n<p><span class='azc_bbc_italic'>&#8222;Unternehmen, die Geld verdienen, indem Sie detaillierte Aufzeichnungen \u00fcber das Privatleben von B\u00fcrgern sammeln und verkaufen, wurden einmal trefffend als &#8222;\u00dcberwachungsunternehmen&#8220; bezeichnet. Ihre Umbenennung als &#8222;Soziales Netzwerk&#8220; ist die erfolgreichste T\u00e4uschung seit das Kriegsministerium in Verteidigungsministerium umbenannt wurde.&#8220;<\/span> <a href='https:\/\/twitter.com\/Snowden\/status\/975147858096742405' class='azc_bbc_url'>Zitat: Edward Snowden<\/a><\/p>\n<p><a href='https:\/\/www.heise.de\/forum\/heise-online\/News-Kommentare\/Ex-Manager-bei-Facebook-Datenskandal-um-Cambridge-Analytica-nur-Spitze-des-Eisbergs\/Skandal-Millionen-Nutzer-veroeffentlichen-ihre-Daten-im-Internet\/posting-32071530\/show' class='azc_bbc_url'>Skandal: Millionen Nutzer ver\u00f6ffentlichen ihre Daten im Internet<\/a><br \/>\nWer h\u00e4tte gedacht, dass diese Daten von irgendwem kommerziell ausgewertet werden? Herbert F. (48) aus D. zumindest trifft dies wie ein Schlag: <span class='azc_bbc_italic'>&#8222;Ich habe doch nur s\u00e4mtliche Kommunikation \u00fcber ein ausl\u00e4ndisches Unternehmen mit kryptischen AGBs abgewickelt &#8211; Wie kann es sein, dass nun Hinz und Kunz privateste Details \u00fcber mich und das Leben meiner Familie und Freunde haben?&#8220;<\/span> Absolut unverst\u00e4ndlich f\u00fcr den geistigen Fr\u00fchrentner ist auch, warum k\u00fcrzlich seine Versicherungspr\u00e4mie gestiegen ist. Von seiner Leidenschaft f\u00fcrs Snowboardfahren und DIY-Elektroinstallationen konnte au\u00dfer den Leuten aus der Whatsapp-Gruppe und den Zuschauern bei Youtube doch niemand gewusst haben <img class='azc_bbc_image' src='https:\/\/www.rume.de\/smilies\/sarkasm.gif'  \/><\/p>\n<p>Und unter uns gesagt: Ja, nat\u00fcrlich ist diese Datensammelei zur gezielten Verwertung und Beeinflussung ein riesiges Problem. Denn es werden ja nicht nur die Daten derjenigen Vollidioten gesammelt, die sich bei Facebook komplett nackig machen. Deren &#8222;Like&#8220; Buttons haben schon das gesamte Internet verseucht und sammeln per Tracking auch die Spuren derjenigen, die gar keine Facebookseite haben. Die Facebook-App fordert das Hochladen des Adressbuchs, inklusive aller Mailadressen ohne deren Einwilligung. Und bei Whatsapp werden ebenso alle Telefonkontakte abgesaugt, ohne dass sich die Leute ohne Whatsapp dagegen wehren k\u00f6nnen. Allein deshalb w\u00e4ren Facebook und Whatsapp in jedem Rechtsstaat gesetzlich verboten. Und wer dann meine Handynummer ohne meine Einwilligung bei Whatsapp hochl\u00e4dt, h\u00e4tte sich vor Gericht zu verantworten.<\/p>\n<p>Stattdessen leben wir aber in Deutschland. Und da herrscht kein Rechtsstaat, sondern Kapitalismus. Und im Kapitalismus sind Profite wichtiger, als Gesundheit (siehe Dieselskandal), Umwelt (siehe Atomendlager) oder Menschenleben (siehe Waffenexporte und Fl\u00fcchtlingspolitik). Wie wichtig da dann noch solche &#8222;Randthemen&#8220; wie Privatsph\u00e4re oder Armut sind, kann man sich denken.<\/p>\n<p><a href='https:\/\/www.heise.de\/tp\/features\/Russland-wirklich-weh-tun-3999052.html?seite=all' class='azc_bbc_url'>Russland wirklich weh tun<\/a><br \/>\nTELEPOLIS <img class='azc_bbc_image' src='https:\/\/www.rume.de\/smilies\/verehr.gif'  \/><\/p>\n<p><a href='https:\/\/propagandaschau.wordpress.com\/2018\/03\/21\/cdu-generalsekretaerin-im-zdf-libyen-ist-sozusagen-implodiert' class='azc_bbc_url'>CDU-Generalsekret\u00e4rin Kramp-Karrenbauer im ZDF: &#8222;Libyen ist sozusagen implodiert&#8220;<\/a><br \/>\nEingerahmt in ihre zus\u00e4tzliche Aussage <span class='azc_bbc_italic'>&#8222;Das geh\u00f6rt zur Wahrheit dazu&#8220;<\/span>&#8230; Nein, solche menschenverachtenden Abscheulichkeiten muss man nicht weiter kommentieren.<\/p>\n<p><a href='http:\/\/www.bildblog.de\/97166\/frivole-sex-spiele-an-der-schule-wie-bild-sich-am-missbrauch-durch-lehrerinnen-aufgeilt' class='azc_bbc_url'>Wie BILD sich am Kindesmissbrauch durch Lehrerinnen aufgeilt<\/a><br \/>\nWenn sich ein Lehrer an einer minderj\u00e4hrigen Sch\u00fclerin vergeht, finden die Leute von BILD das bestialisch, widerw\u00e4rtig, unverzeihlich. Wenn sich eine Lehrerin an einem minderj\u00e4hrigen Sch\u00fcler vergeht, finden sie das megahei\u00df. Zitat BILD: <span class='azc_bbc_italic'>&#8222;Ein Hammer-Body. Tolle Augen. Ein Bikini, der alle Blicke auf sich zieht! Welcher Sch\u00fcler w\u00fcrde beim Anblick einer solchen Lehrerin nicht auf verbotene Gedanken kommen?&#8220;<\/span><\/p>\n<p>Und zu guter Letzt:<\/p>\n<p><a href='http:\/\/www.titanic-magazin.de\/news\/premiumdenker-der-gegenwart-40-9551' class='azc_bbc_url'>Premiumdenker der Gegenwart<\/a><br \/>\nHeute: Jens Spahn <img class='azc_bbc_image' src='https:\/\/www.rume.de\/smilies\/nasiehste.gif'  \/><\/p>\n","protected":false},"excerpt":{"rendered":"<p>\/ Hartz IV-Regelsatz: Eine Kugel Eis ist Luxus \/ Hartz IV muss weg &#8211; und dann? \/ Hunderttausende Menschen in Deutschland sind nicht krankenversichert \/ Kindergeld f\u00fcr Kinder im Ausland: H\u00e4ufiger, aber in der Summe weniger \/ Warnstreiks im \u00f6ffentlichen Dienst \/ SPD Vizekanzler Scholz holt Vertreter der Finanzoligarchie ins Finanzministerium \/ DIE LINKE deckt &hellip; <a href=\"https:\/\/www.rume.de\/?p=539\" class=\"more-link\"><span class=\"screen-reader-text\">\u201eAufgelesen und kommentiert 2018-03-21\u201c <\/span>weiterlesen<\/a><\/p>\n","protected":false},"author":1,"featured_media":0,"comment_status":"open","ping_status":"closed","sticky":false,"template":"","format":"standard","meta":{"footnotes":""},"categories":[2],"tags":[],"class_list":["post-539","post","type-post","status-publish","format-standard","hentry","category-aufgelesen"],"_links":{"self":[{"href":"https:\/\/www.rume.de\/index.php?rest_route=\/wp\/v2\/posts\/539","targetHints":{"allow":["GET"]}}],"collection":[{"href":"https:\/\/www.rume.de\/index.php?rest_route=\/wp\/v2\/posts"}],"about":[{"href":"https:\/\/www.rume.de\/index.php?rest_route=\/wp\/v2\/types\/post"}],"author":[{"embeddable":true,"href":"https:\/\/www.rume.de\/index.php?rest_route=\/wp\/v2\/users\/1"}],"replies":[{"embeddable":true,"href":"https:\/\/www.rume.de\/index.php?rest_route=%2Fwp%2Fv2%2Fcomments&post=539"}],"version-history":[{"count":1,"href":"https:\/\/www.rume.de\/index.php?rest_route=\/wp\/v2\/posts\/539\/revisions"}],"predecessor-version":[{"id":540,"href":"https:\/\/www.rume.de\/index.php?rest_route=\/wp\/v2\/posts\/539\/revisions\/540"}],"wp:attachment":[{"href":"https:\/\/www.rume.de\/index.php?rest_route=%2Fwp%2Fv2%2Fmedia&parent=539"}],"wp:term":[{"taxonomy":"category","embeddable":true,"href":"https:\/\/www.rume.de\/index.php?rest_route=%2Fwp%2Fv2%2Fcategories&post=539"},{"taxonomy":"post_tag","embeddable":true,"href":"https:\/\/www.rume.de\/index.php?rest_route=%2Fwp%2Fv2%2Ftags&post=539"}],"curies":[{"name":"wp","href":"https:\/\/api.w.org\/{rel}","templated":true}]}}