{"id":536,"date":"2018-03-20T21:45:31","date_gmt":"2018-03-20T20:45:31","guid":{"rendered":"http:\/\/rume.katti.eu\/?p=536"},"modified":"2018-03-20T21:45:31","modified_gmt":"2018-03-20T20:45:31","slug":"aufgelesen-und-kommentiert-2018-03-20","status":"publish","type":"post","link":"https:\/\/www.rume.de\/?p=536","title":{"rendered":"Aufgelesen und kommentiert 2018-03-20"},"content":{"rendered":"<p>\/ Armutsbericht der Stadt M\u00fcnchen: Jung und wohnungslos<br \/>\n\/ Knapp die H\u00e4lfte der Geb\u00e4udereiniger wird um ihren Mindestlohn betrogen<br \/>\n\/ Berlins OB M\u00fcller (SPD) will Hartz IV abschaffen<br \/>\n\/ Lohn-Hartz-IV-Vergleich: Medien verbreiten Fake-News vom Bund der Steuerzahler<br \/>\n\/ Kriminelle Energie lohnt sich: VW-Vorstand sahnt ab<br \/>\n\/ Goldman-Sachs-Chef wird Staatssekret\u00e4r im Bundesfinanzministerium<br \/>\n\/ Die totale \u00dcberwachung: Seehofers Pl\u00e4ne f\u00fcr Deutschland<br \/>\n\/ Kolporteur des Tages: Welt am Sonntag<br \/>\n\/ Hacker-Angriffe: Bundesinnenministerium will zur\u00fcckschlagen k\u00f6nnen<br \/>\n\/ UN-Bericht zu Libyen: Brutale Milizen als Partner der Bundesregierung<br \/>\n\/ Bundesregierung k\u00e4mpft f\u00fcr Erdogan<br \/>\n\/ Anschlag Breitscheidplatz: Wurde Anis Amri gesch\u00fctzt?<br \/>\n\/ Grafische Manipulation zum Thema &#8222;Ausl\u00e4nderkriminalit\u00e4t&#8220;<br \/>\n\/ Das \u00f6ffentlich-rechtliche Desinteresse an einer Aufkl\u00e4rung der Maidan-Morde<br \/>\n\/ Fall Skripal: Die ARD &#8222;Faktenfinder&#8220; als NATO-treue Propagandaschleuder<br \/>\n\/ Deutsche Kaserne erh\u00e4lt erstmals seit 1945 wieder Namen von gefallenen Soldaten<br \/>\n\/ T\u00fcrkischer Angriffskrieg: Die NATO reagiert<\/p>\n<p>&#8212;<\/p>\n<p><!--more--><\/p>\n<p><a href='http:\/\/www.sueddeutsche.de\/muenchen\/wohnungsnot-in-muenchen-jung-alleinerziehend-und-chancenlos-1.3901119' class='azc_bbc_url'>Armutsbericht der Stadt M\u00fcnchen: Jung und wohnungslos<\/a><br \/>\nDie S\u00fcddeutsche berichtet: <span class='azc_bbc_italic'>&#8222;Wohnungslosigkeit ist eine extreme und sichtbare Form der Armut&#8220;, hei\u00dft es in dem aktuellen Armutsbericht der Stadt M\u00fcnchen von 2017. In der Altersgruppe zwischen 18 und 24 Jahre leben 43 Prozent unter der M\u00fcnchner Armutsschwelle. Ein F\u00fcnftel aller Familien in M\u00fcnchen sind Haushalte mit nur einem Elternteil, meist sind es M\u00fctter. Von den Alleinerziehenden bezieht mehr als jeder Vierte Hartz-IV-Leistungen, und 40 Prozent leben unterhalb der Armutsgrenze. Derzeit warten fast 17.500 Haushalte in der Stadt auf eine Sozialwohnung &#8211; etwa 9000 Menschen sind wohnungslos.&#8220;<\/span><\/p>\n<p>Seht ihr: Die Agenda 2010 war &#8222;gut f\u00fcr Deutschland&#8220;, wer &#8222;was anst\u00e4ndiges gelernt hat, braucht keine Nebenjobs&#8220; und &#8222;mit Hartz4 hat jeder, was er zum Leben braucht&#8220;. Fehlt sonst noch ein Spruch unserer Groko-Politiker?<\/p>\n<p><a href='https:\/\/www.mdr.de\/investigativ\/mindestlohn-reinigung-firmen-100.html' class='azc_bbc_url'>Knapp die H\u00e4lfte der Geb\u00e4udereiniger wird um ihren Mindestlohn betrogen<\/a><br \/>\nUnd fragt hier lustigerweise jemand nach Konsequenzen? <img class='azc_bbc_image' src='https:\/\/www.rume.de\/smilies\/laugh.gif'  \/> Nein, die gibt es nicht. Denn die SPD hatte in ihrem Mindestlohngesetz ausdr\u00fccklich darauf bestanden, dass keine nennenswerten Strafen beim Unterlaufen des Mindestlohns drohen.<\/p>\n<p>Aber hey: Jetzt kommt ja die SPD-Erneuerung. Haben die uns ja schliesslich versprochen <img class='azc_bbc_image' src='https:\/\/www.rume.de\/smilies\/sarkasm.gif'  \/><\/p>\n<p><a href='https:\/\/www.welt.de\/politik\/deutschland\/article174689991\/Michael-Mueller-Berlins-Regierender-Buergermeister-will-Hartz-IV-abschaffen.html' class='azc_bbc_url'>Berlins OB M\u00fcller (SPD) will Hartz IV abschaffen<\/a><br \/>\nUnd wie so oft bei unserer Qualit\u00e4tsjournaille, stimmt die \u00dcberschrift nat\u00fcrlich NICHT mit dem \u00fcberein, was tats\u00e4chlich gefordert wird. DIE WELT berichtet n\u00e4mlich (Zitat): <span class='azc_bbc_italic'>&#8222;Berlins Regierender B\u00fcrgermeister Michael M\u00fcller pl\u00e4diert daf\u00fcr, jedem Single im Rahmen eines &#8222;solidarischen Grundeinkommens&#8220; 1.500 Euro brutto im Monat zukommen zu lassen. Dieses Einkommen m\u00fcsste versteuert werden, sei au\u00dferdem mit Arbeit verbunden &#8222;in Bereichen, die unserer Gemeinschaft zugute kommen&#8220;. Unter diesen kommunalen Arbeitspl\u00e4tzen stellt sich M\u00fcller Berufe wie &#8222;Schulhausmeister, Schulsekret\u00e4r, Begleiter in Bus und Bahn, Nachmittagsbetreuung f\u00fcr Kinder und Jugendliche&#8220; vor. Das seien Stellen, die es in Berlin derzeit aus finanziellen Gr\u00fcnden nicht gebe oder die nicht besetzt werden k\u00f6nnten.&#8220;<\/span><\/p>\n<p>Er fordert also staatliche Zwangsarbeit f\u00fcr 1.500 Euro brutto (<a href='https:\/\/www.nettolohn.de' class='azc_bbc_url'>1.106 Euro netto<\/a>). Und warum? Weil er die Kinderbetreuung und Schulhausmeister &#8222;aus finanziellen Gr\u00fcnden&#8220; nicht besetzen will. Also Berufe, die man auch mit einen ordentlichen Arbeitsvertrag, Tariflohn und Arbeitnehmerrechte ausstatten k\u00f6nnte. Daf\u00fcr ist aber &#8222;kein Geld da&#8220;. Das braucht man z.B. f\u00fcr das schicke neue &#8222;Terrorzentrum&#8220; der m\u00f6rderischen Geheimdienste, welches <a href='https:\/\/www.rume.de\/2018\/03\/19\/aufgelesen-und-kommentiert-2018-03-19' class='azc_bbc_url'>f\u00fcr eine halbe Milliarde Euro neu gebaut<\/a> werden soll.<\/p>\n<p>Sehr sch\u00f6n auch dieser Textabschnitt (Zitat): <span class='azc_bbc_italic'>&#8222;Menschen, die solche Arbeiten nicht verrichten k\u00f6nnten, sollen M\u00fcllers Vorstellung nach weiterhin Hartz IV beziehen d\u00fcrfen.&#8220;<\/span><\/p>\n<p>Oh wie gn\u00e4dig <img class='azc_bbc_image' src='https:\/\/www.rume.de\/smilies\/sarkasm.gif'  \/><\/p>\n<p>Aber seht ihr: DAS ist die tolle SPD-Erneuerung. Jetzt gibt es doch nun wirklich nichts mehr zu meckern <img class='azc_bbc_image' src='https:\/\/www.rume.de\/smilies\/sarkasm.gif'  \/><\/p>\n<p><a href='http:\/\/www.google.de\/search?q=hartz+bund+steuerzahler&#038;hl=de&#038;tbm=nws' class='azc_bbc_url'>Lohn-Hartz-IV-Vergleich: Medien verbreiten Fake-News vom Bund der Steuerzahler<\/a><br \/>\nMan nehme eine Familie mit zwei Kindern, rechnet alles hinein was man an Sozialleistungen bekommt &#8211; und vergleicht das damit, was man als Bruttolohn bekommen m\u00fcsste, um denselben Nettobetrag zu bekommen &#8211; fertig ist der windschiefe Vergleich <a href='http:\/\/www.zeit.de\/wirtschaft\/2017-07\/steuerzahler-gedenktag-deutschland-arbeit-abgaben\/komplettansicht' class='azc_bbc_url'>der Reichenlobbyklitsche namens &#8222;Bund der Steuerzahler&#8220;<\/a>.<\/p>\n<p>Denn sucht mal in deren &#8222;Berechnung&#8220; nach dem Kindergeld, welches man als Arbeiterfamilie nat\u00fcrlich noch obendrauf bekommt. Es wurde ebenso gezielt wie b\u00f6sartig unterschlagen. Auch der Anspruch auf Wohngeld, Kinderwohngeld und Kindergeldzuschlag fehlt komplett. Und dass die Arbeiterfamilie am Ende des Jahres auch noch einen Lohnsteuerjahresausgleich machen kann, wird ausgerechnet vom &#8222;Bund der Steuerzahler&#8220; (!) vergessen? <img class='azc_bbc_image' src='https:\/\/www.rume.de\/smilies\/laugh.gif'  \/> Nein, das alles ist mal wieder hinterh\u00e4ltige Propaganda gegen die Schw\u00e4chsten in unserer Gesellschaft &#8211; und alle sogenannten Qualit\u00e4tsjournalisten verbreiten diese b\u00f6sartige L\u00fcgenpropaganda <a href='https:\/\/uebermedien.de\/26389\/bringt-hartz-iv-mehr-geld-als-arbeit-faz-verbreitet-falsche-zahlen' class='azc_bbc_url'>nat\u00fcrlich nur allzu gerne ungepr\u00fcft weiter<\/a>.<\/p>\n<p>Und w\u00e4hrend man den Schw\u00e4chsten unserer Gesellschaft jeden einzelnen Cent vorrechnet, kassiert man Oben schamlos ab:<\/p>\n<p><a href='http:\/\/www.wsws.org\/de\/articles\/2018\/03\/20\/vowa-m20.html' class='azc_bbc_url'>Kriminelle Energie lohnt sich: VW-Vorstand sahnt ab<\/a><br \/>\n<span class='azc_bbc_italic'>&#8222;Trotz Dieselskandal, den damit verbundenen Gesundheitssch\u00e4den und der Gef\u00e4hrdung zehntausender Arbeitspl\u00e4tze sind die Vorstandsbez\u00fcge bei Volkswagen um fast ein Drittel auf gut 50 Millionen Euro gestiegen. W\u00e4hrend die Belegschaft in der letzte Tarifrunde mit einer miserablen Lohnerh\u00f6hung von 4,3 Prozent bei einer Laufzeit von 27 Monaten abgefunden wurde, hat allein VW-Chef Matthias M\u00fcller seine Gesamtbez\u00fcge in einem Jahr um 40 Prozent auf 10,3 Millionen Euro erh\u00f6ht.<\/p>\n<p>Die Vorstandsbez\u00fcge wurden von den 20 Aufsichtsratsmitgliedern des Konzerns abgesegnet. In diesem Gremium sitzen zehn sogenannte Vertreter der Arbeitnehmer, darunter der IG Metall-Vorsitzende J\u00f6rg Hofmann und der Vorsitzende des Gesamt- und Konzernbetriebsrats Bernd Osterloh. Mit dem nieders\u00e4chsischen Ministerpr\u00e4sidenten Stephan Weil (SPD), der zusammen mit Wirtschaftsminister Bernd Althusmann (CDU) die Landesregierung vertritt, verf\u00fcgen sie \u00fcber die Mehrheit der Stimmen im Aufsichtsrat.<\/p>\n<p>Die Verg\u00fctung der Vorst\u00e4nde setzt sich aus einem komplizierten System von fixen und variablen Bestandteilen zusammen. Eines davon bemisst den &#8222;Erfolg des Gesamtvorstands bei der Transformation der Belegschaft des Volkswagen Konzerns in neue Aufgabenfelder&#8220;. Einfacher gesagt: Je mehr Arbeiter ein Vorstandsmitglied aus dem Konzern dr\u00e4ngt, desto h\u00f6her sein Gehalt. Was das bedeutet, zeigt das Umbaukonzept f\u00fcr die Marke VW, auf das sich Betriebsrat und Vorstand im November 2016 nach monatelangen Verhandlungen geeinigt haben und das ma\u00dfgeblich vom Betriebsrat und der IG Metall ausgearbeitet wurde. Es sieht vor, dass an den deutschen VW-Standorten 23.000 Arbeitspl\u00e4tze und damit rund ein F\u00fcnftel der Stellen wegfallen.<\/p>\n<p>Die Rolle der IG Metall und des Betriebsrats k\u00f6nnte nicht deutlicher sein. Auf der einen Seite erarbeiten sie ein &#8222;Zukunftskonzept&#8220;, dem zehntausende Arbeitspl\u00e4tze zum Opfer fallen, unterdr\u00fccken Streiks und vereinbaren miserable Tarifabschl\u00fcsse. Auf der anderen Seite genehmigen sie den Vorst\u00e4nden Geh\u00e4lter, die das 150-Fache eines Arbeiterlohns betragen k\u00f6nnen und umso h\u00f6her ausfallen, je mehr die Ausbeutung steigt.<\/p>\n<p>Sie selbst werden daf\u00fcr f\u00fcrstlich belohnt. Gesamtbetriebsratschef Bernd Osterloh bezog im Jahr bis zu 750.000 Euro. Erst vor vier Monaten k\u00fcrzte der Konzern seine Bez\u00fcge, weil die Staatsanwaltschaft Braunschweig wegen des Verdachts der Untreue ermittelte. Die Arbeitnehmervertreter im Aufsichtsrat von VW erhalten eine j\u00e4hrliche Verg\u00fctung in der H\u00f6he von 100.000 Euro, der stellvertretende Aufsichtsratsvorsitzende, IG Metall-Chef Hofmann, sogar 200.000 Euro.&#8220;<\/span> <a href='http:\/\/www.wsws.org\/de\/articles\/2018\/03\/20\/vowa-m20.html' class='azc_bbc_url'>Weiterlesen&#8230;<\/a><\/p>\n<p><a href='https:\/\/www.tagesspiegel.de\/politik\/bundesregierung-deutschland-chef-von-goldman-sachs-wird-staatssekretaer\/21086578.html' class='azc_bbc_url'>Goldman-Sachs-Chef wird Staatssekret\u00e4r im Bundesfinanzministerium<\/a><br \/>\nDer Tagesspiegel berichtet: <span class='azc_bbc_italic'>&#8222;Der Deutschland-Chef der &#8222;Investmentbank&#8220; Goldman Sachs, J\u00f6rg Kukies, wechselt als beamteter Staatssekret\u00e4r ins Bundesfinanzministerium. Die Berufung von Kukies gilt als wichtigste Personalentscheidung des neuen Finanzministers Olaf Scholz (SPD). Das Wirtschaftsforum der SPD zeigte sich auf seiner Webseite erfreut \u00fcber die Entscheidung.&#8220;<\/span><\/p>\n<p>\u00dcberraschung? Ganz klares Nein, denn die SPD hat uns auch alle Finanzmarkt-Gesetze eingebrockt, die uns Steuerzahler beim Finanzcrash \u00fcber 400 Milliarden Euro kosteten &#8211; und deren Gefahren bis heute nicht bereinigt wurden. Wer von dieser SPD erwartet, dass sie daraus lernt, w\u00e4hrend man sie wieder an die Regierung w\u00e4hlt, ist mit &#8222;totalverbl\u00f6det&#8220; noch \u00e4usserst wohlwollend betitelt.<\/p>\n<p>Und gerade Olaf Scholz hat ja gerade erst die verzockten 20 Milliarden Euro seiner HSH Nordbank lachend auf die Normalbev\u00f6lkerung abgew\u00e4lzt. Das war quasi seine pers\u00f6nliche Reifepr\u00fcfung, ob er diese Milliardenverschiebung in die Tasche der Reichsten ger\u00e4uschlos \u00fcber die B\u00fchne bekommt. Nur deshalb hat er den Posten des Bundesfinanzministers bekommen, um dort noch gr\u00f6ssere Geldsummen in die Taschen der obersten 10 Prozent verschieben zu k\u00f6nnen. Die Ernennung des Goldman Sucks Mannes als seine neue rechte Hand ist das erste Fundament. Und \u00fcber die gerade gestartete Medienpropaganda gegen &#8222;abkassierende Hartzer&#8220; wird die journalistische Begleitmusik bereitgestellt, um eine weitere Runde im Sozialabbau einzul\u00e4uten.<\/p>\n<p>Das muss diese SPD-Erneuerung sein, von der st\u00e4ndig geredet wird <img class='azc_bbc_image' src='https:\/\/www.rume.de\/smilies\/nasiehste.gif'  \/><\/p>\n<p>Und wollen wir schon mal darauf wetten, aus welcher Szene ein Olaf Scholz nach seiner politischen Karriere abgeschmiert wird?<\/p>\n<p><a href='http:\/\/www.ardmediathek.de\/tv\/Monitor\/Die-totale-%C3%9Cberwachung-Seehofers-Pl%C3%A4ne-\/Das-Erste\/Video?bcastId=438224&#038;documentId=50874568' class='azc_bbc_url'>Die totale \u00dcberwachung: Seehofers Pl\u00e4ne f\u00fcr Deutschland<\/a><br \/>\nF\u00fcr den neuen Bundesinnenminister Horst Seehofer gilt: &#8222;Sicherheit ist das h\u00f6chste Gut einer Demokratie.&#8220; Ginge es nach ihm, w\u00fcrde der Entwurf eines neuen bayerischen Polizeigesetzes wohl bald in ganz Deutschland gelten. Ein Gesetz, das polizeiliche Befugnisse erheblich ausweitet und k\u00fcnftig praktisch jeden ins Visier nehmen kann. Schon bei einer schwer zu bestimmenden &#8222;drohenden Gefahr&#8220; k\u00f6nnen Sicherheitskr\u00e4fte dann auf s\u00e4mtliche Online-Daten von Betroffenen zugreifen, sie an zugewiesenen Orten f\u00fcr l\u00e4ngere Zeit festhalten und ihr gesamtes Umfeld ausforschen.<\/p>\n<p><a href='https:\/\/www.jungewelt.de\/artikel\/329244.html' class='azc_bbc_url'>Kolporteur des Tages: Welt am Sonntag<\/a><br \/>\nEine herrliche Polemik <img class='azc_bbc_image' src='https:\/\/www.rume.de\/smilies\/verehr.gif'  \/><\/p>\n<p><a href='https:\/\/www.morgenpost.de\/politik\/article213686139\/Hackerangriffe-Soll-der-Bund-jetzt-zurueckschlagen.html' class='azc_bbc_url'>Hacker-Angriffe: Bundesinnenministerium will zur\u00fcckschlagen k\u00f6nnen<\/a><br \/>\n<span class='azc_bbc_italic'>&#8222;Die Bundesbeh\u00f6rden sollen zur\u00fcckschlagen k\u00f6nnen &#8211; und im Fall eines Hackerangriffs Server im Ausland attackieren k\u00f6nnen. Etwa um gestohlen Daten auf fremden Computern zu l\u00f6schen, oder spionierenden Hackergruppen einen Schaden zuzuf\u00fcgen&#8220;<\/span>, berichtet die Morgenpost.<\/p>\n<p>Yawoll, ab 5:45 Uhr wird zur\u00fcckgecybert <img class='azc_bbc_image' src='https:\/\/www.rume.de\/smilies\/laugh.gif'  \/><\/p>\n<p>Also ich hab ja echt nur \u00fcberschaubare Computerkenntnisse. Aber sogar ich weiss, dass man niemals mit seinem eigenen Rechner und seiner eigenen IP irgendwelche fremden Systeme angreift. Daf\u00fcr kapert man sich vorher (mindestens) einen anderen Rechner, der diese Hackangriffe ausf\u00fchrt &#8211; am besten sogar gleich hunderte Fremdrechner, die zeitgleich zuschlagen. Und wenn man dem gekaperten Rechner nur sagt, dass er weitere Rechner kapern soll, die dann angreifen, dann hat man die Kette schon so gut verwischt, dass eine sp\u00e4teres Fingerzeigen <span class='azc_bbc_italic'>&#8222;Der war es&#8220;<\/span> quasi unm\u00f6glich wird.<\/p>\n<p>Darauf wollt ihr also Gegenangriffe starten? <img class='azc_bbc_image' src='https:\/\/www.rume.de\/smilies\/laugh.gif'  \/> Willkommen im Neuland.<\/p>\n<p>Vielleicht sollten diese Heinis mal die ganzen Wikileaks-Enth\u00fcllungen auch mal lesen, statt nur dar\u00fcber zu schimpfen, dass ihre Regierungsverbrechen aufgeflogen sind. Denn in den &#8222;Vault 7&#8220; Leaks stehen genau solche Hacker-Schachz\u00fcge drin, wie das CIA ihre Sabotageaktionen fremden Leuten und L\u00e4ndern in die Schuhe schiebt.<\/p>\n<p>Leider hat der Deutsche aber (wieder einmal) nur mehrheitlich kriegsgeile Idioten gew\u00e4hlt, die dann weltweit Angriffe starten wollen. Kriegsministerin Von der Leyen platzte ja fast vor Erregung, dass sie ohne jede Medienkritik in nunmehr 13 fremde L\u00e4nder &#8222;schiessendes Personal&#8220; schicken kann. Gegen wie viele L\u00e4nder zettelte damals eigentlich Hitler Kriege an? K\u00f6nnen CDU, CSU und SPD (plus den applaudierenden GR\u00dcNEN und FDP) da schon mithalten?<\/p>\n<p><a href='https:\/\/www.tagesschau.de\/ausland\/libyen-milizen-101.html' class='azc_bbc_url'>UN-Bericht zu Libyen: Brutale Milizen als Partner der Bundesregierung<\/a><br \/>\nFinanzielle Unterst\u00fctzung von Konzentrationslagern, wie das Ausw\u00e4rtige Amt die libyschen Fl\u00fcchtlingslager nannte. Dazu milliardenschwere Deals mit dem t\u00fcrkischen Sultan Erdogan, damit er Fl\u00fcchtlinge abf\u00e4ngt und einknastet &#8211; und nun die im Bericht erw\u00e4hnten Fl\u00fcchtlings-Foltervideos. Was muss die Bundesregierung eigentlich NOCH alles tun, um endlich den Friedensnobelpreis zu bekommen &#8211; so wie <a href='http:\/\/www.spiegel.de\/politik\/ausland\/us-drohnenkrieg-in-pakistan-fotos-zeigen-die-wahren-opfer-der-leisen-killer-a-774975.html' class='azc_bbc_url'>Massenm\u00f6rder Barack Obama<\/a> und die <a href='http:\/\/www.fr.de\/politik\/flucht-zuwanderung\/fluechtlinge-2017-fast-3000-tote-im-mittelmeer-a-1382630' class='azc_bbc_url'>Massenmord-Institution EU<\/a>?<\/p>\n<p><a href='http:\/\/www.akweb.de\/ak_s\/ak636\/51.htm' class='azc_bbc_url'>Bundesregierung k\u00e4mpft f\u00fcr Erdogan<\/a><br \/>\n<span class='azc_bbc_italic'>&#8222;In der ersten H\u00e4lfte der 1990er Jahre erreichten Krieg, Vertreibung und Massaker durch die t\u00fcrkische Armee in Nordkurdistan ihren H\u00f6hepunkt. M\u00f6glich wurde dies auch dank massiver Waffenlieferungen aus Deutschland, darunter Leopard-II-Panzer und Waffen der frisch aufgel\u00f6sten NVA. Auch innenpolitisch lag die Bundesregierung auf der Linie der T\u00fcrkei. 1993 wurde in Deutschland das PKK-Bet\u00e4tigungsverbot erlassen. Es folgten unz\u00e4hlige Strafverfahren; der Protest der in Deutschland lebenden KurdInnen gegen die Massaker wurde kriminalisiert.<\/p>\n<p>Heute rollen wieder deutsche Leopard-Panzer gegen KurdInnen und mit ihnen verb\u00fcndete Bev\u00f6lkerungsgruppen, diesmal in der nordsyrisch-kurdischen Enklave Afrin. Und wieder unterst\u00fctzt die Bundesregierung diesen v\u00f6lkerrechtswidrigen Krieg &#8211; durch weitere R\u00fcstungslieferungen an die T\u00fcrkei in Millionenh\u00f6he auch nach dem Einmarsch, wie aus einer Antwort des Wirtschaftsministeriums auf eine Anfrage des Gr\u00fcnen-Abgeordneten Omid Nouripour hervorgeht. Aber auch durch gesteigerte Repression gegen politische Aktivit\u00e4ten der hiesigen aktiven kurdischen Community und der seit dem Kampf um Kobane 2014 stark angewachsenen deutschen Solidarit\u00e4tsbewegung.&#8220;<\/span> <a href='http:\/\/www.akweb.de\/ak_s\/ak636\/51.htm' class='azc_bbc_url'>Weiterlesen&#8230;<\/a><\/p>\n<p><a href='https:\/\/www.heise.de\/tp\/features\/Anschlag-Breitscheidplatz-Wurde-Anis-Amri-geschuetzt-3997852.html' class='azc_bbc_url'>Anschlag Breitscheidplatz: Wurde Anis Amri gesch\u00fctzt?<\/a><br \/>\nNicht nur wegen seiner Drogenverk\u00e4ufe hatte man ihn vor der polizeilichen Festnahme gesch\u00fctzt, sondern auch eine Messerstecherei jemand anderes untergeschoben, damit Anis Amri weiterhin auf freiem Fuss bleiben kann.<\/p>\n<p>Was f\u00fcr ein sch\u00f6ner Zufall f\u00fcr unsere &#8222;Sicherheitsbeh\u00f6rden&#8220;, dass Anis Amri schon l\u00e4ngst abgeknallt wurde. Nicht auszudenken, wenn der noch h\u00e4tte auspacken k\u00f6nnen&#8230;<\/p>\n<p><a href='https:\/\/blog.fdik.org\/2018-03\/s1521384092' class='azc_bbc_url'>Grafische Manipulation zum Thema &#8222;Ausl\u00e4nderkriminalit\u00e4t&#8220;<\/a><br \/>\nUnsere Qualit\u00e4tspresse wieder einmal auf St\u00fcrmer-Niveau unterwegs.<\/p>\n<p><a href='https:\/\/www.heise.de\/tp\/features\/ARD-im-Tiefschlaf-Das-seltsame-Desinteresse-an-einer-Aufklaerung-der-Maidan-Morde-3996302.html' class='azc_bbc_url'>Das \u00f6ffentlich-rechtliche Desinteresse an einer Aufkl\u00e4rung der Maidan-Morde<\/a><br \/>\nSeitdem aufgrund von Zeugenaussagen immer offensichtlicher wird, dass eine westliche Scharfsch\u00fctzen-Operation f\u00fcr die politischen Morde in der Ukraine verantwortlich ist, wird \u00fcber die Ukraine in den \u00d6ffentlich-Rechten \u00fcberhaupt nicht mehr berichtet. Die m\u00fchsam errichtete Propaganda vom ukrainischen Volk, welches sich von Russland abwendete, darf halt nicht gef\u00e4hrdet werden. Schon gar nicht \u00fcber Enth\u00fcllungen, dass die &#8222;westliche Wertegemeinschaft&#8220; mit gezielten Auftragsmorden einen blutigen B\u00fcrgerkrieg anzettelte.<\/p>\n<p><a href='http:\/\/www.nachdenkseiten.de\/?p=42972' class='azc_bbc_url'>Fall Skripal: Die ARD &#8222;Faktenfinder&#8220; als NATO-treue Propagandaschleuder<\/a><br \/>\nQualit\u00e4tsjournalismus, f\u00fcr den wir doch gerne acht Milliarden Euro pro Jahr berappen <img class='azc_bbc_image' src='https:\/\/www.rume.de\/smilies\/sarkasm.gif'  \/><\/p>\n<p><a href='http:\/\/augengeradeaus.net\/2018\/03\/kaserne-erhaelt-erstmals-namen-eines-gefallenen-bundeswehrsoldaten' class='azc_bbc_url'>Deutsche Kaserne erh\u00e4lt erstmals seit 1945 wieder Namen von gefallenen Soldaten<\/a><br \/>\nNachdem von ein paar Jahren das Eiserne Kreuz wieder eingef\u00fchrt wurde, werden nun auch wieder die Gefallenen glorifiziert. Man sollte immer ein gutes Beispiel daran nehmen, was einst die Wehrmacht stolz machte <img class='azc_bbc_image' src='https:\/\/www.rume.de\/smilies\/sarkasm.gif'  \/><\/p>\n<p>Und zu guter Letzt:<\/p>\n<p><a href='http:\/\/sakurai-cartoons.de\/\/images\/g_nichtmitansehen.gif' class='azc_bbc_url'>T\u00fcrkischer Angriffskrieg: Die NATO reagiert<\/a><br \/>\n&#8230;.<\/p>\n","protected":false},"excerpt":{"rendered":"<p>\/ Armutsbericht der Stadt M\u00fcnchen: Jung und wohnungslos \/ Knapp die H\u00e4lfte der Geb\u00e4udereiniger wird um ihren Mindestlohn betrogen \/ Berlins OB M\u00fcller (SPD) will Hartz IV abschaffen \/ Lohn-Hartz-IV-Vergleich: Medien verbreiten Fake-News vom Bund der Steuerzahler \/ Kriminelle Energie lohnt sich: VW-Vorstand sahnt ab \/ Goldman-Sachs-Chef wird Staatssekret\u00e4r im Bundesfinanzministerium \/ Die totale \u00dcberwachung: &hellip; <a href=\"https:\/\/www.rume.de\/?p=536\" class=\"more-link\"><span class=\"screen-reader-text\">\u201eAufgelesen und kommentiert 2018-03-20\u201c <\/span>weiterlesen<\/a><\/p>\n","protected":false},"author":1,"featured_media":0,"comment_status":"open","ping_status":"closed","sticky":false,"template":"","format":"standard","meta":{"footnotes":""},"categories":[2],"tags":[],"class_list":["post-536","post","type-post","status-publish","format-standard","hentry","category-aufgelesen"],"_links":{"self":[{"href":"https:\/\/www.rume.de\/index.php?rest_route=\/wp\/v2\/posts\/536","targetHints":{"allow":["GET"]}}],"collection":[{"href":"https:\/\/www.rume.de\/index.php?rest_route=\/wp\/v2\/posts"}],"about":[{"href":"https:\/\/www.rume.de\/index.php?rest_route=\/wp\/v2\/types\/post"}],"author":[{"embeddable":true,"href":"https:\/\/www.rume.de\/index.php?rest_route=\/wp\/v2\/users\/1"}],"replies":[{"embeddable":true,"href":"https:\/\/www.rume.de\/index.php?rest_route=%2Fwp%2Fv2%2Fcomments&post=536"}],"version-history":[{"count":1,"href":"https:\/\/www.rume.de\/index.php?rest_route=\/wp\/v2\/posts\/536\/revisions"}],"predecessor-version":[{"id":537,"href":"https:\/\/www.rume.de\/index.php?rest_route=\/wp\/v2\/posts\/536\/revisions\/537"}],"wp:attachment":[{"href":"https:\/\/www.rume.de\/index.php?rest_route=%2Fwp%2Fv2%2Fmedia&parent=536"}],"wp:term":[{"taxonomy":"category","embeddable":true,"href":"https:\/\/www.rume.de\/index.php?rest_route=%2Fwp%2Fv2%2Fcategories&post=536"},{"taxonomy":"post_tag","embeddable":true,"href":"https:\/\/www.rume.de\/index.php?rest_route=%2Fwp%2Fv2%2Ftags&post=536"}],"curies":[{"name":"wp","href":"https:\/\/api.w.org\/{rel}","templated":true}]}}