{"id":534,"date":"2018-03-19T20:27:02","date_gmt":"2018-03-19T19:27:02","guid":{"rendered":"http:\/\/rume.katti.eu\/?p=534"},"modified":"2018-03-19T20:27:02","modified_gmt":"2018-03-19T19:27:02","slug":"aufgelesen-und-kommentiert-2018-03-19","status":"publish","type":"post","link":"https:\/\/www.rume.de\/?p=534","title":{"rendered":"Aufgelesen und kommentiert 2018-03-19"},"content":{"rendered":"<p>\/ Bundessozialministerin Giffey (SPD): Lieber Arbeit f\u00f6rdern als Hartz-IV-S\u00e4tze erh\u00f6hen<br \/>\n\/ 15 Jahre Agenda 2010: Wir gratulieren &#8211; nicht!<br \/>\n\/ Hunderttausende haben in Deutschland keinen Zugang zu medizinischer Versorgung<br \/>\n\/ Spahn: Es gibt keine Zwei-Klassen-Medizin<br \/>\n\/ Nur 14 Prozent der \u00c4rzte erwarten Verbesserungen unter Jens Spahn<br \/>\n\/ Apotheken warnen: Wenn lebenswichtige Medikamente knapp werden<br \/>\n\/ Groko Teil 3 &#8211; Was fehlt<br \/>\n\/ Ex-Bahnchef Grube: 2,3 Millionen Euro f\u00fcr 30 Tage im Amt<br \/>\n\/ Trotz Verlust: Deutsche Bank vervierfacht die Boni<br \/>\n\/ Berlin: Rot-Rot-Gr\u00fcn plant Antiterrorzentrum-Neubau f\u00fcr 125 Mio. Euro<br \/>\n\/ Schleswiger Stadtwerke pumpte Plastikm\u00fcll in die Schlei<br \/>\n\/ Hacker kapern Fernseher von NRW-Ministerin<br \/>\n\/ Ulrich Kelber (SPD) soll oberster Datensch\u00fctzer im Bund werden<br \/>\n\/ Au\u00dfenminister Maas (SPD) droht Russland und verst\u00e4rkt Militarismus<br \/>\n\/ DIE LINKE deckt auf: 130 Milliarden Euro mehr f\u00fcr weltweite Bundeswehreins\u00e4tze<br \/>\n\/ Fu\u00dfball-WM: Deutschland will Namen aus &#8222;Hooligan-Datei&#8220; an Russland schicken<br \/>\n\/ Ex-UN Biowaffen-Experte Jan van Aken zum Fall Skripal<br \/>\n\/ Die Woche: Wie geht es uns, Herr K\u00fcppersbusch?<br \/>\n\/ Merkels vierte Amtszeit<\/p>\n<p>&#8212;<\/p>\n<p><!--more--><\/p>\n<p><a href='https:\/\/www.tagesspiegel.de\/politik\/neue-familienministerin-giffey-lieber-arbeit-foerdern-als-hartz-iv-saetze-erhoehen\/21078464.html' class='azc_bbc_url'>Bundessozialministerin Giffey (SPD): Lieber Arbeit f\u00f6rdern als Hartz-IV-S\u00e4tze erh\u00f6hen<\/a><br \/>\nDie neue Bundesfamilienministerin Franziska Giffey (SPD) stellt sich sch\u00fctzend vor Jens Spahn (CDU) und erz\u00e4hlte im ZDF: <span class='azc_bbc_italic'>&#8222;Es geht darum, dass eigentlich der Abstand zu denjenigen, die arbeiten, gr\u00f6\u00dfer sein m\u00fcsste. Das hei\u00dft nicht, dass man die S\u00e4tze senken soll. Aber man sollte schauen, wie k\u00f6nnen diejenigen, die arbeiten, besser verdienen.&#8220;<\/span><\/p>\n<p>Einmal davon abgesehen, dass der Regelsatz schon wegen seiner menschenverachtenden Kleinrechnung erh\u00f6ht werden muss. Aber ich kann mich da <a href='https:\/\/www.rume.de\/2018\/03\/13\/aufgelesen-und-kommentiert-2018-03-13' class='azc_bbc_url'>auch nur nochmal wiederholen<\/a>:<\/p>\n<p>&#8211; Alle Sanktionen abschaffen<br \/>\n&#8211; Regelsatz auf 600 Euro hoch<br \/>\n&#8211; Mindestlohn auf 12,50 Euro hoch<br \/>\n&#8211; Mindestrente auf 1.050 Euro hoch<\/p>\n<p>Und schon m\u00fcsste niemand mehr f\u00fcr einen Hungerlohn arbeiten, sondern <span class='azc_bbc_italic'>&#8222;diejenigen, die arbeiten, w\u00fcrden besser verdienen.&#8220;<\/span> Und daf\u00fcr braucht es keine mediengeile Dummschw\u00e4tzer von CDU, CSU oder der SPD. Solche Pl\u00e4ne liegen l\u00e4ngst fertig in der Schublade und warten auf Umsetzung.<\/p>\n<p>Das einzige, was fehlt, <a href='https:\/\/www.linksfraktion.de\/themen\/a-z\/detailansicht\/hartz-iv' class='azc_bbc_url'>sind die W\u00e4hler<\/a>.<\/p>\n<p><a href='http:\/\/internetz-zeitung.eu\/index.php\/4704-15-jahre-agenda-2010' class='azc_bbc_url'>15 Jahre Agenda 2010: Wir gratulieren &#8211; nicht!<\/a><br \/>\nNur eine Grafik.<\/p>\n<p><a href='https:\/\/www.jungewelt.de\/artikel\/329228.html' class='azc_bbc_url'>Hunderttausende haben in Deutschland keinen Zugang zu medizinischer Versorgung<\/a><br \/>\nDie Technischen Universit\u00e4t in Berlin hat beim Kongress &#8222;Armut und Gesundheit&#8220; erschreckende Zahlen vorgelegt: Allein 2016 musten weit \u00fcber 6.000 nicht krankenversicherte Menschen mit rund 27.000 Einzelbehandlungen versorgt werden. Weitere 500 Betroffene lie\u00dfen sich dort kostenlos zahnmedizinisch notversorgen. Ein gutes Viertel der Hilfesuchenden stamme aus Deutschland, knapp die H\u00e4lfte aus anderen EU-Staaten. Zu einem weiteren Viertel suchten Fl\u00fcchtlinge die ehrenamtlichen Mediziner auf.<\/p>\n<p>Das bringe \u00c4rzte in die Zwickm\u00fchle. Zum Beispiel d\u00fcrften sie eigentlich keine EU-Migranten behandeln. Die haben aufgrund des Ende 2016 in Kraft getretenen sogenannten Ausschlussgesetzes in den ersten f\u00fcnf Jahren Aufenthalt keinen Anspruch auf Sozialleistungen. Zweitens, so die Autoren, habe Deutschland kein F\u00fcrsorgeabkommen mit den osteurop\u00e4ischen Staaten abgeschlossen. Das f\u00fchre wie die \u00fcbrige Versorgung nicht Krankenversicherter zu finanziellem Streit mit dem Senat und den Krankenkassen. Zwei Drittel aller Behandlungen f\u00f6rdere der Staat gar nicht, hei\u00dft es.<\/p>\n<p>Zudem drohe Fl\u00fcchtlingen ohne Papiere oder Duldung mit jedem Arztbesuch die Abschiebung. Das Gesetz schiebt die Verantwortung auf die \u00c4rzte ab und zwingt sie in das Dilemma zwischen der Pflicht zu helfen und Kostendruck.<\/p>\n<p>Dazu passt:<\/p>\n<p><a href='https:\/\/www.abendblatt.de\/politik\/deutschland\/article213752371\/Gesundheitsminister-Spahn-Gibt-keine-Zwei-Klassen-Medizin.html' class='azc_bbc_url'>Spahn: Es gibt keine Zwei-Klassen-Medizin<\/a><br \/>\nKaum im Amt, muss man (wie bef\u00fcrchtet) vor den Pl\u00e4nen des CDU-Salonfaschisten in Deckung gehen.<\/p>\n<p>Zitat: <span class='azc_bbc_italic'>&#8222;Nat\u00fcrlich k\u00f6nnen sich manche das Einzelzimmer leisten. Entscheidend ist aber, dass niemand eine Behandlung &#8222;zweiter Klasse&#8220; bekommt.&#8220;<\/span><br \/>\nJa richtig, denn statt der &#8222;Behandlung zweiter Klasse&#8220; bekommt man schlichtweg \u00fcberhaupt keinen Termin &#8211; und somit auch keine Behandlung zweiter Klasse, sondern gar keine.<\/p>\n<p>Zitat: <span class='azc_bbc_italic'>&#8222;Bei vielen Arztbesuchen geht es um kurze, abkl\u00e4rende Gespr\u00e4che. Kleine Fragen lie\u00dfen sich aber auch online in wenigen Minuten unkompliziert kl\u00e4ren. Die Wartezimmer w\u00fcrden deutlich leerer, und es w\u00e4re mehr Zeit f\u00fcr die aufwendigeren F\u00e4lle.&#8220;<\/span><br \/>\n\u00c4rzte warnen schon heute vor den ganzen Krankheits-Webseiten, die man &#8222;googeln&#8220; kann. Denn f\u00fcr solch eine Webseite braucht es keinerlei \u00e4rztliches Fachwissen. Und es gibt auch genug Spassv\u00f6gel, die nach dem Motto &#8222;So fing es bei Opa auch an&#8230;&#8220; die b\u00f6sesten Scherze machen. Niemals darf dies auch noch \u00fcber \u00e4rztliche Online-Portale gef\u00f6rdert werden. Von der IT-Sicherheit ganz zu schweigen. Denn wenn z.B. beim Onlinebanking mehrere Sicherheitsexperten die Software betreuen &#8211; aber eine \u00c4rztepraxis?<\/p>\n<p>Zitat: <span class='azc_bbc_italic'>&#8222;Jeder Patient sollte sich fragen, ob ein Arztbesuch wirklich n\u00f6tig sei, gerade an Wochenenden.&#8220;<\/span><br \/>\nIn den allermeisten F\u00e4llen geht es nur um den &#8222;gelben Schein&#8220;. Und ja, auch wenn sich ein reicher CDU-Schn\u00f6sel das nicht vorstellen kann, aber auch am Wochenende m\u00fcssen normale Menschen arbeiten. Wenn er die Wartezimmer deutlich leerer machen will, sollte er ein Gesetz machen, dass an den ersten drei Kranktagen kein Attest mehr erforderlich ist. DAS w\u00fcrde wirklich helfen.<\/p>\n<p>Zitat: <span class='azc_bbc_italic'>&#8222;Spahn will die w\u00f6chentlichen Sprechzeiten von \u00c4rzten f\u00fcr Kassenpatienten ausweiten, damit gesetzlich Versicherte schneller an Termine kommen.&#8220;<\/span><br \/>\nHat sich dieser neureiche Schn\u00f6sel jemals mit einem Arzt \u00fcber seine Arbeitszeiten unterhalten? Bei mir gibt es keinen Arzt, der p\u00fcnktlich Feierabend machen kann, sondern noch um 19:00 Uhr die letzten Patienten abarbeiten muss. Als Patient habe ich dabei immer ein mieses Gef\u00fchl, denn ob ein \u00fcberarbeitetet und wom\u00f6glich mit &#8222;Fitmachern&#8220; wachgehaltener Arzt mich noch mit der n\u00f6tigen Ernsthaftigkeit untersuchen kann, darf man sicherlich in Zweifel ziehen.<\/p>\n<p>Zitat: <span class='azc_bbc_italic'>&#8222;Nicht jedes Krankenhaus muss jede Operation anbieten.&#8220;<\/span><br \/>\nBei mir gibt es im Umkreis von 50 km schon kein Krankenhaus mehr, in dem Kinder geboren werden k\u00f6nnen. Eine Entwicklung, die ich v\u00f6llig ablehne. Wenn solche Spezialisierungen dann nicht mehr funktionieren (Stromausfall, Krankenhausbrand, usw.), dann steht pl\u00f6tzlich ein riesiges Einzugsgebiet ohne Operationsm\u00f6glichkeiten da und muss hunderte Kilometer herumgekarrt werden.<\/p>\n<p>Und \u00fcber die sogenannten <a href='https:\/\/www.linksfraktion.de\/presse\/pressemitteilungen\/detail\/weg-mit-den-fallpauschalen-in-der-krankenhausfinanzierung' class='azc_bbc_url'>&#8220;Fallpauschalen&#8220;<\/a> haben wir hier noch gar nicht diskutiert.<\/p>\n<p>Nur eine gut ausgestattete Versorgung schafft Sicherheit, wenn pl\u00f6tzlich grosse Unf\u00e4lle passieren, bei der viele Verletzte versorgt werden m\u00fcssen &#8211; beispielsweise bei einem Terroranschlag. Ist doch interessant f\u00fcr die sogenannten &#8222;Sicherheitspolitiker&#8220;, dass sie bei Terror immer nur an maximale Bev\u00f6lkerungs\u00fcberwachung denken, aber die bestm\u00f6gliche \u00e4rztliche Versorgung der Bev\u00f6lkerung &#8222;zu teuer&#8220; ist und Krankenhausversorgungen zentralisiert werden sollen.<\/p>\n<p>Fehlt noch etwas? Na klar:<\/p>\n<p>Zitat: <span class='azc_bbc_italic'>&#8222;Eine Stellschraube seien auch Preise neuer Arzneimittel, die f\u00fcr Anbieter so sein m\u00fcssten, dass sich Forschung lohne.&#8220;<\/span><\/p>\n<p>Was w\u00e4re ein CDU-Bonze ohne seine &#8222;Sorgen um die Konzerne&#8220;? Und nat\u00fcrlich sind das reine Phantomschmerzen, denn schaut man bei der <a href='https:\/\/www.test.de\/medikamente\/begriffe\/arzneimittelpreise' class='azc_bbc_url'>Stiftung Warentest<\/a> vorbei, so liest man dort: <span class='azc_bbc_italic'>&#8222;Vergleicht man die durchschnittlichen Arzneimittelpreise in Europa, liegen in Deutschland die Preise patentgesch\u00fctzter Mittel relativ hoch. Solche Mittel kosten im Ausland h\u00e4ufig nur ein Drittel oder die H\u00e4lfte.&#8220;<\/span> Und selbst bei Generika, also den Nachahmerpr\u00e4paraten, <a href='http:\/\/www.spiegel.de\/wirtschaft\/arzneimittelreport-zeigt-medikamente-sind-in-deutschland-zu-teuer-a-858039.html' class='azc_bbc_url'>ist Deutschland viel zu teuer<\/a>.<\/p>\n<p>Aber hey: Jens Spahn ist eben ein Pharmalobbyist mit Ministerbefugnisse. Wenn er DIE Gelegenheit nicht nutzt, um seinen Pharmakonzernen dicke Profite zu Lasten der Bev\u00f6lkerung zuzuschanzen, dann w\u00e4re er ein schlechter CDU-Politiker <img class='azc_bbc_image' src='https:\/\/www.rume.de\/smilies\/nasiehste.gif'  \/><\/p>\n<p><a href='https:\/\/www.neues-deutschland.de\/artikel\/1082839.html' class='azc_bbc_url'>Nur 14 Prozent der \u00c4rzte erwarten Verbesserungen unter Jens Spahn<\/a><br \/>\nDer \u00c4rztenachrichtendienst (\u00e4nd) fragte in der vergangenen Woche insgesamt 1121 \u00fcberpr\u00fcfte niedergelassene Haus- und Fach\u00e4rzte nach ihrer Meinung. Das Resultat (Zitat): <span class='azc_bbc_italic'>&#8222;Nur 14 Prozent der Umfrageteilnehmer sind der Meinung, dass Spahns bisherige Aussagen zur Gesundheitspolitik und seine politische Einstellung Anlass zur Hoffnung geben. Eine Mehrheit von 56 Prozent der befragte \u00c4rzte bef\u00fcrchtet aber: Es wird eher zu Verschlechterungen kommen. Auch die gesundheitspolitischen Inhalte aus dem Koalitionsvertrag halten 60 Prozent der \u00c4rzte f\u00fcr entt\u00e4uschend und in gro\u00dfen Teilen unsinnig. Die \u00bbabsolute Zustimmung\u00ab zum Koalitionsvertrag kreuzten nur f\u00fcnf Umfrageteilnehmer an.&#8220;<\/span><\/p>\n<p>Wie wir sehen, gibt es auch unter Medizinern unverbesserliche Optimisten <img class='azc_bbc_image' src='https:\/\/www.rume.de\/smilies\/biggrin.gif'  \/><\/p>\n<p><a href='http:\/\/www.deutschlandfunkkultur.de\/arzneimittel-monopole-wenn-lebenswichtige-medikamente-knapp.976.de.html?dram:article_id=412809' class='azc_bbc_url'>Apotheken warnen: Wenn lebenswichtige Medikamente knapp werden<\/a><br \/>\nDer Deutschlandfunk berichtet: <span class='azc_bbc_italic'>&#8222;Apotheker und \u00c4rzte schlagen Alarm: Immer h\u00e4ufiger kommt es zu Engp\u00e4ssen bei Medikamenten, auch bei solchen gegen lebensgef\u00e4hrliche Krankheiten. Im Schnitt melden Pharmakologen jede Woche zw\u00f6lf Medikamente, die nicht lieferbar sind. Umso verwunderlicher erscheint es da, dass es in Deutschland &#8211; anders als etwa in den USA &#8211; f\u00fcr die Hersteller keine gesetzliche Pflicht zur Meldung von Engp\u00e4ssen gibt, sondern lediglich eine Selbstverpflichtung.&#8220;<\/span><\/p>\n<p><a href='https:\/\/www.abgeordnetenwatch.de\/blog\/2018-03-14\/groko-iii-was-fehlt' class='azc_bbc_url'>Groko Teil 3 &#8211; Was fehlt<\/a><br \/>\nLobbyregister? Parteispenden? Sogenannte &#8222;Nebent\u00e4tigkeiten&#8220;? Es bleibt <a href='https:\/\/www.zdf.de\/nachrichten\/heute\/antikorruptionsgremium-greco-parteispenden-probleme-ungeloest-100.html' class='azc_bbc_url'>seit fast 10 Jahren<\/a> alles beim Alten. Schmiergeldzahlungen (auch &#8222;Spenden&#8220; genannt) unter 50.000 Euro werden erst nach knapp zwei Jahren offengelegt &#8211; und &#8222;Sponsoring&#8220;einnahmen gar nicht. Auch hohe Betr\u00e4ge von anonymen Geldgebern k\u00f6nnen die Abgeordneten weiterhin kassieren. Abgeordnetenbestechung bleibt dank gesetzlicher Schlupfl\u00f6cher weiterhin straffrei. Und als obersten W\u00e4chter \u00fcber die ordnungsgem\u00e4sse Erfassung aller Parteispenden hat die Groko jetzt auch noch Wolfgang Schwarzgeld-Sch\u00e4uble ernannt. Schlimmer geht es kaum.<\/p>\n<p>Aber hey: Das muss diese SPD-Erneuerung sein, von der alle reden <img class='azc_bbc_image' src='https:\/\/www.rume.de\/smilies\/sarkasm.gif'  \/><\/p>\n<p><a href='https:\/\/www.tagesspiegel.de\/wirtschaft\/abfindung-fuer-ex-bahnchef-grube-2-3-millionen-euro-fuer-30-tage-im-amt\/21082542.html' class='azc_bbc_url'>Ex-Bahnchef Grube: 2,3 Millionen Euro f\u00fcr 30 Tage im Amt<\/a><br \/>\nBloss kein Sozialneid jetzt &#8211; das ist alles eine hart erarbeitete und gerechte Entlohnung <img class='azc_bbc_image' src='https:\/\/www.rume.de\/smilies\/sarkasm.gif'  \/><\/p>\n<p><a href='http:\/\/www.spiegel.de\/wirtschaft\/unternehmen\/deutsche-bank-vervierfacht-die-boni-a-1198318.html' class='azc_bbc_url'>Trotz Verlust: Deutsche Bank vervierfacht die Boni<\/a><br \/>\n<span class='azc_bbc_italic'>&#8222;Die erh\u00f6hten Boni haben den Verlust noch mal ein bisschen vergr\u00f6\u00dfert&#8220;<\/span>, berichtet das ehemalige Nachrichtenmagazin. Aber das finde ich noch nicht einmal wirklich interessant. Denn besonders sch\u00f6n ist folgende Passage (Zitat): <span class='azc_bbc_italic'>&#8222;Die Bank begr\u00fcndet die Erh\u00f6hung, dass seine Top-Leute, vor allem im Investmentbanking, auf Dauer nicht ohne angemessene Bezahlung zu halten seien.&#8220;<\/span><\/p>\n<p>DAS sollte man JEDEM Schreihals sofort in den Mund stopfen, der &#8222;Fachkr\u00e4ftemangel&#8220; br\u00fcllt. Ohne angemessene Bezahlung sind die Leute nicht zu halten und\/oder bekommen.<\/p>\n<p><a href='http:\/\/www.spiegel.de\/politik\/deutschland\/berlin-senat-plant-antiterrorzentrum-nach-anschlag-auf-breitscheidplatz-a-1198224.html' class='azc_bbc_url'>Berlin: Rot-Rot-Gr\u00fcn plant Antiterrorzentrum-Neubau f\u00fcr 125 Mio. Euro<\/a><br \/>\nDas ehemalige Nachrichtenmagazin meldet: <span class='azc_bbc_italic'>&#8222;Die Berliner Landesregierung zieht Konsequenzen aus dem Anschlag auf den Weihnachtsmarkt am Breitscheidplatz: Ab Januar 2020 soll es ein Antiterrorzentrum mit rund 1200 Elitepolizisten geben. Der Senat will demnach 125 Millionen Euro investieren.&#8220;<\/span><\/p>\n<p>So sieht &#8222;linke&#8220; Terrorbek\u00e4mpfung aus: Nicht etwa ins soziale Miteinander wird investiert, damit sich die Parallelgesellschaften nicht noch schlimmer vertiefen. Nein, ganz im Gegenteil: Es werden genau die &#8222;Sicherheitsbeh\u00f6rden&#8220; aufger\u00fcstet, die den Attent\u00e4ter Anis Amri quer durch Berlin gefahren und vor der polizeilichen Festnahme gesch\u00fctzt hatten.<\/p>\n<p>DAF\u00dcR haben SPD, LINKE und GR\u00dcNE lachend eine halbe Milliarde Euro \u00fcbrig. Denn nat\u00fcrlich wird das staatliche Terrorzentrum nicht nur 125 Millionen Euro kosten, sondern viel viel mehr. Deren Flughafen BER kostet ja auch nicht, wie damals verk\u00fcndet, nur zwei Milliarde Euro, sondern aktuell schon <a href='http:\/\/www.spiegel.de\/wirtschaft\/soziales\/flughafen-berlin-brandenburg-ber-kosten-steigen-auf-7-3-milliarden-euro-a-1195101.html' class='azc_bbc_url'>\u00fcber sieben Milliarden Euro<\/a>.<\/p>\n<p>Und kleiner Lacher am Rande: Das ist <a href='https:\/\/www.tagesspiegel.de\/berlin\/forschungsprojekt-mit-nachtigallen-senat-verbietet-voegeln-das-voegeln\/21058654.html' class='azc_bbc_url'>nicht das einzige Thema<\/a>, das bei Rot-Rot-Gr\u00fcn ganz oben steht <img class='azc_bbc_image' src='https:\/\/www.rume.de\/smilies\/laugh.gif'  \/><\/p>\n<p><a href='https:\/\/blog.fefe.de\/?ts=a4557efd' class='azc_bbc_url'>Schleswiger Stadtwerke pumpte Plastikm\u00fcll in die Schlei<\/a><br \/>\nUnd Bloggerkollege Fefe hat das Verhalten des GR\u00dcNEN Umweltministers (und neuen GR\u00dcNEN-Chefs) Robert Habeck bereits passend kommentiert.<\/p>\n<p><a href='http:\/\/www.rp-online.de\/nrw\/panorama\/christina-schulze-foecking-hacker-kapern-fernseher-von-nrw-ministerin-aid-1.7461903' class='azc_bbc_url'>Hacker kapern Fernseher von NRW-Ministerin<\/a><br \/>\nRP-Online berichtet: <span class='azc_bbc_italic'>&#8222;Auf den internetf\u00e4higen Fernseher im Wohnhaus von NRW-Umweltministerin Christina Schulze F\u00f6cking (CDU) hat es einen Hackerangriff gegeben. Auf dem heimischen Fernsehger\u00e4t der Ministerin wurde eine Aufnahme aus dem Landtag zu einer Fragestunde \u00fcber die tierschutzrechtlichen Verst\u00f6\u00dfe in der Schweinemast Schulze F\u00f6ckings gespielt. Das D\u00fcsseldorfer Landeskriminalamt (LKA) hat die Ermittlungen \u00fcbernommen und eine Kommission mit Experten aus dem Cybercrime-Kompetenzzentrum gebildet. Der nordrhein-westf\u00e4lische Staatsschutz ist ebenfalls eingeschaltet.&#8220;<\/span><\/p>\n<p>Mich verwundert es ja, dass unsere Qualit\u00e4tsjournaille noch nicht verk\u00fcndet hat, <a href='http:\/\/www.der-postillon.com\/2018\/03\/putin-salisbury.html' class='azc_bbc_url'>dass es Putin war<\/a> <img class='azc_bbc_image' src='https:\/\/www.rume.de\/smilies\/nasiehste.gif'  \/><\/p>\n<p>Aber hey: Internetf\u00e4higer Fernseher sagt ja schon alles. Das sind Ger\u00e4te, bei denen absichtliche Hintert\u00fcren eingebaut sind, um den Zuschauern gezielte Werbeclips unterzujubeln. Und zwar Werbung, die nicht etwa vom Sender stammt, <a href='https:\/\/blog.wdr.de\/digitalistan\/und-ploetzlich-zeigt-der-fernseher-werbung' class='azc_bbc_url'>sondern vom Fernsehhersteller<\/a>. Da sollte man froh sein, dass nicht noch eine Webcam eingebaut ist, die einem dann Videos vom Nasebohren pr\u00e4sentiert.<\/p>\n<p>Nat\u00fcrlich w\u00e4re es Aufgabe der Politik, solche Ger\u00e4te zu verbieten, die die Privatsph\u00e4re der Bev\u00f6lkerung aus niederen Motiven (n\u00e4mlich aus Profitgier) verletzen. Was nochmal genau macht Christina Schulze F\u00f6cking beruflich? Ach ja, Verbraucherschutzministerin. Hat also gute Arbeit geleistet <img class='azc_bbc_image' src='https:\/\/www.rume.de\/smilies\/sarkasm.gif'  \/><\/p>\n<p>Was genau will das LKA, das Cybercrime-Kompetenzzentrum und der NRW-Staatsschutz da noch ermitteln? Damit wir die Dummheit der CDU-Politikerin nochmal amtlich haben?<\/p>\n<p><a href='http:\/\/www.general-anzeiger-bonn.de\/bonn\/stadt-bonn\/Ulrich-Kelber-soll-oberster-Datensch%C3%BCtzer-im-Bund-werden-article3808690.html' class='azc_bbc_url'>Ulrich Kelber (SPD) soll oberster Datensch\u00fctzer im Bund werden<\/a><br \/>\nDa die CDU-Hinterb\u00e4nklerin Andrea Vo\u00dfhoff wohl <a href='http:\/\/www.faz.net\/aktuell\/feuilleton\/aus-dem-maschinenraum\/andrea-vosshoff-versagt-als-datenschutzbeauftragte-13269359.html' class='azc_bbc_url'>die Fehlbesetzung des Jahres<\/a> war, muss auf diesem Posten nat\u00fcrlich die n\u00e4chste Fehlbesetzung folgen. Andrea Vo\u00dfhoff hatte schliesslich der Vorratsdatenspeicherung zugestimmt &#8211; und Ulrich Kelber hat das nat\u00fcrlich ebenfalls. Nur dass Ulrich Kelber auch noch zus\u00e4tzlich das Internet-Zensurgesetz &#8222;NetzDG&#8220; von Heiko Maas ausgearbeitet hat und das &#8222;Recht auf Vergessenwerden&#8220; auf EU-Ebene einf\u00fchrte.<\/p>\n<p>Aber hey: Das muss diese SPD-Erneuerung sein, von der alle reden <img class='azc_bbc_image' src='https:\/\/www.rume.de\/smilies\/sarkasm.gif'  \/><\/p>\n<p><a href='http:\/\/www.wsws.org\/de\/articles\/2018\/03\/16\/maas-m16.html' class='azc_bbc_url'>Au\u00dfenminister Maas (SPD) droht Russland und verst\u00e4rkt Militarismus<\/a><br \/>\nDem Bericht ist NICHTS hinzuzuf\u00fcgen.<\/p>\n<p><a href='https:\/\/www.linksfraktion.de\/presse\/pressemitteilungen\/detail\/130-milliarden-euro-mehr-vor-allem-fuer-weltweite-bundeswehreinsaetze' class='azc_bbc_url'>DIE LINKE deckt auf: 130 Milliarden Euro mehr f\u00fcr weltweite Bundeswehreins\u00e4tze<\/a><br \/>\nDer Koalitionsvertrag enth\u00e4lt keinen konkreten Betrag zu den Mehrausgaben der Bundeswehr. In einer Antwort auf die Frage von Matthias H\u00f6hn, sicherheitspolitischer Sprecher der Fraktion DIE LINKE, wird die Bundesregierung konkreter. Auch die neue Bundesregierung bleibt bei der Planung der vorigen schwarz-roten Koalition, bis 2030 130 Milliarden Euro f\u00fcr Investitionen in neue Waffensysteme auch f\u00fcr Auslandseins\u00e4tze der Bundeswehr auszugeben. Dazu erkl\u00e4rt Matthias H\u00f6hn:<\/p>\n<span class='azc_bbc_italic'>&#8222;Wir halten diese Aufr\u00fcstungsspirale f\u00fcr ma\u00dflos. Deutschland wird nicht durch seine Nachbarn, sondern vor allem durch das soziale Auseinanderdriften der Gesellschaft bedroht. Schon seit 2014 ist der Verteidigungsetat um fast 20 Prozent gestiegen. Das Verteidigungsministerium w\u00e4chst sich zum Berliner Flughafen BER der schwarz-roten Koalition aus. Ursula von der Leyen braucht 130 Milliarden mehr bis 2030, um die Einsatzbereitschaft der Bundeswehr sicherzustellen, wie es hei\u00dft. Gemeint ist damit vor allem, die Bundeswehr auch k\u00fcnftig in weltweite Kriegseins\u00e4tze schicken zu k\u00f6nnen. Der neue Irak-Einsatz etwa soll allein von April bis Oktober 2018 fast 70 Millionen Euro kosten. Statt die Bundeswehr k\u00fcnftig nach Bagdad und zu NATO-Man\u00f6vern an die russische Grenze zu entsenden, will DIE LINKE die Soldaten aus den weltweiten Kriegseins\u00e4tzen nach Hause holen. Die Bundeswehr k\u00e4me mit deutlich weniger Geld aus, wenn sie sich wieder auf ihren grundgesetzlichen Auftrag konzentrierte: die Landesverteidigung. Die Bundesregierung sollte diese 130 Milliarden Euro bis 2030 zur Bek\u00e4mpfung von Kinder- und Altersarmut ausgeben. Dann m\u00fcsste in Deutschland niemand mehr zur Tafel gehen.&#8220;<\/span>\n<p><a href='https:\/\/netzpolitik.org\/2018\/vor-fussball-wm-deutschland-bereit-namen-aus-hooligan-datei-an-russland-zu-schicken' class='azc_bbc_url'>Fu\u00dfball-WM: Deutschland will Namen aus &#8222;Hooligan-Datei&#8220; an Russland schicken<\/a><br \/>\nBei der WM in Frankreich hat man dazu gar nicht erst eine grosse Meldung herausgegeben, sondern die Daten einfach an die Franzosen geschickt. Aber jetzt, wo diese Daten an die &#8222;b\u00f6sen Russen&#8220; gehen k\u00f6nnten, wird es zu einer Nachricht <img class='azc_bbc_image' src='https:\/\/www.rume.de\/smilies\/clown.gif'  \/><\/p>\n<p>Sehr sch\u00f6n auch das hier (Zitat): <span class='azc_bbc_italic'>&#8222;Monika Lazar, Abgeordnete der GR\u00dcNEN, warnt hingegen vor der &#8222;Datenweitergabe an ein autorit\u00e4res Regime&#8220;.&#8220;<\/span> <img class='azc_bbc_image' src='https:\/\/www.rume.de\/smilies\/laugh.gif'  \/> Als ob es die GR\u00dcNEN einen feuchten Kehrricht interessieren w\u00fcrde, wenn die Daten an die USA gingen, in denen NSA, Todesstrafe und Killerdrohnen an der Tagesordnung stehen. Derartiges Geheuchel kann man sich sonstwohin stecken.<\/p>\n<p>Zumal die GR\u00dcNE die &#8222;Hooligan-Datei&#8220; selbst gar nichts kritisiert, obwohl sie klar jenseits eines Rechtsstaates steht. Zitat: <span class='azc_bbc_italic'>&#8222;Viele Betroffene wissen nicht einmal, dass sie auf der Liste stehen: Nur in Rheinland-Pfalz und Bremen werden Leute benachrichtigt, wenn sie aufgenommen werden. Auch ist es ein steiniger und kostspieliger Weg, selbst einen ungerechtfertigten Eintrag auf der Liste l\u00f6schen zu lassen, sagt der Berliner Fananwalt Rene Lau auf Anfrage von netzpolitik.org. Denn daf\u00fcr m\u00fcsse gegen jene Polizeistelle geklagt werden, die den ungerechtfertigten Eintrag vorgenommen habe. Wenn es Eintragungen durch mehrere Polizeien gegeben hat, brauche es daher auch mehrere Klagen. Das sei besonders f\u00fcr junge, mittellose Fu\u00dfballfans schwierig, sagt Anwalt Lau. Denn bei Scheitern der Klage bleiben sie auf den Kosten sitzen.&#8220;<\/span><\/p>\n<p><a href='http:\/\/www.deutschlandfunk.de\/van-aken-zum-giftgas-streit-aussenpolitisches-gewinnspiel.694.de.html?dram:article_id=413110' class='azc_bbc_url'>Ex-UN Biowaffen-Experte Jan van Aken zum Fall Skripal<\/a><br \/>\nSehr sehr lesenswert f\u00fcr Interessierte <img class='azc_bbc_image' src='https:\/\/www.rume.de\/smilies\/verehr.gif'  \/><\/p>\n<p><a href='http:\/\/www.taz.de\/!5489419' class='azc_bbc_url'>Die Woche: Wie geht es uns, Herr K\u00fcppersbusch?<\/a><br \/>\nWieder ein paar nette Antworten dabei <img class='azc_bbc_image' src='https:\/\/www.rume.de\/smilies\/biggrin.gif'  \/><\/p>\n<p>Und zu guter Letzt:<\/p>\n<p><a href='http:\/\/www.harm-bengen.de\/toonpool\/2018%2003%2014%20Amtseid-FARBE.jpg' class='azc_bbc_url'>Merkels vierte Amtszeit<\/a><br \/>\n&#8230;.<\/p>\n","protected":false},"excerpt":{"rendered":"<p>\/ Bundessozialministerin Giffey (SPD): Lieber Arbeit f\u00f6rdern als Hartz-IV-S\u00e4tze erh\u00f6hen \/ 15 Jahre Agenda 2010: Wir gratulieren &#8211; nicht! \/ Hunderttausende haben in Deutschland keinen Zugang zu medizinischer Versorgung \/ Spahn: Es gibt keine Zwei-Klassen-Medizin \/ Nur 14 Prozent der \u00c4rzte erwarten Verbesserungen unter Jens Spahn \/ Apotheken warnen: Wenn lebenswichtige Medikamente knapp werden \/ &hellip; <a href=\"https:\/\/www.rume.de\/?p=534\" class=\"more-link\"><span class=\"screen-reader-text\">\u201eAufgelesen und kommentiert 2018-03-19\u201c <\/span>weiterlesen<\/a><\/p>\n","protected":false},"author":1,"featured_media":0,"comment_status":"open","ping_status":"closed","sticky":false,"template":"","format":"standard","meta":{"footnotes":""},"categories":[2],"tags":[],"class_list":["post-534","post","type-post","status-publish","format-standard","hentry","category-aufgelesen"],"_links":{"self":[{"href":"https:\/\/www.rume.de\/index.php?rest_route=\/wp\/v2\/posts\/534","targetHints":{"allow":["GET"]}}],"collection":[{"href":"https:\/\/www.rume.de\/index.php?rest_route=\/wp\/v2\/posts"}],"about":[{"href":"https:\/\/www.rume.de\/index.php?rest_route=\/wp\/v2\/types\/post"}],"author":[{"embeddable":true,"href":"https:\/\/www.rume.de\/index.php?rest_route=\/wp\/v2\/users\/1"}],"replies":[{"embeddable":true,"href":"https:\/\/www.rume.de\/index.php?rest_route=%2Fwp%2Fv2%2Fcomments&post=534"}],"version-history":[{"count":1,"href":"https:\/\/www.rume.de\/index.php?rest_route=\/wp\/v2\/posts\/534\/revisions"}],"predecessor-version":[{"id":535,"href":"https:\/\/www.rume.de\/index.php?rest_route=\/wp\/v2\/posts\/534\/revisions\/535"}],"wp:attachment":[{"href":"https:\/\/www.rume.de\/index.php?rest_route=%2Fwp%2Fv2%2Fmedia&parent=534"}],"wp:term":[{"taxonomy":"category","embeddable":true,"href":"https:\/\/www.rume.de\/index.php?rest_route=%2Fwp%2Fv2%2Fcategories&post=534"},{"taxonomy":"post_tag","embeddable":true,"href":"https:\/\/www.rume.de\/index.php?rest_route=%2Fwp%2Fv2%2Ftags&post=534"}],"curies":[{"name":"wp","href":"https:\/\/api.w.org\/{rel}","templated":true}]}}