{"id":530,"date":"2018-03-13T22:12:18","date_gmt":"2018-03-13T21:12:18","guid":{"rendered":"http:\/\/rume.katti.eu\/?p=530"},"modified":"2018-03-13T22:12:18","modified_gmt":"2018-03-13T21:12:18","slug":"aufgelesen-und-kommentiert-2018-03-13","status":"publish","type":"post","link":"https:\/\/www.rume.de\/?p=530","title":{"rendered":"Aufgelesen und kommentiert 2018-03-13"},"content":{"rendered":"<p>\/ DIHK: Fachkr\u00e4ftemangel bedroht unter anderem den Breitbandausbau<br \/>\n\/ Jens Spahn legt nach: &#8222;Von 416 Euro wird man locker satt&#8220;<br \/>\n\/ Groko ernennt neuen Ostbeauftragten<br \/>\n\/ Bis es quietscht &#8211; aber bei wem?<br \/>\n\/ Das rechte Programm der Gro\u00dfen Koalition<br \/>\n\/ Olaf Scholz (SPD): &#8222;Werden die Schwarze Null sichern&#8220;<br \/>\n\/ Afrin: Den Krieg in die Nato-L\u00e4nder tragen<br \/>\n\/ Mindestens 426 Fl\u00fcchtlinge sind bereits 2018 im Mittelmeer gestorben<br \/>\n\/ Blutsdeutscher 15-j\u00e4hriger ersticht 14-j\u00e4hrige &#8211; Wie bestialisch ist der Deutsche?<br \/>\n\/ Linke Sammlungsbewegung: Wagenknechts und Lafontaines Denkfehler<br \/>\n\/ Berlin: DIE LINKE will Metropolenbibliothek privatisieren<br \/>\n\/ Berliner Ex-Finanzsenator wird Staatssekret\u00e4r im Bundeswirtschaftsministerium<br \/>\n\/ Projekt &#8222;OpenSchufa&#8220;: Ein Interview mit dem Mitinitiator Lorenz Matzat<br \/>\n\/ Eon-RWE-Deal: 5000 Stellen sollen abgebaut werden<br \/>\n\/ EU-Kommission will Sprit-Verbrauch auf der Stra\u00dfe messen<br \/>\n\/ Jahresbilanz von VW zeigt: Geld f\u00fcr Dieselnachr\u00fcstungen ist da<br \/>\n\/ Propaganda des Tages: Anti-Putin-Berichte in FAZ und ARTE<br \/>\n\/ Abgasskandal: VW hat gelernt<\/p>\n<p>&#8212;<\/p>\n<p><!--more--><\/p>\n<p><a href='https:\/\/www.heise.de\/newsticker\/meldung\/DIHK-Fachkraeftemangel-bedroht-unter-anderem-den-Breitbandausbau-3992739.html' class='azc_bbc_url'>DIHK: Fachkr\u00e4ftemangel bedroht unter anderem den Breitbandausbau<\/a><br \/>\nJawoll, unsere t\u00e4gliche Fachkr\u00e4ftemangel-Propaganda mal wieder <img class='azc_bbc_image' src='https:\/\/www.rume.de\/smilies\/laugh.gif'  \/><\/p>\n<p>Zitat: <span class='azc_bbc_italic'>&#8222;Insgesamt gebe es zu wenig Fachkr\u00e4fte am Bau, in der Logistik, in der Pflege oder im Gastgewerbe&#8220;<\/span>, sagte Achim Dercks, stellvertretender Hauptgesch\u00e4ftsf\u00fchrer des Deutschen Industrie- und Handelskammertags. <span class='azc_bbc_italic'>&#8222;Ein Grund sei die demografische Entwicklung.&#8220;<\/span><\/p>\n<p>\u00c4h Nein, das ist garantiert NICHT der Grund! <img class='azc_bbc_image' src='https:\/\/www.rume.de\/smilies\/laugh.gif'  \/><\/p>\n<p>Baubranche, Logistik, Pflege und Gastgewerbe, also Hotels und Restaurants, haben &#8222;Fachkr\u00e4ftemangel&#8220;? Ja woher k\u00f6nnte das wohl kommen?<\/p>\n<p>&#8211; Miese Bezahlung?<br \/>\n&#8211; Miese Arbeitszeiten?<br \/>\n&#8211; Miese Arbeitsbedingungen?<\/p>\n<p>Oder sogar alle drei Probleme zusammen? <img class='azc_bbc_image' src='https:\/\/www.rume.de\/smilies\/sarkasm.gif'  \/><\/p>\n<p>Warum blicken die Leute auf z.B. Steuerberater, Anw\u00e4lte und Banker hoch? Weil sie ein schickes grosses Haus, zwei neue Audis und j\u00e4hrlich eine Urlaubsreise machen! Wovon k\u00f6nnen die sich das leisten? Von ihrem Einkommen! Also bedeutet hohes Einkommen = hohes Ansehen. Punkt. Und ich hab noch nie davon geh\u00f6rt, dass es einen Fachkr\u00e4ftemangel bei Anw\u00e4lten, Bankern oder Steuerberatern gibt.<\/p>\n<p>W\u00fcrden Menschen, die JEDER in unserer Gesellschaft WIRKLICH braucht, auch dementsprechend bezahlt, welches Ansehen h\u00e4tten dann wohl die Menschen im Pflege- und Krankenbereich? Den Schulen? Den Kinderg\u00e4rten und Kitas? Den Krankenh\u00e4usern und Entbindungsstationen? Doch was haben wir stattdessen? Im Vergleich zum Nutzen f\u00fcr unsere Gesellschaft v\u00f6llig \u00fcberbezahlte Menschen, die sich um nichts anderes als ums Geld k\u00fcmmern.<\/p>\n<p>Kapitalismus ist das \u00fcbelste System, welches eine Gesellschaft betreiben kann. Eben weil es Geld \u00fcber ALLES stellt. Aber \u00fcber den Kapitalismus hinweg zu denken? Unm\u00f6glich! Was sagt dieser Befund \u00fcber die Intelligenz der Bev\u00f6lkerung aus?<\/p>\n<p><a href='http:\/\/www.der-postillon.com\/2018\/03\/spahn-IV.html' class='azc_bbc_url'>Jens Spahn legt nach: &#8222;Von 416 Euro wird man locker satt&#8220;<\/a><br \/>\nF\u00fcr seine \u00c4u\u00dferungen \u00fcber Armut in Deutschland wurde Jens Spahn heftig kritisiert &#8211; jetzt hat der k\u00fcnftige Gesundheitsminister in einem Berliner Restaurant den Beweis geliefert, dass eine Person von einem Hartz-IV-Regelsatz f\u00fcr Alleinstehende sehr wohl ohne Probleme satt werden kann. Der CDU-Politiker hofft, seine Kritiker damit endlich zum Schweigen gebracht zu haben.<\/p>\n<p><span class='azc_bbc_italic'>&#8222;Sehen Sie? 293,11 Euro, dazu 36,89 Euro Trinkgeld: Macht 330 Euro. Da bleiben mir sogar noch 86 Euro \u00fcbrig von meinem 416-Euro-Regelsatz.&#8220;<\/span> Warum einige Hartz-IV-Empf\u00e4nger zum Essen statt Nobelrestaurants <a href='https:\/\/www.stuttmann-karikaturen.de\/karikaturen\/2018\/schnorrer_kol.jpg' class='azc_bbc_url'>lieber heruntergekommene Tafeln aufsuchen<\/a>, kann Spahn nach seinem Experiment nicht nachvollziehen.<\/p>\n<p><a href='http:\/\/www.google.de\/search?q=ostbeauftragter&#038;hl=de&#038;tbm=nws' class='azc_bbc_url'>Groko ernennt neuen Ostbeauftragten<\/a><br \/>\nKennt ihr Christoph Bergner? Oder Iris Gleicke? Das waren die vorherigen zwei Ostbeauftragten der Groko, die derart erfolgreich f\u00fcr die Angleichung der Lebensverh\u00e4ltnisse von Ost- und Westdeutschland sorgten, dass nun Pegida und AfD den Osten beherrschen. Und da auch im neuen Groko-Vertrag der weitere Sozialabbau beschlossen wurde (das Geld wird stattdessen f\u00fcr Auslandskriege veruntreut), braucht man sich den neuen Hampel namens Christian Hirte auch gar nicht erst einpr\u00e4gen.<\/p>\n<p>Zumal sich dieser Christian Hirte als allererste Amtshandlung gleich mal <a href='https:\/\/www.merkur.de\/politik\/neuer-ostbeauftragter-stuetzt-spahn-gruene-fordern-hartz-iv-ende-zr-9688950.html' class='azc_bbc_url'>hinter den Sozialrassisten Jens Spahn stellt<\/a>. Zitat: <span class='azc_bbc_italic'>&#8222;Jens Spahn hat recht, dass wir versuchen mit Hartz IV daf\u00fcr zu sorgen, dass keiner v\u00f6llig durchs Raster f\u00e4llt. Er sehe das Problem nicht allein bei Hartz-IV-Empf\u00e4ngern, sondern bei Geringverdienern. Wichtig sei, dass derjenige, der arbeitet, tats\u00e4chlich mehr hat als derjenige, der nicht arbeitet.&#8220;<\/span><\/p>\n<p>Was \u00fcbrigens einfach zu l\u00f6sen w\u00e4re:<\/p>\n<p>&#8211; Alle Sanktionen abschaffen, damit &#8222;keiner durchs Raster f\u00e4llt&#8220;<br \/>\n&#8211; Mindestlohn auf 12,50 Euro hoch<br \/>\n&#8211; Mindestrente auf 1050 Euro hoch<br \/>\n&#8211; Regelsatz auf 600 Euro hoch<\/p>\n<p>Und schon m\u00fcsste niemand mehr f\u00fcr einen Hungerlohn arbeiten, sondern <span class='azc_bbc_italic'>&#8222;derjenige, der arbeitet, h\u00e4tte tats\u00e4chlich mehr als derjenige, der nicht arbeitet.&#8220;<\/span> Daf\u00fcr braucht es aber keine CDU-Dummschw\u00e4tzer wie Christian Hirte oder Jens Spahn. Solche Pl\u00e4ne liegen bereits fertig in der Schublade und warten auf die Umsetzung. Das einzige, was fehlt, <a href='https:\/\/www.linksfraktion.de\/themen\/a-z\/detailansicht\/hartz-iv' class='azc_bbc_url'>sind die W\u00e4hler<\/a>.<\/p>\n<p><a href='http:\/\/www.ossietzky.net\/4-2018&#038;textfile=4267' class='azc_bbc_url'>Bis es quietscht &#8211; aber bei wem?<\/a><br \/>\nDer Groko-Vertrag aus der Sicht eines einfachen Arbeiters betrachtet.<\/p>\n<p><a href='http:\/\/www.wsws.org\/de\/articles\/2018\/03\/13\/grok-m13.html' class='azc_bbc_url'>Das rechte Programm der Gro\u00dfen Koalition<\/a><br \/>\nL E S E B E F E H L !!<\/p>\n<p><a href='http:\/\/www.tagesschau.de\/inland\/scholztt-101.html' class='azc_bbc_url'>Olaf Scholz (SPD): &#8222;Werden die Schwarze Null sichern&#8220;<\/a><br \/>\nDer designierte Finanzminister Olaf Scholz (SPD) will auch in der k\u00fcnftigen Legislaturperiode an der &#8222;schwarzen Null&#8220; festhalten. <span class='azc_bbc_italic'>&#8222;Ja, wir wollen die schwarze Null sichern&#8220;<\/span>, sagte Scholz im tagesthemen-Interview. Angesprochen auf das Zwei-Prozent-Ziel der NATO und den damit verbundenen h\u00f6heren Milit\u00e4rkosten erg\u00e4nzt er: <span class='azc_bbc_italic'>&#8222;Das werden wir nat\u00fcrlich beim Sozialen wieder einsparen m\u00fcssen.&#8220;<\/span><\/p>\n<p>Seht ihr: Das muss diese SPD-Erneuerung sein, von der so viel geredet wird <img class='azc_bbc_image' src='https:\/\/www.rume.de\/smilies\/sarkasm.gif'  \/><\/p>\n<p><a href='https:\/\/www.heise.de\/tp\/features\/Afrin-Den-Krieg-in-die-Nato-Laender-tragen-3991781.html?seite=all' class='azc_bbc_url'>Afrin: Den Krieg in die Nato-L\u00e4nder tragen<\/a><br \/>\nTELEPOLIS zitiert die in mehreren Sprachen verfasste Gegenwehr: <span class='azc_bbc_italic'>&#8222;Erm\u00f6glicht wird der Angriff auf Afrin durch den massiven Einsatz modernster NATO-Technologie wie Kampfjets, Artillerie, Panzern und Drohnen. Der faschistisch-islamistische Angriffskrieg gegen Afrin ist nicht nur der Versuch Erdogans die kurdische Freiheitsbewegung zu zerst\u00f6ren; w\u00e4hrend Russland der t\u00fcrkischen Luftwaffe die T\u00fcr \u00f6ffnet und das syrische Assad-Regime de facto unt\u00e4tig zuschaut, unterst\u00fctzt die NATO diesen Krieg aktiv mit nachrichtendienstlichen Informationen, milit\u00e4rischer Technologie, Waffen und Munition aus westlichen Fabriken.<\/p>\n<p>Wir werden die Kosten f\u00fcr diejenigen, die von diesem Krieg profitieren hochtreiben. Wir werden diejenigen zur Verantwortung ziehen, die den Mord an Zivilist*innen guthei\u00dfen und als vermeintlichen &#8222;Krieg gegen den Terror&#8220; legitimieren. Und wir werden die bet\u00e4ubte europ\u00e4ische \u00d6ffentlichkeit aufhorchen lassen, unsere Gesellschaften daran erinnern das wir alle eine Verantwortung f\u00fcr tragen, was die Regierungen in unserem Namen geschehen lassen.&#8220;<\/span><\/p>\n<p>Tja Leute: Lasst uns noch mehr Soldaten in alle Welt schicken und morden. Das bringt bestimmt ganz viel Frieden <img class='azc_bbc_image' src='https:\/\/www.rume.de\/smilies\/sarkasm.gif'  \/><\/p>\n<p><a href='https:\/\/www.neues-deutschland.de\/artikel\/1082201.html' class='azc_bbc_url'>Mindestens 426 Fl\u00fcchtlinge sind bereits 2018 im Mittelmeer gestorben<\/a><br \/>\nNur weil die Qualit\u00e4tsmedien nicht mehr dar\u00fcber berichten, heisst das nat\u00fcrlich nicht, dass das Ermorden im Mittelmeer nicht mehr passiert.<\/p>\n<p>Sagte ich Ermorden? Nat\u00fcrlich! Denn die EU k\u00f6nnte ja auch sichere Fluchtkorridore freihalten, statt mit Milliardenaufwand die Grenzen milit\u00e4risch abzuriegeln. Schlimmer noch: Aufgrund der Zusammenarbeit der EU mit den libyschen Milizen, die die Fl\u00fcchtlinge anschliessend in (Zitat Ausw\u00e4rtiges Amt) &#8222;Konzentrationslager&#8220; sperren, ist die Flucht noch t\u00f6dlicher geworden. Zitat: <span class='azc_bbc_italic'>&#8222;Weil die libysche K\u00fcstenwache immer h\u00e4ufiger Menschen zur\u00fcck nach Libyen bringt, versuchen die Fl\u00fcchtenden, der K\u00fcstenwache zu entgehen: Die Schlepper schicken die Passagiere \u00f6fter bei hohem Seegang auf den Weg, weil der Radar hohe Wellen und Gummiboote nicht unterscheiden kann.&#8220;<\/span><\/p>\n<p>Fassen wir also zusammen: Nichts anderes als der tausendfache Tod von Menschen wird von der EU lachend in Kauf genommen. Welch ein Vorbild an Freiheit und Menschenrechten. So etwas wie die EU h\u00e4tte einen Friedensnobelpreis verdient &#8211; wenn sie ihn <a href='https:\/\/www.medico.de\/die-eu-ist-kein-wuerdiger-preistraeger-fuer-den-friedensnobelpreis-14489' class='azc_bbc_url'>nicht schon h\u00e4tte<\/a> <img class='azc_bbc_image' src='https:\/\/www.rume.de\/smilies\/sarkasm.gif'  \/><\/p>\n<p><a href='http:\/\/internetz-zeitung.eu\/index.php\/4700-blutsdeutscher-15-j%C3%A4hriger-ersticht-14-j%C3%A4hrige-wie-bestialisch-ist-der-deutsche' class='azc_bbc_url'>Blutsdeutscher 15-j\u00e4hriger ersticht 14-j\u00e4hrige &#8211; Wie bestialisch ist der Deutsche?<\/a><br \/>\nGerne h\u00e4tten pro-rassistische Medien wie BILD, ZDF und RTL eine T\u00e4ter mit Migrationshintergrund pr\u00e4sentiert als bekannt wurde, dass ein 15-J\u00e4hriger eine 14-J\u00e4hrige im Lande erstochen hatte. Doch die m\u00f6gliche Hetzkampagne gegen Fl\u00fcchtlinge bekam einen herben D\u00e4mpfer &#8211; denn der T\u00e4ter ist ein Deutscher.<\/p>\n<span class='azc_bbc_italic'>&#8222;Der Teenager, den die Polizei am Sonntag festgenommen hatte, habe die Tat bereits gestanden. Es sei Haftbefehl wegen Totschlags beantragt worden. Wegen Terror wurde keine Anklage erhoben.&#8220;<\/span>\n<p>Seht ihr: Wenn ein Blutsdeutscher einen Mord ver\u00fcbt, ist es nur eine individuelle und\/oder psychisch motivierte Gewalttat. Ist der T\u00e4ter allerdings Muslim, so ist es per se islamistischer Terror. Auch so erkennt man Rassismus, der sich hinter der angeblichen &#8222;Islamkritik&#8220; versteckt.<\/p>\n<p>In Berlin gab es 2017 \u00fcbrigens genau 91 F\u00e4lle von Mord und Totschlag <a href='https:\/\/www.berlin.de\/polizei\/_assets\/verschiedenes\/pks\/pks_kurzueberblick.pdf' class='azc_bbc_url'>(siehe PDF der Polizei)<\/a>. 80 F\u00e4lle davon wurden aufgekl\u00e4rt, sieben dieser Taten wurden von Zuwanderern begangen. In unsere Qualit\u00e4tsmedien schafften es f\u00fcnf dieser F\u00e4lle &#8211; allesamt die der Zuwanderer, aber keine einzige der deutschen T\u00e4ter.<\/p>\n<p><a href='http:\/\/www.ossietzky.net\/4-2018&#038;textfile=4271' class='azc_bbc_url'>Linke Sammlungsbewegung: Wagenknechts und Lafontaines Denkfehler<\/a><br \/>\nEtwas Lesestoff f\u00fcr diejenigen, die es interessieren k\u00f6nnte. Und auch Lucy Redler hat <a href='http:\/\/www.antikapitalistische-linke.de\/?p=2399' class='azc_bbc_url'>hier (klick) einige gute Kritikpunkte<\/a> aufgelistet.<\/p>\n<p><a href='https:\/\/www.gemeingut.org\/die-privatisierung-einer-metropolenbibliothek' class='azc_bbc_url'>Berlin: DIE LINKE will Metropolenbibliothek privatisieren<\/a><br \/>\n<a href='https:\/\/www.gemeingut.org\/oeffentliche-bibliotheken-im-ausverkauf' class='azc_bbc_url'>\u00d6ffentliche Bibliotheken im Ausverkauf<\/a><br \/>\nW\u00e4hrend DIE LINKE auf Bundesebene noch gegen Privatisierungen herummeckert, macht DIE LINKE in Berlin gl\u00e4nzende Gesch\u00e4fte mit profitinteressierten Konzernen, an die sie die gr\u00f6sste \u00f6ffentliche Bibliothek Deutschlands verscherbeln wollen.<\/p>\n<p>Glaubw\u00fcrdigkeit hat einen Namen <img class='azc_bbc_image' src='https:\/\/www.rume.de\/smilies\/sarkasm.gif'  \/><\/p>\n<p>Dazu passt auch:<\/p>\n<p><a href='https:\/\/www.tagesspiegel.de\/berlin\/ehemaliger-berliner-finanzsenator-ulrich-nussbaum-wird-staatssekretaer-im-bundeswirtschaftsministerium\/21060824.html' class='azc_bbc_url'>Berliner Ex-Finanzsenator wird Staatssekret\u00e4r im Bundeswirtschaftsministerium<\/a><br \/>\nDer Tagesspiegel berichtet: <span class='azc_bbc_italic'>&#8222;Ulrich Nu\u00dfbaum (SPD) war von 2009 bis 2014 Finanzsenator in Berlin. Nun holt ihn Peter Altmaier (CDU) in sein Ministerium. Sein Fachwissen, auch unter einer linken Landesregierung zahlreiche Privatisierungsprojekte durchzusetzen, soll den Ausschlag gegeben haben.&#8220;<\/span><\/p>\n<p><a href='https:\/\/netzpolitik.org\/2018\/openschufa-mehr-als-15-000-auskunftsanfragen-in-einem-monat' class='azc_bbc_url'>Projekt &#8222;OpenSchufa&#8220;: Ein Interview mit dem Mitinitiator Lorenz Matzat<\/a><br \/>\nIch hatte das gut gemeinte &#8222;OpenSchufa&#8220; Projekt damals nicht verlinkt, weil auch die Datenkrake der Bertelsmann-Stiftung involviert ist. Im Interview bezieht er Stellung dazu und gibt den aktuellen Stand der Dinge bekannt.<\/p>\n<p><a href='https:\/\/www.heise.de\/newsticker\/meldung\/Eon-und-RWE-teilen-Geschaefte-auf-5000-Stellen-sollen-abgebaut-werden-3993124.html' class='azc_bbc_url'>Eon-RWE-Deal: 5000 Stellen sollen abgebaut werden<\/a><br \/>\nAber hey: Daf\u00fcr <span class='azc_bbc_italic'>&#8222;k\u00f6nnte&#8220;<\/span> ja demn\u00e4chst der Strompreis sinken, wie <a href='http:\/\/www.spiegel.de\/wirtschaft\/unternehmen\/rwe-und-e-on-innogy-deal-koennte-zu-sinkenden-strompreisen-fuehren-a-1197590.html' class='azc_bbc_url'>das ehemalige Nachrichtenmagazin<\/a> jubelt <img class='azc_bbc_image' src='https:\/\/www.rume.de\/smilies\/laugh.gif'  \/><\/p>\n<p><a href='http:\/\/www.sueddeutsche.de\/wirtschaft\/kampf-gegen-manipulationen-eu-kommission-will-sprit-verbrauch-auf-der-strasse-messen-1.3901058' class='azc_bbc_url'>EU-Kommission will Sprit-Verbrauch auf der Stra\u00dfe messen<\/a><br \/>\nDie S\u00fcddeutsche berichtet: <span class='azc_bbc_italic'>&#8222;Die EU-Kommission will nun Messungen an Bord der Fahrzeuge durchf\u00fchren lassen. Ziel ist es, die bisher oft bestehende Diskrepanz zwischen den im Labor gemessenen und den tats\u00e4chlichen Verbrauchswerten zu verringern. Laut der Umweltorganisation ICCT verbrauchen Neuwagen im Durchschnitt fast die H\u00e4lfte mehr als vom Hersteller angegeben.&#8220;<\/span><\/p>\n<p>Muss man sich Sorgen um die EU machen? Wie kommen die denn pl\u00f6tzlich auf die dumme Idee, Vorschriften anhand der Realit\u00e4t &#8211; und nicht etwa nach Vorgabe finanzstarker Lobbytruppen einzufordern?<\/p>\n<p>Aber das Erstaunen kann man dann auch direkt wieder einpacken, wenn man die n\u00e4chsten Zeilen liest (Zitat): <span class='azc_bbc_italic'>&#8222;Der franz\u00f6sische Vorschlag werde von den Niederlanden, D\u00e4nemark, Belgien, Schweden, Slowenien und Irland gest\u00fctzt. Die deutsche Regierung, die sich zuletzt immer wieder gegen eine Einmischung aus Br\u00fcssel bei Kontrollen gewehrt hatte, hat sich noch nicht positioniert.&#8220;<\/span><\/p>\n<p>Hehe, klar: Union und SPD warten noch auf die Anweisungen der Automanager nebst beigelegten schwarzen Koffern.<\/p>\n<p><a href='https:\/\/www.linksfraktion.de\/presse\/pressemitteilungen\/detail\/jahresbilanz-von-vw-zeigt-geld-fuer-dieselnachruestungen-ist-da' class='azc_bbc_url'>Jahresbilanz von VW zeigt: Geld f\u00fcr Dieselnachr\u00fcstungen ist da<\/a><br \/>\n<span class='azc_bbc_italic'>&#8222;Autokonzerne, die bewusst manipuliert und betrogen haben, m\u00fcssen endlich zur Verantwortung gezogen werden, statt die B\u00fcrgerinnen und B\u00fcrger die Zeche zahlen zu lassen. Eine Hardware-Nachr\u00fcstung auf Kosten der Autokonzerne ist die einzige M\u00f6glichkeit, die Emissionen von Dieselfahrzeugen auf das n\u00f6tige Ma\u00df zu reduzieren. Die Jahresbilanz von VW zeigt, das Geld daf\u00fcr ist da. F\u00fcr DIE LINKE ist klar: F\u00fcr reine Luft und Fahrverbote muss zahlen, wer das Desaster zu verantworten hat.&#8220;<\/span><\/p>\n<p><a href='https:\/\/blog.fdik.org\/2018-03\/s1520963562' class='azc_bbc_url'>Propaganda des Tages: Anti-Putin-Berichte in FAZ und ARTE<\/a><br \/>\nLang und breit zitiert wird dabei der Liebling unserer Qualit\u00e4tsjournaille: <a href='http:\/\/www.ag-friedensforschung.de\/regionen\/Russland\/nawalny.html' class='azc_bbc_url'>Der russische Rechtsextreme Alexej Nawalny<\/a>. Komisch eigentlich, warum unsere \u00d6ffentlich-Rechten noch keine Feiersendung mit Gauland, H\u00f6cke oder Poggenburg ausgestrahlt haben. Oder w\u00e4re das dann doch ZU offensichtliche Rechtspropaganda?<\/p>\n<p>Und zu guter Letzt:<\/p>\n<p><a href='http:\/\/www.harm-bengen.de\/toonpool\/2018%2003%2013%20Gewinn_trotz_Betrug-FARBE.jpg' class='azc_bbc_url'>Abgasskandal: VW hat gelernt<\/a><br \/>\n<img class='azc_bbc_image' src='https:\/\/www.rume.de\/smilies\/nasiehste.gif'  \/><\/p>\n","protected":false},"excerpt":{"rendered":"<p>\/ DIHK: Fachkr\u00e4ftemangel bedroht unter anderem den Breitbandausbau \/ Jens Spahn legt nach: &#8222;Von 416 Euro wird man locker satt&#8220; \/ Groko ernennt neuen Ostbeauftragten \/ Bis es quietscht &#8211; aber bei wem? \/ Das rechte Programm der Gro\u00dfen Koalition \/ Olaf Scholz (SPD): &#8222;Werden die Schwarze Null sichern&#8220; \/ Afrin: Den Krieg in die &hellip; <a href=\"https:\/\/www.rume.de\/?p=530\" class=\"more-link\"><span class=\"screen-reader-text\">\u201eAufgelesen und kommentiert 2018-03-13\u201c <\/span>weiterlesen<\/a><\/p>\n","protected":false},"author":1,"featured_media":0,"comment_status":"open","ping_status":"closed","sticky":false,"template":"","format":"standard","meta":{"footnotes":""},"categories":[2],"tags":[],"class_list":["post-530","post","type-post","status-publish","format-standard","hentry","category-aufgelesen"],"_links":{"self":[{"href":"https:\/\/www.rume.de\/index.php?rest_route=\/wp\/v2\/posts\/530","targetHints":{"allow":["GET"]}}],"collection":[{"href":"https:\/\/www.rume.de\/index.php?rest_route=\/wp\/v2\/posts"}],"about":[{"href":"https:\/\/www.rume.de\/index.php?rest_route=\/wp\/v2\/types\/post"}],"author":[{"embeddable":true,"href":"https:\/\/www.rume.de\/index.php?rest_route=\/wp\/v2\/users\/1"}],"replies":[{"embeddable":true,"href":"https:\/\/www.rume.de\/index.php?rest_route=%2Fwp%2Fv2%2Fcomments&post=530"}],"version-history":[{"count":1,"href":"https:\/\/www.rume.de\/index.php?rest_route=\/wp\/v2\/posts\/530\/revisions"}],"predecessor-version":[{"id":531,"href":"https:\/\/www.rume.de\/index.php?rest_route=\/wp\/v2\/posts\/530\/revisions\/531"}],"wp:attachment":[{"href":"https:\/\/www.rume.de\/index.php?rest_route=%2Fwp%2Fv2%2Fmedia&parent=530"}],"wp:term":[{"taxonomy":"category","embeddable":true,"href":"https:\/\/www.rume.de\/index.php?rest_route=%2Fwp%2Fv2%2Fcategories&post=530"},{"taxonomy":"post_tag","embeddable":true,"href":"https:\/\/www.rume.de\/index.php?rest_route=%2Fwp%2Fv2%2Ftags&post=530"}],"curies":[{"name":"wp","href":"https:\/\/api.w.org\/{rel}","templated":true}]}}