{"id":528,"date":"2018-03-12T21:10:53","date_gmt":"2018-03-12T20:10:53","guid":{"rendered":"http:\/\/rume.katti.eu\/?p=528"},"modified":"2018-03-12T21:10:53","modified_gmt":"2018-03-12T20:10:53","slug":"aufgelesen-und-kommentiert-2018-03-12","status":"publish","type":"post","link":"https:\/\/www.rume.de\/?p=528","title":{"rendered":"Aufgelesen und kommentiert 2018-03-12"},"content":{"rendered":"<p>\/ Sarrazin des Tages: Jens Spahn<br \/>\n\/ Die neuen Minister der SPD<br \/>\n\/ RWE\/Eon-Deal: Energiekonzerne kapern die Energiewende<br \/>\n\/ Groko will Kinderarmut bek\u00e4mpfen<br \/>\n\/ Europarat: Regierungen sind zur Meinungsfreiheit im Netz verpflichtet<br \/>\n\/ Horst Seehofer k\u00fcndigt \u00dcberwachung, Polizeistaat und Massendeportationen an<br \/>\n\/ Bayerische Asylpolitik: Tod nach Abschiebung<br \/>\n\/ BKA: Wachsende Gefahr der Terror-Nachwuchsgewinnung im Netz<br \/>\n\/ FBI verhaftet Mann, der BlackBerrys f\u00fcr Kriminelle modifizierte<br \/>\n\/ Gesetzliche Stickoxid-Grenzwerte sind zu hoch<br \/>\n\/ Passende Dieselforschungsergebnisse gibt es in Deutschland auf Bestellung<br \/>\n\/ Alles andere als Normalit\u00e4t: Fukushima sieben Jahre nach der Atomkatastrophe<br \/>\n\/ Mann mit 15.311 Euro im Monat wei\u00df, dass Hartz-IV-Empf\u00e4nger nicht hungern m\u00fcssen<\/p>\n<p>&#8212;<\/p>\n<p><!--more--><\/p>\n<p><a href='https:\/\/www.jungewelt.de\/artikel\/328828.sarrazin-des-tages-jens-spahn.html' class='azc_bbc_url'>Sarrazin des Tages: Jens Spahn<\/a><br \/>\n<span class='azc_bbc_italic'>&#8222;Auf der Rechtsabbiegerspur der Unionsparteien ist es mittlerweile so voll, dass es zu Auffahrunf\u00e4llen kommt. Kaum hatte Jens Spahn (CDU) in einem Interview f\u00fcr die Zeitungen der Funke-Gruppe am Sonnabend mit einem Rundumschlag gegen Arme und Fl\u00fcchtlinge ordentlich beschleunigt &#8211; da kam schon Horst Seehofer (CSU) herangerauscht, um ihn in &#8222;Bild am Sonntag&#8220; mit seinem &#8222;Masterplan f\u00fcr Abschiebungen&#8220; rechts zu \u00fcberholen. Wer so viel Blech redet, braucht f\u00fcr den Schaden nicht zu sorgen.<\/p>\n<p>Die Emp\u00f6rung, die einem Jens Spahn in &#8222;sozialen Netzwerken&#8220; entgegenschl\u00e4gt, ist ebenso wohlfeil wie nutzlos, da bei solchen Vorst\u00f6\u00dfen eingepreist. Der Mann wei\u00df, was er tut. Schon 2012 wurde der M\u00fcnsterl\u00e4nder unter die &#8222;European Young Leaders&#8220; gew\u00e4hlt. Er absolvierte das gleichnamige Programm des mit dem Netzwerk &#8222;Atlantikbr\u00fccke&#8220; verbundenen &#8222;American Council on Germany&#8220; f\u00fcr aufstrebende F\u00fchrungskr\u00e4fte. Mit der Pharmaindustrie ist er bestens verdrahtet. <a href='http:\/\/www.titanic-magazin.de\/fileadmin\/content\/Gesundheitslurch.jpg' class='azc_bbc_url'>Das Kapital liebt Jens Spahn<\/a> und hat ihn sorgsam auf seine Aufgabe vorbereitet: die CDU auf den rechten Weg zu f\u00fchren.&#8220;<\/span><\/p>\n<p>Und wer sich f\u00fcr die Rechtsabbieger der SPD interessiert:<\/p>\n<p><a href='http:\/\/www.wsws.org\/de\/articles\/2018\/03\/10\/regi-m09.html' class='azc_bbc_url'>Die neuen Minister der SPD<\/a><br \/>\nEin paar Portr\u00e4ts der SPD-Erneuerung <img class='azc_bbc_image' src='https:\/\/www.rume.de\/smilies\/sarkasm.gif'  \/><\/p>\n<p><a href='https:\/\/www.linksfraktion.de\/presse\/pressemitteilungen\/detail\/die-energiekonzerne-machen-sich-daran-die-energiewende-zu-kapern' class='azc_bbc_url'>RWE\/Eon-Deal: Energiekonzerne kapern die Energiewende<\/a><br \/>\n<span class='azc_bbc_italic'>&#8222;Das geplante Tauschgesch\u00e4ft von RWE und Eon f\u00fchrt zwangsl\u00e4ufig zu einer Machtkonzentration in den Bereichen Energieerzeugung und Netze. Zu glauben, dass diese Aufteilung der M\u00e4rkte die Strompreise senken wird, ist naiv, denn die Stromkonzerne geben auch die gesunkenen B\u00f6rsenstrompreise seit Jahren nicht an die Privathaushalte weiter.&#8220;<\/span><\/p>\n<p>Hehe, da hat jemand den Kapitalismus verstanden <img class='azc_bbc_image' src='https:\/\/www.rume.de\/smilies\/nasiehste.gif'  \/><\/p>\n<p><a href='https:\/\/www.eine-zeitung.net\/2018\/03\/12\/groko-beschliesst-volljaehrigkeit-mit-sechs-jahren-um-kinderarmut-effektiver-bekaempfen-zu-koennen' class='azc_bbc_url'>Groko will Kinderarmut bek\u00e4mpfen<\/a><br \/>\nDerzeit gelten rund 3,5 Millionen Kinder in Deutschland als arm. <span class='azc_bbc_italic'>&#8222;Das ist ein Problem, das wir dringend in den Griff bekommen m\u00fcssen&#8220;<\/span>, so Kanzlerin Angela Merkel heute Vormittag in Berlin. Aus diesem Grunde habe man sich diesen Punkt im neuen Koalitionsvertrag rot markiert und werde sich dieses Themas als erstes vornehmen.<\/p>\n<p><span class='azc_bbc_italic'>&#8222;Gemeinsam mit der SPD haben wir zudem beschlossen, dass wir die Vollj\u00e4hrigkeit auf sechs Jahre herabsenken werden. Damit k\u00f6nnen wir die Anzahl der in Armut lebenden Kinder bereits auf Anhieb um mehr als die H\u00e4lfte reduzieren.&#8220;<\/span> Merkel \u00e4u\u00dferte sich gl\u00fccklich dar\u00fcber, damit ein Thema abhaken zu k\u00f6nnen, das seit Jahren immer wieder f\u00fcr Diskussionen sorgt. <span class='azc_bbc_italic'>&#8222;Nat\u00fcrlich steigt damit die Zahl der erwachsenen Armen ab sechs, aber zumindest die Kinderarmut k\u00f6nnen wir dar\u00fcber wirksam eind\u00e4mmen.&#8220;<\/span><\/p>\n<p><a href='https:\/\/deutsch.rt.com\/newsticker\/66399-auch-wenn-es-mal-schockiert-netz-meinungsfreiheit-europarat' class='azc_bbc_url'>Europarat: Regierungen sind zur Meinungsfreiheit im Netz verpflichtet<\/a><br \/>\nZitat: <span class='azc_bbc_italic'>&#8222;Der Ministerrat des Europarats betonte, dass Staaten dazu verpflichtet seien, ihren B\u00fcrgern zu erm\u00f6glichen, ihre Meinung &#8222;in \u00f6ffentlichen Debatten ohne Furcht&#8220; zu \u00e4u\u00dfern &#8211; auch wenn sie damit Teile der Bev\u00f6lkerung oder staatliche Akteure &#8222;angreifen, schockieren oder st\u00f6ren&#8220;. Grundrechte d\u00fcrften nur auf der Basis klarer Rechtsgrundlagen eingeschr\u00e4nkt werden und Staaten somit Internetdienste nicht als Hilfssheriffs nutzen.&#8220;<\/span><\/p>\n<p>Hui, wird <a href='https:\/\/www.rubikon.news\/artikel\/linksunten-indymedia-kehrt-bald-zuruck' class='azc_bbc_url'>&#8220;linksunten.indymedia&#8220;<\/a> jetzt doch wieder ans Netz gehen? <img class='azc_bbc_image' src='https:\/\/www.rume.de\/smilies\/nasiehste.gif'  \/><\/p>\n<p>Aber es ist schon bezeichnend, dass der Europarat \u00fcberhaupt solche Appelle ver\u00f6ffentlichen muss, wo sich die EU doch als &#8222;die Freiheit schlechthin&#8220; bezeichnet. Denn realistisch betrachtet haben wir hier in Deutschland eine fl\u00e4chendeckende Internet-Zensurmaschine von Heiko Maas (SPD) aufgedr\u00fcckt bekommen, die nun als Vorbild (!) f\u00fcr die russische Zensur gilt. Und dieser Heiko Maas soll nun als Aussenminister mit China \u00fcber Zensur, Presse- und Meinungsfreiheit als Grundrechte diskutieren <img class='azc_bbc_image' src='https:\/\/www.rume.de\/smilies\/clown.gif'  \/> Jemand NOCH schlimmeres konnte die SPD nicht als Aussenminister installieren.<\/p>\n<p>Hochinteressant ist es auch, wie sich Microsoft, Google und Facebook eine immer sch\u00e4rfere Zensur gegen &#8222;zu kritische&#8220; Webseiten durchf\u00fchrt, gegen die man sich nicht wehren kann. Die Nachdenkseiten, ein Nachrichtenportal von alten Sozialdemokraten (also alles andere als wirklich links), hat dazu <a href='http:\/\/www.nachdenkseiten.de\/?p=42880' class='azc_bbc_url'>gerade einen Bericht geschrieben<\/a>, wie sie von der \u00d6ffentlichkeit abgeschnitten wird.<\/p>\n<p>Ach ja, und in Bayern gibt es inzwischen ein Gesetz f\u00fcr eine Endlosverhaftung von sogenannten &#8222;Gef\u00e4hrdern&#8220;. Keine Beweise, keine Anklage, nicht mal ein Waffenfund &#8211; allein die Behauptung <span class='azc_bbc_italic'>&#8222;der k\u00f6nnte uns gef\u00e4hrlich werden&#8220;<\/span> reicht aus, <a href='http:\/\/www.sueddeutsche.de\/bayern\/gefaehrder-gesetz-bayern-fuehrt-die-unendlichkeitshaft-ein-1.3594307' class='azc_bbc_url'>um unbefristet (!) eingeknastet zu werden<\/a>.<\/p>\n<p>Nein, sehen wir der Realit\u00e4t ins Auge: Der Europarat darf seinen Appell nur deshalb abwerfen, weil er sowieso nichts zu melden hat. Und schon morgen werden unsere Menschenrechte und Freiheiten weiter eingeschr\u00e4nkt.<\/p>\n<p>Dazu passt auch:<\/p>\n<p><a href='http:\/\/www.wsws.org\/de\/articles\/2018\/03\/12\/seeh-m12.html' class='azc_bbc_url'>Horst Seehofer k\u00fcndigt \u00dcberwachung, Polizeistaat und Massendeportationen an<\/a><br \/>\n<span class='azc_bbc_italic'>&#8222;Noch bevor Angela Merkel und ihr Kabinett am Mittwoch vereidigt werden, hat Horst Seehofer (CSU) den reaktion\u00e4ren Charakter der neuen Regierung bekr\u00e4ftigt. Der designierte Innen- und Heimatminister stellte in der Bild am Sonntag einen <a href='http:\/\/www.titanic-magazin.de\/news\/horst-seehofers-masterplan-fuer-abschiebung-die-wichtigsten-punkte-9529' class='azc_bbc_url'>&#8220;Masterplan f\u00fcr konsequentere Abschiebungen&#8220;<\/a> vor und k\u00fcndigte massenhafte \u00dcberwachung und andere Polizeistaatsma\u00dfnahmen an.<\/p>\n<p>Zudem k\u00fcndigte Seehofer an, dass der Beschluss aus dem Koalitionsvertrag, Internierungslager f\u00fcr Fl\u00fcchtlinge zu schaffen, innerhalb weniger Monate umgesetzt werde. &#8222;Das darf nicht ein Jahr oder l\u00e4nger dauern&#8220;, so der Minister. In solche Lager werden Fl\u00fcchtlinge solange eingepfercht, bis \u00fcber ihren Asylantrag entschieden ist. Sie werden von der Gesellschaft ausgeschlossen und grundlegender Rechte beraubt.<\/p>\n<p>Der aggressive Ton und die weitreichenden Pl\u00e4ne machen deutlich, dass sich die Gro\u00dfe Koalition auf die brutale Unterdr\u00fcckung jedweder Opposition gegen ihre Politik des Militarismus und der Sozialk\u00fcrzungen vorbereitet. Und diese brutalen Ma\u00dfnahmen gegen die Schw\u00e4chsten der Gesellschaft sind auch ein Angriff auf alle Arbeiter. Wenn Menschen interniert und deportiert werden, ohne dass sie sich etwas haben zu Schulden kommen lassen, schafft dies einen Pr\u00e4zedenzfall, der sich gegen die demokratischen Grundrechte aller richtet.<\/p>\n<p>Daran l\u00e4sst Seehofer keinen Zweifel. Er will einen &#8222;starken Staat&#8220;, wie es ihn in Bayern gebe, in ganz Deutschland etablieren. Seehofers Ank\u00fcndigung, bayrische Verh\u00e4ltnisse in ganz Deutschland zu schaffen, ist in dieser Hinsicht eine ernste Warnung. Unter seiner Regentschaft verabschiedete der Freistaat im Juli letzten Jahres das weitreichendste Sicherheitsgesetz in der bundesdeutschen Geschichte. Es beinhaltet unter anderem die M\u00f6glichkeit, vermeintliche &#8222;Gef\u00e4hrder&#8220; zeitlich unbegrenzt in Gewahrsam zu nehmen. Das ist nichts anderes als die 1933 von den Nazis eingef\u00fchrte &#8222;Schutzhaft&#8220;, der innerhalb weniger Monate zehntausende F\u00fchrer der Arbeiterbewegung zum Opfer fielen.<\/p>\n<p>Die Entscheidung, Seehofer zum Innenminister zu machen und dieses Ressort unter anderem um den Bereich &#8222;Heimat&#8220; zu erweitern, war von Anfang an eine bewusste Entscheidung der Gro\u00df-Koalition\u00e4re. Der CSU-Vorsitzende ist als Hardliner in der Innen- und Fl\u00fcchtlingspolitik bekannt und soll einen Polizeistaat schaffen, der in der bundesdeutschen Geschichte ohne Beispiel ist. Das Interview in der Bild macht deutlich, wie rasch und aggressiv er diese Politik umsetzen wird.&#8220;<\/span> <a href='http:\/\/www.wsws.org\/de\/articles\/2018\/03\/12\/seeh-m12.html' class='azc_bbc_url'>Weiterlesen&#8230;<\/a><\/p>\n<p>Tja Leute, und die SPD hat diesem Vorgehen ausdr\u00fccklich ihren Segen gegeben, am Montag den Groko-Vertrag feierlich (!) unterschrieben und wird am Mittwoch mehrheitlich Merkel w\u00e4hlen.<\/p>\n<p>Das muss diese SPD-Erneuerung sein, von der gerade so viel geredet wird <img class='azc_bbc_image' src='https:\/\/www.rume.de\/smilies\/sarkasm.gif'  \/><\/p>\n<p><a href='https:\/\/www.jungewelt.de\/artikel\/328807.tod-nach-abschiebung.html' class='azc_bbc_url'>Bayerische Asylpolitik: Tod nach Abschiebung<\/a><br \/>\nTrotz Diagnose einer lebensbedrohlichen Krankheit wurde der Fl\u00fcchtling Lamin deportiert. Am 1. M\u00e4rz ist er verstorben.<\/p>\n<p><a href='https:\/\/www.merkur.de\/politik\/bka-wachsende-gefahr-terror-nachwuchsgewinnung-im-netz-zr-9682819.html' class='azc_bbc_url'>BKA: Wachsende Gefahr der Terror-Nachwuchsgewinnung im Netz<\/a><br \/>\nDer MERKUR berichtet: <span class='azc_bbc_italic'>&#8222;Die Gefahr der Nachwuchsgewinnung radikaler Islamisten \u00fcber das Internet hat nach Ansicht des Bundeskriminalamts (BKA) zugenommen. &#8222;Die Propaganda ist professioneller geworden und wird mittlerweile zielgruppengerecht produziert&#8220;, sagte eine BKA-Sprecherin der Deutschen Presse-Agentur.&#8220;<\/span><\/p>\n<p>Mit anderen Worten: Sie kopieren lediglich die <a href='https:\/\/www.youtube.com\/watch?v=vL03C2o-xmE' class='azc_bbc_url'>Nachwuchsgewinnung durch Bundeswehr-Werbevideos<\/a>. Was f\u00fcr ein Verbrechen <img class='azc_bbc_image' src='https:\/\/www.rume.de\/smilies\/clown.gif'  \/> Dabei haben Islamisten ihre Videos wenigstens noch aus der eigenen Tasche bezahlt. Wir bekommen \u00fcbelste Kriegspropaganda serviert, die entweder \u00fcber unsere Steuergelder oder die GEZ-Zwangsabgabe bezahlt werden MUSS.<\/p>\n<p>Und hey: W\u00e4hrend die Islamisten noch mit wackeligen Handyvideos um Nachwuchs buhlen, produziert die westliche Kriegsindustrie sogar <a href='http:\/\/www.filmstarts.de\/nachrichten\/18514347.html' class='azc_bbc_url'>ganze Kinofilme mit Millionenpublikum<\/a>. Nicht nur Krachbumm-Filme wie James Bond und Iron Man, sondern auch Kom\u00f6dien wie &#8222;Meine Braut, ihr Vater und Ich&#8220; mit Ben Stiller. Und nat\u00fcrlich sind die westlichen Milit\u00e4rs darin stets &#8222;die Guten&#8220;. In inzwischen schon \u00fcber 800 Kinofilmen.<\/p>\n<p>Geballte Kriegspropaganda eben. Nur davor warnt das BKA nat\u00fcrlich nicht.<\/p>\n<p>Und kleiner Lacher nebenbei: Direkt nach dem 2. Weltkrieg war den Deutschen klar, dass es die Russen waren, die Hitler besiegten. Und das heutige Bildungsb\u00fcrgertum meint mehrheitlich, dass es die US-Amerikaner waren. <a href='https:\/\/www.les-crises.fr\/the-successful-70-year-campaign-to-convince-people-the-usa-and-not-the-ussr-beat-hitler' class='azc_bbc_url'>Genau SO sieht wirkungsvolle Propaganda aus<\/a>. Oder ein kaputtgespartes Bildungssystem. Sucht es euch aus <img class='azc_bbc_image' src='https:\/\/www.rume.de\/smilies\/biggrin.gif'  \/><\/p>\n<p><a href='https:\/\/futurezone.at\/digital-life\/fbi-verhaftet-mann-der-blackberrys-fuer-drogenkartelle-modifiziert\/400006808' class='azc_bbc_url'>FBI verhaftet Mann, der BlackBerrys f\u00fcr Kriminelle modifizierte<\/a><br \/>\nVerschl\u00fcsselte Smartphones und Blackberrys sind nur f\u00fcr ausgew\u00e4hlte Firmen und Regierungskreise vorgesehen &#8211; also andere Kriminelle als die Drogenh\u00e4ndler, an die man tats\u00e4chlich lieferte. Denn wer mal &#8222;CIA&#8220; und &#8222;Drogenschmuggel&#8220; in seine Suchmaschine eintippt, der erkennt schnell, wie echte Profis dieses Gesch\u00e4ft aufziehen.<\/p>\n<p>Es gibt eben gute und schlechte Verbrecher. Man muss halt die Guten beliefern &#8211; Banker, Politiker und Industrielle &#8211; dann sind kriminelle Machenschaften bis hin zum Mord \u00fcberhaupt kein Problem mehr.<\/p>\n<p><a href='https:\/\/www.jungewelt.de\/artikel\/328689.html' class='azc_bbc_url'>Gesetzliche Stickoxid-Grenzwerte sind zu hoch<\/a><br \/>\n<span class='azc_bbc_italic'>&#8222;40 Mikrogramm pro Kubikmeter soll seine Konzentration in unserer Atemluft maximal betragen, hei\u00dft es EU-weit seit 2010. Doch diese Werte werden noch immer in vielen St\u00e4dten \u00fcberschritten. Die Folgen: F\u00fcr das Jahr 2014 hat das Umweltbundesamt (UBA) den statistischen Zusammenhang zwischen 6.000 Todesf\u00e4llen aufgrund von Herz-Kreislauf-Erkrankungen und der Hintergrundbelastung der Luft mit dem Schadstoff nachgewiesen. Herausgekommen ist aber auch: Auch Konzentrationen unterhalb des Grenzwertes sind nicht unbedenklich. Es gilt zwar, je mehr Stickoxid in der Luft, desto schwerwiegender die Folgen. Aber schon ab einer Belastung <a href='https:\/\/www.umweltbundesamt.de\/no2-krankheitslasten' class='azc_bbc_url'>von zehn Mikrogramm<\/a> pro Kubikmeter sind zus\u00e4tzliche Erkrankungen und Todesf\u00e4lle nachweisbar.<\/p>\n<p>Die Konsequenz w\u00e4re also, die Grenzwerte zum Schutz der Bev\u00f6lkerung weiter zu senken. Doch in der Regierungskoalition wird das offenbar anders gesehen. Im Wahlkampf haben sich Unions- und SPD-Politiker &#8211; in trauter Eintracht mit Liberalen und Rechtsradikalen &#8211; bei Versprechen \u00fcberboten, dass es auf keinen Fall zu Fahrverboten kommen d\u00fcrfe. Das w\u00e4re ja sogar noch halbwegs akzeptabel, wenn f\u00fcr eine Nachr\u00fcstung der Pkw gesorgt w\u00fcrde. Technisch w\u00e4re das meist kein Problem. Doch das ist teuer. Und hierzulande geht die Dividende der VW-Aktion\u00e4re allemal \u00fcber das Wohl der Menschen, die in den St\u00e4dten die mit Stickoxiden schwangere Luft einatmen m\u00fcssen.&#8220;<\/span><\/p>\n<p><a href='https:\/\/www.rubikon.news\/artikel\/gekaufte-wissenschaft' class='azc_bbc_url'>Passende Dieselforschungsergebnisse gibt es in Deutschland auf Bestellung<\/a><br \/>\n<span class='azc_bbc_italic'>&#8222;Wie kann man die Wissenschaft so verwenden, dass die Gewinne optimiert werden? Wie kann man wissenschaftliche Ergebnisse so beeinflussen oder, wenn es sein muss, auch f\u00e4lschen, dass man in der \u00f6ffentlichen Meinung und der politischen Arena die Lobbymeinung durchsetzt? Die von VW, Daimler und BMW gegr\u00fcndete Europ\u00e4ische Forschungsvereinigung f\u00fcr Umwelt und Gesundheit im Transportsektor (EUGT) hat diese bew\u00e4hrte Vorgehensweise vorbildlich angewendet. Das Musterverfahren wird seit langem auch erfolgreich in vielen anderen Branchen angewandt, vor allem in der Chemie-, Pharma- und Lebensmittelindustrie.&#8220;<\/span> <a href='https:\/\/www.rubikon.news\/artikel\/gekaufte-wissenschaft' class='azc_bbc_url'>Weiterlesen&#8230;<\/a><\/p>\n<p><a href='http:\/\/www.umweltinstitut.org\/aktuelle-meldungen\/meldungen\/2018\/alles-andere-als-normal.html' class='azc_bbc_url'>Alles andere als Normalit\u00e4t: Fukushima sieben Jahre nach der Atomkatastrophe<\/a><br \/>\n<span class='azc_bbc_italic'>&#8222;Die japanische Regierung hat bereits vor einem Jahr, im M\u00e4rz 2017, den Evakuierungsstatus der Regionen Namie und Itate aufgehoben, und ruft nun zur R\u00fcckbesiedlung auf. Umweltsch\u00fctzer warnen jedoch: das Strahlenschutzziel von maximal 1 mSv\/Jahr k\u00f6nne auf Jahrzehnte nicht eingehalten werden. Aufgrund eigener Messungen h\u00e4lt Greenpeace das F\u00fcnffache f\u00fcr realistisch. In der N\u00e4he umliegender Waldgebiete k\u00f6nne die Dosis sogar noch deutlich h\u00f6her liegen.<\/p>\n<p>Auch die Aufr\u00e4umarbeiten am Kraftwerk selbst werfen noch immer riesige Probleme auf, obwohl Milliarden investiert werden. T\u00e4glich muss tonnenweise kontaminiertes Grundwasser um den zerst\u00f6rten Reaktor abgepumpt. Die daf\u00fcr vorgesehenen Tanks reichen teilweise nicht aus, kontaminiertes Wasser muss ins Meer abgelassen. Kontaminiertes Erdreich lagert in hunderten Millionen von Plastiks\u00e4cken, die aufgrund von Alterungsprozessen langsam Risse bekommen. Der Platz wird eng, eine dauerhaft akzeptable L\u00f6sung ist nicht gefunden.<\/p>\n<p>Weiterhin gelangen radioaktive Substanzen aus dem zerst\u00f6rten Kraftwerk in die Umwelt. Es wurden uranhaltige Mikropartikel gefunden, deren Radioaktivit\u00e4t mit einer Halbwertszeit von einigen Milliarden Jahren nur sehr langsam abnimmt. Die Partikel sind so klein, dass sie im Staub aufgewirbelt und eingeatmet werden k\u00f6nnen.&#8220;<\/span><\/p>\n<p>Und unter uns gesagt, finde ich es erstaunlich, mit welch behaglicher Emp\u00f6rung man von Deutschland aus auf die Geschehnisse in Japan blickt. <a href='https:\/\/www.freitag.de\/autoren\/der-freitag\/danke-habeck' class='azc_bbc_url'>Denn was w\u00e4re denn bei einem Super-GAU hier in Deutschland los?<\/a> Das Unfallrisiko ist schon l\u00e4ngst ALLEN bekannt, auf Atomstrom h\u00e4tte man l\u00e4ngst verzichten k\u00f6nnen, eine solide Mehrheit der Bev\u00f6lkerung bef\u00fcrwortete einen schnelleren Atomausstieg. Im Wahlverhalten &#8211; und demzufolge auch den handelnden Bundesregierungen &#8211; schl\u00e4gt sich dies nicht nieder. Obwohl das gesamte Leben der Leute auf dem Spiel steht!<\/p>\n<p>Und zu guter Letzt:<\/p>\n<p><a href='http:\/\/www.der-postillon.com\/2018\/03\/jens-spahn.html' class='azc_bbc_url'>Mann mit 15.311 Euro im Monat wei\u00df, dass Hartz-IV-Empf\u00e4nger nicht hungern m\u00fcssen<\/a><br \/>\nJens S. wei\u00df genau, wovon er spricht: Schlie\u00dflich greift auch ihm der Staat unter die Arme, bis er wieder richtige Arbeit findet. <span class='azc_bbc_italic'>&#8222;Mehr w\u00e4re immer besser. Aber wir d\u00fcrfen nicht vergessen, dass andere \u00fcber ihre Steuern diese Leistungen bezahlen&#8220;<\/span>, so der Mann, dessen Bez\u00fcge zu 100 Prozent \u00fcber die Steuern anderer bezahlt werden <img class='azc_bbc_image' src='https:\/\/www.rume.de\/smilies\/nasiehste.gif'  \/><\/p>\n","protected":false},"excerpt":{"rendered":"<p>\/ Sarrazin des Tages: Jens Spahn \/ Die neuen Minister der SPD \/ RWE\/Eon-Deal: Energiekonzerne kapern die Energiewende \/ Groko will Kinderarmut bek\u00e4mpfen \/ Europarat: Regierungen sind zur Meinungsfreiheit im Netz verpflichtet \/ Horst Seehofer k\u00fcndigt \u00dcberwachung, Polizeistaat und Massendeportationen an \/ Bayerische Asylpolitik: Tod nach Abschiebung \/ BKA: Wachsende Gefahr der Terror-Nachwuchsgewinnung im Netz &hellip; <a href=\"https:\/\/www.rume.de\/?p=528\" class=\"more-link\"><span class=\"screen-reader-text\">\u201eAufgelesen und kommentiert 2018-03-12\u201c <\/span>weiterlesen<\/a><\/p>\n","protected":false},"author":1,"featured_media":0,"comment_status":"open","ping_status":"closed","sticky":false,"template":"","format":"standard","meta":{"footnotes":""},"categories":[2],"tags":[],"class_list":["post-528","post","type-post","status-publish","format-standard","hentry","category-aufgelesen"],"_links":{"self":[{"href":"https:\/\/www.rume.de\/index.php?rest_route=\/wp\/v2\/posts\/528","targetHints":{"allow":["GET"]}}],"collection":[{"href":"https:\/\/www.rume.de\/index.php?rest_route=\/wp\/v2\/posts"}],"about":[{"href":"https:\/\/www.rume.de\/index.php?rest_route=\/wp\/v2\/types\/post"}],"author":[{"embeddable":true,"href":"https:\/\/www.rume.de\/index.php?rest_route=\/wp\/v2\/users\/1"}],"replies":[{"embeddable":true,"href":"https:\/\/www.rume.de\/index.php?rest_route=%2Fwp%2Fv2%2Fcomments&post=528"}],"version-history":[{"count":1,"href":"https:\/\/www.rume.de\/index.php?rest_route=\/wp\/v2\/posts\/528\/revisions"}],"predecessor-version":[{"id":529,"href":"https:\/\/www.rume.de\/index.php?rest_route=\/wp\/v2\/posts\/528\/revisions\/529"}],"wp:attachment":[{"href":"https:\/\/www.rume.de\/index.php?rest_route=%2Fwp%2Fv2%2Fmedia&parent=528"}],"wp:term":[{"taxonomy":"category","embeddable":true,"href":"https:\/\/www.rume.de\/index.php?rest_route=%2Fwp%2Fv2%2Fcategories&post=528"},{"taxonomy":"post_tag","embeddable":true,"href":"https:\/\/www.rume.de\/index.php?rest_route=%2Fwp%2Fv2%2Ftags&post=528"}],"curies":[{"name":"wp","href":"https:\/\/api.w.org\/{rel}","templated":true}]}}