{"id":526,"date":"2018-03-11T20:21:24","date_gmt":"2018-03-11T19:21:24","guid":{"rendered":"http:\/\/rume.katti.eu\/?p=526"},"modified":"2018-03-11T20:21:24","modified_gmt":"2018-03-11T19:21:24","slug":"aufgelesen-und-kommentiert-2018-03-11","status":"publish","type":"post","link":"https:\/\/www.rume.de\/?p=526","title":{"rendered":"Aufgelesen und kommentiert 2018-03-11"},"content":{"rendered":"<p>\/ Zahl offener Stellen erreicht Rekordwert<br \/>\n\/ Armin Laschet (CDU): &#8222;Tafeln haben nichts mit wachsender Armut zu tun&#8220;<br \/>\n\/ Jens Spahn (CDU): &#8222;Mit Hartz IV hat jeder das, was er zum Leben braucht&#8220;<br \/>\n\/ Esst doch Kuchen statt Brot: Vom Zustand der deutschen Politik<br \/>\n\/ Milliarden\u00fcberschuss bei der Bundesagentur f\u00fcr Arbeit<br \/>\n\/ Waffen statt Nahrung: Aktuelle Millit\u00e4rausgaben liegen weit \u00fcber den Hartz IV-Kosten<br \/>\n\/ \u00dcbergangsregierung genehmigte R\u00fcstungsexporte in Milliardenh\u00f6he<br \/>\n\/ F\u00fcr seine treuen Dienste: R\u00fcstungsindustrie errichtet Denkmal zu Ehren Sigmar Gabriels<br \/>\n\/ Milit\u00e4roffensive in Afrin: Syrische Zivilisten fliehen vor t\u00fcrkischer Armee<br \/>\n\/ Deutschland schickt 12.000 Soldaten an russische Ostfront<br \/>\n\/ Krieg f\u00fchren wird zum Alltagsgesch\u00e4ft &#8211; Begleitet von Kriegspropaganda<br \/>\n\/ Wann darf auf einer Messe gegen die Bundeswehr demonstriert werden?<br \/>\n\/ Hohe Haftstrafen im Prozess gegen die Gruppe Freital<br \/>\n\/ AfD-Anfrage wegen &#8222;muslimischer Vornamen&#8220; geht nach hinten los<br \/>\n\/ L\u00fcgen auf Twitter verbreiten sich schneller<br \/>\n\/ Russischer Hackerangriff auf Pyeongchang &#8211; war gar nicht der Russe<br \/>\n\/ Jens Spahn, Heiko Maas und Dorothee B\u00e4r: Die Umfaller<br \/>\n\/ US-Strafz\u00f6lle &#8211; Trump hat Recht<br \/>\n\/ EU behindert Importe aus den USA teilweise deutlich mehr als umgekehrt<br \/>\n\/ Presseschredder 11.3.2018<br \/>\n\/ Der neue Rentenbescheid<\/p>\n<p>&#8212;<\/p>\n<p><!--more--><\/p>\n<p><a href='http:\/\/www.spiegel.de\/wirtschaft\/soziales\/arbeitsmarkt-zahl-der-offenen-stellen-erreicht-rekordwert-a-1196673.html' class='azc_bbc_url'>Zahl offener Stellen erreicht Rekordwert<\/a><br \/>\n<span class='azc_bbc_italic'>&#8222;Die Personalchefs vieler Unternehmen verzweifeln auf der Suche nach Mitarbeitern. Nicht weil die Anspr\u00fcche so hoch w\u00e4ren &#8211; der Arbeitsmarkt ist einfach leergefegt&#8220;<\/span>, lautet der allw\u00f6chentliche Propagandabericht vom ehemaligen Nachrichtenmagazin.<\/p>\n<p>Ein paar kurze Gegenfragen:<\/p>\n<p>&#8211; Steigen denn die L\u00f6hne bereits exorbitant, weil alle so h\u00e4nderingend suchen?<br \/>\n&#8211; Oder herrscht trotzdem weiter Befristung, Leiharbeit und Lohndumping?<\/p>\n<p>Drei Millionen Deutsche w\u00fcrden gerne mehr arbeiten, stecken aber in Teilzeit und Niedrigl\u00f6hnen fest. Jede dritte neue Stelle ist ein &#8222;Job&#8220; in Leiharbeit. Junge Arbeitnehmer trifft es dabei besonders hart, denn jeder Vierte bekommt nur einen befristeten Vertrag &#8211; mit s\u00e4mtlichen Folgen: Sie verdienen weniger und gr\u00fcnden auch deutlich seltener eine Familie, als noch vor 15 Jahren. Generell gibt es europaweit nur in Litauen mehr Niedrigl\u00f6hner als in Deutschland.<\/p>\n<p>Sieht so ein Fachkr\u00e4ftemangel aus?<\/p>\n<p>Und falls ihr fragt, woher ich das alles weiss: Dar\u00fcber hat ebenfalls das ehemalige Nachrichtenmagazin berichtet <a href='http:\/\/www.spiegel.de\/wirtschaft\/soziales\/studie-drei-millionen-deutsche-wollen-mehr-arbeiten-a-1040410.html' class='azc_bbc_url'>(1)<\/a> <a href='http:\/\/www.spiegel.de\/wirtschaft\/soziales\/boom-der-ungleichheit-jedes-dritte-stellenangebot-richtet-sich-an-zeitarbeiter-a-708808.html' class='azc_bbc_url'>(2)<\/a> <a href='http:\/\/www.spiegel.de\/wirtschaft\/soziales\/befristet-beschaeftigte-jung-schlecht-bezahlt-kinderlos-a-1124827.html' class='azc_bbc_url'>(3)<\/a> <a href='http:\/\/www.spiegel.de\/wirtschaft\/soziales\/geringverdiener-jeder-vierte-deutsche-muss-fuer-niedriglohn-arbeiten-a-913074.html' class='azc_bbc_url'>(4)<\/a>. Aber darauf hinzuweisen, wenn die Bundesagentur f\u00fcr Arbeit einen Propagandabericht raushaut, das w\u00e4re ja Journalismus.<\/p>\n<p><a href='https:\/\/www.welt.de\/politik\/deutschland\/article174384327' class='azc_bbc_url'>Armin Laschet (CDU): &#8222;Tafeln haben nichts mit wachsender Armut zu tun&#8220;<\/a><br \/>\nDer NRW-Ministerpr\u00e4sident und zum &#8222;linken Fl\u00fcgel&#8220; der CDU z\u00e4hlende Armin Laschet gibt mal eben kurz zu Protokoll: <span class='azc_bbc_italic'>&#8222;Zur Tafel geht man nur, um seinen Regelsatz f\u00fcr Luxussachen verplempern zu k\u00f6nnen. Und dass sich jetzt auch noch Fl\u00fcchtlinge bei der Tafel anstellen, ist eine absolute Frechheit, wo der Staat doch den Fl\u00fcchtlingen hinten und vorne alles in den Arsch schiebt.&#8220;<\/span><\/p>\n<p>Und falls jemand noch einen Kommentar vom braunen Fl\u00fcgel der CDU vermisst:<\/p>\n<p><a href='https:\/\/www.berliner-zeitung.de\/politik\/kommentar-zu-hartz-iv-zorn-der-betroffenen-ueber-spahn-ist-verstaendlich-29850922' class='azc_bbc_url'>Jens Spahn (CDU): &#8222;Mit Hartz IV hat jeder das, was er zum Leben braucht&#8220;<\/a><br \/>\nJens Spahn verk\u00f6rpert wie kaum ein anderer die junge CDU-Bodenst\u00e4ndigkeit bei 13.000 Euro Monatsgehalt <img class='azc_bbc_image' src='https:\/\/www.rume.de\/smilies\/nasiehste.gif'  \/><\/p>\n<p>Und nat\u00fcrlich schnattern jetzt sogar SPD-Politiker ihre substanzlose Emp\u00f6rung in die Atmosph\u00e4re &#8211; und w\u00e4hlen dann doch genau diesen Jens Spahn in der kommenden Woche zum Bundesgesundheitsminister. Das muss diese SPD-Erneuerung sein, \u00fcber die nun st\u00e4ndig geredet wird <img class='azc_bbc_image' src='https:\/\/www.rume.de\/smilies\/sarkasm.gif'  \/><\/p>\n<p><a href='https:\/\/deutsch.rt.com\/inland\/66270-marie-antoinette-momente-vom-zustand' class='azc_bbc_url'>Esst doch Kuchen statt Brot: Vom Zustand der deutschen Politik<\/a><br \/>\n<span class='azc_bbc_italic'>&#8222;Angela Merkel witterte einen g\u00fcnstigen Moment f\u00fcr Lobeshymnen, als sie die Vergabepraxis der Essener Tafel kritisierte. Bekommen hat sie stattdessen eine strenge R\u00fcge vom Bundesvorsitzenden der Tafeln in Deutschland Jochen R\u00fchl. Merkel ist als langj\u00e4hrige Regierungschefin zentral daf\u00fcr verantwortlich, dass Armut und Verteilungsk\u00e4mpfe am unteren Ende der Gesellschaft in einem unglaublichen Ausma\u00df zugenommen haben, w\u00e4hrend am oberen Ende die Gewinne und Einkommen in obsz\u00f6nem Ausma\u00df wachsen. Das l\u00e4sst sich nicht von der Hand weisen. Merkel schweigt seitdem zum Thema.<\/p>\n<p>Das war Merkels &#8222;Marie-Antoinette-Moment&#8220;. Es war nicht ihr erster, aber es war der bisher deutlichste. Im Aufeinandertreffen mit einem Azubi in der Krankenpflege oder im Kontakt mit einem von Abschiebung bedrohten Kind &#8211; immer dann, wenn Merkel mit der von ihr geschaffenen Realit\u00e4t konfrontiert wird, beschenkt sie die Republik mit einem dieser Momente.&#8220;<\/span><\/p>\n<p><a href='http:\/\/www.gegen-hartz.de\/news\/milliardenueberschuss-bei-der-bundesagentur-fuer-arbeit' class='azc_bbc_url'>Milliarden\u00fcberschuss bei der Bundesagentur f\u00fcr Arbeit<\/a><br \/>\nDie Bundesregierung und ihre Systemmedien bejubeln diese 5,5 Milliarden Euro, die auf Kosten willk\u00fcrlicher Sanktionen, der K\u00fcrzung des angeblichen Existenzminimus &#8211; und ja, auch \u00fcber miese L\u00f6hne und zu wenig Personal in den Gesch\u00e4ftsstellen herausgepresst wurde. W\u00fcrde sich eine Bundesregierung mit Menschenw\u00fcrde dar\u00fcber freuen? W\u00fcrde sich ein Journalist \u00fcber das politisch gewollte Verarmungssystem freuen? Und was sagt es \u00fcber unsere Politik und Medien aus, wenn genau diese Freude eben doch vorherrscht?<\/p>\n<p><a href='https:\/\/www.freitag.de\/autoren\/fhp-freie-hartz-iv-presse\/hartz-iv-waffen-statt-wohnung-und-essen' class='azc_bbc_url'>Waffen statt Nahrung: Aktuelle Millit\u00e4rausgaben liegen weit \u00fcber den Hartz IV-Kosten<\/a><br \/>\n2016 betrug der Milit\u00e4r-Etat satte 35,1 Milliarden Euro und 2017 stiegen diese bereits auf 41 Milliarden Euro an. 2018 soll der Haushalt nochmals erh\u00f6ht werden und bis 2024 rund 75 Milliarden betragen! Hartz IV wird jedoch nur mit rund 32 Milliarden finanziert, w\u00e4hrend zeitgleich in Deutschland 860.000 Menschen ohne Wohnung sind.<\/p>\n<p><a href='http:\/\/www.spiegel.de\/politik\/deutschland\/uebergangsregierung-genehmigte-ruestungsexporte-in-milliardenhoehe-a-1197349.html' class='azc_bbc_url'>\u00dcbergangsregierung genehmigte R\u00fcstungsexporte in Milliardenh\u00f6he<\/a><br \/>\nNoch im Januar hatte die gesch\u00e4ftsf\u00fchrende Regierung erkl\u00e4rt, s\u00e4mtliche Waffenexporte der n\u00e4chsten Regierung \u00fcberlassen zu wollen. R\u00fcstungsausfuhren in Spannungsgebiete schloss sie sogar vollkommen aus. Nach SPIEGEL-Informationen genehmigte sie in der \u00dcbergangsphase trotzdem Waffendeals im Wert von insgesamt 2 Milliarden Euro &#8211; auch in Krisengebiete.<\/p>\n<p><a href='http:\/\/www.der-postillon.com\/2018\/03\/gabriel-monument.html' class='azc_bbc_url'>F\u00fcr seine treuen Dienste: R\u00fcstungsindustrie errichtet Denkmal zu Ehren Sigmar Gabriels<\/a><br \/>\n<span class='azc_bbc_italic'>&#8222;Sigmar Gabriel hat uns in seiner Zeit als Wirtschaftsminister absolute Traum-Deals erm\u00f6glicht&#8220;<\/span>, so Armin Papperger vom Bundesverband der Deutschen Sicherheits- und Verteidigungsindustrie (BDSV), vor dessen Zentrale das Denkmal eingeweiht wurde. <span class='azc_bbc_italic'>&#8222;7,86 Milliarden genehmigte R\u00fcstungsexporte im Jahr 2015, 6,85 Milliarden im Jahr 2016 &#8211; das waren der h\u00f6chste und der zweith\u00f6chste Wert aller Zeiten. Das hat nicht mal Schwarz-Gelb geschafft.&#8220;<\/span><\/p>\n<p><a href='http:\/\/www.deutschlandfunk.de\/militaeroffensive-in-afrin-syrische-zivilisten-fliehen-vor.1773.de.html?dram:article_id=412482' class='azc_bbc_url'>Milit\u00e4roffensive in Afrin: Syrische Zivilisten fliehen vor t\u00fcrkischer Armee<\/a><br \/>\nJa hoppla, wie kann das denn sein, dass vor unserer NATO (die T\u00fcrkei ist NATO-Mitglied) geflohen werden muss? Wir f\u00fchren doch keine Angriffskriege, sondern verteidigen weltweit die Freiheit. Unsere friedenserhaltenden Bombardierungen und friedenssichernden Killerdrohneneins\u00e4tze sind nur humanit\u00e4re Reaktionen auf Aggressoren, die (wen auch demokratisch gew\u00e4hlt) einfach nicht zur\u00fccktreten wollen, obwohl die westliche Wertegemeinschaft schon l\u00e4ngst eine bessere Regierung ausgew\u00e4hlt hat <img class='azc_bbc_image' src='https:\/\/www.rume.de\/smilies\/sarkasm.gif'  \/><\/p>\n<p>Und dementsprechend sieht auch <a href='https:\/\/propagandaschau.wordpress.com\/2018\/03\/08\/wie-das-wording-der-regierung-im-staatssender-ard-den-ueberfall-der-tuerkei-auf-syrien-verharmlost' class='azc_bbc_url'>die Tagesschau-Berichterstattung<\/a> f\u00fcr die \u00f6ffentlich-rechten Fernsehsesselleichen aus (Zitat): <span class='azc_bbc_italic'>&#8222;Die Milit\u00e4roffensive der T\u00fcrkei in der syrischen Grenzregion Afrin verst\u00f6sst m\u00f6glicherweise gegen das V\u00f6lkerrecht.&#8220;<\/span><\/p>\n<p>Und besser h\u00e4tte es die Tagesschau im Jahr 1939 auch nicht formulieren k\u00f6nnen: <span class='azc_bbc_italic'>&#8222;Die Milit\u00e4roffensive von Deutschland in der polnischen Grenzregion um Danzig verletzt m\u00f6glicherweise das V\u00f6lkerrecht&#8220;<\/span> <img class='azc_bbc_image' src='https:\/\/www.rume.de\/smilies\/sarkasm.gif'  \/><\/p>\n<p><a href='https:\/\/deutsch.rt.com\/international\/66340-45000-soldaten-an-russischen-grenze-nato-trident-juncture-norwegen-usa' class='azc_bbc_url'>Deutschland schickt 12.000 Soldaten an russische Ostfront<\/a><br \/>\n<span class='azc_bbc_italic'>&#8222;Die Man\u00f6ver tragen Namen wie &#8222;S\u00e4belhieb&#8220;, &#8222;Flammender Donner&#8220; oder &#8222;Eiserner Wolf&#8220;<\/span>, berichtet DIE WELT, nachdem die letzte Ostfront-Mobilmachung mit dem Namen &#8222;Barbarossa&#8220; so kl\u00e4glich scheiterte. US-General Robert Neller jedenfalls muntert seine Kameraden schon mal mit den Worten auf (Zitat): <span class='azc_bbc_italic'>&#8222;Ich hoffe, dass ich falsch liege, aber es kommt ein Krieg. Vergesst nicht, warum ihr hier seid.&#8220;<\/span><\/p>\n<p>Seht ihr, wie aggressiv die b\u00f6sen Russen unsere gute NATO provoziert? <img class='azc_bbc_image' src='https:\/\/www.rume.de\/smilies\/sarkasm.gif'  \/><\/p>\n<p><a href='http:\/\/www.nachdenkseiten.de\/?p=42848' class='azc_bbc_url'>Krieg f\u00fchren wird zum Alltagsgesch\u00e4ft &#8211; Begleitet von Kriegspropaganda<\/a><br \/>\nAm vergangenen Mittwoch hat das noch amtierende Bundeskabinett die Verl\u00e4ngerung und Erweiterung von sechs Kriegseins\u00e4tzen beschlossen. Einfach mal so. Da wurde nicht einmal der Versuch gemacht, die Bildung des neuen Kabinetts abzuwarten. Frau von der Leyen bekommt ihren Beschluss und verl\u00e4sst lachend den Kabinettsaal. Die Berichterstattung der Tagesschau spricht B\u00e4nde. Kein bisschen kritisches Hinterfragen. Nichts. Stattdessen Fortf\u00fchrung der begleitenden Propaganda. Die deutsche \u00d6ffentlichkeit wird und soll wohl auch an Kriegsgeschehen gew\u00f6hnt werden.<\/p>\n<p>Wenn Politiker und Journalisten an die Front m\u00fcssten, w\u00e4re die Kriegspropaganda schnell zu Ende.<\/p>\n<p><a href='http:\/\/www.imi-online.de\/2018\/03\/07\/solidaritaet-mit-dem-antimilitaristen-thomas-h' class='azc_bbc_url'>Wann darf auf einer Messe gegen die Bundeswehr demonstriert werden?<\/a><br \/>\nLESEBEFEHL! So schnell landet man ohne Vorstrafen und Gerichtsurteil auf der Polizeiliste politischer Krimineller. Erich Mielke w\u00e4re stolz darauf, wie gr\u00fcndlich auch der Westen seine Systemkritiker verfolgt.<\/p>\n<p><a href='http:\/\/www.wsws.org\/de\/articles\/2018\/03\/09\/frei-m09.html' class='azc_bbc_url'>Hohe Haftstrafen im Prozess gegen die Gruppe Freital<\/a><br \/>\n<span class='azc_bbc_italic'>&#8222;Das erste Opfer der Terrorserie war der Freitaler Stadtrat Michael Richter von der Linkspartei, dessen Auto in die Luft gesprengt wurde. Im Verlauf nur weniger Monate z\u00fcndeten sie selbstgebaute Sprengs\u00e4tze an einem Parteib\u00fcro der Linkspartei sowie an zwei Fl\u00fcchtlingsunterk\u00fcnften und \u00fcberfielen gemeinsam mit Mitgliedern der rechtsextremen &#8222;Freien Kameradschaft Dresden&#8220; ein Wohnprojekt von Fl\u00fcchtlingsunterst\u00fctzern in Dresden. Nur durch Zufall wurde bei den Anschl\u00e4gen niemand get\u00f6tet.<\/p>\n<p>Die Anw\u00e4ltin Kristin Pietrzyk, die als Nebenkl\u00e4gerin f\u00fcr eines der Opfer auftrat, berichtete in einem Interview mit der S\u00fcddeutschen Zeitung, die Facebook-Kommentare der Gruppenmitglieder zu den Attentaten lesen sich im Nachhinein &#8222;wie eine Aneinanderreihung von Bekennerschreiben&#8220;. In den Facebook-Eintr\u00e4gen sei es nur um &#8222;Kanaken&#8220;, &#8222;Viehzeug&#8220; und &#8222;Parasiten&#8220; gegangen. Drei Tage vor dem Anschlag auf ihren Mandanten habe ein Mitglied der Gruppe in einem Chatbeitrag in \u00fcbelster Weise gegen &#8222;widerliche Nigger&#8220; und &#8222;eklige Zecken&#8220; gehetzt und gefordert: &#8222;Alle t\u00f6ten diese Parasiten!&#8220; Obwohl die Telefone der Gruppe seit Oktober \u00fcberwacht wurden, konnte sie noch am 1. November 2015 einen letzten Sprengstoffanschlag begehen. Erst drei Tage danach sah sich die s\u00e4chsische Polizei gen\u00f6tigt, in einer Razzia neun Wohnungen zu durchsuchen.<\/p>\n<p>Es war das erste Mal, dass in Sachsen eine rechtsextreme Gruppe wegen Bildung einer terroristischen Vereinigung vor Gericht stand. Sachsen ist seit vielen Jahren daf\u00fcr bekannt, dass es Rechte und Neonazis sch\u00fctzt und stattdessen deren Gegner verfolgt. Die jahrelange Politik der Landes- und der \u00f6rtlichen CDU bereitete der terroristischen Gruppe Freital den Boden. Es war auch kein Zufall, dass der Nationalsozialistische Untergrund (NSU) jahrelang in Sachsen unbehelligt Unterschlupf fand.<\/p>\n<p>Wie beim NSU gibt es auch bei den rechtsextremen Terroristen aus Freital zahlreiche Verbindungen zum Staatsapparat. So soll die terroristische Vereinigung von einem Bundes- und von einem Bereitschaftspolizisten Informationen erhalten haben. Timo S. konnte im August 2015 auf seiner Facebook-Seite Kameraden vor angeblich bevorstehenden Hausdurchsuchungen warnen.<\/p>\n<p>In Freital selbst wurden die Taten der Gruppe wiederholt verharmlost. Im Gerichtsaal erkl\u00e4rte der Nachbar des Linken-Politikers Michael Richter, er sei selbst schuld, wenn er Fl\u00fcchtlingen helfe. Der Oberb\u00fcrgermeister von Freital, Uwe Rumberg (CDU), sprach von Aktionen Einzelner, die man nicht so ernst nehmen solle. Dirk J\u00e4hrling (AfD) meinte, als sie verhaftet wurden: &#8222;Man soll aufh\u00f6ren, das in eine terroristische Vereinigung zu stecken, das sind Lausbuben gewesen.&#8220;<\/span><\/p>\n<p>\u00dcbrigens: In \u00d6sterreich \u00fcbernimmt die rechtsradikale Bundesregierung gerade deren sogenannten &#8222;Verfassungsschutz&#8220;. Dort werden gerade alle Dokumente der <a href='http:\/\/blog.fefe.de\/?ts=a45c97f9' class='azc_bbc_url'>&#8220;unter Beobachtung&#8220; stehenden Neonazis<\/a> beschlagnahmt, um sie vor der Justiz zu sch\u00fctzen. Daran sollte man immer denken, wenn auch der deutsche Staatsapparat schon l\u00e4ngst wieder gemeinsame Sache mit Neonazis macht &#8211; und zeitgleich eine Partei wie die AfD immer mehr Zulauf gewinnt und <a href='https:\/\/dvwelt.wordpress.com\/2018\/03\/11\/heimat-ja-schon-wieder' class='azc_bbc_url'>die CSU den Bundesinnenminister stellt<\/a>.<\/p>\n<p><a href='https:\/\/www.mopo.de\/hamburg\/politik\/die-mohammed-obsession-afd-chef-besorgt-wegen-muslimischer-babynamen-29840326' class='azc_bbc_url'>AfD-Anfrage wegen &#8222;muslimischer Vornamen&#8220; geht nach hinten los<\/a><br \/>\nMohammed ist angeblich der h\u00e4ufigste Name f\u00fcr Neugeborene in deutschen Gro\u00dfst\u00e4dten &#8211; diese Behauptung ist bei der AfD beliebt, dient sie doch als Beweis f\u00fcr die fortschreitende &#8222;Islamisierung&#8220; des Landes. Eine Anfrage der AfD an den Senat sollte die steile These nun f\u00fcr Hamburg best\u00e4tigen. Das Ergebnis: 2017 wurden in Hamburg 13.146 Jungen geboren, davon bekamen 115 den Namen Mohammed (in unterschiedlichen Schreibweisen). Das sind 0,8 Prozent.<\/p>\n<p><a href='https:\/\/de.nachrichten.yahoo.com\/unwahre-twitter-inhalte-verbreiten-schneller-101142918.html' class='azc_bbc_url'>L\u00fcgen auf Twitter verbreiten sich schneller<\/a><br \/>\nDen Forschern zufolge hat eine unwahrer Inhalt eine um 70 Prozent h\u00f6here Wahrscheinlichkeit, weiterverbreitet zu werden. Und schlimmer noch: <span class='azc_bbc_italic'>&#8222;Menschliches Verhalten tr\u00e4gt mehr zur unterschiedlichen Ausbreitung von Unrichtigem und Wahrheit bei als automatisierte Roboter&#8220;<\/span>, schreiben die Forscher.<\/p>\n<p>Das logische Ergebnis eines kaputtgesparten Bildungssystems.<\/p>\n<p><a href='https:\/\/heise.de\/-3989288' class='azc_bbc_url'>Russischer Hackerangriff auf Pyeongchang &#8211; war gar nicht der Russe<\/a><br \/>\nHeise-Online berichtet: <span class='azc_bbc_italic'>&#8222;W\u00e4hrend der Er\u00f6ffnungsfeier der Olympischen Spiele in S\u00fcdkorea kam es zu einem Angriff auf die Infrastruktur der Veranstalter. Basierend auf Angaben von US-Geheimdienstmitarbeitern beschuldigte man umgehend Russland. Als Motiv wurde Rache f\u00fcr den Ausschluss russischer Athleten nach Dopingvorw\u00fcrfen vermutet. Neue Ver\u00f6ffentlichungen von Sicherheitsforschern der Firma Kaspersky deuten allerdings darauf hin, dass nichts von alledem stimmt.<\/p>\n<p>Laut Kaspersky handelt es sich eindeutig um eine &#8222;False Flag&#8220; &#8211; soll hei\u00dfen, die wahren Angreifer wollen den publikumswirksamen Angriff auf die Spiele anderen in die Schuhe schieben. Kaspersky hat nach eigenen Angaben deutliche Hinweise darauf gefunden, dass der Schadcode an Hand bekannter Beispiele der Arbeit anderer Hackergruppen so angepasst wurde, dass er wie das Werk dieser Gruppen wirkt. Ihr Fazit: Man sollte nach derartigen Angriffen nicht sofort mit dem Finger auf bestimmte L\u00e4nder zeigen, sondern lieber erst mal in Ruhe nachforschen. Eine solche Analyse erfordert Zeit und Sorgfalt &#8211; vielleicht mehr, als sich Qualit\u00e4tsmedien und Politiker im Nachgang eines spektakul\u00e4ren Hacks nehmen.&#8220;<\/span><\/p>\n<p>Das zeigen auf &#8222;die b\u00f6sen Russen&#8220; war also eine klassische &#8222;Fake-News&#8220;, massenhaft verbreitet von unseren sogenannten Qualit\u00e4tsmedien &#8211; auch den \u00d6ffentlich-Rechten. Aber gerade ARD und ZDF werden doch wohl die Gr\u00f6sse haben und ihre L\u00fcgengeschichten nun korrigieren, oder?<\/p>\n<p>Tagesschau: <a href='http:\/\/www.tagesschau.de\/suche2.html?query=kaspersky' class='azc_bbc_url'>Keine Richtigstellung<\/a><br \/>\nDie ARD insgesamt: <a href='http:\/\/www.ard.de\/home\/ard\/23116\/index.html?q=kaspersky' class='azc_bbc_url'>Keine Richtigstellung<\/a><br \/>\nUnd das ZDF: <a href='https:\/\/www.zdf.de\/suche?q=kaspersky' class='azc_bbc_url'>Keine Richtigstellung<\/a><\/p>\n<p>Aber hey: F\u00fcr solche Rundum-Qualit\u00e4t zahlen wir doch gerne acht Milliarden Euro pro Jahr <img class='azc_bbc_image' src='https:\/\/www.rume.de\/smilies\/sarkasm.gif'  \/><\/p>\n<p><a href='http:\/\/www.spiegel.de\/netzwelt\/web\/jens-spahn-heiko-maas-dorothee-baer-von-der-kunst-elegant-umzufallen-a-1196850.html' class='azc_bbc_url'>Jens Spahn, Heiko Maas und Dorothee B\u00e4r: Die Umfaller<\/a><br \/>\nJens Spahn (CDU) im Jahr 2014: <span class='azc_bbc_italic'>&#8222;Internationale Standards gut und sch\u00f6n, das d\u00fcrfe aber nicht bedeuten, dass wir unsere hart verteidigten Datenschutzstandards abschw\u00e4chen.&#8220;<\/span><br \/>\nJens Spahn (CDU) im Jahr 2016: <span class='azc_bbc_italic'>&#8222;Datenschutz behindert die Konkurrenzf\u00e4higkeit deutscher Firmen.&#8220;<\/span><\/p>\n<p>Heiko Maas (SPD): <span class='azc_bbc_italic'>&#8222;Im Dezember 2014 twittert Maas, er lehne die Vorratsdatenspeicherung heftig ab&#8220;<\/span><br \/>\nHeiko Maas (SPD): <span class='azc_bbc_italic'>&#8222;Im Sommer 2015 legt Maas einen Gesetzentwurf f\u00fcr die Vorratsdatenspeicherung vor&#8220;<\/span><\/p>\n<p>Dorothee B\u00e4r (CSU) im Jahr 2013: <span class='azc_bbc_italic'>&#8222;Beim Thema Datenschutz wurde klar, dass das Ende der Privatsph\u00e4re im Internet genauso wenig akzeptiert werden kann wie ein Verzicht auf Anonymit\u00e4t.&#8220;<\/span><br \/>\nDorothee B\u00e4r (CSU) im Jahr 2018: <span class='azc_bbc_italic'>&#8222;Deutschland hat einen Datenschutz wie im 18. Jahrhundert. N\u00f6tig sei ein Regelsystem, das den Unternehmen Chancen biete und sie nicht zerst\u00f6re.&#8220;<\/span><\/p>\n<p>So sieht es aus, wenn Lobbyisten sich um CDU\/CSU\/SPD\/FDP\/GR\u00dcNE Politiker &#8222;k\u00fcmmern&#8220;.<\/p>\n<p><a href='https:\/\/www.zdf.de\/nachrichten\/heute\/interview-strafzoelle-mit-heiner-flassbeck-100.html' class='azc_bbc_url'>US-Strafz\u00f6lle &#8211; Trump hat Recht<\/a><br \/>\nHeiner Flassbeck r\u00fcckt die Debatte mal zurecht: <span class='azc_bbc_italic'>&#8222;Ich hege \u00fcberhaupt keine Sympathien f\u00fcr Trump. Aber ein Mensch, der vieles falsch macht, kann auch einmal etwas Richtiges tun. Auf der einen Seite steht die EU mit Handels\u00fcbersch\u00fcssen, die sich vor allem aus den riesigen deutschen \u00dcbersch\u00fcssen speisen. Auf der anderen Seite stehen die USA, die seit 30 Jahren mit Defiziten leben. Deutschland ist das gr\u00f6\u00dfte \u00dcberschussland der Welt und die USA sind das gr\u00f6\u00dfte Defizitland der Welt. Der Handel zwischen den Volkswirtschaften ist vielleicht noch frei, aber nicht fair. Als Deutschland Anfang der 1980er Jahre zwei Jahre ein Defizit hatte, da taten alle so, als w\u00fcrde die Welt untergehen. Aber wir verlangen vom Rest der Welt, f\u00fcr immer mit Defiziten zu leben.<\/p>\n<p>Trump ist nun der Erste, der etwas unternimmt. Bisher sind das ja nur kleine Nadelstiche. Aber wenn die EU jetzt den gro\u00dfm\u00e4uligen Ank\u00fcndigungen des EU-Kommissionspr\u00e4sidenten Jean-Claude Juncker folgt und mit eigenen Strafz\u00f6llen reagiert, kann es sein, dass die USA noch massiver reagieren. F\u00fcr Trump w\u00e4re eine Abwertung des US-Dollar gegen\u00fcber dem Euro um 25 Prozent \u00fcbrigens der viel elegantere Weg sein Ziel zu erreichen. Der Effekt f\u00fcr die USA w\u00e4re au\u00dferdem gr\u00f6\u00dfer. Verlieren werden in einem solchen Handelskonflikt die Handels\u00fcberschussl\u00e4nder (also Deutschland) und gewinnen werden die Defizitl\u00e4nder.&#8220;<\/span><\/p>\n<p>Dazu passt auch:<\/p>\n<p><a href='https:\/\/www.heise.de\/tp\/features\/Trump-mahnt-Zollreziprozitaet-an-3990603.html' class='azc_bbc_url'>EU behindert Importe aus den USA teilweise deutlich mehr als umgekehrt<\/a><br \/>\nDie EU erhebt auf US-Produkte durchschnittlich eine Zollgeb\u00fchr von \u00fcber f\u00fcnf Prozent, aber die USA durchschnittlich weniger als 3,5 Prozent auf EU-Produkte. Bei Autos ist diese Differenz noch gr\u00f6sser: Auf EU-Autos erhebt die USA nur 2,5 Prozent, die EU auf US-Autos hingegen 10 Prozent.<\/p>\n<p>Wie wir sehen, sind die Strafz\u00f6lle der EU viel h\u00f6her, als das, was die USA nun plant.<\/p>\n<p><a href='https:\/\/schrottpresse.org\/presseschredder-11-3-2018' class='azc_bbc_url'>Presseschredder 11.3.2018<\/a><br \/>\nWeitere kommentierte Meldungen f\u00fcr all diejenigen, die noch nicht genug haben <img class='azc_bbc_image' src='https:\/\/www.rume.de\/smilies\/nasiehste.gif'  \/><\/p>\n<p>Und zu guter Letzt:<\/p>\n<p><a href='http:\/\/www.harm-bengen.de\/toonpool\/2018%2003%2009%20Rentenbescheid_verstaendlicher-FARBE.jpg' class='azc_bbc_url'>Der neue Rentenbescheid<\/a><br \/>\n<img class='azc_bbc_image' src='https:\/\/www.rume.de\/smilies\/nasiehste.gif'  \/><\/p>\n","protected":false},"excerpt":{"rendered":"<p>\/ Zahl offener Stellen erreicht Rekordwert \/ Armin Laschet (CDU): &#8222;Tafeln haben nichts mit wachsender Armut zu tun&#8220; \/ Jens Spahn (CDU): &#8222;Mit Hartz IV hat jeder das, was er zum Leben braucht&#8220; \/ Esst doch Kuchen statt Brot: Vom Zustand der deutschen Politik \/ Milliarden\u00fcberschuss bei der Bundesagentur f\u00fcr Arbeit \/ Waffen statt Nahrung: &hellip; <a href=\"https:\/\/www.rume.de\/?p=526\" class=\"more-link\"><span class=\"screen-reader-text\">\u201eAufgelesen und kommentiert 2018-03-11\u201c <\/span>weiterlesen<\/a><\/p>\n","protected":false},"author":1,"featured_media":0,"comment_status":"open","ping_status":"closed","sticky":false,"template":"","format":"standard","meta":{"footnotes":""},"categories":[2],"tags":[],"class_list":["post-526","post","type-post","status-publish","format-standard","hentry","category-aufgelesen"],"_links":{"self":[{"href":"https:\/\/www.rume.de\/index.php?rest_route=\/wp\/v2\/posts\/526","targetHints":{"allow":["GET"]}}],"collection":[{"href":"https:\/\/www.rume.de\/index.php?rest_route=\/wp\/v2\/posts"}],"about":[{"href":"https:\/\/www.rume.de\/index.php?rest_route=\/wp\/v2\/types\/post"}],"author":[{"embeddable":true,"href":"https:\/\/www.rume.de\/index.php?rest_route=\/wp\/v2\/users\/1"}],"replies":[{"embeddable":true,"href":"https:\/\/www.rume.de\/index.php?rest_route=%2Fwp%2Fv2%2Fcomments&post=526"}],"version-history":[{"count":1,"href":"https:\/\/www.rume.de\/index.php?rest_route=\/wp\/v2\/posts\/526\/revisions"}],"predecessor-version":[{"id":527,"href":"https:\/\/www.rume.de\/index.php?rest_route=\/wp\/v2\/posts\/526\/revisions\/527"}],"wp:attachment":[{"href":"https:\/\/www.rume.de\/index.php?rest_route=%2Fwp%2Fv2%2Fmedia&parent=526"}],"wp:term":[{"taxonomy":"category","embeddable":true,"href":"https:\/\/www.rume.de\/index.php?rest_route=%2Fwp%2Fv2%2Fcategories&post=526"},{"taxonomy":"post_tag","embeddable":true,"href":"https:\/\/www.rume.de\/index.php?rest_route=%2Fwp%2Fv2%2Ftags&post=526"}],"curies":[{"name":"wp","href":"https:\/\/api.w.org\/{rel}","templated":true}]}}