{"id":471,"date":"2011-01-14T15:59:16","date_gmt":"2011-01-14T14:59:16","guid":{"rendered":"http:\/\/rume.katti.eu\/?p=471"},"modified":"2018-02-13T17:49:00","modified_gmt":"2018-02-13T16:49:00","slug":"olaf-scholz-und-rot-gelb-in-hamburg","status":"publish","type":"post","link":"https:\/\/www.rume.de\/?p=471","title":{"rendered":"Olaf Scholz und Rot-Gelb in Hamburg"},"content":{"rendered":"<p>Im ehemaligen Nachrichtenmagazin <a href='http:\/\/www.spiegel.de\/politik\/deutschland\/0,1518,739441,00.html' class='azc_bbc_url'>kann man nachlesen<\/a>, dass sich Westerwelle f\u00fcr eine rot-gelbe Regierung in Hamburg stark gemacht hat &#8211; was an vielen Orten sicherlich f\u00fcr Hohn und Spott gesorgt haben d\u00fcrfte. Aber w\u00e4re ein B\u00fcndnis von SPD und FDP denn wirklich derart grundlegend absurd? Schauen wir doch mal auf ein paar Details.<\/p>\n<p><!--more--><\/p>\n<p>Ich halte es f\u00fcr durchaus nachvollziehbar, dass \u00c4usserungsminister Westerwelle keine Bedenken hat, mit der neoliberalen Olaf-Scholz-SPD von Hamburg koalieren zu k\u00f6nnen. Denn wir erinnern uns: Olaf Scholz ist bis heute Verfechter der <a href='http:\/\/feynsinn.org\/?p=6595' class='azc_bbc_url'>volksverarmenden<\/a> Agenda-Reformen und <a href='http:\/\/www.zeit.de\/online\/2006\/20\/Schreiner?page=all' class='azc_bbc_url'>sagte<\/a> zum Hartz-Gesetz: <span class='azc_bbc_italic'>&#8222;Hartz IV ist ein gelungenes Gesamtwerk, das nun nur noch ein wenig poliert werden m\u00fcsse.&#8220;<\/span> Was er mit &#8222;polieren&#8220; meinte, hat er dann gleich in seiner allerersten Amtshandlung als damaliger SPD-Sozialminister deutlich gemacht, als er die <a href='http:\/\/www.heise.de\/tp\/r4\/artikel\/26\/26881\/1.html' class='azc_bbc_url'>Absenkung der Hartz4-S\u00e4tze f\u00fcr Krankenhauspatienten<\/a> durchdr\u00fcckte, weil die dort ja schliesslich schon etwas zu Essen bekommen.<\/p>\n<p>Erinnert sich auch noch jemand an die 132-Euro-Studie, welche von vollkommen durchgeknallten Professoren als ausreichender Hartz4-Satz &#8222;berechnet&#8220; wurde? Da war es SPD-Mann Olaf Scholz, <a href='http:\/\/www.jungewelt.de\/2008\/09-08\/012.php' class='azc_bbc_url'>dem zuallererst Versch\u00e4rfungen einfielen<\/a>, um einen angeblich zu hohen Sozialmissbrauch zu bek\u00e4mpfen.<\/p>\n<p>Auch die Jobcenter und ARGEn wurden von ihm quasi per Ministeranweisung dazu angewiesen, <a href='http:\/\/www.heise.de\/tp\/r4\/artikel\/28\/28142\/1.html' class='azc_bbc_url'>planm\u00e4ssig Zugangsh\u00fcrden f\u00fcr den Bezug von Leistungen aufzubauen<\/a> &#8211; etwa indem Sachbearbeiter nicht mehr pers\u00f6nlich und telefonisch erreichbar sind, Erstantragsquoten gesenkt und mehr Sofortangebote gemacht werden. Sofortangebote, die in 70 bis 80 Prozent falsch &#8211; und nat\u00fcrlich zu Ungunsten der Betroffenen ausfallen.<\/p>\n<p>Das Draufschlagen auf Leute, die ohnehin schon am Boden liegen, kann man getrost als <a href='http:\/\/www.taz.de\/1\/debatte\/kommentar\/artikel\/1\/wohlfeiles-draufschlagen' class='azc_bbc_url'>das Lieblingshobby von Olaf Scholz<\/a> bezeichnen.<\/p>\n<p>Sehr gefreut hat er sich \u00fcber <a href='http:\/\/www.shortnews.de\/id\/743380\/Ab-Januar-Bezuege-der-Bundestagsabgeordneten-steigen-um-415-Euro' class='azc_bbc_url'>die 415-Euro-Erh\u00f6hung seines monatlichen Gehaltes<\/a>, w\u00e4hrend er die von den Gewerkschaften geforderte Anhebung der verfassungswidrig niedrigen Regels\u00e4tze um 70 Euro nat\u00fcrlich ablehnte.<\/p>\n<p>Auch auf EU-Ebene griff Olaf Scholz knallhart durch. W\u00e4hrend der christdemokratische (!) niederl\u00e4ndische Arbeitsminister Piet Hein es als Selbstverst\u00e4ndlichkeit ansah, dass gleiche Arbeit auch gleicher Lohn bedeutet, war SPD-Minister Olaf Scholz derjenige, der exakt diese Regelung <a href='http:\/\/www.forced-labour.de\/archives\/689' class='azc_bbc_url'>blockierte<\/a>. Und damit nicht genug, setzte er sich stattdessen mit seinem britischen Kollegen zusammen, um die <a href='http:\/\/www.fr-online.de\/wirtschaft\/europa-soll-mehr-arbeiten-koennen\/-\/1472780\/3252120\/-\/index.html' class='azc_bbc_url'>EU-Wochenarbeitszeit auf \u00fcber 60 Stunden erh\u00f6hen<\/a> zu k\u00f6nnen. Und dass er damit seine eigenen Wahlversprechen nicht nur gebrochen hatte, sondern sogar in die entgegengesetzte Richtung umsetzte, wird ja ohnehin <a href='http:\/\/www.sozialticker.com\/bundesarbeitsminister-bricht-wahlversprechen_20090616.html' class='azc_bbc_url'>nur von &#8222;Kommunisten&#8220; kritisiert<\/a>.<\/p>\n<p>Dass Olaf Scholz beim Abbau unseres Arbeitsrechts <a href='http:\/\/www.handelsblatt.com\/politik\/deutschland\/scholz-wuenscht-sich-einfacheres-arbeitsrecht;1400494' class='azc_bbc_url'>mit der neoliberalen Bertelsmann-Stiftung zusammenarbeitete<\/a>, verkommt da schon zur Randnotiz. Und seine eigenen Praktikanten liess er <a href='http:\/\/www.sueddeutsche.de\/politik\/1.362591' class='azc_bbc_url'>komplett unbezahlt arbeiten<\/a>. Die Studenten sind ja schliesslich <span class='azc_bbc_italic'>&#8222;materiell abgesichert und es sei somit in Ordnung, sie nicht zu bezahlen&#8220;<\/span>, wird sein Sprecher dazu zitiert.<\/p>\n<p>Vor der Bundestagswahl 2009 war es auch Olaf Scholz, der eine Ampelregierung ins Spiel brachte &#8211; und zeitgleich jede Zusammenarbeit mit den LINKEN ablehnte. Sogar den Satz &#8222;Soziale Gerechtigkeit&#8220; wollte er <a href='http:\/\/www.verdi-bub.de\/standpunkte\/archiv\/soziale_gerechtigkeit_was_ist_das' class='azc_bbc_url'>aus dem SPD-Parteiprogramm streichen<\/a>. Und die rot-rote Landesregierung von Berlin hat er <a href='http:\/\/www.taz.de\/regional\/berlin\/aktuell\/artikel\/1\/senat-zu-sozial-fuer-sozialminister' class='azc_bbc_url'>sogar verklagt<\/a>, weil diese &#8222;zu sozial&#8220; ist und Zwangsumz\u00fcge (!) nicht rigoros genug anordnet.<\/p>\n<p>Dass SPD-Minister Olaf Scholz weder einen gesetzlichen Mindestlohn durchsetzte, noch daf\u00fcr sorgte, dass das im Ferienjob erarbeitete Geld von Kindern aus Hartz4-Familien behalten werden darf (was dann Schwarz\/Gelb nachholte), sind weitere &#8222;H\u00f6hepunkte&#8220; dieses selbsternannten Sozialdemokraten. <span class='azc_bbc_italic'>&#8222;Eltern, die die Einnahmen ihrer Spr\u00f6sslinge verschweigen, machen sich strafbar&#8220;<\/span>, steht diesbez\u00fcglich sogar <a href='http:\/\/www.stern.de\/wirtschaft\/arbeit-karriere\/arbeit\/hartz-iv-wehe-wenn-du-arbeitest-706426.html' class='azc_bbc_url'>im Text<\/a>. Denn Hartz4-Empf\u00e4nger sind in den Augen echter Sozialdemokraten schliesslich VERBRECHER, wenn sie den erarbeiteten (!!) Ferienjobber-Lohn ihrer Kinder unterschlagen w\u00fcrden!<\/p>\n<p>Bei den schamlosen Millionengeh\u00e4lter in unseren deutschen Manageretagen hingegen <a href='http:\/\/www.weissgarnix.de\/2009\/06\/15\/sozialdemokratischer-identitatsverlust' class='azc_bbc_url'>spielt er gerne den Verteidiger<\/a> der obersten 10 Prozent.<\/p>\n<p>Ein echter Sozialdemokrat also, der Olaf Scholz, der bereits einen <a href='http:\/\/www.freitag.de\/politik\/1048-der-preis-der-r-ckkehr' class='azc_bbc_url'>Regierungsstil im Wolfgang-Clement-Stil androhte<\/a>. Von daher also der optimale Partner f\u00fcr die FDP.<\/p>\n<p>Ob die FDP allerdings in Hamburg \u00fcberhaupt die F\u00fcnf-Prozent-H\u00fcrde knacken kann, wird sich zeigen. Quasi als Intelligenztest f\u00fcr Hamburg. Doch die Chancen erscheinen mir nicht gerade niedrig, wenn der P\u00f6bel dort (laut Wahlumfragen) mit rund 40 Prozent (!) solch einen Sozialdemokraten wie Olaf Scholz bef\u00fcrwortet. Es ist wahrlich kein weiter Weg von der SPD hin\u00fcber zur FDP <img class='azc_bbc_image' src='https:\/\/www.rume.de\/smilies\/nasiehste.gif'  \/><\/p>\n","protected":false},"excerpt":{"rendered":"<p>Im ehemaligen Nachrichtenmagazin , dass sich Westerwelle f\u00fcr eine rot-gelbe Regierung in Hamburg stark gemacht hat &#8211; was an vielen Orten sicherlich f\u00fcr Hohn und Spott gesorgt haben d\u00fcrfte. Aber w\u00e4re ein B\u00fcndnis von SPD und FDP denn wirklich derart grundlegend absurd? Schauen wir doch mal auf ein paar Details.<\/p>\n","protected":false},"author":1,"featured_media":0,"comment_status":"open","ping_status":"closed","sticky":false,"template":"","format":"standard","meta":{"footnotes":""},"categories":[5],"tags":[],"class_list":["post-471","post","type-post","status-publish","format-standard","hentry","category-portrait"],"_links":{"self":[{"href":"https:\/\/www.rume.de\/index.php?rest_route=\/wp\/v2\/posts\/471","targetHints":{"allow":["GET"]}}],"collection":[{"href":"https:\/\/www.rume.de\/index.php?rest_route=\/wp\/v2\/posts"}],"about":[{"href":"https:\/\/www.rume.de\/index.php?rest_route=\/wp\/v2\/types\/post"}],"author":[{"embeddable":true,"href":"https:\/\/www.rume.de\/index.php?rest_route=\/wp\/v2\/users\/1"}],"replies":[{"embeddable":true,"href":"https:\/\/www.rume.de\/index.php?rest_route=%2Fwp%2Fv2%2Fcomments&post=471"}],"version-history":[{"count":1,"href":"https:\/\/www.rume.de\/index.php?rest_route=\/wp\/v2\/posts\/471\/revisions"}],"predecessor-version":[{"id":472,"href":"https:\/\/www.rume.de\/index.php?rest_route=\/wp\/v2\/posts\/471\/revisions\/472"}],"wp:attachment":[{"href":"https:\/\/www.rume.de\/index.php?rest_route=%2Fwp%2Fv2%2Fmedia&parent=471"}],"wp:term":[{"taxonomy":"category","embeddable":true,"href":"https:\/\/www.rume.de\/index.php?rest_route=%2Fwp%2Fv2%2Fcategories&post=471"},{"taxonomy":"post_tag","embeddable":true,"href":"https:\/\/www.rume.de\/index.php?rest_route=%2Fwp%2Fv2%2Ftags&post=471"}],"curies":[{"name":"wp","href":"https:\/\/api.w.org\/{rel}","templated":true}]}}