{"id":445,"date":"2010-03-30T00:00:50","date_gmt":"2010-03-29T22:00:50","guid":{"rendered":"http:\/\/rume.katti.eu\/?p=445"},"modified":"2018-06-10T19:46:48","modified_gmt":"2018-06-10T17:46:48","slug":"kleine-darstellungskunde-der-vermoegensverteilung","status":"publish","type":"post","link":"https:\/\/www.rume.de\/?p=445","title":{"rendered":"Kleine Darstellungskunde der Verm\u00f6gensverteilung"},"content":{"rendered":"<p>Zitat Paul Krugman, 2002: &#8222;Nur wenigen Leuten ist bewusst, wie sehr sich die Kluft zwischen den sehr Reichen und dem Rest innerhalb relativ kurzer Zeit verbreitert hat. Wer sich mit diesem Thema besch\u00e4ftigt, setzt sich unweigerlich dem Verdacht aus, &#8222;Klassenkampf&#8220; oder eine &#8222;Politik des Neides&#8220; zu betreiben. Und nur wenige Leute sind tats\u00e4chlich willens, \u00fcber die weitgehenden Auswirkungen dieser sich immer weiter \u00f6ffnenden Schere zu sprechen &#8211; \u00fcber die \u00f6konomischen, sozialen und politischen Auswirkungen. Doch was heute geschieht, kann nur verstehen, wer das Ausma\u00df, die Ursachen und Konsequenzen der zunehmenden Ungleichheit in den letzten drei Jahrzehnten begreift. Wer begreifen will, wieso es trotz allen \u00f6konomischen Erfolgs mehr Armut gibt als in jeder anderen gro\u00dfen Industrienation, der mu\u00df sich die Einkommenskonzentration an der Spitze ansehen.&#8220; <a href='http:\/\/www.zeit.de\/2002\/46\/200246_krugmann.neu.xml\/komplettansicht' class='azc_bbc_url'>[i](via)[\/i]<\/a><\/p>\n<p><!--more--><\/p>\n<p>Wie eine bessere Umverteilung von Verm\u00f6gen auch bildlich klargemacht werden kann, daf\u00fcr habe ich im Internet folgende recht hilfreichen Grafiken entdeckt:<\/p>\n<img class='azc_bbc_image' src='https:\/\/www.rume.de\/wp-content\/uploads\/2018\/01\/sand1.gif'  \/>\n<p>Denkt euch die gr\u00fcne Fl\u00e4che als Bev\u00f6lkerung und jedes Sandkorn als 1.000 Euro Geldschein (Verm\u00f6gen). So s\u00e4he m\u00f6glicherweise eine Normalverteilung aus, wenn man es als Sandhaufen betrachtet. Obenauf ein paar Wenige, nach au\u00dfen hin dann abflachendes Verm\u00f6gen bis hin zu einem breiteren Rand, der faktisch nichts besitzt. Wenn man nun von oben einen Deckel draufsetzt, zum Beispiel \u00fcber eine sozialgerechte Verm\u00f6gens- und Einkommensbesteuerung, dann verschiebt es die Geldmenge mehr nach au\u00dfen.<\/p>\n<img class='azc_bbc_image' src='https:\/\/www.rume.de\/wp-content\/uploads\/2018\/01\/sand2.gif'  \/>\n<img class='azc_bbc_image' src='https:\/\/www.rume.de\/wp-content\/uploads\/2018\/01\/sand3.gif'  \/>\n<p>Der Mittelstand wird gest\u00e4rkt, der Armutsrand verringert und Leistung lohnt sich auch wieder f\u00fcr den Normalarbeiter.<\/p>\n<p>Das alles ist nat\u00fcrlich nur Grafikschnickschnack und der Sandhaufen ist nat\u00fcrlich auch nicht zu vergleichen mit DER WAHREN Verm\u00f6gensverteilung hier in Deutschland. Denn hierzulande besitzen die obersten 10 Prozent ja bekanntlich \u00fcber 60 Prozent des gesamten Volksverm\u00f6gens. Und 1 Prozent der Gesellschaft verf\u00fcgt \u00fcber fast die H\u00e4lfte allen Kapitals, w\u00e4hrend mehr als 60 Prozent in Deutschland unterm Strich <a href='http:\/\/berlin.business-on.de\/sensationelle-diw-studie-vermoegensverteilung-in-deutschland_id85.html' class='azc_bbc_url'>\u00fcberhaupt kein Verm\u00f6gen besitzt<\/a>.<\/p>\n<p>Als Sandhaufen sieht das dann ungef\u00e4hr so aus:<\/p>\n<img class='azc_bbc_image' src='https:\/\/www.rume.de\/wp-content\/uploads\/2018\/01\/sand4.gif'  \/>\n<p>Und hier geht es nur um die Verm\u00f6gen und Einkommen von Privatleuten. Das Verm\u00f6gen von Firmen (juristische Personen, Aktiengesellschaften, usw.) ist NICHT ber\u00fccksichtigt.<\/p>\n<p>Aber ein System in Frage zu stellen, das SOLCH eine Entwicklung von sich aus beschleunigt? Unm\u00f6glich!! Eine Entwicklung der Verm\u00f6gensverteilung \u00fcbrigens, die von CDU\/CSU\/SPD\/FDP\/GR\u00dcNE bis heute knallhart verteidigt wird und auch immer wieder Unterst\u00fctzung aus der Bev\u00f6lkerung bekommt, die es offensichtlich einfach nicht begreift, was abgeht. Oder wie bitte ist es anders zu erkl\u00e4ren, dass die Parteien, welche die Verm\u00f6gensteuer abschaffen, Spitzensteuer und Erbschaftsteuer senken, sowie eine unfassbare Schere zwischen Arm und Reich zementieren, st\u00e4ndig wiedergew\u00e4hlt werden?<\/p>\n<p>&#8212;<\/p>\n<span class='azc_bbc_italic'>Erstver\u00f6ffentlichung bei duckhome.de, Ende M\u00e4rz 2010<br \/>\nhttp:\/\/www.duckhome.de\/tb\/archives\/7827-Kleine-Darstellungskunde-der-Vermoegensverteilung.html<\/span>\n","protected":false},"excerpt":{"rendered":"<p>Zitat Paul Krugman, 2002: &#8222;Nur wenigen Leuten ist bewusst, wie sehr sich die Kluft zwischen den sehr Reichen und dem Rest innerhalb relativ kurzer Zeit verbreitert hat. Wer sich mit diesem Thema besch\u00e4ftigt, setzt sich unweigerlich dem Verdacht aus, &#8222;Klassenkampf&#8220; oder eine &#8222;Politik des Neides&#8220; zu betreiben. Und nur wenige Leute sind tats\u00e4chlich willens, \u00fcber &hellip; <a href=\"https:\/\/www.rume.de\/?p=445\" class=\"more-link\"><span class=\"screen-reader-text\">\u201eKleine Darstellungskunde der Verm\u00f6gensverteilung\u201c <\/span>weiterlesen<\/a><\/p>\n","protected":false},"author":1,"featured_media":0,"comment_status":"open","ping_status":"closed","sticky":false,"template":"","format":"standard","meta":{"footnotes":""},"categories":[3],"tags":[],"class_list":["post-445","post","type-post","status-publish","format-standard","hentry","category-bildung"],"_links":{"self":[{"href":"https:\/\/www.rume.de\/index.php?rest_route=\/wp\/v2\/posts\/445","targetHints":{"allow":["GET"]}}],"collection":[{"href":"https:\/\/www.rume.de\/index.php?rest_route=\/wp\/v2\/posts"}],"about":[{"href":"https:\/\/www.rume.de\/index.php?rest_route=\/wp\/v2\/types\/post"}],"author":[{"embeddable":true,"href":"https:\/\/www.rume.de\/index.php?rest_route=\/wp\/v2\/users\/1"}],"replies":[{"embeddable":true,"href":"https:\/\/www.rume.de\/index.php?rest_route=%2Fwp%2Fv2%2Fcomments&post=445"}],"version-history":[{"count":1,"href":"https:\/\/www.rume.de\/index.php?rest_route=\/wp\/v2\/posts\/445\/revisions"}],"predecessor-version":[{"id":450,"href":"https:\/\/www.rume.de\/index.php?rest_route=\/wp\/v2\/posts\/445\/revisions\/450"}],"wp:attachment":[{"href":"https:\/\/www.rume.de\/index.php?rest_route=%2Fwp%2Fv2%2Fmedia&parent=445"}],"wp:term":[{"taxonomy":"category","embeddable":true,"href":"https:\/\/www.rume.de\/index.php?rest_route=%2Fwp%2Fv2%2Fcategories&post=445"},{"taxonomy":"post_tag","embeddable":true,"href":"https:\/\/www.rume.de\/index.php?rest_route=%2Fwp%2Fv2%2Ftags&post=445"}],"curies":[{"name":"wp","href":"https:\/\/api.w.org\/{rel}","templated":true}]}}