{"id":443,"date":"2018-01-21T21:43:59","date_gmt":"2018-01-21T20:43:59","guid":{"rendered":"http:\/\/rume.katti.eu\/?p=443"},"modified":"2018-01-23T21:16:10","modified_gmt":"2018-01-23T20:16:10","slug":"aufgelesen-und-kommentiert-2018-01-21","status":"publish","type":"post","link":"https:\/\/www.rume.de\/?p=443","title":{"rendered":"Aufgelesen und kommentiert 2018-01-21"},"content":{"rendered":"<p>\/ Obdachlosigkeit: Jobcenter treibt immer mehr Menschen auf die Stra\u00dfe<br \/>\n\/ Kostenbremse: Siemens schlie\u00dft Stellenabbau nicht aus<br \/>\n\/ Streikrecht f\u00fcr Beamte vor Gericht<br \/>\n\/ Ich kann ja eh nichts \u00e4ndern<br \/>\n\/ Die kurze Liste der SPD-Erfolge<br \/>\n\/ Politik bremste Steuerfahnder aus &#8211; jetzt wechseln sie die Seiten<br \/>\n\/ CarPlay bei BMW im Abo: J\u00e4hrliche Geb\u00fchr f\u00fcr In-Car-System<br \/>\n\/ Breitbandmessung: Nur Bruchteil der Kunden bekommt versprochene Geschwindigkeit<br \/>\n\/ BDI-Chef Kempf verlangt Nutzung von Gesundheitsdaten<br \/>\n\/ NASA best\u00e4tigt Klimawandel: 2017 das zweitw\u00e4rmste Jahr seit Klimaaufzeichnung<br \/>\n\/ Tagesschau-Propaganda f\u00fcr GSG 9-Aufr\u00fcstung<br \/>\n\/ Asylpolitik: &#8222;Es ist eine Schande f\u00fcr den rot-gr\u00fcnen Senat&#8220;<br \/>\n\/ Zyniker des Tages: Europ\u00e4ische Union<br \/>\n\/ DIE LINKE deckt auf: Bundeswehr testet autonom agierende Drohnen<br \/>\n\/ Georg Restle: Kommentar zur Fl\u00fcchtlingskrise<br \/>\n\/ Blinde braune Flecken<br \/>\n\/ Die Staatskarriere des Roman Reusch (AfD)<br \/>\n\/ Trainerwechsel<\/p>\n<p>&#8212;<\/p>\n<p><!--more--><\/p>\n<p>VORAB: <a href='http:\/\/narrenschiffsbruecke.blogspot.de\/2018\/01\/der-bombastische-niedergang-zuruck-ins.html?showComment=1516445363623#c5036242955568351684' class='azc_bbc_url'>Das &#8222;Narrenschiff&#8220; ist nicht mehr!<\/a><br \/>\nWie ich heute erfahren musste, ist Bloggerkollege Charlie, der immer etwas zu vulg\u00e4r und immer etwas zu erregt gegen die Ausw\u00fcchse des Kapitalismus anschrieb, von Bord gegangen. Ich werde ihn vermissen. Und umso wichtiger, dass wir hier weiterk\u00e4mpfen!<\/p>\n<p>&#8212;<\/p>\n<p><a href='http:\/\/www.gegen-hartz.de\/nachrichtenueberhartziv\/jobcenter-treiben-menschen-auf-die-strasse.php' class='azc_bbc_url'>Obdachlosigkeit: Jobcenter treibt immer mehr Menschen auf die Stra\u00dfe<\/a><br \/>\n<span class='azc_bbc_italic'>&#8222;Bis 2018 werden etwa 1,2 Millionen Menschen in Deutschland obdachlos sein. Wesentliche Treiber dieser Entwicklung sind die Jobcenter, die durch ihre fehlerhafte Arbeit mehr und mehr Menschen in Not bringen. Die Methoden, mit denen das Jobcenter agiert, sind dabei unterschiedlich. Das Wohngeld wird nicht auf das korrekte Konto \u00fcberwiesen oder die Kosten f\u00fcr die Wohnung werden nicht genehmigt. Oft werden Leistungsbezieher mehrfach aufgefordert dem Jobcenter Unterlagen zuzuschicken, obwohl dies schon geschehen ist oder das Jobcenter leugnet einfach den Eingang der Dokumente. Ein besonders perfides Mittel ist das Vernichten eingegangener Unterlagen.<\/p>\n<p>All das f\u00fchrt am Ende dazu, dass die Miete nicht rechtzeitig \u00fcberwiesen wird. Die Konsequenzen f\u00fcr die Hartz 4-Bezieher sind fatal, denn sie haben mit R\u00e4umungsklagen und Zwangsr\u00e4umen zu k\u00e4mpfen. Allein in Berlin betr\u00e4gt die Zahl der Zwangsr\u00e4umungen 5.000 bis 7.000 pro Jahr. Das Ende vom Lied ist dann die Obdachlosigkeit.&#8220;<\/span><\/p>\n<p><a href='http:\/\/www.nordbayern.de\/region\/erlangen\/kostenbremse-siemens-schliesst-stellenabbau-nicht-aus-1.7112971' class='azc_bbc_url'>Kostenbremse: Siemens schlie\u00dft Stellenabbau nicht aus<\/a><br \/>\nZitat: <span class='azc_bbc_italic'>&#8222;Siemens hat seine Werbetour f\u00fcr einen der gr\u00f6\u00dften B\u00f6rseng\u00e4nge gestartet, den es je in Deutschland gab. Um seine Medizinsparte f\u00fcr die B\u00f6rse attraktiv zu machen, will Siemens in dem hoch profitablen Bereich die Kosten j\u00e4hrlich um 240 Millionen Euro dr\u00fccken. Der Konzern schlie\u00dft dabei auch Personaleinsparungen ausdr\u00fccklich nicht aus.&#8220;<\/span><\/p>\n<p>Habt ihr es gelesen? Ein hoch profitabler Betrieb! Trotzdem soll &#8222;gespart&#8220; werden? Nat\u00fcrlich bei der Belegschaft. Um die Firma ins Finanzcasino schmeissen zu k\u00f6nnen. Die Renditej\u00e4ger erwarten schliesslich mehr als nur einen hoch profitablen Betrieb. Sie wollen noch mehr Profit herausziehen, als die Mitarbeiter heute schon erarbeiten.<\/p>\n<p>Tja, wie sch\u00f6n w\u00e4re es doch, wenn den Besch\u00e4ftigten der Betrieb (mit-)geh\u00f6ren w\u00fcrde und das Management diesen nicht einfach so verschachern k\u00f6nnte, oder? <a href='http:\/\/www.titanic-magazin.de\/news\/gaertners-kritisches-sonntagsfruehstueck-beton-6932' class='azc_bbc_url'>Aber das w\u00e4re ja Sozialismus, igitt<\/a>. Dann doch lieber Kapitalismus. Ist doch viel sch\u00f6ner, wenn Aktion\u00e4re den dicken Reibach machen, w\u00e4hrend man selber auf <a href='http:\/\/www.wsws.org\/de\/articles\/2014\/12\/06\/opel-d06.html' class='azc_bbc_url'>den &#8222;Sozialplan&#8220; der Gewerkschaft<\/a> angewiesen ist <img class='azc_bbc_image' src='https:\/\/www.rume.de\/smilies\/sarkasm.gif'  \/><\/p>\n<p><a href='http:\/\/www.deutschlandfunk.de\/streikrecht-fuer-beamte-vor-gericht-die-loyalitaet-wird-mit.694.de.html?dram:article_id=408504' class='azc_bbc_url'>Streikrecht f\u00fcr Beamte vor Gericht<\/a><br \/>\nErstklassiges Interview <img class='azc_bbc_image' src='https:\/\/www.rume.de\/smilies\/verehr.gif'  \/><\/p>\n<p>\u00dcbrigens geh\u00f6rt auch das <a href='https:\/\/www.berliner-zeitung.de\/kultur\/literatur\/eva-mueller&#8211;gott-hat-hohe-nebenkosten-von-wegen-nicht-von-dieser-welt-3260804' class='azc_bbc_url'>&#8220;kirchliche Arbeitsrecht&#8220;<\/a> inklusive dem darin verankerten Streikverbot ebenfalls l\u00e4ngst vor Gericht. Es muss JEDER streiken und Widerstand leisten k\u00f6nnen, wenn ihm etwas nicht passt.<\/p>\n<p>Dazu passt auch:<\/p>\n<p><a href='http:\/\/blog.fefe.de\/?ts=a49e4a34' class='azc_bbc_url'>Ich kann ja eh nichts \u00e4ndern<\/a><br \/>\n<span class='azc_bbc_italic'>&#8222;Einige Leser schreiben mir, dass man ja zwischen Regierung und Bev\u00f6lkerung trennen muss. Wahlen bewirken ja eh nichts, der W\u00e4hler hat keine Macht, und was DIE DA OBEN machen, da kann ich hier unten eh nur schulterzucken. Schon gar nicht kann ich daf\u00fcr irgendeine Verantwortung \u00fcbernehmen. Ich habe schlie\u00dflich nicht gew\u00e4hlt bzw. jemand anderen gew\u00e4hlt.&#8220;<\/p>\n<p>Ich glaube ja, dass das Absicht ist. Absichtlich herbeigef\u00fchrt. Aus Sicht der Regierung ist ja nichts nerviger als B\u00fcrger, die sich einmischen. Die wollen einfach nur entspannt durchregieren. Ab und zu mal eine Entscheidung treffen, immer sch\u00f6n die Di\u00e4ten erh\u00f6hen, je weniger Stress mit dem Souver\u00e4n desto besser. Also ist das gesamte System darauf ausgelegt, dem Souver\u00e4n das Gef\u00fchl zu geben, dass seine Stimme keinen Einfluss hat, dass er eh nichts machen kann. Das ist aus Sicht der Regierung absolut notwendig und wichtig, dass die B\u00fcrger nicht das Gef\u00fchl kriegen, ihre Meinung sei gefragt, oder sie seien gar verantwortlich f\u00fcr das Handeln der Regierung, wenn die z.B. US-Drohnenmorde via Ramstein duldet.<\/p>\n<p>Und da frage ich euch: Ja wer denn sonst? Wer ist denn eurer Meinung nach verantwortlich? Die Merkel? Und deshalb konnten wir nichts machen?<\/p>\n<p>Einer schreibt mir gerade: Ja, mit der Argumentation, da w\u00e4re ja auch die US-amerikanische Bev\u00f6lkerung am Irakkrieg Schuld. JA! Ja wer denn sonst!? NAT\u00dcRLICH ist der W\u00e4hler in der Verantwortung daf\u00fcr, was seine Regierung tut! Wer nicht mindestens auf die Stra\u00dfe gegangen ist gegen den Krieg, der tr\u00e4gt mit die Verantwortung.<\/p>\n<p>Unsere Verfassung geht da mit Artikel 20 ja noch einen Schritt weiter als andere und sagt explizit, dass der B\u00fcrger das Recht zum Widerstand hat, wenn andere Abhilfe nicht m\u00f6glich ist. Viel klarer kann man doch gar nicht ausdr\u00fccken, dass der B\u00fcrger in der Verantwortung ist!<\/p>\n<p>Habe ich den Eindruck, dass meine Stimme viel ausmacht? Nein. Na und? Deshalb bin ich doch nicht machtlos! Die regieren da in meinem Namen! Das Mindeste, was ich tun kann und muss, ist mich laut \u00e4u\u00dfern, wenn ich nicht einverstanden bin.&#8220;<\/span><\/p>\n<p><a href='http:\/\/www.spiegel.de\/wirtschaft\/soziales\/spd-die-kurze-liste-der-erfolge-bei-sondierungen-in-sozialpolitik-a-1188234.html' class='azc_bbc_url'>Die kurze Liste der SPD-Erfolge<\/a><br \/>\nDas ehemalige Nachrichtenmagazin vergleicht, was die SPD herausgeholt hat mit dem, was die GR\u00dcNEN gegen CDU\/CSU und FDP (!!) w\u00e4hrend der &#8222;Jamaika&#8220; Sondierungen herausholte. Und das Ergebnis: Einzig die Wiederherstellung gleicher Beitragss\u00e4tze f\u00fcr Arbeitgeber und Arbeitnehmer bei der Krankenversicherung ist ein zus\u00e4tzlicher SPD-Erfolg. Und auf der anderen Seite fehlen (!) im Sondierungspapier sogar Punkte, die &#8222;Jamaika&#8220; wollte &#8211; zum Beispiel, dass die M\u00fctterrente nicht mehr auf die Grundsicherung angerechnet wird. Und auch den Ausstieg vom Klimaziel 2020 h\u00e4tte &#8222;Jamaika&#8220; nicht akzeptiert.<\/p>\n<p>Echte SPD-Themen wie die B\u00fcrgerversicherung und vor allem die Abschaffung der sachgrundlosen Befristung, wurden von der SPD bereits am allerersten Verhandlungstag aufgegeben. Obwohl Martin Schulz noch vor der Bundestagswahl herumt\u00f6nte: <span class='azc_bbc_italic'>&#8222;Wir werden uns mit aller Kraft daf\u00fcr einsetzen und alles daf\u00fcr tun, damit die sachgrundlose Befristung von Arbeitsvertr\u00e4gen abgeschafft wird.&#8220;<\/span> Und vier Tage sp\u00e4ter hat die SPD <a href='https:\/\/daserste.ndr.de\/panorama\/aktuell\/SPD-Soziale-Gerechtigkeit-aber-bitte-nicht-konkret,schulz714.html' class='azc_bbc_url'>genau solch ein Gesetz im Bundestag abgelehnt<\/a>.<\/p>\n<p>Auf auf, Sozialdemokraten, und stimmt TROTZDEM f\u00fcr weitere vier Jahre des Merkel-Durchregierens. Ich hab schon jede Menge Eselsm\u00fctzen f\u00fcr euch <img class='azc_bbc_image' src='https:\/\/www.rume.de\/smilies\/sarkasm.gif'  \/><\/p>\n<p>UPDATE: Haha, die SPD-Trottel haben erwartungsgem\u00e4ss zugestimmt <img class='azc_bbc_image' src='https:\/\/www.rume.de\/smilies\/biggrin.gif'  \/> <span class='azc_bbc_italic'>&#8222;Erleichterung \u00fcber SPD-Entscheidung &#8211; aber Warnung vor zu hohen Erwartungen&#8220;<\/span>, bekomme ich <a href='https:\/\/www.merkur.de\/politik\/erleichterung-und-unkenrufe-reaktionen-auf-spd-parteitag-zr-9545054.html' class='azc_bbc_url'>zu lesen<\/a>. Mal ernsthaft: Hat irgendjemand noch ernsthaft Erwartungen (!) wenn er an die SPD denkt? <img class='azc_bbc_image' src='https:\/\/www.rume.de\/smilies\/laugh.gif'  \/><\/p>\n<p><span class='azc_bbc_italic'>&#8222;Es gehe darum, Verbesserungen f\u00fcr die Menschen in Deutschland zu erreichen&#8220;<\/span>, lese ich ausserdem. Fakt jedoch ist: F\u00fcr die SPD konnte es nur eine einzige Frage geben: Wird nach der SPD-Mitregierungszeit die Schere zwischen Arm und Reich noch weiter auseinander gegangen sein, oder nicht? Wenn sie noch weiter auseinander geht, dann muss man konsequent NEIN sagen. Denn dann hat man n\u00e4mlich KEINE <span class='azc_bbc_italic'>&#8222;Verbesserungen f\u00fcr die Menschen in Deutschland&#8220;<\/span> erreicht &#8211; sondern das Gegenteil.<\/p>\n<p><a href='http:\/\/www.spiegel.de\/wirtschaft\/soziales\/wuppertal-erfolgreiche-steuerfahnder-wechseln-die-seiten-a-1188631.html' class='azc_bbc_url'>Politik bremste Steuerfahnder aus &#8211; jetzt wechseln sie die Seiten<\/a><br \/>\nDas ehemalige Nachrichtenmagazin meldet: <span class='azc_bbc_italic'>&#8222;Die f\u00fchrenden K\u00f6pfe der legend\u00e4ren Steuerfahndung Wuppertal, Sandra H\u00f6fer-Grosjean und Volker Radermacher, haben am vergangenen Mittwoch gebeten, aus dem Beamtenverh\u00e4ltnis entlassen zu werden. Ihre K\u00fcndigung zum 28. Februar markiert das Ende einer Erfolgsgeschichte. Unter ihrem Chef Peter Beckhoff hatte die Beh\u00f6rde dem Staat rund sieben Milliarden Euro eingebracht &#8211; durch die \u00dcberf\u00fchrung von Steuers\u00fcndern und ihnen behilflichen Banken.<\/p>\n<p>Doch mit dem Wahlsieg von CDU und FDP drehte sich in NRW der Wind: H\u00f6fer-Grosjean sollte an ein anderes Amt wechseln, Radermachers Position wackelte. Walter-Borjans vermutet, dass Schwarz-Gelb der eigenen Klientel entgegenkommen will. &#8222;Wuppertal war ein Leuchtturm, der geschleift werden musste&#8220;, sagt er. In der Beh\u00f6rde brach nach den K\u00fcndigungen Entsetzen aus. &#8222;Ohne deren Sachverstand und Kontakte ist das Gesch\u00e4ft mit gekauften Daten am Ende&#8220;, sagte ein Mitarbeiter.&#8220;<\/span><\/p>\n<p>Tja und was macht man aus SOLCH einer Meldung?<\/p>\n<p>&#8211; R\u00fccktritt der Landesregierung fordern?<br \/>\n&#8211; Titelgeschichte?<\/p>\n<p>N\u00f6, dieser Skandal wird mal eben in zwei Abs\u00e4tzen weggemeldet und ist schon morgen vergessen. Wer nochmal genau hatte noch Zweifel daran, dass unsere stets neutrale und objektiv berichtende Qualit\u00e4tspresse zugunsten der Reichen arbeitet?<\/p>\n<p><a href='http:\/\/www.maclife.de\/news\/carplay-bei-bmw-abo-jaehrliche-gebuehr-car-system-10099653.html' class='azc_bbc_url'>CarPlay bei BMW im Abo: J\u00e4hrliche Geb\u00fchr f\u00fcr In-Car-System<\/a><br \/>\n<span class='azc_bbc_italic'>&#8222;Die &#8222;CarPlay Vorbereitung&#8220; f\u00fcr BMWs ab einem Produktionsdatum Juli 2016 oder neuer kostet Sie entweder 110 Euro f\u00fcr 12 Monate oder aber 300 Euro f\u00fcr 36 Monate. Nat\u00fcrlich kommt diese Geb\u00fchr noch zu den Kosten dazu, die f\u00fcr das passende Entertainment-System mit Navigation im Auto vorhanden sein m\u00fcssen, damit CarPlay \u00fcberhaupt funktioniert. Don Smith, Produktmanager f\u00fcr BMW in den USA, erl\u00e4uterte: &#8222;Es g\u00e4be Kunden, die CarPlay gar nicht nutzen und solche, die irgendwann von iOS zu Android wechseln. Die w\u00fcrden dann deutlich flexibler mit dem neuen 12-monatigen Abo.&#8220;<\/span><\/p>\n<p>Aus meiner Sicht bieten sich da noch viel mehr M\u00f6glichkeiten zur Profitmaximierung. Zum Beispiel k\u00f6nnte man die Innenraumheizung ja auch f\u00fcr die ersten drei Jahre &#8222;kostenlos&#8220; vergeben &#8211; und wer nach Ablauf der drei Jahre mehr als 15 Grad heizen m\u00f6chte, der zahlt dann eben sein Heizungsabo. <span class='azc_bbc_italic'>&#8222;Buchen sie noch heute und bekommen 10 Tage Klimanutzung gratis dazu.&#8220;<\/span><\/p>\n<p>Den Kapitalismus einfach mal weiter denken <img class='azc_bbc_image' src='https:\/\/www.rume.de\/smilies\/nasiehste.gif'  \/><\/p>\n<p>Und als BMW-Produktmanager w\u00fcsste ich auch, wie ich diese App vermarkten w\u00fcrde: <span class='azc_bbc_italic'>&#8222;Es g\u00e4be Kunden, die ihre Heizung oder Klimaanlage selten nutzen und stattdessen lieber ein bisschen frieren und schwitzen m\u00f6chten. Die w\u00fcrden dann deutlich flexibler mit dem neuen 12-monatigen Abo.&#8220;<\/span><\/p>\n<p><a href='https:\/\/netzpolitik.org\/2018\/breitbandmessung-wenn-deine-internetverbindung-ein-backofen-waere' class='azc_bbc_url'>Breitbandmessung: Nur Bruchteil der Kunden bekommt versprochene Geschwindigkeit<\/a><br \/>\n<span class='azc_bbc_italic'>&#8222;Die Bundesnetzagentur hat den Jahresbericht Breitbandmessung herausgegeben. Die Ergebnisse sind erschreckend: Nur ein Bruchteil der Kunden bekommt die versprochene Geschwindigkeit. Sage und schreibe 95,5 Prozent aller Telekom-Kunden surfen mobil nur mit halber Geschwindigkeit. Auch bei anderen Anbietern sieht es nicht gut aus.&#8220;<\/span><\/p>\n<p>Das ist eben das Sch\u00f6ne daran, wenn man mit der Erlaubnis der Bundesregierung Werbespr\u00fcche produzieren darf, in denen mit &#8222;bis zu&#8220; geworben wird.<\/p>\n<p>&#8211; Tanke sie jetzt bis zu 1 Liter Diesel<br \/>\n&#8211; Kaufen sie eine Packung Toastbrot mit bis zu 20 Scheiben<br \/>\n&#8211; G\u00f6nnen sie sich den neuen VW Polo mit bis zu 90 PS<\/p>\n<p>Und tats\u00e4chlich bekommen dann 95,5 Prozent aller K\u00e4ufer gerade einmal die H\u00e4lfte (!) der versprochenen Leistung. Und man hat dank CDU\/CSU und SPD keinen Anspruch darauf, auch den Kaufpreis anschliessend um die H\u00e4lfte zu senken. Das ist die &#8222;Breitbandoffensive&#8220; hier in Deutschland, von der die GroKo schon seit vielen vielen Jahren herumschwadroniert.<\/p>\n<p><a href='https:\/\/www.presseportal.de\/pm\/6570\/3836487' class='azc_bbc_url'>BDI-Chef Kempf verlangt Nutzung von Gesundheitsdaten<\/a><br \/>\n<span class='azc_bbc_italic'>&#8222;Deutschland muss die Chancen, die sich durch die Digitalisierung ergeben, viel st\u00e4rker nutzen&#8220;<\/span>, verlangte BDI-Pr\u00e4sident Dieter Kempf. Der BDI habe deshalb eine neue Initiative &#8222;Gesundheit digital&#8220; gestartet. Der Schl\u00fcssel zum Erfolg sei die F\u00e4higkeit, gro\u00dfe Datenmengen zu erheben, zu \u00fcbertragen und zu verarbeiten. <span class='azc_bbc_italic'>&#8222;Die k\u00fcnftige Bundesregierung muss rasch die gesetzlichen Grundlagen f\u00fcr die Nutzung von Gesundheitsdaten schaffen&#8220;<\/span>, forderte Kempf.<\/p>\n<p>Und Leute? Habt ihr gemerkt, um was es hier geht, wenn er die <a href='https:\/\/twitter.com\/claudioluck\/status\/954083420652691456' class='azc_bbc_url'>&#8220;Nutzung von Gesundheitsdaten&#8220;<\/a> einfordert?<\/p>\n<p>Kleines Beispiel: Man k\u00f6nnte doch Heilungskosten daran koppeln, wie hoch die Wahrscheinlichkeit des Patienten ist, f\u00fcr die kapitalistische Verwertung wieder einsatzf\u00e4hig gemacht zu werden. Wenn die Operationskosten h\u00f6her sind als der Nutzen, dann zahlt man die Differenz eben aus der eigenen Tasche obendrauf &#8211; oder man wird wieder nach Hause geschickt. Damit schl\u00e4gt man gleich zwei Fliegen mit einer Klappe: Es gibt keine &#8222;unn\u00f6tigen Operationen&#8220; mehr. Und eine sp\u00fcrbare Senkung der Krankenkassenbeitr\u00e4ge ist sicherlich auch noch drin.<\/p>\n<p>Man muss den Kapitalismus nur mal konsequent weiterdenken, um zu erkennen, worauf wir l\u00e4ngst zusteuern. Genforschungen zum Berechnen der Lebenserwartung bzw. der Anf\u00e4lligkeit f\u00fcr Krankheiten gibt es schon lange. Fehlt nur noch, dass diese Daten auch kommerziell von Pharmakonzernen verwertet werden d\u00fcrfen. Und was nochmal genau fordert der BDI-Chef?<\/p>\n<p><a href='https:\/\/heise.de\/-3946295' class='azc_bbc_url'>NASA best\u00e4tigt Klimawandel: 2017 das zweitw\u00e4rmste Jahr seit Klimaaufzeichnung<\/a><br \/>\n<span class='azc_bbc_italic'>&#8222;Das vergangene Jahr war laut der US-Weltraumagentur NASA das weltweit zweitw\u00e4rmste seit Beginn der globalen Aufzeichnungen 1880. Nur 2016 war demnach noch w\u00e4rmer. Rechnet man die Effekte der j\u00fcngsten Anomalien &#8222;El Nino&#8220; und &#8222;La Nina&#8220; im Pazifik heraus, w\u00e4re 2017 sogar das w\u00e4rmste seit 1880.&#8220;<\/span><\/p>\n<p>Na zum Gl\u00fcck wollen CDU\/CSU und SPD auch keinen Handschlag mehr r\u00fchren, um diese globale Erhitzung abzubremsen &#8211; und haben direkt am allerersten Sondierungstag das Klimaziel in den Papierkorb geworfen. Aber hey: Klimar\u00fcpel und Umweltsau sind nat\u00fcrlich nicht Merkel oder Schulz, sondern einzig und allein Trump <img class='azc_bbc_image' src='https:\/\/www.rume.de\/smilies\/sarkasm.gif'  \/><\/p>\n<p><a href='https:\/\/publikumskonferenz.de\/forum\/viewtopic.php?f=44&#038;t=2398' class='azc_bbc_url'>Tagesschau-Propaganda f\u00fcr GSG 9-Aufr\u00fcstung<\/a><br \/>\nEin Musterbeispiel daf\u00fcr, wie die \u00d6ffentlich-Rechten uns die PR-Meldungen der Bundesregierung als positive Nachricht verkaufen.<\/p>\n<p>Aber hey: Angesichts der zu erwartenden sozialen Spannungen kann es nie schaden, die Polizei- und Unterdr\u00fcckungsmaschine weiter aufzur\u00fcsten. Die Bundesregierung weiss n\u00e4mlich ganz genau, was sie tun muss, damit Privatisierungen, Freihandel, Auslandskriege und sozialer Kahlschlag fortgef\u00fchrt werden k\u00f6nnen.<\/p>\n<p><a href='https:\/\/www.jungewelt.de\/artikel\/325514.html' class='azc_bbc_url'>Asylpolitik: &#8222;Es ist eine Schande f\u00fcr den rot-gr\u00fcnen Senat&#8220;<\/a><br \/>\nNach 35 Jahren in Hamburg droht einem linken Journalisten die Abschiebung in die T\u00fcrkei. Dort erwartet den Erdogan-Kritiker Gef\u00e4ngnis.<\/p>\n<p><a href='https:\/\/www.jungewelt.de\/artikel\/325619.html' class='azc_bbc_url'>Zyniker des Tages: Europ\u00e4ische Union<\/a><br \/>\nDie EU hat eine Plakataktion (\u00bbEurop\u00e4ische Union rettet, sch\u00fctzt, st\u00e4rkt\u00ab) gestartet, in der sie damit wirbt, wie sehr ihr am Schutz von Kindern in aller Welt gelegen ist. Wie gleichg\u00fcltig der EU das Schicksal der Kinder tats\u00e4chlich ist, f\u00fchrte aller Welt das Bild des in Griechenland ertrunken am Strand liegenden dreij\u00e4hrigen Aylan Kurdi vor. Und in Deutschland ist es auch der Umgang mit dem Recht auf Familiennachzug, der zeigt, dass der Regierung mitnichten am Schutz von Kindern gelegen ist. An dieser menschenverachtenden Haltung hat sich nichts ge\u00e4ndert.<\/p>\n<p>An den Kriegen in Nahost verdienen EU-R\u00fcstungsfirmen Milliarden. Jetzt werden ein paar Euro f\u00fcr Plakate spendiert, um das Gewissen zu entlasten.<\/p>\n<p><a href='https:\/\/www.german-foreign-policy.com\/news\/detail\/7505' class='azc_bbc_url'>DIE LINKE deckt auf: Bundeswehr testet autonom agierende Drohnen<\/a><br \/>\nAlles nat\u00fcrlich f\u00fcr den Frieden, versteht sich <img class='azc_bbc_image' src='https:\/\/www.rume.de\/smilies\/sarkasm.gif'  \/><\/p>\n<p><a href='http:\/\/www.tagesschau.de\/multimedia\/video\/video-366213.html' class='azc_bbc_url'>Georg Restle: Kommentar zur Fl\u00fcchtlingskrise<\/a><br \/>\n<span class='azc_bbc_italic'>&#8222;Na also, geht doch: Die Fl\u00fcchtlingszahlen sinken. Die Bundesregierung atmet auf. Die Fl\u00fcchtlingskrise vorbei, als w\u00fcrde ein Spuk zu Ende gehen. Nur dass es eben kein Spuk ist, sondern immer noch bittere Realit\u00e4t. Nein, diese so genannte Fl\u00fcchtlingskrise ist noch lange nicht vor\u00fcber. Ganz im Gegenteil. Sie findet jetzt nur nicht mehr vor unseren Augen statt. Aber in Syrien, wo in diesen Tagen Hunderttausend auf der Flucht sind vor einer Gro\u00dfoffensive der syrischen Armee. Menschen, die aus Syrien nicht raus- und nach Europa nicht reinkommen. Auch aus Eritrea versuchen immer noch Tausende zu fliehen, weil ihnen dort Folter, Zwangsarbeit und willk\u00fcrliche Verhaftungen drohen. Und in Afghanistan begann das neue Jahr, wie das alte endete: Mit blutigen Anschl\u00e4gen, denen die Zivilbev\u00f6lkerung schutzlos ausgeliefert ist.<\/p>\n<p>Wie gut, dass wir uns die Folgen dieses Elends hier nicht mehr antun m\u00fcssen. Daf\u00fcr hat Europa, daf\u00fcr hat die Bundesregierung gesorgt: Im Mittelmeer zum Beispiel, wo wir gegen alle Regeln des V\u00f6lkerrechts libysche Milizen aufr\u00fcsten, die Fl\u00fcchtlinge auf offener See verrecken lassen oder in Foltercamps zur\u00fcckbringen. Oder in Griechenland, wo wir Familien mit ihren Kinder unter erb\u00e4rmlichen Umst\u00e4nden vor sich hinvegetieren lassen &#8211; getrieben vom zynischen Kalk\u00fcl, es m\u00f6ge m\u00f6glichst viele abschrecken nach Europa zu kommen. Oder in Afrika, wo die Bundesregierung keinerlei Hemmungen hat mit den schlimmsten Diktaturen zu kooperieren &#8211; um die Fl\u00fcchtlinge schon in der W\u00fcste aufzuhalten, wo viele elendig zugrunde gehen. Weit weg von Europa: Aus den Augen, aus dem Sinn.<\/p>\n<p>Ja, die Fl\u00fcchtlingszahlen in Deutschland sinken. Aber wir sollten uns nichts vormachen: Daf\u00fcr hat Europa seine Seele verkauft &#8211; mit tatkr\u00e4ftiger Unterst\u00fctzung der Bundesregierung. Die Folgen der Fl\u00fcchtlingskrise seien bew\u00e4ltigt, sagte der Bundesinnenminister heute. Vielleicht kann er jetzt ja ruhiger schlafen. Ich kann es nicht.&#8220;<\/span><\/p>\n<p><a href='http:\/\/www.mediendienst-ost.de\/blinde-braune-flecken' class='azc_bbc_url'>Blinde braune Flecken<\/a><br \/>\nNach dem Auffliegen des NSU gab es ein Versprechen. Nie wieder wollten Journalisten rechte Gewalt \u00fcbersehen. Jetzt ist die Gewalt gegen Fl\u00fcchtlinge und Andersdenkende auf Rekordniveau, aber f\u00fcr viele Medien ist das kein Thema. Oder haben sie schon mal \u00fcber Colditz gelesen? Eine gro\u00dfe Reportage? Nein, nie geh\u00f6rt? Warum eigentlich?<\/p>\n<p><a href='https:\/\/dvwelt.wordpress.com\/2018\/01\/19\/kleine-klapperschlangen' class='azc_bbc_url'>Die Staatskarriere des Roman Reusch (AfD)<\/a><br \/>\nW\u00e4hrend es gegen &#8222;zu linke&#8220; Staatsbedienstete jederzeit Repressalien und Karriereblockaden &#8211; <a href='http:\/\/www.zeit.de\/2013\/29\/berufsverbote-radikalenerlass-1972' class='azc_bbc_url'>bis hin zu Staatss\u00e4uberungsgesetzen (!!)<\/a> &#8211; gab, werden verfassungsfeindliche Rechtsausleger sogar zum Leitenden Oberstaatsanwalt bef\u00f6rdert, um <span class='azc_bbc_italic'>&#8222;gr\u00f6sseren Schaden zu verhindern&#8220;<\/span> <img class='azc_bbc_image' src='https:\/\/www.rume.de\/smilies\/sarkasm.gif'  \/><\/p>\n<p>Und zu guter Letzt:<\/p>\n<p><a href='https:\/\/de.toonpool.com\/cartoons\/Trainerwechsel_307699' class='azc_bbc_url'>Trainerwechsel<\/a><br \/>\n&#8230;.<\/p>\n","protected":false},"excerpt":{"rendered":"<p>\/ Obdachlosigkeit: Jobcenter treibt immer mehr Menschen auf die Stra\u00dfe \/ Kostenbremse: Siemens schlie\u00dft Stellenabbau nicht aus \/ Streikrecht f\u00fcr Beamte vor Gericht \/ Ich kann ja eh nichts \u00e4ndern \/ Die kurze Liste der SPD-Erfolge \/ Politik bremste Steuerfahnder aus &#8211; jetzt wechseln sie die Seiten \/ CarPlay bei BMW im Abo: J\u00e4hrliche Geb\u00fchr &hellip; <a href=\"https:\/\/www.rume.de\/?p=443\" class=\"more-link\"><span class=\"screen-reader-text\">\u201eAufgelesen und kommentiert 2018-01-21\u201c <\/span>weiterlesen<\/a><\/p>\n","protected":false},"author":1,"featured_media":0,"comment_status":"open","ping_status":"closed","sticky":false,"template":"","format":"standard","meta":{"footnotes":""},"categories":[2],"tags":[],"class_list":["post-443","post","type-post","status-publish","format-standard","hentry","category-aufgelesen"],"_links":{"self":[{"href":"https:\/\/www.rume.de\/index.php?rest_route=\/wp\/v2\/posts\/443","targetHints":{"allow":["GET"]}}],"collection":[{"href":"https:\/\/www.rume.de\/index.php?rest_route=\/wp\/v2\/posts"}],"about":[{"href":"https:\/\/www.rume.de\/index.php?rest_route=\/wp\/v2\/types\/post"}],"author":[{"embeddable":true,"href":"https:\/\/www.rume.de\/index.php?rest_route=\/wp\/v2\/users\/1"}],"replies":[{"embeddable":true,"href":"https:\/\/www.rume.de\/index.php?rest_route=%2Fwp%2Fv2%2Fcomments&post=443"}],"version-history":[{"count":4,"href":"https:\/\/www.rume.de\/index.php?rest_route=\/wp\/v2\/posts\/443\/revisions"}],"predecessor-version":[{"id":455,"href":"https:\/\/www.rume.de\/index.php?rest_route=\/wp\/v2\/posts\/443\/revisions\/455"}],"wp:attachment":[{"href":"https:\/\/www.rume.de\/index.php?rest_route=%2Fwp%2Fv2%2Fmedia&parent=443"}],"wp:term":[{"taxonomy":"category","embeddable":true,"href":"https:\/\/www.rume.de\/index.php?rest_route=%2Fwp%2Fv2%2Fcategories&post=443"},{"taxonomy":"post_tag","embeddable":true,"href":"https:\/\/www.rume.de\/index.php?rest_route=%2Fwp%2Fv2%2Ftags&post=443"}],"curies":[{"name":"wp","href":"https:\/\/api.w.org\/{rel}","templated":true}]}}