{"id":427,"date":"2017-10-26T23:44:26","date_gmt":"2017-10-26T21:44:26","guid":{"rendered":"http:\/\/rume.katti.eu\/?p=427"},"modified":"2017-10-27T00:09:25","modified_gmt":"2017-10-26T22:09:25","slug":"aufgelesen-und-kommentiert-2017-10-26","status":"publish","type":"post","link":"https:\/\/www.rume.de\/?p=427","title":{"rendered":"Aufgelesen und kommentiert 2017-10-26"},"content":{"rendered":"<p>\/ Kinderarmut: In Hagen lebt fast jedes dritte Kind von Hartz IV<br \/>\n\/ Dauerzustand: Jedes dritte Kind in Bremerhaven lebt von Hartz IV<br \/>\n\/ 41 Prozent der Kinder in Gelsenkirchen erhalten Hartz IV<br \/>\n\/ Fast zwei Millionen Kinder in Deutschland sind auf Hartz IV angewiesen<br \/>\n\/ Berliner Tiergarten: Medienkampagne zur Verteibung Obdachloser<br \/>\n\/ Air-Berliner werden nicht aufgefangen<br \/>\n\/ Wegen Mangel an regul\u00e4ren Jobs: Zahl der Solo-Selbstst\u00e4ndigen gestiegen<br \/>\n\/ CDU-Frankfurt nahm illegale Parteispende aus Aserbaidschan an &#8211; keine Strafe<br \/>\n\/ Jamaika-Parteien einigen sich auf Schuldenbremse, Steuersenkung und Privatisierung<br \/>\n\/ Baden-W\u00fcrttemberg: GR\u00dcNES Verkehrschaos<br \/>\n\/ \u00dcberfallene Frauen auf Facebook &#8211; Alles deutsche Frauen?<br \/>\n\/ ZDF-Recherche: Fl\u00fcchtlinge wurden in Prostitution vermittelt<br \/>\n\/ EU-Parlament beschlie\u00dft biometrische Grenzkontrolle<br \/>\n\/ Der Propaganda-Artikel des Tages<br \/>\n\/ US-Milit\u00e4r will Drohnenschw\u00e4rme f\u00fcr den St\u00e4dtekrieg<br \/>\n\/ Hack-Angriff macht aus smarten Staubsaugern Spionage-Tools<br \/>\n\/ Chancen in Deutschland<\/p>\n<p>&#8212;<\/p>\n<p><!--more--><\/p>\n<a href='https:\/\/www.wp.de\/region\/sauer-und-siegerland\/in-hagen-lebt-fast-jede-dritte-kind-von-hartz-iv-id212349795.html' class='azc_bbc_url'>Kinderarmut: In Hagen lebt fast jedes dritte Kind von Hartz IV<\/a>\n<a href='https:\/\/nord24.de\/bremerhaven\/dauerzustand-jedes-dritte-kind-in-bremerhaven-lebt-von-hartz-iv' class='azc_bbc_url'>Dauerzustand: Jedes dritte Kind in Bremerhaven lebt von Hartz IV<\/a>\n<a href='https:\/\/www.wr.de\/politik\/noch-nie-waren-so-viele-kinder-auf-hartz-iv-angewiesen-id212346305.html' class='azc_bbc_url'>41 Prozent der Kinder in Gelsenkirchen erhalten Hartz IV<\/a>\n<a href='https:\/\/rtlnext.rtl.de\/cms\/fast-zwei-millionen-kinder-in-deutschland-sind-auf-hartz-iv-angewiesen-4131030.html' class='azc_bbc_url'>Fast zwei Millionen Kinder in Deutschland sind auf Hartz IV angewiesen<\/a>\n<p>Ganz normale Nachrichtenmeldungen aus unserem kapitalistischen Paradies. Heute eben schnell weggemeldet und morgen schon wieder vergessen. Keine TV-Talkshows dar\u00fcber, keine Fragen dazu in den sogenannten &#8222;Kanzlerduellen&#8220;, keinerlei journalistisches Nachhaken wenn man mal einen Regierungspolitiker im Interview hat &#8211; es wird lediglich so &#8222;als Nachricht durchgegeben&#8220; und direkt wieder vergessen. Und das, obwohl mehrere Millionen (!) Menschen in Deutschland davon betroffen sind.<\/p>\n<p>Wovon nur sehr sehr wenige B\u00fcrger betroffen sind, dar\u00fcber wird allerdings jede Menge berichtet, nachgefragt und nachgehakt: Terroranschl\u00e4ge, \u00dcberfremdungsangst und Reichenbesteuerung. Fast k\u00f6nnte man meinen, die Presse w\u00e4re eine &#8222;Presse der Reichen&#8220; <img class='azc_bbc_image' src='https:\/\/www.rume.de\/smilies\/sarkasm.gif'  \/><\/p>\n<p>&nbsp;<\/p>\n<p><a href='https:\/\/www.jungewelt.de\/artikel\/320791.html' class='azc_bbc_url'>Berliner Tiergarten: Medienkampagne zur Verteibung Obdachloser<\/a><br \/>\nWas macht man als Regierung, wenn man die selber produzierte Massenarmut vertuschen will? Richtig, man bastelt sich S\u00fcndenb\u00f6cke, die an ihrer Lage selber schuld sind. So passiert das auch gerade rund um den Berliner Tiergarten. Statt konsequente Armutsprogramme zu starten, entscheiden sich SPD und LINKE stattdessen daf\u00fcr, die Obdachlosen zu vertreiben. Und daf\u00fcr arbeiten sie gemeinsam mit den Medien, die mit Berichten \u00fcber vermeintliche Drogenexzesse und Prostitution im Tiergarten f\u00fcr &#8222;die n\u00f6tige Stimmung&#8220; in der Bev\u00f6lkerung sorgt, um die rot-roten S\u00e4uberungen zu rechtfertigen.<\/p>\n<p>Unn\u00f6tig zu erw\u00e4hnen, dass es NIEMALS eine Zeitungskampagne geben wird, die die Armut in einen direkten Zusammenhang zum exzessiven Reichtum der obersten 10 Prozent stellt &#8211; und das dann anprangert unter dem Motto: &#8222;Sch\u00e4mt ihr euch nicht f\u00fcr euren Reichtum angesichts immer weiter steigender Armut?&#8220;<\/p>\n<p>Wie gesagt: Fast k\u00f6nnte man meinen, die Presse w\u00e4re eine &#8222;Presse der Reichen&#8220; <img class='azc_bbc_image' src='https:\/\/www.rume.de\/smilies\/sarkasm.gif'  \/><\/p>\n<p>&nbsp;<\/p>\n<p><a href='https:\/\/www.neues-deutschland.de\/artikel\/1068165.html' class='azc_bbc_url'>Air-Berliner werden nicht aufgefangen<\/a><br \/>\n150 Millionen Euro Steuergeld, damit die Lufthansa reibungslos neue Billigarbeiter zugeschanzt bekommt? Kein Problem, die Summe wird noch \u00fcber Nacht auf dem kurzen Dienstweg auf den Tisch geschmissen.<\/p>\n<p>30 Millionen Euro als Armutsgew\u00f6hnungsgeld f\u00fcr die entlassenen Air-Berliner? Nicht einen einzigen Cent gibt es! Weder von den Landesregierungen, nicht vom Bund und erst recht nicht von der Lufthansa, die gerade wieder <a href='http:\/\/www.spiegel.de\/wirtschaft\/unternehmen\/lufthansa-airline-macht-milliardengewinn-a-1174680.html' class='azc_bbc_url'>einen Rekordgewinn von 1,5 Milliarden Euro meldet<\/a>.<\/p>\n<p>Ist der Kapitalismus nicht toll? Viel zu sch\u00f6n, um ihn \u00fcberwinden zu wollen <img class='azc_bbc_image' src='https:\/\/www.rume.de\/smilies\/sarkasm.gif'  \/><\/p>\n<p>&nbsp;<\/p>\n<p><a href='http:\/\/www.n-tv.de\/wirtschaft\/Zahl-der-Solo-Selbststaendigen-gestiegen-article20100641.html' class='azc_bbc_url'>Wegen Mangel an regul\u00e4ren Jobs: Zahl der Solo-Selbstst\u00e4ndigen gestiegen<\/a><br \/>\nRund 2,5 Millionen Menschen, die sich komplett selbst ausbeuten, weil sie keine existenzsichernde Arbeit finden. Ab wann nochmal genau diskutieren wir endlich \u00fcber eine gesellschaftliche Mindestteilhabe?<\/p>\n<p>&nbsp;<\/p>\n<p><a href='https:\/\/www.abgeordnetenwatch.de\/blog\/2017-10-25\/aserbaidschan-cdu-parteispende-socar' class='azc_bbc_url'>CDU-Frankfurt nahm illegale Parteispende aus Aserbaidschan an &#8211; keine Strafe<\/a><br \/>\nSchmiergeldzahlungen aus dem Ausland sind eigentlich verboten. Aber wie so oft, bedient sich die CDU eines Tricks: Das Geld des \u00d6lkonzerns kam von einem deutschen Konto, jahrelang hielt man dann die Bekanntgabe der Parteikasse zur\u00fcck (&#8222;haben wir noch nie ver\u00f6ffentlicht&#8220;) und schanzte sp\u00e4ter das Geld an die Bundes-CDU. Und laut Parteispendengesetz kann die Bundespartei nicht f\u00fcr die illegalen Machenschaften ihrer Landesparteien haftbar gemacht werden &#8211; fertig.<\/p>\n<p>Das hochrangige CDU-Bonzen anschliessend auch noch auf Kosten dieses \u00d6lkonzerns durch die Welt fliegen und bestens umsorgt wurden, interessiert dann auch niemanden mehr. <span class='azc_bbc_italic'>&#8222;Die Spende sei im Rahmen seiner sozialen Verantwortung erfolgt&#8220;<\/span>, so der Bericht. Und wenn man berechtigte soziale Sorgen haben muss, dann sicherlich um hochrangige CDU-Bonzen <img class='azc_bbc_image' src='https:\/\/www.rume.de\/smilies\/sarkasm.gif'  \/><\/p>\n<p>&nbsp;<\/p>\n<p><a href='http:\/\/www.wsws.org\/de\/articles\/2017\/10\/26\/jama-o26.html' class='azc_bbc_url'>Jamaika-Parteien einigen sich auf Schuldenbremse, Steuersenkung und Privatisierung<\/a><br \/>\n<span class='azc_bbc_italic'>&#8222;In einem Eckpunkte-Papier wurden drei Bereiche festgelegt:<\/p>\n<p>&#8211; Erstens: Einhaltung der Schuldenbremse und Festhalten an der &#8222;schwarzen Null&#8220;.<br \/>\n&#8211; Zweitens: Steuerliche Entlastungsma\u00dfnahmen f\u00fcr Unternehmen und Reiche.<br \/>\n&#8211; Drittens: Umfassende Privatisierungsma\u00dfnahmen von Staatsunternehmen oder -beteiligungen.<\/p>\n<p>Ein genauerer Blick auf die finanzpolitischen Leitlinien des Jamaika-B\u00fcndnisses zeigt, dass die unsoziale Politik der Gro\u00dfen Koalition, die den beiden bisherigen Regierungsparteien massive Stimmenverluste einbrachte, deutlich versch\u00e4rft werden soll.<\/p>\n<p>Konsequente Einhaltung der Schuldenbremse bedeutet Fortsetzung der brutalen K\u00fcrzungspolitik von Ex-Finanzminister Wolfgang Sch\u00e4uble (CDU). Die Schuldenbremse war das wichtigste Instrument von Sch\u00e4ubles Sparpolitik, die zu katastrophalen Zust\u00e4nden an Schulen, Krankenh\u00e4usern, Pflegeeinrichtungen und bei der Infrastruktur gef\u00fchrt hat. Sie verbietet Bund, L\u00e4ndern und Kommunen seit 2010, neue Schulden aufzunehmen, und verpflichtet sie stattdessen zu Sozialk\u00fcrzungen, Entlassungen und Privatisierungen.<\/p>\n<p>Dazu kommen steuerliche Entlastungsma\u00dfnahmen f\u00fcr Unternehmen und Reiche, die vor allem die FDP f\u00fcr ihre Unternehmerklientel fordert. Zum Beispiel soll die Abschreibung von Anlageverm\u00f6gen beschleunigt und verbessert, eine steuerliche Forschungs- und Entwicklungsf\u00f6rderung eingef\u00fchrt und der Solidarit\u00e4tszuschlag abgebaut werden, mit dem bisher wirtschaftlich schwache Regionen in Ostdeutschland unterst\u00fctzt wurden.<\/p>\n<p>Die GR\u00dcNEN spielen eine Schl\u00fcsselrolle bei den massiven Angriffen, die mit diesen Wirtschafts- und Finanzpl\u00e4nen verbunden sind. Die Verhandlungsf\u00fchrer der Union und der FDP waren \u00fcber die Zustimmungsbereitschaft der GR\u00dcNEN-Delegation \u00fcberrascht. FDP-Chef Lindner jubelte auf Twitter, eine &#8222;finanzpolitische Trendwende&#8220; sei in den Bereich des M\u00f6glichen ger\u00fcckt. Seine Generalsekret\u00e4rin Nicola Beer sprach von einem &#8222;\u00fcberraschend guten Gespr\u00e4chsergebnis&#8220;.<\/p>\n<p>J\u00fcrgen Trittin koordiniert f\u00fcr die GR\u00dcNEN den Bereich Wirtschaft und Finanzen in den Sondierungsgespr\u00e4chen. Der fr\u00fchere Umweltminister hatte bereits in der rot-gr\u00fcnen Bundesregierung unter Gerhard Schr\u00f6der und Joschka Fischer eine wichtige Rolle gespielt. Er trat als Vertreter des linken Parteifl\u00fcgels auf und entwickelte die Argumente, mit denen die sozialen Angriffe der Agenda 2010, der Kriegseinsatz im Kosovo und der Abbau demokratischer Rechte gerechtfertigt wurden. So ist es auch heute wieder.&#8220;<\/span> <a href='http:\/\/www.wsws.org\/de\/articles\/2017\/10\/26\/jama-o26.html' class='azc_bbc_url'>Weiterlesen&#8230;<\/a><\/p>\n<p>Dazu passt auch:<\/p>\n<p><a href='https:\/\/www.kontextwochenzeitung.de\/politik\/343\/gruenes-verkehrschaos-4668.html' class='azc_bbc_url'>Baden-W\u00fcrttemberg: GR\u00dcNES Verkehrschaos<\/a><br \/>\nSehr sch\u00f6n den GR\u00dcNEN den Spiegel vorgehalten, welche dicken Spr\u00fcche sie noch als Opposition gespuckt hatten &#8211; und wie kleinlaut sie nun <a href='http:\/\/www.ossietzky.net\/19-2017&amp;textfile=4097' class='azc_bbc_url'>die vors\u00e4tzliche Atemwegsvergiftungen mit Todesfolge<\/a> verwalten.<\/p>\n<p>Kurzer Auszug: <span class='azc_bbc_italic'>&#8222;Der Wahlspruch &#8222;Wir haben die Erde von unseren Kindern nur geborgt&#8220; war gerade geboren, als Fritz Kuhn 1984 zum ersten Mal in den Landtag von Baden-W\u00fcrttemberg einzog und in einer der ersten Sitzungen eine flammende Rede zur Reduzierung von Schadstoffemissionen in Kraftfahrzeugen hielt. Ungez\u00e4hlte folgen. Heute, in der Regierung angekommen, werden die GR\u00dcNEN pl\u00f6tzlich mutlos und l\u00e4sst sie weit zur\u00fcckfallen hinter ihre eigenen Forderungen nach Umsteuerung, nach einer City-Maut, nach Verkehrsbeschr\u00e4nkungen, Tempolimits oder ambitionierten Grenzwerten.<\/p>\n<p>Laut einer j\u00fcngst ver\u00f6ffentlichten Mobilit\u00e4tsstudie m\u00fcsste zur Grenzwerteinhaltung ein ganzes Ma\u00dfnahmenb\u00fcndel geschn\u00fcrt werden mit Einfahrverboten, mit innerst\u00e4dtischen Tempolimits, einem restriktiven Parkraummanagement und Mautgeb\u00fchren. Der \u00f6ffentliche Verkehr m\u00fcsse besser und billiger werden und Autofahren im Gegenzug unattraktiver und teurer, so die Autoren. Fr\u00fcher w\u00e4re den Wissenschaftlern der GR\u00dcNE Beifall f\u00fcr solche S\u00e4tze gewiss gewesen, als sie von der heutigen Machtf\u00fclle nicht einmal tr\u00e4umen konnten.&#8220;<\/span><\/p>\n<p>&nbsp;<\/p>\n<p><a href='https:\/\/www.mimikama.at\/facebook\/ueberfallene-frauen' class='azc_bbc_url'>\u00dcberfallene Frauen auf Facebook &#8211; Alles deutsche Frauen?<\/a><br \/>\nDerzeit kursiert wohl auf Facebook ein zusammengestelltes Foto mit mehreren misshandelten Frauen darauf, die angeblich alle in Deutschland oder wahlweise auch \u00d6sterreich verletzt wurden &#8211; nat\u00fcrlich gerne auch mit dem unterschwelligen Hinweis, diese Brutalit\u00e4t k\u00e4me von Ausl\u00e4ndern\/Fl\u00fcchtlingen. Der Faktencheck aber zeigt: Es handelt sich ausnahmslos um Personen aus dem Ausland, teil von der Polizei zusammengeschlagen, teils vom eigenen Ehemann, teils von anderen Frauen &#8211; oder sogar um ein Beispielbild aus einer Make-Up-Galerie f\u00fcr Models.<\/p>\n<p>Zynischer Lacher am Rande: Eines der Fotos zeigt sogar einen \u00fcberfallenen Mann.<\/p>\n<p>Und Nein, das Problem ist damit noch lange nicht aus der Welt. Und die Gewalt gegen Frauen (bzw. generell gegen andere Menschen) sind ein Problem. \u00dcber letztlich nichts anderes als die (meist politisch gewollte) Gewalt gegen Menschen und deren Menschenrechte blogge ich hier schon seit Jahren.<\/p>\n<p>&nbsp;<\/p>\n<p><a href='https:\/\/www.neues-deutschland.de\/artikel\/1068167.html' class='azc_bbc_url'>ZDF-Recherche: Fl\u00fcchtlinge wurden in Prostitution vermittelt<\/a><br \/>\nUnd die Vermittlung \u00fcbernahm dann grossz\u00fcgig der Security-Dienst. Auch bei Minderj\u00e4hrigen. Da wurde die &#8222;Deutsche Willkommenskultur&#8220; mit gleichzeitiger Bek\u00e4mpfung des Fachkr\u00e4ftemangels einmal w\u00f6rtlich genommen.<\/p>\n<p>&nbsp;<\/p>\n<p><a href='https:\/\/www.heise.de\/newsticker\/meldung\/Smart-Borders-EU-Parlament-beschliesst-biometrische-Grenzkontrolle-3872554.html' class='azc_bbc_url'>EU-Parlament beschlie\u00dft biometrische Grenzkontrolle<\/a><br \/>\nAls Versuchskaninchen muss vorerst das minderwertigere Leben aus sogenannten Drittstaaten herhalten, dessen biometrischen Merkmale (Fingerabdr\u00fccke, Gesichtsfoto, usw.) dann in einer virtuellen Biometrie-Superdatenbank staatlich gespeichert werden. Und Zugriff darauf bekommen nat\u00fcrlich alle, die Bedarf anmelden.<\/p>\n<p>Kostenpunkt dieses \u00dcberwachungsstaates: Eine Milliarde Euro unseres Steuergeldes! Das ist jedenfalls die offizielle Zahl, die sich in der Realit\u00e4t nat\u00fcrlich gerne Verzehnfacht. Und noch weiter explodieren wird, wenn der Feldversuch erfolgreich war und dann gegen alle europ\u00e4ischen B\u00fcrger ausgerollt werden kann.<\/p>\n<p>Dann haben wir endlich f\u00fcr jeden B\u00fcrger einen pers\u00f6nlichen Datenbankeintrag &#8211; und Erich Mielke trauert, mit welch umst\u00e4ndlichen Methoden er damals hantieren musste.<\/p>\n<p>&nbsp;<\/p>\n<p><a href='https:\/\/blog.fdik.org\/2017-10\/s1509017380' class='azc_bbc_url'>Der Propaganda-Artikel des Tages<\/a><br \/>\nWir gratulieren dem ehemaligen Nachrichtenmagazin zu dieser H\u00f6chstleistung <img class='azc_bbc_image' src='https:\/\/www.rume.de\/smilies\/nasiehste.gif'  \/><\/p>\n<p>&nbsp;<\/p>\n<p><a href='http:\/\/www.t-online.de\/nachrichten\/ausland\/usa\/id_82568042\/strassenkampf-us-militaer-will-drohnenschwaerme-fuer-staedtekrieg.html' class='azc_bbc_url'>US-Milit\u00e4r will Drohnenschw\u00e4rme f\u00fcr den St\u00e4dtekrieg<\/a><br \/>\nT-Online berichtet: <span class='azc_bbc_italic'>&#8222;Die US-Milit\u00e4rforschungseinrichtung DARPA arbeitet seit 2016 im OFFSET-Programm (OFFensive Swarm-Enabled Tactics) taktische Konzepte aus, die in Computersimulationen mit 250 echten Drohnen getestet werden. Neben gro\u00dfen R\u00fcstungsunternehmen hat die DARPA auch kleinere Unternehmen und Universit\u00e4ten integriert, um f\u00fcr kleinere Probleme L\u00f6sungen zu finden.&#8220;<\/span><\/p>\n<p>Soso, Offensive Swarm-Enabled Tactics, also offensive Angriffskriege per Drohnenschwarm. Der Schritt zum Krieg von Mensch gegen Maschine ist da nur noch ein kleiner. Wenn dann die Feind-Erkennungssoftware ausreichend gut funktioniert (ein paar tausend &#8222;versehentlich&#8220; ermordete Zivilisten erschreckt heute ja niemanden mehr in der NATO), dann war es das f\u00fcr die Menschheit und unsere Zivilisation. Jede Grenze wird dann damit ausgestattet, jeder Multimillion\u00e4r kann damit sein Anwesen absichern &#8211; und bei entsprechender Beschaffungskriminalit\u00e4t braucht dann auch kein Verbrecher oder Auftragskiller mehr pers\u00f6nlich in Erscheinung treten, sondern kann diese Mordwerkzeuge f\u00fcr sich einsetzen. Bis man letzten Endes nirgendwo mehr sicher ist, weil es immer jemanden gibt, der einem etwas abkn\u00f6pfen will. Und &#8222;dank Drohne&#8220; auch keine Hemmschwelle mehr existiert.<\/p>\n<p>Deshalb kann es nur einen Ausweg geben: <a href='https:\/\/de.wikipedia.org\/wiki\/Ge%C3%A4chtete_Kriegsmittel' class='azc_bbc_url'>Kampfdrohnen geh\u00f6ren ge\u00e4chtet!<\/a> Dazu KANN es \u00fcberhaupt keine andere Position geben.<\/p>\n<p>&nbsp;<\/p>\n<p><a href='https:\/\/www.heise.de\/security\/meldung\/HomeHack-Angriff-macht-aus-smarten-Staubsaugern-Spionage-Tools-3873782.html' class='azc_bbc_url'>Hack-Angriff macht aus smarten Staubsaugern Spionage-Tools<\/a><br \/>\nIch hatte das Thema <a href='https:\/\/www.rume.de\/2017\/07\/25\/aufgelesen-und-kommentiert-2017-07-25' class='azc_bbc_url'>vor drei Monaten beleuchtet<\/a>, dass &#8222;smarte Staubsaugerroboter&#8220; die Wohnung vermessen und diese Daten an Amazon, Apple und Google weiterverkaufen. Und dass die neue Generation an Saugrobotern sogar eine Kamera besitzen. Hier nun der Beweis, dass diese Sache bereits f\u00fcr Einbr\u00fcche genutzt werden kann.<\/p>\n<p>Sch\u00f6ne neue &#8222;smarte&#8220; Welt <img class='azc_bbc_image' src='https:\/\/www.rume.de\/smilies\/sarkasm.gif'  \/><\/p>\n<p>Und zu guter Letzt:<\/p>\n<p><a href='http:\/\/sakurai-cartoons.de\/\/images\/g_vorgezeichnetemoeglichkeiten.gif' class='azc_bbc_url'>Chancen in Deutschland<\/a><br \/>\n<img class='azc_bbc_image' src='https:\/\/www.rume.de\/smilies\/nasiehste.gif'  \/><\/p>\n","protected":false},"excerpt":{"rendered":"<p>\/ Kinderarmut: In Hagen lebt fast jedes dritte Kind von Hartz IV \/ Dauerzustand: Jedes dritte Kind in Bremerhaven lebt von Hartz IV \/ 41 Prozent der Kinder in Gelsenkirchen erhalten Hartz IV \/ Fast zwei Millionen Kinder in Deutschland sind auf Hartz IV angewiesen \/ Berliner Tiergarten: Medienkampagne zur Verteibung Obdachloser \/ Air-Berliner werden &hellip; <a href=\"https:\/\/www.rume.de\/?p=427\" class=\"more-link\"><span class=\"screen-reader-text\">\u201eAufgelesen und kommentiert 2017-10-26\u201c <\/span>weiterlesen<\/a><\/p>\n","protected":false},"author":1,"featured_media":0,"comment_status":"open","ping_status":"closed","sticky":false,"template":"","format":"standard","meta":{"footnotes":""},"categories":[2],"tags":[],"class_list":["post-427","post","type-post","status-publish","format-standard","hentry","category-aufgelesen"],"_links":{"self":[{"href":"https:\/\/www.rume.de\/index.php?rest_route=\/wp\/v2\/posts\/427","targetHints":{"allow":["GET"]}}],"collection":[{"href":"https:\/\/www.rume.de\/index.php?rest_route=\/wp\/v2\/posts"}],"about":[{"href":"https:\/\/www.rume.de\/index.php?rest_route=\/wp\/v2\/types\/post"}],"author":[{"embeddable":true,"href":"https:\/\/www.rume.de\/index.php?rest_route=\/wp\/v2\/users\/1"}],"replies":[{"embeddable":true,"href":"https:\/\/www.rume.de\/index.php?rest_route=%2Fwp%2Fv2%2Fcomments&post=427"}],"version-history":[{"count":1,"href":"https:\/\/www.rume.de\/index.php?rest_route=\/wp\/v2\/posts\/427\/revisions"}],"predecessor-version":[{"id":428,"href":"https:\/\/www.rume.de\/index.php?rest_route=\/wp\/v2\/posts\/427\/revisions\/428"}],"wp:attachment":[{"href":"https:\/\/www.rume.de\/index.php?rest_route=%2Fwp%2Fv2%2Fmedia&parent=427"}],"wp:term":[{"taxonomy":"category","embeddable":true,"href":"https:\/\/www.rume.de\/index.php?rest_route=%2Fwp%2Fv2%2Fcategories&post=427"},{"taxonomy":"post_tag","embeddable":true,"href":"https:\/\/www.rume.de\/index.php?rest_route=%2Fwp%2Fv2%2Ftags&post=427"}],"curies":[{"name":"wp","href":"https:\/\/api.w.org\/{rel}","templated":true}]}}