{"id":422,"date":"2017-10-25T21:46:50","date_gmt":"2017-10-25T19:46:50","guid":{"rendered":"http:\/\/rume.katti.eu\/?p=422"},"modified":"2017-10-25T21:49:34","modified_gmt":"2017-10-25T19:49:34","slug":"aufgelesen-und-kommentiert-2017-10-25","status":"publish","type":"post","link":"https:\/\/www.rume.de\/?p=422","title":{"rendered":"Aufgelesen und kommentiert 2017-10-25"},"content":{"rendered":"<p>\/ Wohngeld bietet kaum Schutz vor dem sozialen Absturz<br \/>\n\/ Kinderarmut ist schon l\u00e4ngst Dauerzustand<br \/>\n\/ Fragw\u00fcrdige Arbeitsbedingungen: Ryanair ger\u00e4t ins Zwielicht<br \/>\n\/ BDI formuliert Anweisungen f\u00fcr neue Bundesregierung<br \/>\n\/ Weiterhin &#8222;Schwarze Null&#8220; ist eine Investitionsbremse<br \/>\n\/ Freihandelsabkommen USA-Kanada: Selbstbedienungsladen f\u00fcr Konzerne<br \/>\n\/ EU-Kommission will Glyphosat schneller abschaffen<br \/>\n\/ G20 in Hamburg &#8211; L\u00fcgen, Exempel und geschw\u00e4rzte Akten<br \/>\n\/ Sahra Wagenknecht erkl\u00e4rt Grundz\u00fcge ihrer &#8222;linken Fl\u00fcchtlingspolitik&#8220;<br \/>\n\/ K\u00e4mpfe im Nordirak: Bericht \u00fcber Beschuss durch deutsche Waffen<br \/>\n\/ Der Held antirussischer Propaganda landet in franz\u00f6sischer Psychiatrie<br \/>\n\/ Der Herzschmerz-Propagandaartikel des Tages<br \/>\n\/ Berlin: Waffenfund bei mutma\u00dflichem Islamisten<br \/>\n\/ Bemerkungen, diverse<br \/>\n\/ &#8222;Schwarze Null&#8220; bleibt: Einer freut sich \u00fcber erste &#8222;Jamaika&#8220;-Einigung<\/p>\n<p>&#8212;<\/p>\n<p><!--more--><\/p>\n<p><a href='https:\/\/www.berliner-zeitung.de\/berlin\/hartz-iv-wohngeld-bietet-kaum-schutz-vor-dem-sozialen-absturz&#8211;28649098' class='azc_bbc_url'>Wohngeld bietet kaum Schutz vor dem sozialen Absturz<\/a><br \/>\nNein wie \u00fcberraschend, wo doch das gesamte Wohngeld zu 100 Prozent an Immobilienbesitzer durchgereicht werden m\u00fcssen <img class='azc_bbc_image' src='https:\/\/www.rume.de\/smilies\/clown.gif'  \/><\/p>\n<p>Das sogenannte &#8222;Wohngeld&#8220; ist somit also auch keine Sozialleistung, sondern eine von viel zu vielen Massnahmen zur Umverteilung nach Oben. Denn w\u00fcrde man statt der Wohngeld-Auszahlungen in den kommunalen sozialen Wohnungsbau investieren, g\u00e4be es diese Umverteilung zu den Immobilienbesitzern nicht, die oft Grosskonzerne sind.<\/p>\n<p>&nbsp;<\/p>\n<p><a href='https:\/\/www.kontextwochenzeitung.de\/politik\/343\/arme-kinder-4683.html' class='azc_bbc_url'>Kinderarmut ist schon l\u00e4ngst Dauerzustand<\/a><br \/>\n<span class='azc_bbc_italic'>&#8222;Wieder eine Untersuchung, wieder gewohnte Rituale: Die, die sich ein Leben im Armut \u00fcberhaupt nicht vorstellen k\u00f6nnen, nehmen zur Kenntnis, dass immer mehr Kinder in Deutschland genau davon betroffen sind. Kein Aufschrei, kein Protest, keine Schuldgef\u00fchle. Und seitens der herrschenden Politik folgen daraufhin nat\u00fcrlich auch nur warme Worte.&#8220;<\/span> <a href='https:\/\/www.kontextwochenzeitung.de\/politik\/343\/arme-kinder-4683.html' class='azc_bbc_url'>Weiterlesen&#8230;<\/a><\/p>\n<p>&nbsp;<\/p>\n<p><a href='http:\/\/www.faz.net\/aktuell\/wirtschaft\/ryanair-geraet-als-arbeitgeber-ins-zwielicht-15261774.html' class='azc_bbc_url'>Fragw\u00fcrdige Arbeitsbedingungen: Ryanair ger\u00e4t ins Zwielicht<\/a><br \/>\nDas antikapitalistische Kampfblatt FAZ schreibt: <span class='azc_bbc_italic'>&#8222;Niedrigl\u00f6hne und Knebelvertr\u00e4ge f\u00fcr das fliegende Personal bringen die Billig-Airline aus Dublin in Erkl\u00e4rungsnot. Mit Bruttol\u00f6hnen von rund 1200 Euro im Monat und bei st\u00e4ndiger Schicht-, Wochenend- und Feiertagsarbeit ist es ohnehin schwer, in Deutschland finanziell \u00fcber die Runden zu kommen. Dazu kommt: Viele Kabinen-Mitarbeiter w\u00fcrden in jedem Winter f\u00fcr mehrere Wochen unbezahlt freigestellt, um so Personalkosten zu sparen.&#8220;<\/span><\/p>\n<p>Hehe, ist er nicht toll, der Kapitalismus? <img class='azc_bbc_image' src='https:\/\/www.rume.de\/smilies\/sarkasm.gif'  \/><\/p>\n<p>Aber hey: Damit die Gewinne sprudeln, Managergeh\u00e4lter explodieren und Aktion\u00e4re mit satten Dividenden verw\u00f6hnt werden k\u00f6nnen, muss die Arbeiterklasse eben zusammenr\u00fccken <img class='azc_bbc_image' src='https:\/\/www.rume.de\/smilies\/sarkasm.gif'  \/> Und die sogenannten Gewerkschaften helfen gerne dabei mit, entsprechende &#8222;Sparpl\u00e4ne&#8220; und &#8222;Freisetzungen&#8220; zugunsten h\u00f6herer Profite gegen die Belegschaft durchzusetzen.<\/p>\n<p>Dazu erg\u00e4nzend nochmal die FAZ (Zitat): <span class='azc_bbc_italic'>&#8222;Ryanair ist die gr\u00f6\u00dfte Billigfluggesellschaft in Europa und erwirtschaftet seit Jahren mit die h\u00f6chsten Gewinne der Branche.&#8220;<\/span><\/p>\n<p>Eben <img class='azc_bbc_image' src='https:\/\/www.rume.de\/smilies\/nasiehste.gif'  \/><\/p>\n<p>&nbsp;<\/p>\n<p><a href='https:\/\/www.jungewelt.de\/artikel\/320645.html' class='azc_bbc_url'>BDI formuliert Anweisungen f\u00fcr neue Bundesregierung<\/a><br \/>\n<span class='azc_bbc_italic'>&#8222;Die Parlamentarier waren noch gar nicht im Berliner Reichstagsgeb\u00e4ude zusammengetreten, da verk\u00fcndete der Bund Deutscher Industrieller (BDI) bereits, wie in den kommenden vier Jahren abgestimmt wird: \u00bbDer BDI hat ein Zehnpunkteprogramm vorgelegt, welches der Spitzenverband an alle Mitglieder der Sondierungsteams sowie alle Abgeordneten des neuen Bundestages gesendet hat.\u00ab Anstatt sich \u00bbwie bisher auf die Vermeidung von Steuerschlupfl\u00f6chern und sozialpolitische Umverteilung zu konzentrieren\u00ab, m\u00fcsse von nun an das Gegenteil angestrebt werden, so BDI-Pr\u00e4sident Dieter Kempf in seinem Gru\u00dfwort.<\/p>\n<p>Doch der Krieg soll nicht nur gegen den sozialen Frieden im Innern versch\u00e4rft gef\u00fchrt werden. \u00bbStatt weiterer sozialer Wohltaten\u00ab m\u00fcsse die Regierung auch die \u00bbRohstoffversorgung f\u00fcr Zukunftstechnologien sicherstellen\u00ab. Ein glasklarer Marschbefehl f\u00fcr die nato-oliven Feldm\u00fctzen und das deutsche Verteidigungsministerium &#8211; ganz gleich, ob die Stimmen von einer Mehrheit von Unionsparteien, FDP und B\u00fcndnis 90\/Die Gr\u00fcnen kommen (\u00bbJamaika\u00ab) oder wem auch immer.&#8220;<\/span> <a href='https:\/\/www.jungewelt.de\/artikel\/320645.html' class='azc_bbc_url'>Weiterlesen&#8230;<\/a><\/p>\n<p>Erste Ergebnisse gibt es auch schon:<\/p>\n<p><a href='https:\/\/www.linksfraktion.de\/presse\/pressemitteilungen\/detail\/schwarze-ampel-ist-eine-investitionsbremse' class='azc_bbc_url'>Weiterhin &#8222;Schwarze Null&#8220; ist eine Investitionsbremse<\/a><br \/>\n<span class='azc_bbc_italic'>&#8222;Das Motto lautet: Schwarze Null first, Zukunft second. Ma\u00dfnahmen gegen Bildungs- oder Pflegenotstand kommen nicht vor. Die Investitionsl\u00fccke von \u00fcber 100 Milliarden Euro j\u00e4hrlich l\u00e4sst sich nur durch eine h\u00f6here Besteuerung von Konzernen, Verm\u00f6gen und Erbschaften der Million\u00e4re oder kreditfinanzierte Investitionen schlie\u00dfen.<\/p>\n<p>Der Solidarit\u00e4tszuschlag ist eine progressive Steuer, die Geringverdiener ausnimmt und in den Bundeshaushalt flie\u00dft. Die Abschmelzung des Soli w\u00e4re nur sinnvoll, wenn Super-Reiche hinreichend besteuert w\u00fcrden und der Erhalt der Infrastruktur gesichert w\u00fcrde.<\/p>\n<p>Die steuerliche F\u00f6rderung des Wohnungsbaus dient im Zweifel den Immobilienhaien, nicht den Mieterinnen und Mietern. Eine Preisbremse oder sozialen Wohnungsbau gibt es mit der schwarzen Ampel nicht.<\/p>\n<p>Die GR\u00dcNEN reden von Europa, sabotieren aber mit der schwarzen Null die St\u00e4rkung der Binnenwirtschaft und den Abbau der deutschen Export\u00fcbersch\u00fcsse. Gleichwohl wird die schwarze Ampel mit Frankreichs Pr\u00e4sident Macron wohl eine Ausnahme der R\u00fcstungsinvestitionen von den Defizitkriterien beschlie\u00dfen, um Donald Trumps R\u00fcstungsziele zu erreichen. Die schwarze Null gilt offenbar f\u00fcr Schulen und Krankenh\u00e4user, nicht f\u00fcr den milit\u00e4risch-industriellen Komplex.&#8220;<\/span><\/p>\n<p>Na das klingt doch ganz hervorragend f\u00fcr die n\u00e4chsten vier Jahre <img class='azc_bbc_image' src='https:\/\/www.rume.de\/smilies\/sarkasm.gif'  \/> Welche Bildungsallergiker haben diesen schwarzrotgelbgr\u00fcnblauen Einheitsmist noch gleich angekreuzt? Freiwillige vor <img class='azc_bbc_image' src='https:\/\/www.rume.de\/smilies\/biggrin.gif'  \/><\/p>\n<p>&nbsp;<\/p>\n<p><a href='http:\/\/www.zeit.de\/wirtschaft\/2017-10\/freihandelsabkommen-nafta-usa-kanada-kritik-schaden' class='azc_bbc_url'>Freihandelsabkommen USA-Kanada: Selbstbedienungsladen f\u00fcr Konzerne<\/a><br \/>\nDie USA und Kanada haben schon 1994 ein gemeinsames &#8222;Freihandelsabkommen&#8220; unterschrieben &#8211; inklusive der tollen Paralleljustiz (auch Schiedsgerichte genannt), mit dessen Hilfe dann Grosskonzerne die Steuerzahler auf Schadenersatz verklagen k\u00f6nnen, falls ihnen &#8222;zu hohe&#8220; Mindestl\u00f6hne oder Umweltschutzgesetze den Profit verkleinern. \u00dcbrigens sehr erfolgreich, wie DIE ZEIT berichtet.<\/p>\n<p>Zitat: <span class='azc_bbc_italic'>&#8222;Das Freihandelsabkommen mit den USA hat in Kanada erhebliche politische und finanzielle Sch\u00e4den verursacht. US-Unternehmen haben im Rahmen des Freihandelsabkommens NAFTA den kanadischen Staat bereits 39-mal verklagt, meist ging es dabei um Regelungen des Umweltschutzes oder andere demokratische Entscheidungen, die sie nicht m\u00f6gen. Mehr als 215 Millionen US-Dollar an Schadenersatz habe die Regierung bereits an klagende Unternehmen ausgezahlt, zus\u00e4tzlich etwa 80 Millionen US-Dollar seien an Rechtskosten angefallen.<\/p>\n<p>Schwer sei au\u00dferdem festzustellen, wie gro\u00df der Abschreckungseffekt auf die Politik sei, wenn Unternehmen mit einer Klage drohten. Aber auch das habe man in Kanada schon beobachten k\u00f6nnen: In den 1990er-Jahren sei das Verbot eines Zusatzstoffes f\u00fcr Benzin wieder zur\u00fcckgenommen worden, obwohl dieser als gesundheitssch\u00e4dlich gelte.&#8220;<\/span><\/p>\n<p>Profite vor Umweltschutz und Gesundheit &#8211; das ist Kapitalismus <img class='azc_bbc_image' src='https:\/\/www.rume.de\/smilies\/nasiehste.gif'  \/><\/p>\n<p>Dazu passt:<\/p>\n<p><a href='http:\/\/www.faz.net\/aktuell\/wirtschaft\/eu-kommission-will-glyphosat-schneller-abschaffen-15261476.html' class='azc_bbc_url'>EU-Kommission will Glyphosat schneller abschaffen<\/a><br \/>\nDie \u00dcberschrift der FAZ ist \u00fcbrigens v\u00f6llig falsch, denn die EU-Kommission will die Zulassung um f\u00fcnf bis sieben Jahre verl\u00e4ngern! Eine mehrj\u00e4hrige Verl\u00e4ngerung als &#8222;Abschaffung&#8220; zu bezeichnen, daf\u00fcr muss man schon zum Qualit\u00e4tsjournalisten ausgebildet werden <img class='azc_bbc_image' src='https:\/\/www.rume.de\/smilies\/nasiehste.gif'  \/><\/p>\n<p>Aber hey: Mit jedem zus\u00e4tzlichen Jahr kassiert Bayer\/Monsanto saftigen Profit. Und da wir im Kapitalismus leben, ist Profit nun einmal wichtiger als <a href='http:\/\/www.harm-bengen.de\/toonpool\/2017%2010%2025%20EU_und_Glyphosat-FARBE.jpg' class='azc_bbc_url'>eine m\u00f6gliche Krebsvergiftung der Bev\u00f6lkerung<\/a>.<\/p>\n<p>&nbsp;<\/p>\n<p><a href='http:\/\/www.fr.de\/politik\/g20-in-hamburg-luegen-exempel-und-geschwaerzte-akten-a-1374183' class='azc_bbc_url'>G20 in Hamburg &#8211; L\u00fcgen, Exempel und geschw\u00e4rzte Akten<\/a><br \/>\nJetzt haben wir es auch Schwarz auf Weiss: Die Polizei (!) hat gelogen, dass sich die Balken biegen. Die Frankfurter Rundschau berichtet: <span class='azc_bbc_italic'>&#8222;Die Innenbeh\u00f6rde r\u00e4umt ein, dass sich ihre Darstellung der G20-Krawalle in wesentlichen Punkten nicht beweisen lasse. &#8222;Wir haben das Gleiche erlebt wie beim G8-Gipfel 2007 in Heiligendamm&#8220;, sagt der ehemalige Bundestagsabgeordnete Jan van Aken aus Hamburg. &#8222;Zuerst wurde gelogen. Und dann stellte sich heraus, dass es gar nicht so war.&#8220; Van Aken bezieht sich auf die Antwort auf eine Kleine Anfrage der LINKEN-Abgeordneten Christiane Schneider. Darin r\u00e4umte die Hamburger Innenbeh\u00f6rde ein, dass sich ihre Darstellung der G20-Krawalle in allen wesentlichen Punkten nicht beweisen lasse.&#8220;<\/span><\/p>\n<p>Weswegen nochmal genau gab es hunderte TV-Talkshows \u00fcber das Thema G20 &#8211; inklusive einem schauspielerisch geradezu erb\u00e4rmlichen Abgang von CDU-Stahlhelm Bosbach? Ach ja, richtig: Zur (politisch gewollten) Diskreditierung jeglichen antikapitalistischen Protests. Daf\u00fcr haben wir ja schliesslich auch die Massenmedien.<\/p>\n<p>&nbsp;<\/p>\n<p><a href='http:\/\/internetz-zeitung.eu\/index.php\/4580-sahra-wagenknecht-erkl%C3%A4rt-grundz%C3%BCge-ihrer-linken-fl%C3%BCchtlingspolitik' class='azc_bbc_url'>Sahra Wagenknecht erkl\u00e4rt Grundz\u00fcge ihrer &#8222;linken Fl\u00fcchtlingspolitik&#8220;<\/a><br \/>\nUnd ihre Grundz\u00fcge beendet sie mit dem Satz: <span class='azc_bbc_italic'>&#8222;Das Recht auf Asyl ist ein Grundrecht, das nicht immer weiter ausgeh\u00f6hlt werden darf. Aber es bedeutet nicht, dass jeder, der m\u00f6chte, nach Deutschland kommen und hier bleiben kann. Deshalb muss unser Schwerpunkt auf der Hilfe vor Ort und der Bek\u00e4mpfung von Fluchtursachen liegen, wie unfaire Freihandelsabkommen, Interventionskriege und Waffenexporte.&#8220;<\/span><\/p>\n<p>Warum soll eigentlich NICHT jeder, der nach Deutschland m\u00f6chte, auch bleiben d\u00fcrfen? Weil Deutschland ein Profiteur des kapitalistischen Ausbeutungssystems ist &#8211; und dies auch so bleiben soll? Und deshalb wird schnell abgelenkt und auf &#8222;unfaire&#8220; Abkommen und Waffenexporte gezeigt?<\/p>\n<p>Fakt ist: Deutschlands Wohlstand ist nur wegen der weltweiten Ausbeutung anderer L\u00e4nder m\u00f6glich. Das weiss inzwischen auch jeder, dessen Intelligenzquotient oberhalb der Zimmertemperatur liegt. Damit hierzulande <a href='https:\/\/www.youtube.com\/watch?v=kDV29Kkc-LA&amp;t=164s' class='azc_bbc_url'>&#8220;Diamonds are the Girls best Friends&#8220;<\/a> in den Charts besungen werden kann, m\u00fcssen in den L\u00e4ndern, die diese Diamanten aus der Erde holen, Sklaverei und Umweltzerst\u00f6rung herrschen.<\/p>\n<p>Nur so kann Kapitalismus \u00fcberhaupt funktionieren. Indem die Folgekosten dieses Systems best\u00e4ndig ausgelagert werden. Entweder schiebt man es ab auf die Ausbeutung von Mensch und Umwelt, oder \u00fcberl\u00e4sst die Folgen sogar den kommenden Generationen.<\/p>\n<p>Und die davor fl\u00fcchtenden Menschen gibt es auch nicht erst seit den Freihandelsabkommen und Waffenexporten. Diese haben es lediglich versch\u00e4rft, aber nicht ausgel\u00f6st. Der Ausl\u00f6ser ist nach wie vor das herrschende Wirtschaftssystem, welches nicht auf die Bed\u00fcrfnisse der Menschen, sondern auf maximalen Profit getrimmt ist. Und ich bin \u00fcberrascht, dass Sahra Wagenknecht dies auch nicht klipp und klar formuliert, dass ohne die Bek\u00e4mpfung dieses Wirtschaftssystems auch keine Fluchtursachen bek\u00e4mpft werden K\u00d6NNEN. Ist sie inzwischen schon zu sehr ins sozialdemokratische Endlosversagen abgerutscht?<\/p>\n<p>&nbsp;<\/p>\n<p><a href='http:\/\/www.tagesschau.de\/ausland\/irak-kurden-115.html' class='azc_bbc_url'>K\u00e4mpfe im Nordirak: Bericht \u00fcber Beschuss durch deutsche Waffen<\/a><br \/>\nEs ist schon bezeichnend f\u00fcr die hoffnungslos degenerierten \u00d6ffentlich-Rechten, dass das westliche Kriegstreiben gegen den Irak \u00fcberhaupt kein Skandal mehr ist, den man t\u00e4glich anprangern m\u00fcsste. Einen Bericht gibt es nur noch, wenn die &#8222;falsche Seite&#8220; an deutsche Waffen gelangt und damit herumballert. Das ist dann &#8222;skandal\u00f6s&#8220;.<\/p>\n<p>&nbsp;<\/p>\n<p><a href='https:\/\/propagandaschau.wordpress.com\/2017\/10\/19\/pawlenski-landet-in-franzoesischer-psychiatrie' class='azc_bbc_url'>Der Held antirussischer Propaganda landet in franz\u00f6sischer Psychiatrie<\/a><br \/>\nDer von der westlichen Qualit\u00e4tsjournaille als &#8222;Putin-Kritiker&#8220; bejubelte Aktionsk\u00fcnstler Pjotr Pawlenski hat in Frankreich Asyl erhalten &#8211; und dort eine Bankfiliale in Brand gesetzt. Jetzt ist er wieder Mal in der Klapse gelandet &#8211; und unsere &#8222;Nachrichtensender&#8220; sind gar nicht mehr so begeistert \u00fcber seine &#8222;Aktionskunst&#8220;. Denn als er noch in Russland z\u00fcndelte und daf\u00fcr verhaftet wurde, waren das f\u00fcr unsere Qualit\u00e4tsjournalisten noch <a href='www.kontextwochenzeitung.de\/ueberm-kesselrand\/343\/brennende-bank-4672.html' class='azc_bbc_url'>&#8220;Methoden aus der Stalinzeit&#8220;<\/a> <img class='azc_bbc_image' src='https:\/\/www.rume.de\/smilies\/sarkasm.gif'  \/><\/p>\n<p>&nbsp;<\/p>\n<p><a href='https:\/\/blog.fdik.org\/2017-10\/s1508909968' class='azc_bbc_url'>Der Herzschmerz-Propagandaartikel des Tages<\/a><br \/>\nUnd begl\u00fcckw\u00fcnschen darf sich (einmal mehr) die \u00f6ffentlich-rechte ARD-Tagesschau.<\/p>\n<p>&nbsp;<\/p>\n<p><a href='https:\/\/www.google.de\/search?q=waffenfund&amp;hl=de&amp;tbm=nws' class='azc_bbc_url'>Berlin: Waffenfund bei mutma\u00dflichem Islamisten<\/a><br \/>\nUnd alle, aber auch wirklich ALLE berichten dar\u00fcber: Welt, T-Online, Merkur, Deutsche Welle, Tagesspiegel, Die Zeit, Deutschlandfunk, Spiegel, Bild, Neues Deutschland, &#8230;. aber als ich in den vergangenen zwei Monaten zahlreiche Waffenfund-Berichte verlinkte, in denen &#8222;nur&#8220; ein Deutscher der T\u00e4ter war, da waren es stets nur die lokale K\u00e4sezeitung, die dar\u00fcber berichtet hatten.<\/p>\n<p>Und noch etwas: Auch der Deutsche, der in Vogtland einen 15-j\u00e4hrigen Afghanen verpr\u00fcgelte, seinen Kopf mehrfach auf den Boden knallt und den Hitlergruss zeigt, <a href='https:\/\/www.google.de\/search?q=vogtland+hitlergru%C3%9F&amp;hl=de&amp;tbm=nws&amp;gws_rd=ssl' class='azc_bbc_url'>bekommt nur geringe lokale Aufmerksamkeit<\/a>.<\/p>\n<p>Aber die deutsche Qualit\u00e4tsjournaille hier ist gleichgeschaltet bis offen rechts? Nein, niemals nicht!!!11elf Das ist alles linksgr\u00fcn versifft <img class='azc_bbc_image' src='https:\/\/www.rume.de\/smilies\/sarkasm.gif'  \/><\/p>\n<p>&nbsp;<\/p>\n<p><a href='http:\/\/www.ossietzky.net\/19-2017&amp;textfile=4109' class='azc_bbc_url'>Bemerkungen, diverse<\/a><br \/>\nWie immer ein kurzer Auszug: <span class='azc_bbc_italic'>&#8222;Nach Darstellung des j\u00fcngsten \u00bbGlobal Wealth Report\u00ab der Allianz-Versicherung, \u00fcber den die S\u00fcddeutsche Zeitung am 28. September berichtete, ist die Welt im globalen Durchschnitt durch die Verschiebungen bei den Verm\u00f6gen ein wenig gerechter geworden. Seit der Jahrtausendwende gelang rund 600 Millionen Menschen der Aufstieg in die Mittelklasse, hei\u00dft es in dem Zeitungsbericht. Vier von f\u00fcnf Aufsteigern kamen nach dieser Darstellung aus China, wo bekanntlich eine kommunistische Partei an der Macht ist. Das schl\u00e4gt dem Fass die Krone ins Gesicht.&#8220;<\/span> <img class='azc_bbc_image' src='https:\/\/www.rume.de\/smilies\/biggrin.gif'  \/><\/p>\n<p>&nbsp;<\/p>\n<p>Und zu guter Letzt:<\/p>\n<p><a href='https:\/\/www.eine-zeitung.net\/2017\/10\/25\/oh-ich-darf-innenminister-bleiben-de-maiziere-freut-sich-ueber-jamaika-bekenntnis-zur-schwarzen-null' class='azc_bbc_url'>&#8220;Schwarze Null&#8220; bleibt: Einer freut sich \u00fcber erste &#8222;Jamaika&#8220;-Einigung<\/a><br \/>\n<img class='azc_bbc_image' src='https:\/\/www.rume.de\/smilies\/nasiehste.gif'  \/><\/p>\n","protected":false},"excerpt":{"rendered":"<p>\/ Wohngeld bietet kaum Schutz vor dem sozialen Absturz \/ Kinderarmut ist schon l\u00e4ngst Dauerzustand \/ Fragw\u00fcrdige Arbeitsbedingungen: Ryanair ger\u00e4t ins Zwielicht \/ BDI formuliert Anweisungen f\u00fcr neue Bundesregierung \/ Weiterhin &#8222;Schwarze Null&#8220; ist eine Investitionsbremse \/ Freihandelsabkommen USA-Kanada: Selbstbedienungsladen f\u00fcr Konzerne \/ EU-Kommission will Glyphosat schneller abschaffen \/ G20 in Hamburg &#8211; L\u00fcgen, Exempel &hellip; <a href=\"https:\/\/www.rume.de\/?p=422\" class=\"more-link\"><span class=\"screen-reader-text\">\u201eAufgelesen und kommentiert 2017-10-25\u201c <\/span>weiterlesen<\/a><\/p>\n","protected":false},"author":1,"featured_media":0,"comment_status":"open","ping_status":"closed","sticky":false,"template":"","format":"standard","meta":{"footnotes":""},"categories":[2],"tags":[],"class_list":["post-422","post","type-post","status-publish","format-standard","hentry","category-aufgelesen"],"_links":{"self":[{"href":"https:\/\/www.rume.de\/index.php?rest_route=\/wp\/v2\/posts\/422","targetHints":{"allow":["GET"]}}],"collection":[{"href":"https:\/\/www.rume.de\/index.php?rest_route=\/wp\/v2\/posts"}],"about":[{"href":"https:\/\/www.rume.de\/index.php?rest_route=\/wp\/v2\/types\/post"}],"author":[{"embeddable":true,"href":"https:\/\/www.rume.de\/index.php?rest_route=\/wp\/v2\/users\/1"}],"replies":[{"embeddable":true,"href":"https:\/\/www.rume.de\/index.php?rest_route=%2Fwp%2Fv2%2Fcomments&post=422"}],"version-history":[{"count":3,"href":"https:\/\/www.rume.de\/index.php?rest_route=\/wp\/v2\/posts\/422\/revisions"}],"predecessor-version":[{"id":425,"href":"https:\/\/www.rume.de\/index.php?rest_route=\/wp\/v2\/posts\/422\/revisions\/425"}],"wp:attachment":[{"href":"https:\/\/www.rume.de\/index.php?rest_route=%2Fwp%2Fv2%2Fmedia&parent=422"}],"wp:term":[{"taxonomy":"category","embeddable":true,"href":"https:\/\/www.rume.de\/index.php?rest_route=%2Fwp%2Fv2%2Fcategories&post=422"},{"taxonomy":"post_tag","embeddable":true,"href":"https:\/\/www.rume.de\/index.php?rest_route=%2Fwp%2Fv2%2Ftags&post=422"}],"curies":[{"name":"wp","href":"https:\/\/api.w.org\/{rel}","templated":true}]}}