{"id":415,"date":"2017-10-22T23:12:19","date_gmt":"2017-10-22T21:12:19","guid":{"rendered":"http:\/\/rume.katti.eu\/?p=415"},"modified":"2017-10-23T00:24:46","modified_gmt":"2017-10-22T22:24:46","slug":"aufgelesen-und-kommentiert-2017-10-22","status":"publish","type":"post","link":"https:\/\/www.rume.de\/?p=415","title":{"rendered":"Aufgelesen und kommentiert 2017-10-22"},"content":{"rendered":"<p>\/ D\u00fcsseldorfer Kindertafel wird zehn Jahre alt<br \/>\n\/ Air-Berlin-Piloten sollen bei Eurowings 40 Prozent weniger verdienen<br \/>\n\/ Europas L\u00f6hne wachsen nur um 0,4 Prozent<br \/>\n\/ ARD Deutschlandtrend: &#8222;Jamaika&#8220; soll f\u00fcr gerechte L\u00f6hne sorgen<br \/>\n\/ Sondierungen f\u00fcr Jamaika-B\u00fcndnis haben begonnen<br \/>\n\/ Deutschland den Reichen<br \/>\n\/ 75 Prozent weniger Insekten in Deutschland<br \/>\n\/ NSU-Sprengstofflieferant war V-Mann der Berliner Polizei<br \/>\n\/ V-Mann soll Gruppe um Amri zu Anschl\u00e4gen aufgehetzt haben<br \/>\n\/ Deutsche Luftwaffe wieder an Kriegsverbrechen in Syrien beteiligt<br \/>\n\/ Protestaktion f\u00fcr eine atomwaffenfreie Welt: Aktivisten gerichtlich verurteilt<br \/>\n\/ Friedensnobelpreis-Stiftung investiert in Atomwaffen<br \/>\n\/ Dem Establishment sind die Deutschen immer noch zu pazifistisch<br \/>\n\/ Die AfD rechts \u00fcberholen<br \/>\n\/ CDU Sachsen<\/p>\n<p>&#8212;<\/p>\n<p><!--more--><\/p>\n<p><a href='http:\/\/www1.wdr.de\/nachrichten\/rheinland\/kindertafel-duesseldorf-wird-zehn-100.html' class='azc_bbc_url'>D\u00fcsseldorfer Kindertafel wird zehn Jahre alt<\/a><br \/>\nLasst uns alle mitfeiern <img class='azc_bbc_image' src='https:\/\/www.rume.de\/smilies\/sarkasm.gif'  \/><\/p>\n<p>Und ja, ihr habt richtig gelesen. Es handelt sich um eine Kinder(!)tafel, die hier 10-j\u00e4hriges Bestehen feiert. Und niemand von CDU\/CSU\/SPD\/FDP\/GR\u00dcNEN, die in den letzten 10 Jahren durchregierten, haben sich daf\u00fcr gesch\u00e4mt, dass inzwischen schon Kinder an solchen Armenspeisungen anstehen m\u00fcssen &#8211; nein, ganz im Gegenteil: Sie haben den Andrang an diesen Tafeln nochmal deutlich vergr\u00f6ssert. Der WDR schreibt: <span class='azc_bbc_italic'>&#8222;Vor zehn Jahren unterst\u00fctzte die Kindertafel an drei Schulen rund 20 Kinder. Mittlerweile sind stadtweit 28 Schulen dabei, 1.800 Kinder bekommen diese Art der Hilfe in D\u00fcsseldorf &#8211; Tendenz steigend. Laut einer Studie der Hans-B\u00f6ckler-Stiftung lebt jedes vierte Kind im Regierungsbezirk D\u00fcsseldorf in Armut.&#8220;<\/span> <a href='http:\/\/narrenschiffsbruecke.blogspot.de\/2017\/10\/wdr-dem-kapitalismus-ging-es-noch-nie.html' class='azc_bbc_url'>[i](via)[\/i]<\/a><\/p>\n<p>&nbsp;<\/p>\n<p><a href='https:\/\/www.neues-deutschland.de\/artikel\/1067531.html' class='azc_bbc_url'>Air-Berlin-Piloten sollen bei Eurowings 40 Prozent weniger verdienen<\/a><br \/>\nW\u00e4hrend die Belegschaft \u00fcber 40 Prozent an Lohn verliert und als Neuangestellte wieder ganz unten anfangen m\u00fcssen, hat <a href='https:\/\/www.heise.de\/tp\/features\/Air-Berlin-Chefgehaltssicherung-ueber-unwiderrufliche-Bankgarantie-3865832.html' class='azc_bbc_url'>der Air-Berlin-Chef sich seine 4,5 Millionen Euro Gehalt absichern lassen<\/a>. Zitat: <span class='azc_bbc_italic'>&#8222;Nach bisherigem Kenntnisstand bekommt nur ein einziger Air-Berlin-Mitarbeiter sein Gehalt bis 2021 ausbezahlt: Der Chef Thomas Winkelmann, der seinen Job erst im Februar antrat. Er lie\u00df sich dieses Gehalt \u00fcber eine unwiderrufliche Bankgarantie in H\u00f6he von viereinhalb Millionen Euro garantieren.&#8220;<\/span><\/p>\n<p>&nbsp;<\/p>\n<p><a href='http:\/\/www.spiegel.de\/wirtschaft\/soziales\/loehne-in-der-eu-wachsen-2017-nur-schwach-a-1165453.html' class='azc_bbc_url'>Europas L\u00f6hne wachsen nur um 0,4 Prozent<\/a><br \/>\nIst der Kapitalismus nicht toll? <img class='azc_bbc_image' src='https:\/\/www.rume.de\/smilies\/sarkasm.gif'  \/><\/p>\n<p>&nbsp;<\/p>\n<p><a href='http:\/\/www.tagesschau.de\/inland\/deutschlandtrend-987.html' class='azc_bbc_url'>ARD Deutschlandtrend: &#8222;Jamaika&#8220; soll f\u00fcr gerechte L\u00f6hne sorgen<\/a><br \/>\nDie ARD meldet: <span class='azc_bbc_italic'>&#8222;F\u00fcr gerechte L\u00f6hne und Steuern sorgen &#8211; das ist aus Sicht der Bundesb\u00fcrger die wichtigste Aufgabe der kommenden Bundesregierung, wie aus dem DeutschlandTrend im ARD-Morgenmagazin hervorgeht. 24 Prozent gaben dies als prim\u00e4res Ziel an, dicht gefolgt von der Verbesserung des Pflegesystems (22 Prozent).&#8220;<\/span><\/p>\n<p>Na dann hofft mal sch\u00f6n, dass ausgerechnet CDU, CSU, FDP und GR\u00dcNE f\u00fcr die Erf\u00fcllung eurer W\u00fcnsche sorgen werden&#8230;<\/p>\n<img class='azc_bbc_image' src='https:\/\/www.rume.de\/smilies\/muahaha.gif'  \/>\n<p>Dazu passt:<\/p>\n<p><a href='http:\/\/www.wsws.org\/de\/articles\/2017\/10\/20\/jama-o20.html' class='azc_bbc_url'>Sondierungen f\u00fcr Jamaika-B\u00fcndnis haben begonnen<\/a><br \/>\nEine hervorragende Analyse <img class='azc_bbc_image' src='https:\/\/www.rume.de\/smilies\/verehr.gif'  \/><\/p>\n<p>&nbsp;<\/p>\n<p><a href='http:\/\/www.fr.de\/wirtschaft\/gastwirtschaft\/ungleichheit-deutschland-den-reichen-a-1362572' class='azc_bbc_url'>Deutschland den Reichen<\/a><br \/>\n<span class='azc_bbc_italic'>&#8222;Die westdeutsche Sozial-Pyramide gleicht einer Platte, aus deren Zentrum eine Nadel aufragt.&#8220;<\/span> Von wem mag dieser Satz wohl stammen? Attac? Occupy? Oxfam? Nein, er stammt von Seite 39 aus dem Spiegel 31\/69. Der elf Seiten lange Beitrag namens &#8222;Paradies der Reichen&#8220; zeigt vor allem:<\/p>\n<p>1. Die Ungleichverteilung war schon damals praktisch nicht mehr grafisch darstellbar.<\/p>\n<p>2. Im Jahre 2007, also 38 Jahre sp\u00e4ter, stellte das DIW das gesamtdeutsche Nettorealverm\u00f6gen als Zehn-S\u00e4ulen-Diagramm dar. Die rechte, reichste S\u00e4ule mit einem Verm\u00f6gensdurchschnitt von 600.000 Euro war zw\u00f6lf Zentimeter hoch. H\u00e4tte man an ihrem rechten Rand die damals gr\u00f6\u00dften deutschen Verm\u00f6gen der Quandts oder der Aldi-Br\u00fcder abgetragen, w\u00e4ren die vier Kilometer (!) hoch geworden, w\u00e4hrend das &#8222;Verm\u00f6gen&#8220; von uns, den restlichen 99,9 Prozent, nur ein horizontaler Strich gewesen w\u00e4re.<\/p>\n<p>3. Die Ungleichverteilung war von Anfang an CDU-gewollt. In der W\u00e4hrungsreform von 1948 wurden die Verm\u00f6gen der gro\u00dfen Familien Flick, Thyssen, Siemens, Bosch, Quandt und Oetker (&#8230;) eins zu eins auf Deutsche Mark umgestellt. Dagegen hatten mit ihrer Kopfquote von 40 Mark vier F\u00fcnftel der Bundesb\u00fcrger den Wettlauf in die Wohlstandsgesellschaft bereits am Start verloren.<\/p>\n<p>&nbsp;<\/p>\n<p><a href='http:\/\/www.faz.net\/aktuell\/wissen\/leben-gene\/insektensterben-75-prozent-weniger-insekten-in-deutschland-15250672.html' class='azc_bbc_url'>75 Prozent weniger Insekten in Deutschland<\/a><br \/>\nDas \u00d6ko-Kampfblatt FAZ schreibt: <span class='azc_bbc_italic'>&#8222;Das Insektensterben l\u00e4sst sich nicht mehr abstreiten: Die drastischen Bestandseinbr\u00fcchen sind real, sie lassen sich \u00fcber 27 Jahre mit Standard-Flugfallen f\u00fcr gefl\u00fcgelte Insekten klar nachweisen! Die Arbeit ist methodisch sauber und zeigt fl\u00e4chendeckend f\u00fcr eine gro\u00dfe geografische Region Mitteleuropas einen massiven Biomasser\u00fcckgang f\u00fcr Insekten. Wir befinden uns mitten in einem Albtraum, da Insekten eine zentrale Rolle f\u00fcr das Funktionieren unserer \u00d6kosysteme spielen.&#8220;<\/span><\/p>\n<p>Man muss dazu sagen, dass der \u00fcber 27 Jahre lange R\u00fcckgang um 75 Prozent in Naturschutzgebieten (!) gemessen wurde. Wie es auf den B\u00f6den der industriell arbeitenden Landwirtschaft aussieht, d\u00fcrfte &#8222;den Albtraum&#8220; nochmal deutlich gr\u00f6sser machen.<\/p>\n<p>Aber nochmal die FAZ: <span class='azc_bbc_italic'>&#8222;Was genau die Ursache des fl\u00e4chendeckenden Insektensterbens ist, bleibt allerdings nach der ersten Langzeitstudie dieser Art unklar.&#8220;<\/span><\/p>\n<p>Hehe, dass die FAZ nat\u00fcrlich nicht die Systemfrage stellen kann, liegt auf der Hand, denn das w\u00e4re ja Journalismus <img class='azc_bbc_image' src='https:\/\/www.rume.de\/smilies\/nasiehste.gif'  \/><\/p>\n<p>In einem Wirtschaftssystem, in dem die Habgier zur obersten Religion erhoben wird, ist die grenzenlose Zerst\u00f6rung von allem aber vorprogrammiert. Und jeder weiss das. Wir haben mitnichten nur eine industriell arbeitende Landwirtschaft, die t\u00f6tet. Nein, es zielt letztlich alles, was &#8222;erwirtschaftet&#8220; wird, auf eine vollst\u00e4ndige Zerst\u00f6rung. Die giftspr\u00fchende und grundwasserverseuchende Landwirtschaft ist da nur ein einzelner Baustein, der massenweise abt\u00f6tet. Die Industrie mit ihrem Bedarf an Rohstoffen und \u00d6l, wof\u00fcr sie im Gegenzug f\u00fcr verw\u00fcstete Landschaften, vergiftete Atemluft und schwerbelastete M\u00fcllberge sorgt, ist ebenfalls ein Wahrzeichen dieses Habgier-Systems. Und \u00fcber allem thront das Finanzsystem, welches direkt Kriege einfordert und Menschen mordet.<\/p>\n<p>Aber wie schon gesagt: \u00dcber DEN Tellerrand hinaus zu schauen, das k\u00f6nnen nur wenige. Und Qualit\u00e4tsjournalisten geh\u00f6ren nicht dazu.<\/p>\n<p>&nbsp;<\/p>\n<p><a href='http:\/\/www.spiegel.de\/panorama\/justiz\/nsu-sprengstofflieferant-war-v-mann-der-berliner-polizei-a-855719.html' class='azc_bbc_url'>NSU-Sprengstofflieferant war V-Mann der Berliner Polizei<\/a><br \/>\nDas ehemalige Nachrichtenmagazin berichtet: <span class='azc_bbc_italic'>&#8222;Erneut geraten die Sicherheitsbeh\u00f6rden in der NSU-Aff\u00e4re in Erkl\u00e4rungsnot: Nach SPIEGEL-Informationen war Thomas S., einer der 13 Beschuldigten im Verfahren, \u00fcber zehn Jahre f\u00fcr das Berliner Landeskriminalamt als Informant t\u00e4tig. Die brisanten Details hielt das LKA sehr lange zur\u00fcck.&#8220;<\/span><\/p>\n<p><a href='http:\/\/feynsinn.org\/?p=8720' class='azc_bbc_url'>Pannen \u00fcber Pannen<\/a>. Immer mehr Geld f\u00fcr immer mehr Pannen und immer mehr Anschl\u00e4ge, die mutma\u00dflich oder bewiesenerma\u00dfen von ihnen selbst begangen werden. Aber wer darin KEINE Panne sieht, ist Extremist oder irre. Ein geschlossenes Weltbild ist n\u00f6tig, um die offensichtlichen Zusammenh\u00e4nge zu leugnen und anstelle derer welche zu konstruieren, die so verstrahlt sind, dass sie im Dunkeln leuchten <img class='azc_bbc_image' src='https:\/\/www.rume.de\/smilies\/nasiehste.gif'  \/><\/p>\n<p>Dazu passt auch:<\/p>\n<p><a href='https:\/\/www.rbb24.de\/politik\/beitrag\/2017\/10\/amri-von-v-mann-angestachelt-anschlag-berlin-breitscheidplatz.html' class='azc_bbc_url'>V-Mann soll Gruppe um Amri zu Anschl\u00e4gen aufgehetzt haben<\/a><br \/>\n<span class='azc_bbc_italic'>&#8222;Eine wichtige Bezugsperson des Terroristen Anis Amri in der militanten Islamistenszene war ein V-Mann des Landeskriminalamts Nordrhein-Westfalen. Recherchen des rbb und der &#8222;Berliner Morgenpost&#8220; belegen nun, dass die sogenannte Vertrauensperson VP-01 fr\u00fchzeitig Islamisten zu Anschl\u00e4gen in Deutschland angestachelt haben soll. Laut eines Zeugens war dabei auch von einem Anschlag mit einem Lkw die Rede.&#8220;<\/span><\/p>\n<p>Tja und auch DAS kommt jetzt ja mal v\u00f6llig \u00fcberraschend <img class='azc_bbc_image' src='https:\/\/www.rume.de\/smilies\/clown.gif'  \/> Und nun, liebe Qualit\u00e4tsjournalisten: Immer noch alles nur eine &#8222;Panne&#8220; und &#8222;Versagen&#8220;?<\/p>\n<p>Ich wiederhole: Die Morde waren politisch gewollt, um einen sich versch\u00e4rfenden Rassismus anzustacheln und die gew\u00fcnschten Terrorgesetze durchzubringen. Und jede neue Meldung best\u00e4tigt dies. Denn wie es sich f\u00fcr unseren Rechtsstaat geh\u00f6rt, folgen hier nat\u00fcrlich KEINE nennenswerten Konsequenzen. Im Gegenteil: Die Staatsssicherheit wird trotzdem weiter aufger\u00fcstet, die Sicherheitsbeh\u00f6rden bekommen noch mehr Befugnisse &#8211; und das Beste: Der P\u00f6bel klatscht begeistert Applaus und unterst\u00fctzt diese Art der Politik bei jeder Wahl.<\/p>\n<p>Ist halt nicht alles schlecht an einer Bev\u00f6lkerung, die sich nicht f\u00fcr Politik interessiert &#8211; und das bisschen, was sie weiss, nur entsprechend gefiltert und bewertet aus unseren Qualit\u00e4tsmedien erf\u00e4hrt <img class='azc_bbc_image' src='https:\/\/www.rume.de\/smilies\/sarkasm.gif'  \/><\/p>\n<p>&nbsp;<\/p>\n<p><a href='http:\/\/www.wsws.org\/de\/articles\/2017\/10\/20\/jord-o20.html' class='azc_bbc_url'>Deutsche Luftwaffe wieder an Kriegsverbrechen in Syrien beteiligt<\/a><br \/>\n<span class='azc_bbc_italic'>&#8222;Rakka liegt nach drei Monaten Belagerung in Schutt und Asche. Von den H\u00e4usern der Stadt sind nur noch Gerippe \u00fcbrig, auf den Stra\u00dfen t\u00fcrmen sich die Tr\u00fcmmer, w\u00e4hrend der H\u00e4userkampf und die Luftangriffe ununterbrochen fortgesetzt werden. Fast 30.000 Raketen, Bomben und weitere Geschosse haben die Koalitionsstreitkr\u00e4fte seit Juni auf die dicht besiedelte Stadt abgefeuert.<\/p>\n<p>Die Nichtregierungsorganisation Airwars geht in ihren konservativsten Sch\u00e4tzungen von insgesamt mindestens 1.100 toten Zivilisten aus. Dies sind laut Airwars F\u00e4lle, die nicht nur berichtet, sondern auch bewiesen werden konnten. Die tats\u00e4chliche Zahl der Opfer liegt daher ohne Zweifel weit h\u00f6her. Angesichts der massiven Zerst\u00f6rung in Rakka muss man zudem davon ausgehen, dass tausende Menschen noch unter den Tr\u00fcmmern begraben liegen.<\/p>\n<p>Seit Anfang letzter Woche ist die Bundeswehr an diesen Verbrechen wieder direkt beteiligt. Bereits Ende M\u00e4rz hatte die Koalition eine Schule in der Ortschaft al-Mansoura nahe Rakka angegriffen. Luftaufkl\u00e4rung und Zielkoordinaten lieferten die Tornados der Luftwaffe. Bei der Bombardierung der Schule sind dutzende, m\u00f6glicherweise hunderte Menschen get\u00f6tet worden. Laut Airwars befanden sich bis zu 100 Fl\u00fcchtlingsfamilien in dem vollst\u00e4ndig zerst\u00f6rten Schulgeb\u00e4ude.&#8220;<\/span> <a href='http:\/\/www.wsws.org\/de\/articles\/2017\/10\/20\/jord-o20.html' class='azc_bbc_url'>Weiterlesen&#8230;<\/a><\/p>\n<p>Wie sch\u00f6n, dass die SPD gerade erst wieder die Erlaubnis f\u00fcr weitere Kriegsverbrechen gegeben hat. Und weit \u00fcber 80 Prozent der W\u00e4hler sowieso.<\/p>\n<p>Aber wehe, die Hinterbliebenen r\u00e4chen sich \u00fcber Anschl\u00e4ge hier im Westen&#8230;<\/p>\n<p>&nbsp;<\/p>\n<p><a href='https:\/\/www.jungewelt.de\/artikel\/320308.html' class='azc_bbc_url'>Protestaktion f\u00fcr eine atomwaffenfreie Welt: Aktivisten gerichtlich verurteilt<\/a><br \/>\n<span class='azc_bbc_italic'>&#8222;Keine zwei Wochen nach der Verleihung des Friedensnobelpreises an die internationale Kampagne zur atomaren Abr\u00fcstung (ICAN) sind erneut vier Aktivistinnen und Aktivisten aus deren Spektrum zu Geldstrafen verurteilt worden. Im September 2016 hatten sie sich an der friedlichen Besetzung der Landebahn des Fliegerhorsts B\u00fcchel beteiligt, um gegen die US-Atomwaffen auf dem St\u00fctzpunkt zu protestieren.<\/p>\n<p>Im Herbst letzten Jahres hatte das Jugendnetzwerk f\u00fcr politische Aktionen (Junepa) die gewaltfreie Besetzung des Milit\u00e4rgel\u00e4ndes mit Luftballons und Transparenten initiiert. Vier Kernwaffengegner waren bereits am 4. Oktober dieses Jahres wegen ihrer Teilnahme an der Aktion verurteilt worden.&#8220;<\/span><\/p>\n<p>Tja Leute, genau so geht Propaganda: Laut und Breit berichtet die Qualit\u00e4tsjournaille dar\u00fcber, wie die ICAN den Friedensnobelpreis bekommt. Aber dass die Bundesregierung den Atomwaffenverbotsvertrag der Vereinten Nationen blockiert, dar\u00fcber berichtet man weniger deutlich (und vorzugsweise im Nachtprogramm). Und dass die Bundesregierung friedliche Proteste kriminalisiert und gerichtlich aburteilen l\u00e4sst, dar\u00fcber berichtet man dann vorsichtshalber gar nicht mehr.<\/p>\n<p>&nbsp;<\/p>\n<p><a href='http:\/\/www.faz.net\/aktuell\/politik\/friedensnobelpreis-stiftung-investiert-in-atomwaffen-15254174.html' class='azc_bbc_url'>Friedensnobelpreis-Stiftung investiert in Atomwaffen<\/a><br \/>\nDie Pazifisten-Kampfblatt FAZ berichtet: <span class='azc_bbc_italic'>&#8222;Dem j\u00fcngsten Jahresbericht aus dem Jahr 2016 zufolge profitiert die Nobel-Stiftung \u00fcber Fonds von den R\u00fcstungsfirmen. Zu ihnen z\u00e4hlen eine ganze Reihe von Konzernen mit umfangreichen R\u00fcstungssparten, aus Amerika etwa Boeing, Lockheed, Martin und Raytheon, aus Europa BAE Systems und Airbus. All diese Unternehmen seien an Atomwaffenprojekten bzw. -programmen beteiligt. Dem Anti-Atomwaffenb\u00fcndnis ICAN wurde daher empfohlen, das Preisgeld f\u00fcr den diesj\u00e4hrigen Friedensnobelpreis nicht anzunehmen.&#8220;<\/span><\/p>\n<p>&nbsp;<\/p>\n<p><a href='https:\/\/heise.de\/-3862202' class='azc_bbc_url'>Dem Establishment sind die Deutschen immer noch zu pazifistisch<\/a><br \/>\n<span class='azc_bbc_italic'>&#8222;Ein Manifest und eine Studie sind k\u00fcrzlich erschienen und beide Dokumente geben Einblick in die Denkweise des sicherheitspolitischen Establishments in Deutschland. Die Unterzeichner sind in der sicherheitspolitischen Elite keine Unbekannten, sondern die \u00fcblichen Verd\u00e4chtigen: Neben Jan Techau unter anderem Thomas Kleine-Brockhoff vom German Marshall Fund of the United States, Ralf F\u00fccks, GR\u00dcNER Realo und lange Leiter der Heinrich-B\u00f6ll-Stiftung. Weitere Unterzeichner kommen unter anderem vom American Jewish Committee, der Stiftung Neue Verantwortung, der CDU-nahen Konrad-Adenauer-Stiftung, der GR\u00dcNEN-nahen Heinrich-B\u00f6ll-Stiftung und dem Aspen Institute Deutschland.<\/p>\n<p>Meinungsumfragen in Deutschland zeigten, dass die Bev\u00f6lkerung zwar Stabilisierungseins\u00e4tze und Ausbildungsmissionen der Bundeswehr wie in Afghanistan und Mali unterst\u00fctze. Kampfeins\u00e4tzen st\u00fcnden die Deutschen aber ablehnend gegen\u00fcber, beklagen sie. Deswegen k\u00f6nnten viele &#8222;aktivere Verteidigungsma\u00dfnahmen&#8220; in Deutschland gar nicht namentlich genannt werden, klagt er weiter, sondern w\u00fcrden in Euphemismen gepackt. Genannt als Beispiel f\u00fcr solche Sch\u00f6nf\u00e4rberei werden: Friedenssicherung, Stabilisierung, Krisenmanagement, B\u00fcndnisf\u00e4higkeit, erh\u00f6hte Vorw\u00e4rtspr\u00e4senz und auch Generalinspekteur &#8211; der sei n\u00e4mlich in Wirklichkeit der Stabschef der Bundeswehr.<\/p>\n<p>&#8222;Unter der politischen Elite herrscht weitgehend Konsens, die Milit\u00e4rausgaben deutlich zu erh\u00f6hen&#8220;, befindet die Studie. Vor allem der Parlamentsvorbehalt bei Eins\u00e4tzen der Bundeswehr ist den Verfassern ein Dorn im Auge: Es gelte, die &#8222;psychologischen und rechtlichen Handschellen&#8220; zu l\u00f6sen, die Eins\u00e4tze des Bundeswehr heute verhinderten. Au\u00dferdem redet man offen der R\u00fcstungsindustrie das Wort, einschlie\u00dflich Waffenexporten: Unternehmen w\u00fcrden nicht in Entwicklung und Herstellung von Waffen investieren, wenn sie nicht sicher sein k\u00f6nnten, dass sie diese dann auch international verkaufen k\u00f6nnten.&#8220;<\/span> <a href='https:\/\/heise.de\/-3862202' class='azc_bbc_url'>Weiterlesen&#8230;<\/a><\/p>\n<p>&nbsp;<\/p>\n<p><a href='https:\/\/www.jungewelt.de\/artikel\/320347.html' class='azc_bbc_url'>Die AfD rechts \u00fcberholen<\/a><br \/>\nSch\u00f6nes Beispiel daf\u00fcr, wie die \u00d6ffentlich-Rechten den Rechtsrutsch in Deutschland wohlwollend unterst\u00fctzt: <span class='azc_bbc_italic'>&#8222;Nach dem R\u00fccktritt des s\u00e4chsischen Ministerpr\u00e4sidenten Stanislaw Tillich beleuchtete der Deutschlandfunk die CDU im allgemeinen und die s\u00e4chsische im besonderen von allen Seiten. Silvia Engels sprach mit Frank Kupfer, Chef der CDU-Fraktion im s\u00e4chsischen Landtag, der die \u00bbFl\u00fcchtlingspolitik\u00ab von Kanzlerin Merkel f\u00fcr das schlechte Abschneiden seiner Partei bei der Bundestagswahl verantwortlich machte, also die kurzzeitige \u00d6ffnung der Grenzen im Sp\u00e4tsommer 2015.<\/p>\n<p>Kupfer weiter: Die CDU sei \u00bbnach links geschwenkt\u00ab. Wenn man nun wieder \u00bbin die Mitte\u00ab wolle, m\u00fcsse man \u00bbein St\u00fcckchen nach rechts r\u00fccken\u00ab. Asylrechtsversch\u00e4rfungen in Serie: kein Thema. Was z\u00e4hlt, sind gef\u00fchlte Wahrheiten. Nun m\u00fcsse die Union endlich wieder \u00bbPolitik f\u00fcr die Menschen machen\u00ab. Die Interviewerin fragt nat\u00fcrlich nicht nach, wer f\u00fcr Kupfer denn ein Mensch sei &#8211; und schon gar nicht, ob denn die CDU \u00fcberhaupt schon mal Politik f\u00fcr \u00bbdie B\u00fcrger\u00ab bzw. f\u00fcr die Mehrheit der Lohnabh\u00e4ngigen, Erwerbslosen, kleinen Selbst\u00e4ndigen und Rentner gemacht habe.&#8220;<\/span><\/p>\n<p>&nbsp;<\/p>\n<p>Und zu guter Letzt:<\/p>\n<p><a href='https:\/\/unfugbilder.tumblr.com\/post\/166646055528\/weiter-unten-findet-ihr-noch-einen-artikel-zu' class='azc_bbc_url'>CDU Sachsen<\/a><br \/>\n<img class='azc_bbc_image' src='https:\/\/www.rume.de\/smilies\/nasiehste.gif'  \/><\/p>\n","protected":false},"excerpt":{"rendered":"<p>\/ D\u00fcsseldorfer Kindertafel wird zehn Jahre alt \/ Air-Berlin-Piloten sollen bei Eurowings 40 Prozent weniger verdienen \/ Europas L\u00f6hne wachsen nur um 0,4 Prozent \/ ARD Deutschlandtrend: &#8222;Jamaika&#8220; soll f\u00fcr gerechte L\u00f6hne sorgen \/ Sondierungen f\u00fcr Jamaika-B\u00fcndnis haben begonnen \/ Deutschland den Reichen \/ 75 Prozent weniger Insekten in Deutschland \/ NSU-Sprengstofflieferant war V-Mann der &hellip; <a href=\"https:\/\/www.rume.de\/?p=415\" class=\"more-link\"><span class=\"screen-reader-text\">\u201eAufgelesen und kommentiert 2017-10-22\u201c <\/span>weiterlesen<\/a><\/p>\n","protected":false},"author":1,"featured_media":0,"comment_status":"open","ping_status":"closed","sticky":false,"template":"","format":"standard","meta":{"footnotes":""},"categories":[2],"tags":[],"class_list":["post-415","post","type-post","status-publish","format-standard","hentry","category-aufgelesen"],"_links":{"self":[{"href":"https:\/\/www.rume.de\/index.php?rest_route=\/wp\/v2\/posts\/415","targetHints":{"allow":["GET"]}}],"collection":[{"href":"https:\/\/www.rume.de\/index.php?rest_route=\/wp\/v2\/posts"}],"about":[{"href":"https:\/\/www.rume.de\/index.php?rest_route=\/wp\/v2\/types\/post"}],"author":[{"embeddable":true,"href":"https:\/\/www.rume.de\/index.php?rest_route=\/wp\/v2\/users\/1"}],"replies":[{"embeddable":true,"href":"https:\/\/www.rume.de\/index.php?rest_route=%2Fwp%2Fv2%2Fcomments&post=415"}],"version-history":[{"count":1,"href":"https:\/\/www.rume.de\/index.php?rest_route=\/wp\/v2\/posts\/415\/revisions"}],"predecessor-version":[{"id":416,"href":"https:\/\/www.rume.de\/index.php?rest_route=\/wp\/v2\/posts\/415\/revisions\/416"}],"wp:attachment":[{"href":"https:\/\/www.rume.de\/index.php?rest_route=%2Fwp%2Fv2%2Fmedia&parent=415"}],"wp:term":[{"taxonomy":"category","embeddable":true,"href":"https:\/\/www.rume.de\/index.php?rest_route=%2Fwp%2Fv2%2Fcategories&post=415"},{"taxonomy":"post_tag","embeddable":true,"href":"https:\/\/www.rume.de\/index.php?rest_route=%2Fwp%2Fv2%2Ftags&post=415"}],"curies":[{"name":"wp","href":"https:\/\/api.w.org\/{rel}","templated":true}]}}