{"id":411,"date":"2017-10-19T22:01:09","date_gmt":"2017-10-19T20:01:09","guid":{"rendered":"http:\/\/rume.katti.eu\/?p=411"},"modified":"2017-10-19T22:01:09","modified_gmt":"2017-10-19T20:01:09","slug":"aufgelesen-und-kommentiert-2017-10-19","status":"publish","type":"post","link":"https:\/\/www.rume.de\/?p=411","title":{"rendered":"Aufgelesen und kommentiert 2017-10-19"},"content":{"rendered":"<p>\/ Air-Berlin-Pleite: Manager kassieren, Arbeitnehmer verlieren<br \/>\n\/ Arm trotz Arbeit: 3,2 Millionen Menschen haben mehrere Jobs<br \/>\n\/ Experten fordern Abschaffung der Minijobs<br \/>\n\/ Bremen: SPD und GR\u00dcNE privatisieren die Stadtreinigung<br \/>\n\/ Panama-Untersuchungsausschuss: EU-Staaten haben Steuerbetrug erm\u00f6glicht<br \/>\n\/ SPD-Chef Martin Schulz: &#8222;Wir m\u00fcssen wieder Mut zur Kapitalismuskritik fassen&#8220;<br \/>\n\/ Terrorgefahr laut MI5-Chef &#8222;so hoch wie nie&#8220;<br \/>\n\/ &#8222;Vertrauliche Quellen sind eingesch\u00fcchtert&#8220;<br \/>\n\/ EU-Datenbanken verbinden f\u00fcr mehr Sicherheit<br \/>\n\/ T\u00fcbinger Wohnprojekt wochenlang video\u00fcberwacht<br \/>\n\/ Machtkampf in der F\u00fchrung der Linkspartei<br \/>\n\/ Stellungnahme der Kommunistischen Plattform zur sogenannte Asyl- und Fl\u00fcchtlingsfrage<br \/>\n\/ LINKE Bundesratsinitiative: Schulsanierung per Privatisierung<br \/>\n\/ Rot-Rot in Brandenburg: Erd\u00f6l-F\u00f6rderung am Rande des Spreewaldes genehmigt<br \/>\n\/ Deutsch-muslimischer Feiertag: Welches Datum wird es?<\/p>\n<p>&#8212;<\/p>\n<p><!--more--><\/p>\n<p><a href='https:\/\/www.zdf.de\/politik\/frontal-21\/air-berlin-pleite-100.html' class='azc_bbc_url'>Air-Berlin-Pleite: Manager kassieren, Arbeitnehmer verlieren<\/a><br \/>\nIst der Kapitalismus nicht toll? <img class='azc_bbc_image' src='https:\/\/www.rume.de\/smilies\/sarkasm.gif'  \/><\/p>\n<p>&nbsp;<\/p>\n<p><a href='http:\/\/www.spiegel.de\/wirtschaft\/soziales\/minijobber-arm-trotz-arbeit-3-2-millionen-menschen-haben-mehrere-jobs-a-1172698.html' class='azc_bbc_url'>Arm trotz Arbeit: 3,2 Millionen Menschen haben mehrere Jobs<\/a><br \/>\nDas ehemalige Nachrichtenmagazin meldet: <span class='azc_bbc_italic'>&#8222;Binnen zehn Jahren ist die Zahl der Mehrfachbesch\u00e4ftigten in Deutschland um rund eine Million gestiegen. Vergangenen M\u00e4rz hatten 3,2 Millionen Menschen mehr als einen Job, wie aus einer Antwort der Bundesagentur f\u00fcr Arbeit auf eine Anfrage der Bundestagsfraktion der LINKEN hervorgeht. Im Schnitt in jeder achten geringf\u00fcgigen Besch\u00e4ftigung wird bei Minijobbern auch noch illegal der Mindestlohn unterschritten.<\/p>\n<p>Viele Menschen mit mehreren Jobs haben den Angaben der Bundesarbeitsagentur zufolge auch eine sozialversicherungspflichtige Arbeit &#8211; aber noch zus\u00e4tzlich eine geringf\u00fcgige Besch\u00e4ftigung. Dies trifft auf 2,7 Millionen Menschen in Deutschland zu. Die Gesamtzahl der geringf\u00fcgig Besch\u00e4ftigten war dementsprechend kontinuierlich ansteigend und liegt derzeit bei rund 7,5 Millionen.&#8220;<\/span><\/p>\n<p>Dazu passt:<\/p>\n<p><a href='https:\/\/www.welt.de\/wirtschaft\/article169738843\/Experten-fordern-Abschaffung-der-Minijobs.html' class='azc_bbc_url'>Experten fordern Abschaffung der Minijobs<\/a><br \/>\nDIE WELT berichtet: <span class='azc_bbc_italic'>&#8222;Grunds\u00e4tzlich kritisieren die Verfasser, dass der Staat die sogenannten Minijobs durch Steuer- und Abgabenfreiheit subventioniert. &#8222;Diese staatliche Beg\u00fcnstigung von Nebenjobs ist unn\u00f6tig und sollte gestrichen werden&#8220;, sagt Weber, Forschungsdirektor des IAB. Geringverdiener durch die F\u00f6rderung der Minijobs in die Mehrfachbesch\u00e4ftigung zu treiben, sei sozialpolitisch kurzsichtig. &#8222;Momentan sorgt die staatliche F\u00f6rderung daf\u00fcr, dass die Menschen Anreize haben, Minijobs im Nebenjob anzunehmen, der au\u00dfer etwas mehr Geld oft nichts bringt. N\u00f6tig ist, die Einkommensm\u00f6glichkeiten im Hauptberuf zu verbessern, zum Beispiel auch durch die Besserstellung von Geringverdienern bei Steuern und Abgaben&#8220;, sagt Weber. &#8222;Die Menschen sollten Anreize haben, im Hauptjob zu arbeiten, sich dort zu engagieren, die Arbeitszeit auszuweiten, sich beruflich zu entwickeln und eine Alterssicherung aufzubauen. Die Menschen im Nebenjob zu entlasten, setzt sie nur auf das falsche Gleis.&#8220;<\/span><\/p>\n<p>Dass so ein Regierungskomplize nicht f\u00fcr einen anderen Weg pl\u00e4diert, n\u00e4mlich die Reduzierung auf z.B. eine 30-Stunden-Woche f\u00fcr alle, dar\u00fcber muss man wohl hinwegsehen. Wer sich aus der &#8222;modernen&#8220; Qualit\u00e4tsjournaille ern\u00e4hrt, f\u00fcr den ist schon ein Tellerrand eine un\u00fcberwindbare Mauer <img class='azc_bbc_image' src='https:\/\/www.rume.de\/smilies\/biggrin.gif'  \/><\/p>\n<p>Aber der Kern der Kritik, die durch unsere Steuern subventionierte Lohndumpingseuche per Minijob, ist vollkommen richtig und unterst\u00fctzenswert.<\/p>\n<p>&nbsp;<\/p>\n<p><a href='https:\/\/www.jungewelt.de\/artikel\/320228.html' class='azc_bbc_url'>Bremen: SPD und GR\u00dcNE privatisieren die Stadtreinigung<\/a><br \/>\nDer Vorteil: Man muss den Besch\u00e4ftigten keine Tarifl\u00f6hne mehr zahlen, sondern kann Privatbetriebe mit ihrem sich \u00fcberbietenden Lohndumping gegeneinander ausspielen. Denn ob die Arbeiter von ihren L\u00f6hnen leben k\u00f6nnen, interessiert bei SPD und GR\u00dcNEN schon seit vielen Jahren keinen mehr. <span class='azc_bbc_italic'>&#8222;Als Bodensatz f\u00fcr die Leute haben wir doch extra Hartz4 eingef\u00fchrt. Das reicht an sozialen Wohltaten.&#8220;<\/span><\/p>\n<p>&nbsp;<\/p>\n<p><a href='https:\/\/www.neues-deutschland.de\/artikel\/1067410.html' class='azc_bbc_url'>Panama-Untersuchungsausschuss: EU-Staaten haben Steuerbetrug erm\u00f6glicht<\/a><br \/>\nEin Mangel an politischem Willen in einigen L\u00e4ndern habe Betrug und Steuervermeidung erm\u00f6glicht, befand der Ausschuss am Mittwoch zum Abschluss seiner gut 18-monatigen Untersuchung. Die Notwendigkeit einstimmiger Entscheidungen unter den EU-Staaten in Steuerfragen habe zudem n\u00f6tige Reformen blockiert.<\/p>\n<p>In weiteren Meldungen: Parteispenden-Untersuchungsausschuss: Das meiste Geld fliesst an Parteien, die Politik f\u00fcr Reiche machen ++++ Zeitungs-Untersuchungsausschuss: Die wohlwollendsten Berichte bekommen die, die das meiste Geld besitzen ++++ Wahlergebnisse-Untersuchungsausschuss: Breite Mehrheiten bekommen meist diejenigen, die die beste PR haben ++++ Bildungs-Untersuchungsausschuss: Der Deutsche ist viel zu doof, um selbst einfachste Zusammenh\u00e4nge zu erkennen ++++<\/p>\n<p>&nbsp;<\/p>\n<p><a href='http:\/\/www.zeit.de\/politik\/deutschland\/2017-10\/martin-schulz-spd-interview' class='azc_bbc_url'>SPD-Chef Martin Schulz: &#8222;Wir m\u00fcssen wieder Mut zur Kapitalismuskritik fassen&#8220;<\/a><br \/>\nUnd als erste Amtshandlung der neuen kapitalismuskritischen SPD hat man direkt <a href='https:\/\/www.bundesregierung.de\/Content\/DE\/Kabinettssitzung\/2017\/10\/2017-10-17-kabinett.html' class='azc_bbc_url'>alle Bundeswehr-Auslandseins\u00e4tze zugunsten freier Handelswege und Rohstoffzugriffe verl\u00e4ngert<\/a> <img class='azc_bbc_image' src='https:\/\/www.rume.de\/smilies\/sarkasm.gif'  \/><\/p>\n<p>&nbsp;<\/p>\n<p><a href='http:\/\/www.handelsblatt.com\/politik\/international\/grossbritannien-terrorgefahr-nie-so-hoch-wie-jetzt\/20470024.html' class='azc_bbc_url'>Terrorgefahr laut MI5-Chef &#8222;so hoch wie nie&#8220;<\/a><br \/>\nSchon gestern war die Terrorgefahr EXTREM hoch, aber heute, Leute, HEUTE ist es NOCH h\u00f6her. Und ich m\u00f6chte gar nicht wissen, wie das erst morgen ist. Vielleicht ist die Gefahr, wegen einem Terroranschlag zu sterben sogar halb so hoch, wie ein Lottogewinn <img class='azc_bbc_image' src='https:\/\/www.rume.de\/smilies\/clown.gif'  \/><\/p>\n<p>Ich pers\u00f6nlich finde es immer wieder belustigend, wie unsere Qualit\u00e4tsjournaille jedes mal so tut, als k\u00e4me der Terror aus dem Nichts. Als ob das einfach nur mordgeile Psychopathen sind, die solche Anschl\u00e4ge ver\u00fcben, weil ihnen &#8222;einfach so&#8220; danach ist. Und nichts k\u00f6nnte Falscher sein. <span class='azc_bbc_italic'>&#8222;Gewalt aus dem Nichts, &#8222;ohne Grund&#8220;, Sinn-los, Ziel-los, gibt es nicht &#8211; das ist Halluzination oder Ideologie. Der Mensch handelt nicht grundlos. Eine andere Frage ist, ob die Gr\u00fcnde &#8222;gut&#8220;, also rational, \u00fcberzeugend oder legitim sind&#8220;<\/span>, <a href='http:\/\/www.zeit.de\/gesellschaft\/zeitgeschehen\/2017-07\/g20-krawalle-linksextremismus-staatsgewalt\/komplettansicht' class='azc_bbc_url'>hatte Ex-Bundesrichter Thomas Fischer bereits dargelegt<\/a>.<\/p>\n<p>Also die Frage: Ist es legitim, dass der Westen im Namen freier Handelswege und Rohstoffabsicherungen den Nahen Osten in Schutt und Asche bombardiert? Ist es legitim, dass man im Namen der angeblichen Terrorbek\u00e4mpfung zigtausend unschuldige Menschen direkt mit abschlachtet? Ist es legitim, wenn der Westen demokratisch gew\u00e4hlte Regierungen per Mord wegputscht, nur weil sie eine andere Art der Wirtschaftsform durchsetzen wollten?<\/p>\n<p>Wer diese Gewalt f\u00fcr legitim erachtet, oder gar mit seinem Wahlkreuz ausdr\u00fccklich unterst\u00fctzt, darf sich \u00fcber die Gegengewalt hier mitten in Europa dann auch nicht beschweren.<\/p>\n<p>Und kleiner Bonuslacher am Rande (Zitat): <span class='azc_bbc_italic'>&#8222;Dazu komme, dass sich Terroristen im Internet verbergen k\u00f6nnten.&#8220;<\/span> Hui, man kann also ins Internet verschwinden? Das war mir neu <img class='azc_bbc_image' src='https:\/\/www.rume.de\/smilies\/biggrin.gif'  \/> Aber an solchen Textdetails erkennt man schon recht gut den &#8222;Gehalt&#8220; solcher Terrornachrichten.<\/p>\n<p>&nbsp;<\/p>\n<p><a href='http:\/\/www.deutschlandfunk.de\/abhoerskandal-vertrauliche-quellen-sind-eingeschuechtert.2907.de.html?dram:article_id=398523' class='azc_bbc_url'>&#8220;Vertrauliche Quellen sind eingesch\u00fcchtert&#8220;<\/a><br \/>\nDer Deutschlandfunk berichtet: <span class='azc_bbc_italic'>&#8222;Im Zuge von Telefon\u00fcberwachungen gegen das Umfeld von Fu\u00dfball-Oberligist BSG Chemie Leipzig wurden auch Berufsgeheimnistr\u00e4ger abgeh\u00f6rt. Soll hei\u00dfen: Unter anderem wurden Journalisten bei ihrer Recherche von Polizisten belauscht.&#8220;<\/span><\/p>\n<p>Und GENAU DAS ist Ziel und Zweck der gesamten Terrorgesetze. Denn nichts verbreitet mehr Einsch\u00fcchterung, als das heimliche staatliche Abh\u00f6ren unserer vertraulichsten Gespr\u00e4che. Und wenn auch Journalisten, die sich ohnehin kaum regierungskritisch zeigen, jederzeit vom Staat abgeh\u00f6rt werden k\u00f6nnen, dann werden sie sich h\u00fcten, auch noch gegen politisch gewollte Verbrechen zu recherchieren. Zumal sie ja miterleben, dass das rechtswidrige staatliche Abh\u00f6ren keinerlei Konsequenzen hervorruft &#8211; ausser halt NOCH MEHR \u00dcberwachungsbefugnisse f\u00fcr die Staatssicherheit.<\/p>\n<p>In der EU werden <a href='http:\/\/www.spiegel.de\/politik\/ausland\/malta-mord-an-bloggerin-daphe-caruana-galizia-das-ist-krieg-a-1173271.html' class='azc_bbc_url'>zu kritische Journalisten auch mal per Autobombe entsorgt<\/a>, wenn sie nicht locker lassen. Und die nun eingeleiteten &#8222;Ermittlungen&#8220; werden (wie politisch erw\u00fcnscht) nat\u00fcrlich keinerlei Erkenntnisse erbringen. Das sollte doch wohl als deutlicher Hinweis ausreichen, oder? <img class='azc_bbc_image' src='https:\/\/www.rume.de\/smilies\/nasiehste.gif'  \/><\/p>\n<p>&nbsp;<\/p>\n<p><a href='https:\/\/heise.de\/-3864831' class='azc_bbc_url'>EU-Datenbanken verbinden f\u00fcr mehr Sicherheit<\/a><br \/>\nHeise-Online berichtet: <span class='azc_bbc_italic'>&#8222;Das Schengener Informationssystem (SIS II), das Visa-Informationssystem (VIS), das Fingerabdruck-Identifizierungssystem EURODAC, das europ\u00e4ische Ein- und Ausreisesystem (EES, European Entry-Exit System) und das europ\u00e4ische Einreise-Genehmigungssystem ETIAS (European Travel Information and Authorisation Systems) sowie nationale Systeme wie die jeweiligen Fluggastdatenbanken der Schengen-L\u00e4nder &#8211; all diese Datensilos m\u00fcssten miteinander verbunden werden, damit die innere Sicherheit Europas gest\u00e4rkt werden werden kann, erkl\u00e4rte Krum Garkov, der Direktor der europ\u00e4ischen Datenagentur EU-LISA, zum Auftakt der zweit\u00e4gigen Konferenz.&#8220;<\/span><\/p>\n<p>Yeah, f\u00fcr jeden B\u00fcrger eine Akte, gesammelt in einer zentralen EU-Datenbank. Ich denke mal, Erich Mielke bek\u00e4me feuchte H\u00e4nde, wenn er miterleben k\u00f6nnte, was die EU ohne jeden Widerstand gegen intelligenz-prekarisierte und \u00fcber Konsum ruhiggestellte EU-B\u00fcrger durchsetzen kann.<\/p>\n<p><span class='azc_bbc_italic'>&#8222;Warum sollte ich mich dagegen wehren? Ist doch f\u00fcr die Sicherheit. Und ich pers\u00f6nlich hab doch auch nichts zu verbergen&#8220;<\/span>, wird der bildungspolitisch Durchschnittsintelligente nun emp\u00f6rt rufen. Das Problem dabei ist allerdings (Zitat): <span class='azc_bbc_italic'>&#8222;Im Rahmen der von FRA durchgef\u00fchrten Stichproben habe sie Probleme bei EURODAC, SIS II und VIS (in aufsteigender Fehlerquote) gefunden. Bei der FRA-Untersuchung von 117 Datens\u00e4tzen vermisster Kinder in SIS II wurden in 62 F\u00e4llen falsche Angaben gefunden. Das Zusammenf\u00fchren solcher Daten sei ein Risiko und kein Gewinn an Sicherheit, erkl\u00e4rte Joanna Goodey, Leiterin der Agentur der Europ\u00e4ischen Union f\u00fcr Grundrechte (FRA).&#8220;<\/span><\/p>\n<p>Aber hey: Mehr als die H\u00e4lfte aller Datenbank-Eintr\u00e4ge ist falsch? <span class='azc_bbc_italic'>&#8222;Ach, mir passiert schon nichts.&#8220;<\/span> <img class='azc_bbc_image' src='https:\/\/www.rume.de\/smilies\/sarkasm.gif'  \/><\/p>\n<p>Und in den Gr\u00e4bern rotieren unsere V\u00e4ter und Urv\u00e4ter, die ihre Gesundheit oder gar Leben lassen mussten, um genau die Grundrechte zu bekommen, die nun widerstandslos wieder abgeschafft werden. Doch immerhin: Die traditionelle Ausrede der Leute, wenn sie von ihren Kindern gefragt werden, was sie denn damals dagegen unternommen haben, steht ja bereits in den Geschichtsb\u00fcchern: <span class='azc_bbc_italic'>&#8222;Aber wir haben von all dem doch nichts gewusst&#8230;.&#8220;<\/span><\/p>\n<p>Aus der eigenen Geschichte lernt man eben &#8211; oder man ist Deutscher <img class='azc_bbc_image' src='https:\/\/www.rume.de\/smilies\/nasiehste.gif'  \/><\/p>\n<p>&nbsp;<\/p>\n<p><a href='https:\/\/netzpolitik.org\/2017\/tuebinger-wohnprojekt-wochenlang-videoueberwacht' class='azc_bbc_url'>T\u00fcbinger Wohnprojekt wochenlang video\u00fcberwacht<\/a><br \/>\nIn der schw\u00e4bischen Studentenstadt hat die Polizei ohne richterliche Anordnung im Juli 2016 ein Wohnprojekt von \u00fcber einhundert Menschen mit einer Kamera \u00fcberwacht. Nat\u00fcrlich wieder nur, weil man &#8222;linke Umtriebe&#8220; vermutete. Rechtsextreme hingegen muss man ja nicht \u00fcberwachen. Die sind selber bei der Polizei oder beim &#8222;Verfassungsschutz&#8220; und werden aus erster Hand vor Ermittlungen und Verhaftungen gesch\u00fctzt.<\/p>\n<p>Ach ja, ihr fragt nach Konsequenzen f\u00fcr diese rechtswidrige Video\u00fcberwachung? Es gab (nat\u00fcrlich) keine! Nur der Datenschutzbeauftragte, auf den eh niemand h\u00f6rt, n\u00f6rgelt ein wenig herum. Und die wiedergew\u00e4hlten GR\u00dcNEN in Baden-W\u00fcrttemberg planen ein NOCH SCHLIMMERES Polizeigesetz.<\/p>\n<p>Ab wann nochmal genau spricht man von einem Unrechtsstaat?<\/p>\n<p>&nbsp;<\/p>\n<p><a href='http:\/\/www.wsws.org\/de\/articles\/2017\/10\/19\/link-o19.html' class='azc_bbc_url'>Machtkampf in der F\u00fchrung der Linkspartei<\/a><br \/>\n<span class='azc_bbc_italic'>&#8222;Nach der Bundestagswahl ist in der F\u00fchrung der Linkspartei ein heftiger Machtkampf entbrannt, der am Dienstag auf der ersten Sitzung der neugew\u00e4hlten Bundestagsfraktion einen vorl\u00e4ufigen H\u00f6hepunkt erreichte.<\/p>\n<p>Die Linkspartei hatte bisher vor allem in Ostdeutschland eine wichtige Rolle dabei gespielt, sozialen Widerstand unter Kontrolle zu halten und, wo sie Regierungspartei war, selbst soziale Angriffe durchzuf\u00fchren. Diese Rolle ist nun gef\u00e4hrdet. In allen f\u00fcnf ostdeutschen Bundesl\u00e4ndern liegt die AfD deutlich vor der Linkspartei. Diese verlor insgesamt 400.000 ihrer W\u00e4hler an die AfD, vor allem unter Arbeitern und Arbeitslosen in ihren ehemaligen ostdeutschen Hochburgen. Vom massiven Einbruch der Union und der SPD profitierten also vor allem die AfD und die FDP. Beide \u00fcberholten DIE LINKE, die nun statt drittst\u00e4rkste nur noch f\u00fcnftst\u00e4rkste Fraktion im Bundestag ist.<\/p>\n<p>Doch bei den sich bek\u00e4mpfenden Fl\u00fcgeln bleibt v\u00f6llig Tabu, welche Verantwortung DIE LINKE f\u00fcr das Anwachsen der AfD hat. Ihre mit linken Phrasen verbr\u00e4mte rechte Politik &#8211; der Sozialabbau, die Stellenstreichungen und die Polizeiaufr\u00fcstung unter linker Verantwortung &#8211; haben n\u00e4mlich erst die Frustration, Wut und Emp\u00f6rung geschaffen, die die Demagogen der AfD nun ausschlachten k\u00f6nnen. Nicht zuf\u00e4llig lag in Th\u00fcringen, dem einzigen Land mit einem LINKEN-Ministerpr\u00e4sidenten, die AfD bei der Bundestagswahl fast sechs Prozentpunkte vor der Linkspartei.&#8220;<\/span> <a href='http:\/\/www.wsws.org\/de\/articles\/2017\/10\/19\/link-o19.html' class='azc_bbc_url'>Weiterlesen&#8230;<\/a><\/p>\n<p>Dazu passt:<\/p>\n<p><a href='http:\/\/www.antikapitalistische-linke.de\/?p=2243' class='azc_bbc_url'>Stellungnahme der Kommunistischen Plattform zur sogenannte Asyl- und Fl\u00fcchtlingsfrage<\/a><br \/>\nEin ganz hervorragender Debattenbeitrag <img class='azc_bbc_image' src='https:\/\/www.rume.de\/smilies\/verehr.gif'  \/><\/p>\n<p>Kurzer Auszug: <span class='azc_bbc_italic'>&#8222;Die Aller\u00e4rmsten, sagt man uns, h\u00e4tten ja gar kein Geld, die Schlepper zu bezahlen. Fl\u00fcchten k\u00f6nnten ohnehin nur die Betuchteren. Was soll uns das sagen? Dass alle da bleiben sollen, wo ihnen die Bomben auf den Kopf fallen und die Minen die Beine wegrei\u00dfen, wo der Hunger w\u00fctet und unvorstellbare Not herrscht? Die einen, ganz Elenden, die wir vielleicht tolerieren k\u00f6nnten, kommen ohnehin nicht weg, und die, die wegkommen, sind so bemitleidenswert nicht? Schlie\u00dflich k\u00f6nnen sie ja die Schlepper bezahlen! Was ist das f\u00fcr eine Sichtweise?<\/p>\n<p>Wenn der Berliner SPD-Fraktionschef Saleh meint, zu den Sorgen der Leute geh\u00f6re auch die \u00bbAngst vor kultureller \u00dcberfremdung\u00ab, dann wird uns einfach nur \u00fcbel. Derartige \u00bbSorgen\u00ab-Beschreibungen gibt es viele. Wenn Arbeitsmigranten als Lohndr\u00fccker missbraucht werden und das den Unmut ihrer deutschen Kollegen hervorruft, dann stellen wir die Frage, wer f\u00fcr diesen Zustand prim\u00e4r die Verantwortung tr\u00e4gt: Der die Not der Migranten ausnutzende sogenannte Arbeitgeber, oder die am h\u00e4rtesten Ausgebeuteten? Wir sind uns sicher: Auf die Sorgen und N\u00f6te vieler Menschen k\u00f6nnen und m\u00fcssen wir eingehen, ohne dabei Ressentiments zu bedienen.&#8220;<\/span> <a href='http:\/\/www.antikapitalistische-linke.de\/?p=2243' class='azc_bbc_url'>Weiterlesen&#8230;<\/a><\/p>\n<p>Tja und wenn die LINKE dann auch noch ganz offen \u00fcber &#8222;die Lasten der Zuwanderung&#8220; debattiert, dann wird auch mir \u00fcbel. Menschen als &#8222;Last&#8220; zu bezeichnen ist glasklar menschenverachtend und endet letztlich dort, wo man Menschenleben in &#8222;n\u00fctzlich&#8220; und &#8222;unn\u00fctzlich&#8220; einsortiert &#8211; n\u00e4mlich bei CDU\/CSU\/SPD\/FDP\/GR\u00dcNE\/AfD.<\/p>\n<p>Und das ist bei weitem nicht das einzige Problem von DIE LINKE, wie sich hier zeigt:<\/p>\n<p><a href='https:\/\/www.jungewelt.de\/artikel\/320238.html' class='azc_bbc_url'>LINKE Bundesratsinitiative: Schulsanierung per Privatisierung<\/a><br \/>\nIm Grundgesetz ist Bildung immer noch als L\u00e4ndersache verankert. Abgesehen von der F\u00f6rderung sogenannter &#8222;Elite-Unis&#8220;, f\u00fcr die auch Bundesmittel fliessen, ist das auch heute noch der Fall. Genau das will DIE LINKE (Th\u00fcringen, Berlin und Brandenburg) nun \u00e4ndern und unterbreitet im Bundesrat (zusammen mit Niedersachsen und Rheinland-Pfalz) den Vorschlag, das Grundgesetz so zu ver\u00e4ndern, damit auch Schulen und Kitas vom Bund mitfinanziert werden.<\/p>\n<p>H\u00f6rt sich erstmal nicht so schlecht an, ABER (Zitat): <span class='azc_bbc_italic'>&#8222;Im Gesetzestext sind dabei ausdr\u00fccklich \u00f6ffentlich-private Partnerschaften (\u00d6PP) als f\u00f6rderf\u00e4hig aufgef\u00fchrt. Das hei\u00dft: Wer an das sch\u00f6ne Geld heranwill, muss sich mitunter einen Privatinvestor ins Boot holen. Der w\u00fcrde die \u00f6rtliche Schule und Kindertagesst\u00e4tten nicht nur modernisieren, sondern aus ihnen auch jahrzehntelang Profit herausziehen.<\/p>\n<p>Ausgerechnet das von der Partei DIE LINKE mitregierte Berlin geht dabei mit Feuereifer voran. Die Koalition will bis 2026 rund 5,5 Milliarden Euro investieren, um die maroden Schulen der Hauptstadt baulich zu ert\u00fcchtigen und bis zu 40 Neubauten zu realisieren. Das Konzept sieht dabei die Gr\u00fcndung einer privatrechtlichen Gesellschaft vor, die (bzw. deren T\u00f6chter) privates Kapital zwecks Sanierung, Neubau und Unterhalt der Geb\u00e4ude aufnehmen soll. Die Linkspartei will bei all dem also nicht nur mitmachen, sondern profiliert sich gar als treibende Kraft.&#8220;<\/span><\/p>\n<p>Ich wiederhole: Wer gedacht haben sollte, das Durchwinken der Autobahnbahn-Privatisierung durch Ramelow und seine linken Komplizen war &#8222;nur ein einmaliges Versehen&#8220;, sieht sich hier nun mit der Wahrheit konfrontiert: DIE LINKE ist realpolitisch schon l\u00e4ngst nichts Besseres mehr, als der schwarzrotgelbgr\u00fcnblaue kapitalistische Einheitsblock. Auch wenn sich die Bundespartei tapfer gegen jedes asoziale Gesetz erwehrt und dagegen stimmt, handeln die Landesparteien l\u00e4ngst genau so wie alle anderen: Mit Abschiebungen, Sozialabbau und Privatisierungen.<\/p>\n<p>&nbsp;<\/p>\n<p><a href='https:\/\/www.rbb24.de\/wirtschaft\/beitrag\/2017\/10\/erdoel-guhlen-brandenburg-genehmigt.html' class='azc_bbc_url'>Rot-Rot in Brandenburg: Erd\u00f6l-F\u00f6rderung am Rande des Spreewaldes genehmigt<\/a><br \/>\nL\u00e4uft echt gut bei den LINKEN <img class='azc_bbc_image' src='https:\/\/www.rume.de\/smilies\/sarkasm.gif'  \/><\/p>\n<p>&nbsp;<\/p>\n<p>Und zu guter Letzt:<\/p>\n<p><a href='http:\/\/www.titanic-magazin.de\/news\/deutsch-muslimischer-feiertag-welches-datum-wird-es-9200' class='azc_bbc_url'>Deutsch-muslimischer Feiertag: Welches Datum wird es?<\/a><br \/>\n<img class='azc_bbc_image' src='https:\/\/www.rume.de\/smilies\/sarkasm.gif'  \/><\/p>\n","protected":false},"excerpt":{"rendered":"<p>\/ Air-Berlin-Pleite: Manager kassieren, Arbeitnehmer verlieren \/ Arm trotz Arbeit: 3,2 Millionen Menschen haben mehrere Jobs \/ Experten fordern Abschaffung der Minijobs \/ Bremen: SPD und GR\u00dcNE privatisieren die Stadtreinigung \/ Panama-Untersuchungsausschuss: EU-Staaten haben Steuerbetrug erm\u00f6glicht \/ SPD-Chef Martin Schulz: &#8222;Wir m\u00fcssen wieder Mut zur Kapitalismuskritik fassen&#8220; \/ Terrorgefahr laut MI5-Chef &#8222;so hoch wie nie&#8220; &hellip; <a href=\"https:\/\/www.rume.de\/?p=411\" class=\"more-link\"><span class=\"screen-reader-text\">\u201eAufgelesen und kommentiert 2017-10-19\u201c <\/span>weiterlesen<\/a><\/p>\n","protected":false},"author":1,"featured_media":0,"comment_status":"open","ping_status":"closed","sticky":false,"template":"","format":"standard","meta":{"footnotes":""},"categories":[2],"tags":[],"class_list":["post-411","post","type-post","status-publish","format-standard","hentry","category-aufgelesen"],"_links":{"self":[{"href":"https:\/\/www.rume.de\/index.php?rest_route=\/wp\/v2\/posts\/411","targetHints":{"allow":["GET"]}}],"collection":[{"href":"https:\/\/www.rume.de\/index.php?rest_route=\/wp\/v2\/posts"}],"about":[{"href":"https:\/\/www.rume.de\/index.php?rest_route=\/wp\/v2\/types\/post"}],"author":[{"embeddable":true,"href":"https:\/\/www.rume.de\/index.php?rest_route=\/wp\/v2\/users\/1"}],"replies":[{"embeddable":true,"href":"https:\/\/www.rume.de\/index.php?rest_route=%2Fwp%2Fv2%2Fcomments&post=411"}],"version-history":[{"count":1,"href":"https:\/\/www.rume.de\/index.php?rest_route=\/wp\/v2\/posts\/411\/revisions"}],"predecessor-version":[{"id":412,"href":"https:\/\/www.rume.de\/index.php?rest_route=\/wp\/v2\/posts\/411\/revisions\/412"}],"wp:attachment":[{"href":"https:\/\/www.rume.de\/index.php?rest_route=%2Fwp%2Fv2%2Fmedia&parent=411"}],"wp:term":[{"taxonomy":"category","embeddable":true,"href":"https:\/\/www.rume.de\/index.php?rest_route=%2Fwp%2Fv2%2Fcategories&post=411"},{"taxonomy":"post_tag","embeddable":true,"href":"https:\/\/www.rume.de\/index.php?rest_route=%2Fwp%2Fv2%2Ftags&post=411"}],"curies":[{"name":"wp","href":"https:\/\/api.w.org\/{rel}","templated":true}]}}