{"id":395,"date":"2017-10-12T21:53:12","date_gmt":"2017-10-12T19:53:12","guid":{"rendered":"http:\/\/rume.katti.eu\/?p=395"},"modified":"2017-10-12T21:53:12","modified_gmt":"2017-10-12T19:53:12","slug":"aufgelesen-und-kommentiert-2017-10-12","status":"publish","type":"post","link":"https:\/\/www.rume.de\/?p=395","title":{"rendered":"Aufgelesen und kommentiert 2017-10-12"},"content":{"rendered":"<p>\/ Jobcenter will kranke Frau zum Arbeiten zwingen<br \/>\n\/ Erstmals Streik an einem katholischen Krankenhaus<br \/>\n\/ Lebensversicherer verkaufen Altvertr\u00e4ge an Finanzheuschrecken<br \/>\n\/ Digitalisierung: Der Kampf hat begonnen<br \/>\n\/ Sch\u00e4uble pocht auf Fortsetzung seines EU-weiten Sparsadismus<br \/>\n\/ Parteispenden: FDP kassiert 100.000 Euro Schmiergeld<br \/>\n\/ Bundesnetzagentur verbietet nur Details des &#8222;Stream-On&#8220; Tarifs der Telekom<br \/>\n\/ EU-Papier: Zensurfilter sollen \u00fcber Europa kommen<br \/>\n\/ Katalonien: ZDF &#8222;heute-journal&#8220; schneidet Medienkritik aus Puigdemont-Rede<br \/>\n\/ Wer unsere Gesichter wirklich will<br \/>\n\/ Nothing to Hide &#8211; Nichts zu verbergen<br \/>\n\/ Groteske Kluft zwischen Terroropfern und mit Schusswaffen Get\u00f6teten<br \/>\n\/ Polizist: &#8222;Die Feinde sind immer die Linken und die Ausl\u00e4nder&#8220;<br \/>\n\/ G20-Aufarbeitung: Hanseatische Polizeiarbeit<br \/>\n\/ Deutsche Waffenhersteller machen Lobbyismus gegen sch\u00e4rfere US-Waffengesetze<br \/>\n\/ Wo der Drohnenkrieg der USA im Schatten tobt<br \/>\n\/ Tierwohl kann Notstand begr\u00fcnden<br \/>\n\/ USA untersuchen Einfluss russischer Hacker auf die WM-Qualifikation<\/p>\n<p>&#8212;<\/p>\n<p><!--more--><\/p>\n<p><a href='http:\/\/www.gegen-hartz.de\/nachrichtenueberhartziv\/jobcenter-will-kranke-frau-zum-arbeiten-zwingen.php' class='azc_bbc_url'>Jobcenter will kranke Frau zum Arbeiten zwingen<\/a><br \/>\nDer ganz normale Alltag aus unserem &#8222;modern&#8220; reformierten Sozialstaat: <span class='azc_bbc_italic'>&#8222;Eine chronisch kranke Hartz 4-Bezieherin in Mannheim soll 30 Prozent weniger Leistungen bekommen. Das Jobcenter begr\u00fcndete diese Sanktion damit, dass die Betroffene einen Job als Putzhilfe ablehnte. Doch eine Annahme dieses Jobs war aus gesundheitlichen Gr\u00fcnden \u00fcberhaupt nicht m\u00f6glich.<\/p>\n<p>Dadurch, dass die Leistungsempf\u00e4ngerin Frau C. an einer chronischen Darmkrankheit leidet, ist eine k\u00f6rperliche Arbeit f\u00fcr sie nicht zumutbar. Lediglich leichte B\u00fcroarbeiten k\u00f6nnten von ihr ausgef\u00fchrt werden. Hinzu kommt, dass sie mehrere Operationen an einer Hand vornehmen lassen musste. Ihr Gesundheitszustand war dem zust\u00e4ndigen Jobcenter bekannt. Dennoch hagelte es die Sanktion von 30 Prozent. Somit fehlten Frau C. 125 Euro im Monat.&#8220;<\/span><\/p>\n<p>&nbsp;<\/p>\n<p><a href='http:\/\/www.spiegel.de\/karriere\/ottweiler-verdi-streikt-an-einem-katholischen-krankenhaus-erstmals-a-1172311.html' class='azc_bbc_url'>Erstmals Streik an einem katholischen Krankenhaus<\/a><br \/>\nDas sogenannte &#8222;kirchliche Arbeitsrecht&#8220; ist ohnehin ein Relikt aus dem Mittelalter und geh\u00f6rt schon seit Jahrhunderten abgeschafft. Es ist absolut unverfroren, dass die Kirche, die <a href='https:\/\/www.swr.de\/betrifft\/betrifft-kirche-gott-nebenkosten\/-\/id=98466\/nid=98466\/did=14285410\/1eu96d0\/index.html' class='azc_bbc_url'>nur zwei Prozent der Betriebskosten zahlt<\/a>, aber zu 100 Prozent bestimmen kann, dass man als geschiedene, alleinerziehende oder nicht getaufte Person dort nicht arbeiten &#8211; und auch nicht streiken darf.<\/p>\n<p>&nbsp;<\/p>\n<p><a href='http:\/\/www.sueddeutsche.de\/wirtschaft\/lebensversicherung-die-lebensversicherer-spielen-mit-ihren-kunden-1.3699726' class='azc_bbc_url'>Lebensversicherer verkaufen Altvertr\u00e4ge an Finanzheuschrecken<\/a><br \/>\nHach ja, die tolle kapitalgedeckte Altersvorsorge &#8211; ein grandioser Spass f\u00fcr alle, die auf ihre Altersvorsorge angewiesen sind. Nicht nur, dass man den verzockten Beitr\u00e4gen gerichtlich hinterher klagen kann. Nein, man muss auch erstmal herausfinden, an welche Heuschrecke der Vertrag irgendwann verh\u00f6kert wurde und man innerhalb der meist 40-j\u00e4hrigen Laufzeit nicht irgendwo vergessen hat, seinen Widerspruch einzulegen.<\/p>\n<p>Wir brauchen noch viel mehr von diesen tollen kapitalgedeckten Renten <img class='azc_bbc_image' src='https:\/\/www.rume.de\/smilies\/sarkasm.gif'  \/><\/p>\n<p>Aber auf keinen Fall brauchen wir endlich ein Rentensystem f\u00fcr alle, in das auch alle einzahlen. Auch die Besserverdiener und Dividendenabkassierer. Die sollen mal, wie auch \u00c4rzte, Politiker und Topmanager, ihr eigenes tolles Rentensystem f\u00fcr sich behalten. Da sind sich die deutschen W\u00e4hler vollst\u00e4ndig einig, die dann auch konsequent zu \u00fcber 80 Prozent Parteien w\u00e4hlen, die KEINE solidarische Rentenversicherung einf\u00fchren.<\/p>\n<p>&nbsp;<\/p>\n<p><a href='https:\/\/www.rubikon.news\/artikel\/der-kampf-hat-begonnen' class='azc_bbc_url'>Digitalisierung: Der Kampf hat begonnen<\/a><br \/>\n<span class='azc_bbc_italic'>&#8222;Die Klagen in den Betrieben \u00fcber die st\u00e4ndige Erreichbarkeit werden gr\u00f6\u00dfer &#8211; durch Smartphones oder Notebooks ist Arbeit nicht mehr zwangsl\u00e4ufig an feste Zeiten gebunden. &#8222;Arbeit auf Abruf&#8220;, wie es der Gesetzgeber nennt. Je nach Bedarf des Unternehmens legt der Arbeitgeber fest, wann und mit welcher Stundenzahl der Arbeitnehmer zu arbeiten hat. Nicht selten schwankt auch das Einkommen der Besch\u00e4ftigten je nach Umfang der geleisteten Stunden. Es wird au\u00dferhalb der tariflichen Regelarbeitstage gearbeitet, an Sonntagen, \u00fcber 10 Stunden hinaus oder die 11-st\u00fcndige Ruhezeit nicht eingehalten. Diese Verst\u00f6sse gegen das Arbeitszeitgesetz bleiben folgenlos, werden von den zust\u00e4ndigen Aufsichtsbeh\u00f6rden kaum dokumentiert oder sanktioniert.&#8220;<\/span> <a href='https:\/\/www.rubikon.news\/artikel\/der-kampf-hat-begonnen' class='azc_bbc_url'>Weiterlesen&#8230;<\/a><\/p>\n<p>&nbsp;<\/p>\n<p><a href='http:\/\/www.wsws.org\/de\/articles\/2017\/10\/11\/scha-o11.html' class='azc_bbc_url'>Sch\u00e4uble pocht auf Fortsetzung seines EU-weiten Sparsadismus<\/a><br \/>\n<span class='azc_bbc_italic'>&#8222;Der deutsche Finanzminister Wolfgang Sch\u00e4uble nutzt seine letzten Tage im Amt, um f\u00fcr die Festschreibung seiner Austerit\u00e4tspolitik zu werben. Der 75-j\u00e4hrige CDU-Politiker wird in den n\u00e4chsten Tagen zur\u00fccktreten, da er sich am 24. Oktober zum Pr\u00e4sidenten des Bundestags w\u00e4hlen l\u00e4sst. Doch in dieser Woche trifft sich Sch\u00e4uble noch einmal mit allen, die in der internationalen Geld- und Finanzpolitik etwas zu sagen haben.<\/p>\n<p>Sch\u00e4uble, der wie kein anderer Politiker f\u00fcr deutsche Arroganz und eine r\u00fccksichtslose Sparpolitik im Interesse der Reichen steht, die das Leben von Millionen ruiniert hat, will sicherstellen, dass dieser Kurs auch nach seinem Ausscheiden fortgesetzt wird. Und er findet daf\u00fcr viel Unterst\u00fctzung. Die brutalen Angriffe auf die Arbeiterklasse, f\u00fcr die Sch\u00e4ubles Namen vor allem in Griechenland zum Synonym wurde, werden auch nach seinem R\u00fcckzug die europ\u00e4ische Agenda bestimmen.<\/p>\n<p>Im Jahr 2007 hatten die Banken das Weltfinanzsystem mit kriminellen Spekulationsgesch\u00e4ften an den Rand des Zusammenbruchs getrieben und sein Vorg\u00e4nger, der Sozialdemokrat Peer Steinbr\u00fcck, hatte sie mit Milliarden an Steuergeldern &#8222;gerettet&#8220;. Sch\u00e4uble machte sich als neuer Bundesfinanzminister daran, diese Milliarden von der Arbeiterklasse wieder einzutreiben. Vor allem in Griechenland, Portugal, Spanien und anderen hochverschuldeten L\u00e4ndern erzwang er einen sozialen Kahlschlag, wie ihn Europa bisher nur in Kriegszeiten erlebt hatte.<\/p>\n<p>Sch\u00e4uble schien <a href='http:\/\/www.mdr.de\/kultur\/themen\/yanis-varoufakis-die-ganze-geschichte-meine-auseinandersetzung-mit-europas-establishment-100.html' class='azc_bbc_url'>eine geradezu sadistische Lust<\/a> dabei zu empfinden, der griechischen Regierung in n\u00e4chtelangen Verhandlungen ein Sparpaket nach dem anderen zu diktieren, die den Lebensstandard der Bev\u00f6lkerung dezimierten, Millionen Rentner ihrer hartverdienten Altersversorgung beraubten und einer Generation von Jugendlichen jede Zukunftsperspektive nahmen, w\u00e4hrend die sogenannten &#8222;Hilfskredite&#8220; direkt in die Kassen der internationalen Banken flossen.<\/p>\n<p>In Deutschland versteifte sich Sch\u00e4uble auf einen ausgeglichenen Haushalt. W\u00e4hrend die Infrastruktur zerfiel, Gesundheitsversorgung und Alterspflege ausbluteten, der Lehrermangel unertr\u00e4gliche Ausma\u00dfe annahm und L\u00f6hne und Renten sanken, br\u00fcstete er sich vier Jahre lang mit der sogenannten &#8222;Schwarzen Null&#8220;. Das Lob, dass Sch\u00e4uble nun im internationalen und nationalen Rahmen zuteil wird, zeigt, dass die gro\u00dfe Mehrheit der herrschenden Klasse diese Politik unterst\u00fctzt.<\/p>\n<p>Zu seinem letzten Treffen mit den Euro-Finanzministern am Montag brachte Sch\u00e4uble ein &#8222;b\u00f6ses Geschenk&#8220; (Die Welt) mit, ein Arbeitspapier aus seinem Ministerium, das vorschl\u00e4gt, den Euro-Rettungsfonds (ESM) zu einem Europ\u00e4ischen W\u00e4hrungsfonds auszubauen, der die Haushaltspolitik und die Einhaltung der Verschuldungsgrenzen durch die Mitglieder der Eurozone \u00fcberwacht und \u00fcber weitreichende Kontrollerechte verf\u00fcgt. Sch\u00e4uble will damit die EU-Kommission entmachten, die seiner Meinung nach zu sehr politischen Einfl\u00fcssen unterliegt, und durch eine Institution ersetzen, die gegen\u00fcber sozialem Druck immun ist und ganz Europa dem Finanzdiktat Deutschlands unterwirft.&#8220;<\/span><\/p>\n<p>Sch\u00e4uble ist \u00fcbrigens einer der beliebtesten Politiker. Ein eindrucksvolles Beispiel f\u00fcr das Niveau der bildungspolitischen Intelligenz der Deutschen <img class='azc_bbc_image' src='https:\/\/www.rume.de\/smilies\/nasiehste.gif'  \/><\/p>\n<p>&nbsp;<\/p>\n<p><a href='https:\/\/www.bundestag.de\/parlament\/praesidium\/parteienfinanzierung\/fundstellen50000\/2017' class='azc_bbc_url'>Parteispenden: FDP kassiert 100.000 Euro Schmiergeld<\/a><br \/>\nKonzernbonze Hans Georg N\u00e4der, der sich <a href='http:\/\/www.handelsblatt.com\/unternehmen\/mittelstand\/familienunternehmer\/otto-bock-das-kostspielige-leben-des-prothesen-koenigs\/20238504.html' class='azc_bbc_url'>auf Kosten der Mitarbeiter dreistellige Millionensummen einsteckt<\/a>, stellt der FDP mal eben einen prallvollen Geldkoffer vor die T\u00fcr.<\/p>\n<p>Die beste Demokratie, die sich die Reichen kaufen k\u00f6nnen.<\/p>\n<p>&nbsp;<\/p>\n<p><a href='http:\/\/www.tagesspiegel.de\/wirtschaft\/20431896.html' class='azc_bbc_url'>Bundesnetzagentur verbietet nur Details des &#8222;Stream-On&#8220; Tarifs der Telekom<\/a><br \/>\n<span class='azc_bbc_italic'>&#8222;Die Aufsichtsbeh\u00f6rde st\u00f6\u00dft sich nun vor allem am Kleingedruckten in den Telekom-Vertr\u00e4gen&#8220;<\/span>, berichtet der Tagesspiegel. Der Sargnagel gegen die Netzneutralit\u00e4t ist somit eingeschlagen. Denn wenn ich mir gegen Ende des Monats <a href='https:\/\/netzpolitik.org\/2017\/wie-streamon-kleine-inhalteanbieter-ausschliesst' class='azc_bbc_url'>keine Daten mehr von Kleinanbietern anschauen kann<\/a>, weil mein Datenvolumen aufgebraucht ist &#8211; aber dank &#8222;Stream-On&#8220; die Grossen wie Netflix oder Spotify weiterhin ungedrosselt laufen lassen kann &#8211; dann muss man schon sehr grosse Geldkoffer vor den Kopf gestellt bekommen, um darin KEINE Ungleichbehandlung erkennen zu wollen.<\/p>\n<p>Aber das ist nun mal Deutschlands Digitalisierung: Vectoring statt Glasfaser, sauteure Datenvolumen, Netzsperren gegen offenes WLAN, Zensurgesetze, Vorratsdatenspeicherung, Staatstrojaner und NSA-Freifahrtschein. Ein digitales Dritte-Welt-Land.<\/p>\n<p>&nbsp;<\/p>\n<p><a href='https:\/\/www.heise.de\/tp\/news\/Zensurfilter-sollen-ueber-Europa-kommen-3849140.html' class='azc_bbc_url'>EU-Papier: Zensurfilter sollen \u00fcber Europa kommen<\/a><br \/>\nDas Internet-Zensurgesetz von Heiko Maas (SPD) soll nun als Vorbild f\u00fcr Europa kommen &#8211; und wird gleichzeitig f\u00fcr eine verpflichtende Vorabzensur seitens der Provider ausgebaut, um Inhalte noch vor der Kenntnisnahme zu l\u00f6schen. K\u00fcnftig also bestimmt dann wieder alleine das Establishment, welchen Qualit\u00e4tsfakenews zu glauben sind und mit welchen wir erst gar nicht konfrontiert werden sollen.<\/p>\n<p>&nbsp;<\/p>\n<p><a href='https:\/\/propagandaschau.wordpress.com\/2017\/10\/12\/das-zdf-heute-journal-schneidet-medienkritik-aus-puigdemont-rede' class='azc_bbc_url'>Katalonien: ZDF &#8222;heute-journal&#8220; schneidet Medienkritik aus Puigdemont-Rede<\/a><br \/>\nNachdem auch unsere \u00d6ffentlich-Rechten die ganz grosse Propagandamaschine angeworfen haben und einseitig aus der Sicht der Bundesregierung die Zust\u00e4nde zwischen Spanien und Katalonien kommentiert, musste man nun auch einmal die Gegenseite &#8211; n\u00e4mlich Kataloniens Ministerpr\u00e4sidenten Carles Puigdemont &#8211; zu Wort kommen lassen. Und es \u00fcberrascht nur wenig, dass das ZDF im &#8222;heute-journal&#8220; ausgerechnet die S\u00e4tze gezielt herausgeschnitten hat, in denen der Ministerpr\u00e4sident die einseitige Medienberichterstattung kritisierte.<\/p>\n<p>Zitat: <span class='azc_bbc_italic'>&#8222;Unser Wunsch war immer, eine politische L\u00f6sung zu finden. <span class='azc_bbc_strike'>Ich bin mir dessen bewusst, dass die Informationen, die Sie durch die Mehrheit der Medien erhalten, eine gewisse Tendenz haben und ich glaube, das hat auch dazu beigetragen, dass wir nun in der Situation sind, in der wir sind.<\/span> Sie sollten wissen, dass wir keine Verbrecher sind, wir sind auch nicht verr\u00fcckt, wir sind auch keine Putschisten und wir sind auch definitiv nicht von irgendwelchen Au\u00dferirdischen abgeholt worden. Wir sind Menschen, die einfach w\u00e4hlen wollen.&#8220;<\/span><\/p>\n<p>Die durchgestrichene Passage wurde gezielt herausgeschnitten.<\/p>\n<p>Dass der Ministerpr\u00e4sidenten von Katalonien aufgrund der anstachelnden Propagandakampagne bereits Morddrohungen erhielt, sucht man in den deutschen Qualit\u00e4tsmedien vergeblich. Dass die spanischen Gegendemonstranten mit ausgestrecktem Arm den faschistischen Gruss zeigten, nat\u00fcrlich ebenfalls. F\u00fcr die deutsche Qualit\u00e4tsjournaille wurde die Einheitslinie der Berichterstattung l\u00e4ngst mit den W\u00fcnschen der Bundesregierung gleichgeschaltet:<\/p>\n<p>&#8211; Spanischer Pr\u00fcgel-Pr\u00e4sident = gut<br \/>\n&#8211; Kataloniens Volksabstimmung = schlecht<\/p>\n<p>Aber wie ich neulich schon schrieb: <span class='azc_bbc_italic'>&#8222;Journalismus w\u00fcrde dem <a href='https:\/\/www.raulzelik.net\/baskenland-texte\/502-12-faqs-zu-katalonien-republik-und-unabhaengigkeit-blog-9-10-2017' class='azc_bbc_url'>&#8220;Warum&#8220;<\/a> auf den Grund gehen und mit diesen Erkenntnissen die Herrschenden konfrontieren. Stattdessen aber findet sich bei den &#8222;Nachrichten&#8220; von ARD und ZDF <a href='https:\/\/www.peira.org\/katalonienkrise-die-staats-nation-ist-das-problem' class='azc_bbc_url'>nur einseitige Propaganda<\/a> ganz im Sinne der Herrschenden. Also das exakte Gegenteil von Journalismus.&#8220;<\/span><\/p>\n<p>Aber hey: Genau daf\u00fcr zahlen wir doch gerne unsere acht Milliarden Euro Rundfunkgeb\u00fchren j\u00e4hrlich <img class='azc_bbc_image' src='https:\/\/www.rume.de\/smilies\/sarkasm.gif'  \/><\/p>\n<p>&nbsp;<\/p>\n<p><a href='http:\/\/www.sueddeutsche.de\/digital\/biometrie-und-gesichtserkennung-wer-unsere-gesichter-wirklich-will-1.3668498' class='azc_bbc_url'>Wer unsere Gesichter wirklich will<\/a><br \/>\nDie S\u00fcddeutsche Zeitung schreibt: <span class='azc_bbc_italic'>&#8222;Diese Woche stellte Apple das &#8222;iPhone X&#8220; vor. Es l\u00e4sst sich nicht nur mit einem Zahlencode entsperren, sondern auch, indem der Besitzer sein Gesicht vor das Telefon h\u00e4lt. &#8222;Face ID&#8220; nennt der Konzern das. Die M\u00f6glichkeit, Gesichter automatisch zu erkennen, macht rasante Fortschritte, weil Kameras immer pr\u00e4ziser werden und Algorithmen Bilder immer besser erkennen k\u00f6nnen.<\/p>\n<p>Gesichtsidentifikation, wie sie die Polizei am Berliner Bahnhof S\u00fcdkreuz testet: Videokameras erfassen Gesichter, Software gleicht sie mit einer Datenbank von Portr\u00e4tfotos ab &#8211; und immer mehr Beh\u00f6rden d\u00fcrfen darauf zugreifen. Im Juli erm\u00f6glichte die Koalition Bundesnachrichtendienst, Milit\u00e4rischem Abschirmdienst, Verfassungsschutz von Bund und L\u00e4ndern sowie Zoll- und Steuerfahndern, automatisiert und reibungslos auf alle Passfotos zuzugreifen.&#8220;<\/span><\/p>\n<p>Das iPhone als Versuchsballon, um Gesichtserkennungs-Software zu verbessern &#8211; und Millionen von Menschen bezahlen \u00fcber 1.000 Euro f\u00fcr dieses Ger\u00e4t, um bei der eigenen \u00dcBerwachungsoptimierung mitzumachen. George Orwell hatte der Menschheit viel zu viel Intelligenz unterstellt.<\/p>\n<p>&nbsp;<\/p>\n<p><a href='https:\/\/vimeo.com\/195446463' class='azc_bbc_url'>Nothing to Hide &#8211; Nichts zu verbergen<\/a><br \/>\nDer grossartige Film nun auch in Deutsch komplett online <img class='azc_bbc_image' src='https:\/\/www.rume.de\/smilies\/verehr.gif'  \/><\/p>\n<p>&nbsp;<\/p>\n<p><a href='https:\/\/www.heise.de\/tp\/features\/USA-Groteske-Kluft-zwischen-Terroropfern-und-mit-Schusswaffen-Getoeteten-3852204.html' class='azc_bbc_url'>Groteske Kluft zwischen Terroropfern und mit Schusswaffen Get\u00f6teten<\/a><br \/>\n<span class='azc_bbc_italic'>&#8222;Das Risiko, von anderen Amerikanern (wie zuletzt in Las Vegas) get\u00f6tet zu werden, ist in den USA viel gr\u00f6\u00dfer als die Gefahr durch den &#8222;internationalen Terrorismus&#8220;. Warum wird das verdr\u00e4ngt?&#8220;<\/span>, fragt TELEPOLIS.<\/p>\n<p>Nun ja, man kann ja lustigerweise auch mal in Deutschland herumfragen:<\/p>\n<p>&#8211; Angst vor Fl\u00fcchtlingen, oder Angst vor der Feierabend-Autofahrt nach Hause?<br \/>\n&#8211; Angst vor islamistischen Terror, oder Angst vor einer Blinddarmoperationen?<br \/>\n&#8211; Angst vor dem fremden Typen auf der anderen Strassenseite, oder Angst vor Kollegen?<\/p>\n<p>Kleine Aufkl\u00e4rung <img class='azc_bbc_image' src='https:\/\/www.rume.de\/smilies\/biggrin.gif'  \/><\/p>\n<p>Bei der Zahl von \u00fcber 3.000 Verkehrstote j\u00e4hrlich m\u00fcssen die Fl\u00fcchtlinge sich schon ziemlich anstrengen, um da auch nur ann\u00e4hernd mithalten zu k\u00f6nnen. Angesichts \u00fcber 10.000 Todesf\u00e4lle j\u00e4hrlich wegen \u00fcberarbeiteter \u00c4rzte und Hygienem\u00e4ngel m\u00fcssen Islamisten auch mal langsam in die Puschen kommen. Und laut Bundeskriminalamt kannten mehr als drei Viertel aller Mordopfer in Deutschland den T\u00e4ter pers\u00f6nlich.<\/p>\n<p>Wovor nochmal genau habt ihr Angst?<\/p>\n<p>&nbsp;<\/p>\n<p><a href='http:\/\/www.jetzt.de\/politik\/rassismus-in-der-polizei-ein-junger-polizist-berichtet' class='azc_bbc_url'>Polizist: &#8222;Die Feinde sind immer die Linken und die Ausl\u00e4nder&#8220;<\/a><br \/>\nEin junger Polizist spricht \u00fcber Rassismus und Korpsgeist in der Polizei: <span class='azc_bbc_italic'>&#8222;Polizist zu werden war mein Kindheitstraum. Ich habe sehr jung die Ausbildung angefangen und war danach Teil einer Einsatzhundertschaft. Diese Einheiten sind f\u00fcr Gro\u00dflagen zust\u00e4ndig: Demonstrationen, Castor-Transporte, Fu\u00dfballspiele und so weiter. Anschlie\u00dfend war ich im Streifendienst. Sp\u00e4ter kam ich dann in Personalverantwortung. Nach etlichen Jahren bei der Polizei w\u00fcrde ich aus Erfahrung sagen: Stehende Einheiten, also Bereitschaftspolizei und Alarmhundertschaften, und Streifendienst sind die gr\u00f6\u00dften Problemf\u00e4lle. Da gibt es die meisten \u00dcbergriffe und den meisten Rassismus.<\/p>\n<p>Als ich im Streifendienst angefangen habe, bekam ich von meinem Vorgesetzten mehrfach eine durchschnittliche Beurteilung. Also habe ich nachgefragt: &#8222;Was muss ich tun, um besser als der Durchschnitt zu sein?&#8220; Er hat zu mir gesagt: &#8222;Geh an den Bahnhof und kontrolliere Neger. Geh raus und kontrolliere Bimbos. Dann hast du sp\u00e4testens bei jedem Dritten eine Anzeige. Damit kannst du dir Fachwissen aneignen und hebst dich von der Masse ab.&#8220; Ich habe gefragt, ob das sein Ernst sei? Und gesagt, dass ich dann lieber die Durchschnittsbeurteilung nehme.<\/p>\n<p>Beamte in stehenden Einheiten leben oft tagelang zusammen. Daraus ergibt sich eine ganz eigene, geschlossene Polizei-Atmosph\u00e4re. Einmal sa\u00dfen wir mit den Kollegen am Lagerfeuer und die, die vorher beim Bund waren, haben Lieder angestimmt &#8211; alte Wehrmachtslieder aus dem Dritten Reich, manche haben dabei sogar die Hand auf die Brust gelegt. Ich bin aufgestanden, habe gefragt &#8222;Was soll der Schei\u00df?&#8220; und bin gegangen. Da sa\u00dfen auch die Vorgesetzten dabei &#8211; und die interessiert das nicht. Das geh\u00f6rt halt dazu. An wen soll ich, als kleines Licht, mich denn dann noch wenden?<\/p>\n<p>Bei den \u00dcbungen der Einsatzhundertschaft f\u00fcr Demonstrationen wurde von Anfang an ein Feindbild aufgebaut: Menschen, die demonstrieren, sind Gegner &#8211; und dementsprechend sollten wir uns auch verhalten. Die Feinde sind immer die Linken und die Ausl\u00e4nder. Ich habe \u00fcber die Jahre immer wieder geh\u00f6rt, dass Kollegen gesagt haben: &#8222;Mit den Rechten hat man nie Schwierigkeiten.&#8220; Ich kenne selbst Kollegen, die nach der Arbeit AfD-Wahlplakate aufh\u00e4ngen, und Beamte in F\u00fchrungspositionen, die in Gespr\u00e4chen relativ eindeutig Sympathien f\u00fcr AfD und Pegida erkennen lassen.&#8220;<\/span> <a href='http:\/\/www.jetzt.de\/politik\/rassismus-in-der-polizei-ein-junger-polizist-berichtet' class='azc_bbc_url'>Weiterlesen&#8230;<\/a><\/p>\n<p>Dazu passt:<\/p>\n<p><a href='https:\/\/www.freitag.de\/autoren\/martina-mescher\/hanseatische-polizeiarbeit' class='azc_bbc_url'>G20-Aufarbeitung: Hanseatische Polizeiarbeit<\/a><br \/>\n<span class='azc_bbc_italic'>&#8222;Inzwischen wird gegen 95 Polizisten ermittelt, meist wegen K\u00f6rperverletzung im Amt. W\u00e4hrend die Prozesse gegen Demonstranten in vollem Gange sind und bereits einige harte Urteile gef\u00e4llt wurden, geht es bei den internen Untersuchungen der Polizei nur \u00e4usserst schleppend voran.<\/p>\n<p>Sehr viel mehr Elan scheint die Polizei zu entwickeln, wenn es gegen Hamburgs linke Szene geht. Nach dem G20-Gipfel wurde die Soko &#8222;Schwarzer Block&#8220; gegr\u00fcndet. Ein Name, der getrost als politische Agenda zu werten ist. 5.000 Menschen hat die Soko im Visier, 2.000 Ermittlungsverfahren laufen bereits. Der Soko-Leiter schw\u00e4rmt von Unmengen an Bildmaterial und will ein Programm zur Gesichtserkennung nutzen.<\/p>\n<p>Die Arbeit f\u00fcr den Sonderausschuss scheint die Polizei hingegen als Zumutung zu empfinden. Der Personalratsvorsitzende Klemens Burzlaff klagte \u00fcber Fristen, die zu knapp seien: &#8222;Das ist unanst\u00e4ndig und unhanseatisch gegen\u00fcber der Polizei.&#8220; <a href='https:\/\/www.rubikon.news\/artikel\/die-konstruktion-der-wirklichkeit' class='azc_bbc_url'>Zur ersten Sitzung lieferte die Polizei Akten, in denen ganze Seiten geschw\u00e4rzt waren<\/a>. Daf\u00fcr reichte die Zeit dann doch. Und w\u00e4hrend man bei Demonstranten kaum Bedenken beim Datenschutz hegt, sieht das in eigener Sache ganz anders aus.&#8220;<\/span><\/p>\n<p>Ab wann nochmal genau spricht man von einem Polizeistaat?<\/p>\n<p>&nbsp;<\/p>\n<p><a href='http:\/\/www.tagesschau.de\/ausland\/waffen-usa-105.html' class='azc_bbc_url'>Deutsche Waffenhersteller machen Lobbyismus gegen sch\u00e4rfere US-Waffengesetze<\/a><br \/>\nWas sind schon Menschenleben wert, wenn man Profite scheffeln kann? Wir leben schliesslich im Kapitalismus.<\/p>\n<p><span class='azc_bbc_italic'>&#8222;Das Kapital hat einen Horror vor Abwesenheit von Profit oder sehr kleinem Profit, wie die Natur vor der Leere. Mit entsprechendem Profit wird Kapital k\u00fchn. Zehn Prozent sicher, und man kann es \u00fcberall anwenden; 20 Prozent, es wird lebhaft; 50 Prozent, positiv waghalsig; f\u00fcr 100 Prozent stampft es alle menschlichen Gesetze unter seinen Fu\u00df; 300 Prozent, und es existiert kein Verbrechen, das es nicht riskiert, selbst auf Gefahr des Galgens. Wenn Tumult und Streit Profit bringen, wird es sie beide encouragieren&#8220;<\/span>, hat <a href='https:\/\/de.wikipedia.org\/wiki\/Karl_Marx' class='azc_bbc_url'>der schlaueste deutsche \u00d6konom aller Zeiten<\/a> schon vor \u00fcber 100 Jahren analysiert &#8211; und bis heute komplett Recht behalten <img class='azc_bbc_image' src='https:\/\/www.rume.de\/smilies\/nasiehste.gif'  \/><\/p>\n<p>&nbsp;<\/p>\n<p><a href='http:\/\/www.deutschlandfunkkultur.de\/khost-in-afghanistan-wo-der-drohnenkrieg-der-usa-im.979.de.html?dram:article_id=395846' class='azc_bbc_url'>Wo der Drohnenkrieg der USA im Schatten tobt<\/a><br \/>\nDer Deutschlandfunk berichtet: <span class='azc_bbc_italic'>&#8222;Hajji Delay wurde im Mai 2014 durch einen US-amerikanischen Drohnenangriff get\u00f6tet. Eine Hellfire-Rakete traf den Wagen Delays, der vollkommen ausbrannte &#8211; er und vier weitere Insassen waren sofort tot. Sie waren allesamt Zivilisten. Wie viele Afghanen, die sich ein Auto leisten konnten, verdiente der 45-j\u00e4hrige Hajji Delay seinen Lebensunterhalt als Taxifahrer. An jenem Tag war er mit seinem Fahrg\u00e4sten unterwegs.<\/p>\n<p>Seit Beginn des NATO-Einsatzes im Jahr 2001 geh\u00f6ren Drohnenangriffe zum Alltag in Afghanistan. Tausende solcher Angriffe fanden seit jeher im Land statt. Laut dem &#8222;Bureau of Investigative Journalism&#8220;, einer in London ans\u00e4ssigen Journalisten-Gruppierung, die den US-Drohnenkrieg beobachtet, ist Afghanistan das am meiste von Drohnen bombardierte Land der Welt. Wen die Drohnen t\u00f6ten, ist oft unbekannt. In den allermeisten F\u00e4llen sind die Identit\u00e4ten der Opfer kaum zu ermitteln &#8211; und oftmals Zivilisten wie Hajji Delay.<\/p>\n<p>2012 wurde bekannt, dass laut dem Wei\u00dfen Haus jede m\u00e4nnliche Person im &#8222;wehrf\u00e4higen Alter&#8220; im Umfeld eines Drohnenangriffs als &#8222;feindlicher Kombattant&#8220; gilt. Nach dieser Definition ist fast jeder Afghane, auch Abdul Hadis Vater, ein Terrorist.&#8220;<\/span> <a href='http:\/\/www.deutschlandfunkkultur.de\/khost-in-afghanistan-wo-der-drohnenkrieg-der-usa-im.979.de.html?dram:article_id=395846' class='azc_bbc_url'>Weiterlesen&#8230;<\/a><\/p>\n<p>\u00dcbrigens: Wie wir wissen, ist der in Rheinland-Pfalz liegende Flugplatz Ramstein die Schl\u00fcsselstelle f\u00fcr die US-Terroranschl\u00e4ge per Killerdrohne. Und weder CDU noch SPD haben sich jemals gegen diese Terroranschl\u00e4ge ausgesprochen. Aber wehe, irgend jemand ver\u00fcbt einen Racheakt hier im Westen. Dann ist das nat\u00fcrlich &#8222;feige&#8220; und &#8222;hinterh\u00e4ltig&#8220; &#8211; und es hagelt neue Terrorgesetze, statt einfach nur eine Quelle des \u00dcbels, den Drohnenflugplatz Ramstein, endlich dichtzumachen.<\/p>\n<p>&nbsp;<\/p>\n<p><a href='http:\/\/www.lawblog.de\/index.php\/archives\/2017\/10\/11\/tierwohl-kann-notstand-begruenden' class='azc_bbc_url'>Tierwohl kann Notstand begr\u00fcnden<\/a><br \/>\n<span class='azc_bbc_italic'>&#8222;Machen sich Aktivisten wegen Hausfriedensbruchs strafbar, die in Tierzuchtbetriebe &#8222;einbrechen&#8220;, dort Misst\u00e4nde filmen und die Videos ver\u00f6ffentlichen? Nein, sagt das Landgericht Magdeburg in einem bemerkenswerten Urteil. Ein Hausfriedensbruch liege zwar vor, jedoch sei das Verhalten wegen Notstandes gerechtfertigt (\u00a7 34 StGB). Das Gericht urteilte sogar, es sei das Recht jedes B\u00fcrgers, aktiv zu werden, wenn Beh\u00f6rden ihre Arbeit nicht machten. &#8222;Ihr Handeln ist als positiv zu bewerten&#8220;, kommentierte der Vorsitzende Richter die Aktion und best\u00e4tigte den Freispruch der 1. Instanz.&#8220;<\/span><\/p>\n<p>Und zu guter Letzt:<\/p>\n<p><a href='https:\/\/www.eine-zeitung.net\/2017\/10\/12\/usa-untersuchen-einfluss-russischer-hacker-auf-die-wm-qualifikation' class='azc_bbc_url'>USA untersuchen Einfluss russischer Hacker auf die WM-Qualifikation<\/a><br \/>\n\u00dcberraschen w\u00fcrde es sicherlich keinen <img class='azc_bbc_image' src='https:\/\/www.rume.de\/smilies\/sarkasm.gif'  \/><\/p>\n","protected":false},"excerpt":{"rendered":"<p>\/ Jobcenter will kranke Frau zum Arbeiten zwingen \/ Erstmals Streik an einem katholischen Krankenhaus \/ Lebensversicherer verkaufen Altvertr\u00e4ge an Finanzheuschrecken \/ Digitalisierung: Der Kampf hat begonnen \/ Sch\u00e4uble pocht auf Fortsetzung seines EU-weiten Sparsadismus \/ Parteispenden: FDP kassiert 100.000 Euro Schmiergeld \/ Bundesnetzagentur verbietet nur Details des &#8222;Stream-On&#8220; Tarifs der Telekom \/ EU-Papier: Zensurfilter &hellip; <a href=\"https:\/\/www.rume.de\/?p=395\" class=\"more-link\"><span class=\"screen-reader-text\">\u201eAufgelesen und kommentiert 2017-10-12\u201c <\/span>weiterlesen<\/a><\/p>\n","protected":false},"author":1,"featured_media":0,"comment_status":"open","ping_status":"closed","sticky":false,"template":"","format":"standard","meta":{"footnotes":""},"categories":[2],"tags":[],"class_list":["post-395","post","type-post","status-publish","format-standard","hentry","category-aufgelesen"],"_links":{"self":[{"href":"https:\/\/www.rume.de\/index.php?rest_route=\/wp\/v2\/posts\/395","targetHints":{"allow":["GET"]}}],"collection":[{"href":"https:\/\/www.rume.de\/index.php?rest_route=\/wp\/v2\/posts"}],"about":[{"href":"https:\/\/www.rume.de\/index.php?rest_route=\/wp\/v2\/types\/post"}],"author":[{"embeddable":true,"href":"https:\/\/www.rume.de\/index.php?rest_route=\/wp\/v2\/users\/1"}],"replies":[{"embeddable":true,"href":"https:\/\/www.rume.de\/index.php?rest_route=%2Fwp%2Fv2%2Fcomments&post=395"}],"version-history":[{"count":1,"href":"https:\/\/www.rume.de\/index.php?rest_route=\/wp\/v2\/posts\/395\/revisions"}],"predecessor-version":[{"id":396,"href":"https:\/\/www.rume.de\/index.php?rest_route=\/wp\/v2\/posts\/395\/revisions\/396"}],"wp:attachment":[{"href":"https:\/\/www.rume.de\/index.php?rest_route=%2Fwp%2Fv2%2Fmedia&parent=395"}],"wp:term":[{"taxonomy":"category","embeddable":true,"href":"https:\/\/www.rume.de\/index.php?rest_route=%2Fwp%2Fv2%2Fcategories&post=395"},{"taxonomy":"post_tag","embeddable":true,"href":"https:\/\/www.rume.de\/index.php?rest_route=%2Fwp%2Fv2%2Ftags&post=395"}],"curies":[{"name":"wp","href":"https:\/\/api.w.org\/{rel}","templated":true}]}}