{"id":393,"date":"2017-10-11T23:45:10","date_gmt":"2017-10-11T21:45:10","guid":{"rendered":"http:\/\/rume.katti.eu\/?p=393"},"modified":"2017-10-11T23:45:10","modified_gmt":"2017-10-11T21:45:10","slug":"aufgelesen-und-kommentiert-2017-10-11","status":"publish","type":"post","link":"https:\/\/www.rume.de\/?p=393","title":{"rendered":"Aufgelesen und kommentiert 2017-10-11"},"content":{"rendered":"<p>\/ Bildung, Bildung, Bildung<br \/>\n\/ Junger Generation droht gigantische Rentenl\u00fccke<br \/>\n\/ Pl\u00e4doyer f\u00fcr eine gerechte und solidarische Gesundheitsversorgung<br \/>\n\/ Verdi will Kaufhof-Mitarbeitern das Gehalt k\u00fcrzen<br \/>\n\/ Trotz Presserats-R\u00fcge: FAZ will weiterhin schwulenfeindliche Texte ver\u00f6ffentlichen<br \/>\n\/ Klatsche f\u00fcr die Regierung, Aufschwung der Rechten und ungenutztes Potential der LINKEN<br \/>\n\/ Was der Kapitalismus mit dem Wahlerfolg der AfD zu tun hat<br \/>\n\/ UNO k\u00fcrzt Essensrationen f\u00fcr Fl\u00fcchtlinge in Kenia<br \/>\n\/ Neusprech: Entscheidungszentrum<br \/>\n\/ Stephan Weil (SPD): &#8222;Mein Ziel ist, dass DIE LINKE nicht in den Landtag kommt&#8220;<br \/>\n\/ Aufarbeitung der Finanzkrise ist ein einziger Skandal<br \/>\n\/ H\u00e4rtere Strafen gegen Gangster in Nadelstreifen<br \/>\n\/ Polizei-Kennzeichnungspflicht gilt nur noch in acht Bundesl\u00e4ndern<br \/>\n\/ Baden-W\u00fcrttemberg: GR\u00dcNE wollen sch\u00e4rfstes Polizeigesetz Deutschlands durchsetzen<br \/>\n\/ Es gibt nichts mehr zu retten &#8211; au\u00dfer uns selbst<br \/>\n\/ Atomwaffenverbot: Auf Deutschland kommt es an<br \/>\n\/ Autofahrer \u00fcberf\u00e4hrt Fu\u00dfg\u00e4nger auf B\u00fcrgersteig &#8211; zum Gl\u00fcck kein Terroranschlag<br \/>\n\/ Die moderne sexy-konservative CSU<\/p>\n<p>&#8212;<\/p>\n<p><!--more--><\/p>\n<p><a href='http:\/\/endlessgoodnews.blogspot.de\/2017\/09\/bildung-bildung-bildung.html' class='azc_bbc_url'>Bildung, Bildung, Bildung<\/a><br \/>\n<span class='azc_bbc_italic'>&#8222;Immer wenn die Sozialpolitik dieses Landes versagt, wird nach Bildung gerufen. Bildung sei wichtig. Bildung verhindere Armut und bessere Bildung verspricht ein besseres Einkommen. Diese Aussagen sind Bl\u00f6dsinn.<\/p>\n<p>&#8211; Mit Bildung meint man immer Ausbildung. D.h. Bildung zur wirtschaftlichen Verwertung. Bildung im Sinne ich habe mich mit der kulturellen Entwicklung eines kleinen Stammes im Amazonas besch\u00e4ftigt, bringt nichts.<\/p>\n<p>&#8211; Die bestgebildesten Personen sind theoretisch an den Universit\u00e4ten und diese werden mit Kurzzeitvertr\u00e4gen, Minimalbezahlung bei Maximalbelastung abgespeist.<\/p>\n<p>&#8211; Die heutige Generation ist besser gebildet als die Generationen in den 60ern. Die L\u00f6hne steigen trotzdem nicht massiv an. Ausbeutung und schlechtere Arbeitsvertr\u00e4ge nehmen eher zu.<\/p>\n<p>Davon abgesehen, k\u00f6nnen weder Mainstream\u00f6konomen noch Politiker ein Interesse an gebildeten Personen haben. Gebildete Personen w\u00fcrden jegliche F\u00f6rderung f\u00fcr die Mainstream\u00f6konomik einstellen.&#8220;<\/span> <img class='azc_bbc_image' src='https:\/\/www.rume.de\/smilies\/biggrin.gif'  \/> <a href='http:\/\/endlessgoodnews.blogspot.de\/2017\/09\/bildung-bildung-bildung.html' class='azc_bbc_url'>Weiterlesen&#8230;<\/a><\/p>\n<p>&nbsp;<\/p>\n<p><a href='http:\/\/boerse.ard.de\/anlagestrategie\/vorsorge\/junger-generation-droht-gigantische-rentenluecke100.html' class='azc_bbc_url'>Junger Generation droht gigantische Rentenl\u00fccke<\/a><br \/>\nObwohl der gesamte Bericht sich nur auf die Aussagen des Finanzlobbyisten Bernd Raffelh\u00fcschen st\u00fctzt, der hier im Auftrag der Fondsgesellschaft Union Investment arbeitet, steht bei der ARD kein Warnhinweis &#8222;Werbeanzeige&#8220; dabei. Bezeichnend.<\/p>\n<p>Das nat\u00fcrlich auch ALLE von ihrem GESAMTEN Einkommen in unser gesetzliches Rentensystem einzahlen k\u00f6nnten, um damit einen armutsfeste Rente zu finanzieren, wird dann (wie es sich f\u00fcr einen Staatssender geh\u00f6rt) auch mit keinem einzigen Wort erw\u00e4hnt. Denn w\u00fcrden auch Topmanager, Politiker, Anw\u00e4lte, Zahn\u00e4rzte, Beamte und Selbstst\u00e4ndige in die gesetzliche Rentenkasse einzahlen, k\u00f6nnten wir alle schon mit 60 Jahren abschlagsfrei in Rente gehen. Genau das ist aber von CDU und SPD nicht gewollt &#8211; und dementsprechend berichtet die ARD in ihrem Bericht auch nicht dar\u00fcber.<\/p>\n<p>Staatssender eben.<\/p>\n<p>&nbsp;<\/p>\n<p><a href='https:\/\/www.rubikon.news\/artikel\/gesundheit-starken-statt-krankheit-verwalten' class='azc_bbc_url'>Pl\u00e4doyer f\u00fcr eine gerechte und solidarische Gesundheitsversorgung<\/a><br \/>\n<span class='azc_bbc_italic'>&#8222;Eine Gesundheitsversorgung kann nur dann als &#8222;gerecht&#8220; angesehen werden, wenn sie allen B\u00fcrgern gleichen Zugang gew\u00e4hrleistet und f\u00fcr Diagnostik und Behandlung allein Art und Schwere der Krankheit entscheidend sind. Als &#8222;solidarisch&#8220; kann sie nur dann qualifiziert werden, wenn jeder B\u00fcrger entsprechend seiner finanziellen Leistungsf\u00e4higkeit in die Krankenversicherung einzahlt. Das war w\u00e4hrend meiner Facharztausbildung in den 1960er- und 1970er-Jahren eine Position, mit der wahrscheinlich die gro\u00dfe Mehrheit meiner Kolleginnen und Kollegen im Krankenhaus \u00fcbereingestimmt hat. Heute bin ich damit eher ein &#8222;radikaler Au\u00dfenseiter&#8220;. Das zeigt, wie sehr sich in Deutschland die geistige Landschaft in den letzten Jahrzehnten ver\u00e4ndert hat.&#8220;<\/span> <a href='https:\/\/www.rubikon.news\/artikel\/gesundheit-starken-statt-krankheit-verwalten' class='azc_bbc_url'>Weiterlesen&#8230;<\/a><\/p>\n<p>&nbsp;<\/p>\n<p><a href='http:\/\/www.sueddeutsche.de\/wirtschaft\/sanierungstarifvertrag-kaufhof-will-mitarbeitern-das-gehalt-kuerzen-1.3701982' class='azc_bbc_url'>Verdi will Kaufhof-Mitarbeitern das Gehalt k\u00fcrzen<\/a><br \/>\nUnd die sogenannten Arbeitnehmervertreter sind auch schon fleissig am verhandeln, wie viel Geld man den Besch\u00e4ftigten zugunsten der Finanzheuschrecken abkn\u00f6pfen will.<\/p>\n<p>Wie jetzt? Glaubt ihr nicht, dass eine Gewerkschaft so etwas machen w\u00fcrde? Dann lest mal, was die S\u00fcddeutsche schreibt: <span class='azc_bbc_italic'>&#8222;Ausschlaggebend f\u00fcr die finanziellen Schwierigkeiten Kaufhofs sind Insidern zufolge nicht die schwierigen Marktbedingungen, sondern Mieterh\u00f6hungen, die HBC dem Kaufhof-Konzern unmittelbar vor Vertragsabschluss aufb\u00fcrdete. Dadurch steigerte HBC den Wert der Immobilien und erhielt von den Banken einen h\u00f6heren Kredit f\u00fcr ihren Kauf. Der Mehrerl\u00f6s zugunsten von HBC bel\u00e4uft sich auf etwa 40 Millionen Euro j\u00e4hrlich.&#8220;<\/span><\/p>\n<p>Und jetzt sollen diese 40 Millionen Euro nat\u00fcrlich von den Besch\u00e4ftigten abgepresst werden, statt einfach nur die Mietvertr\u00e4ge realistischer zu gestalten. Und Verdi hat auch schon erste Vorschl\u00e4ge gemacht, was man gegen die Besch\u00e4ftigten durchsetzen k\u00f6nnte. Zitat: <span class='azc_bbc_italic'>&#8222;Der Sanierungstarifvertrag sieht drastische Einschnitte f\u00fcr die Besch\u00e4ftigen vor, darunter eine K\u00fcrzung der L\u00f6hne und Geh\u00e4lter von drei bis f\u00fcnf Prozent, die Streichung von Urlaubs- und Weihnachtsgeld f\u00fcr drei Jahre und eine Erh\u00f6hung der Arbeitszeit durch eine R\u00fcckkehr zur 40-Stunden-Woche.&#8220;<\/span><\/p>\n<p>Seht ihr: Und genau daf\u00fcr zahlt man doch gerne Gewerkschaftsbeitr\u00e4ge <img class='azc_bbc_image' src='https:\/\/www.rume.de\/smilies\/sarkasm.gif'  \/><\/p>\n<p>&nbsp;<\/p>\n<p><a href='http:\/\/uebermedien.de\/21069\/faz-homophob-fragen-wird-man-ja-wohl-noch-duerfen' class='azc_bbc_url'>Trotz Presserats-R\u00fcge: FAZ will weiterhin schwulenfeindliche Texte ver\u00f6ffentlichen<\/a><br \/>\nSchon der Hass auf Arbeitslose wurde von der Qualit\u00e4tsjournaille stets wohlwollend begleitet und angestachelt. Ebenso der Hass auf Ausl\u00e4nder, bis hin zu <a href='http:\/\/blog.zeit.de\/stoerungsmelder\/2012\/07\/20\/es-geht-nicht-um-geld-es-geht-um-leben_9168' class='azc_bbc_url'>&#8220;Das Boot ist voll&#8220;-Titelbildern<\/a>. Da ist es naheliegend, dass nat\u00fcrlich auch der Hass gegen Homosexuelle als &#8222;Meinungsfreiheit&#8220; verteidigt wird.<\/p>\n<p>Es sind solche Zeitungsberichte, die sich komplett gegen die Menschenrechte stellen &#8211; aber als &#8222;Klartext&#8220; und &#8222;mutig&#8220; bejubelt werden. Und dann dar\u00fcber wundern, wenn sich die AfD pl\u00f6tzlich im Bundestag befindet. D\u00fcmmer geht es nicht.<\/p>\n<p>&nbsp;<\/p>\n<p><a href='http:\/\/www.antikapitalistische-linke.de\/?p=2226' class='azc_bbc_url'>Klatsche f\u00fcr die Regierung, Aufschwung der Rechten und ungenutztes Potential der LINKEN<\/a><br \/>\nHervorragende Analyse <img class='azc_bbc_image' src='https:\/\/www.rume.de\/smilies\/verehr.gif'  \/><\/p>\n<p>&nbsp;<\/p>\n<p><a href='http:\/\/www.sueddeutsche.de\/politik\/soziologe-zur-afd-erwachen-aus-wutgetraenkter-apathie-1.3687762' class='azc_bbc_url'>Was der Kapitalismus mit dem Wahlerfolg der AfD zu tun hat<\/a><br \/>\nDie S\u00fcddeutsche berichtet: <span class='azc_bbc_italic'>&#8222;Gruppen von Menschen werden inzwischen vielfach nach \u00f6konomischen Kriterien bewertet, also nach ihrer Verwertbarkeit, ihrer N\u00fctzlichkeit und Effizienz. Dadurch werden besonders bestimmte Gruppen abgewertet und diskriminiert, wir nennen das &#8222;gruppenbezogene Menschenfeindlichkeit&#8220;: Betroffen sind Langzeitarbeitslose, niedrig qualifizierte Migranten, Fl\u00fcchtlinge, Obdachlose, Behinderte. Die sozial Schwachen sehen dann auf die noch schw\u00e4cheren herab. Und seit einigen Jahren klagen auch jene mit hohem sozialen Status dar\u00fcber, dass sie als Leistungstr\u00e4ger alle anderen mitschleppen sollen. Die Abwertung von Gruppen geht durch alle Schichten. Und es ist zu bef\u00fcrchten, dass dieses Denken weiter um sich greift.&#8220;<\/span><\/p>\n<p>Und genau das ist Rassismus. Kapitalistischer N\u00fctzlichkeitsrassismus &#8211; etabliert durch SPD und GR\u00dcNE \u00fcber die Agenda 2010.<\/p>\n<p>&nbsp;<\/p>\n<p><a href='http:\/\/orf.at\/stories\/2409355' class='azc_bbc_url'>UNO k\u00fcrzt Essensrationen f\u00fcr Fl\u00fcchtlinge in Kenia<\/a><br \/>\nDer Grund: Es fehlen 24 Millionen (!) Euro f\u00fcr die kommenden sechs Monate.<\/p>\n<p>&nbsp;<\/p>\n<p><a href='https:\/\/neusprech.org\/entscheidungszentrum' class='azc_bbc_url'>Neusprech: Entscheidungszentrum<\/a><br \/>\nDie richtige Bezeichnung als Abschiebelager war der Bundesregierung zu eindeutig.<\/p>\n<p>&nbsp;<\/p>\n<p><a href='https:\/\/www.weser-kurier.de\/region\/niedersachsen\/landtagswahl-2017_artikel,-mein-ziel-ist-dass-die-linke-nicht-in-den-landtag-kommt-_arid,1655841.html' class='azc_bbc_url'>Stephan Weil (SPD): &#8222;Mein Ziel ist, dass DIE LINKE nicht in den Landtag kommt&#8220;<\/a><br \/>\nJoah, das ist die SPD wie sie leibt und lebt. Nicht etwa Schwarz-Gelb ist der Gegner &#8211; ja noch nicht einmal die AfD &#8211; sondern einzig und allein DIE LINKE, die auf keinen Fall in den Landtag kommen darf, um dort unbequeme Fragen zu stellen. Was aber auch nur noch diejenigen \u00fcberraschen d\u00fcrfte, die die letzten 20 Jahre hinterm Mond gelebt haben. Also SPD-Stammw\u00e4hler <img class='azc_bbc_image' src='https:\/\/www.rume.de\/smilies\/nasiehste.gif'  \/><\/p>\n<p>Denn: Mit der CDU ist sich die SPD ohnehin komplett einig. Das peinliche Gehampel, als die CDU die SPD im Dieselskandal anprangern wollte, weil man seine Rede vorab von den VW-Managern quasi genehmigen lassen musste &#8211; nur um nachher zugeben zu m\u00fcssen, dass CDU und FDP das all die Jahre vorher genauso gemacht hatten &#8211; war ja mehr als bezeichnend. Und dass die SPD lieber Multimillion\u00e4re statt Lohnabh\u00e4ngige unterst\u00fctzt, haben die vergangenen 20 Jahre l\u00e4ngst bewiesen. Insbesondere in Niedersachsen (siehe Carsten Maschmeyer, Peter Hartz, usw.).<\/p>\n<p>Und dass die SPD irgendwelche realpolitischen (!) Differenzen zur AfD h\u00e4tte, kann man mit einem Blick auf die &#8222;Ausl\u00e4nder raus&#8220;-Gesetze, die auch von der SPD Niedersachsen im Bundesrat durchgewunken wurden, getrost verneinen. Handys von Fl\u00fcchtlingen durchsuchen, Familiennachzug abschaffen, milit\u00e4rische Abschottung der EU-Grenzen, Fl\u00fcchtlingsdeal mit Erdogan, das als Vorbild (!) f\u00fcr weitere Abkommen herhalten soll &#8211; dazu die libyschen Fl\u00fcchtlings-KZ &#8211; mir ist nicht ein einziges Gesetz bekannt, welches von der AfD gefordert und von der CDU eingef\u00fchrt wurde, dem sich die SPD blockierend in den Weg stellte. Ja es ist mir noch nicht einmal ein einziger SPD-Politiker bekannt, der sich \u00f6ffentlich daf\u00fcr sch\u00e4mte.<\/p>\n<a href='http:\/\/www1.wdr.de\/daserste\/monitor\/videos\/video-grenzen-dicht-in-afrika-wie-die-eu-fluechtlinge-vom-mittelmeer-fernhalten-will-100.html' class='azc_bbc_url'>Wof\u00fcr sch\u00e4men, fragt ihr? Daf\u00fcr!<\/a>\n<p>Wie wir also sehen, KANN der Feind der SPD nur DIE LINKE sein, die man aus dem Landtag heraushalten muss. Viel zu gross ist die Gefahr, dass da interne Landtagspapiere durch die LINKEN an die \u00d6ffentlichkeit getragen werden. Oder dass man nicht mehr zusammen mit der CDU die Reichsten unterst\u00fctzt, sondern unbequeme Fragen aufkommen, warum es in Niedersachsen an allen Ecken und Enden bei der Pflege, Kinderbetreuung und Schulausstattung mangelt.<\/p>\n<p>&nbsp;<\/p>\n<p><a href='http:\/\/www.nachdenkseiten.de\/?p=40396' class='azc_bbc_url'>Aufarbeitung der Finanzkrise ist ein einziger Skandal<\/a><br \/>\nDas ist schon ein lustiges Rechtssystem, welches die Anklage gegen schwerreiche Kriminelle so lange verschleppt, damit dann &#8222;wegen drohender Verj\u00e4hrung&#8220; nur noch eilig ein paar Taschengeld-Strafen verh\u00e4ngt werden. Nur zur Erinnerung: Die Finanzkrise war 2007 und sp\u00e4testens ein Jahr sp\u00e4ter h\u00e4tte man per Hausdurchsuchungen alle notwendigen Papiere zusammentragen k\u00f6nnen, um den Prozess zu er\u00f6ffnen. Stattdessen <a href='http:\/\/www.wsws.org\/de\/articles\/2017\/10\/04\/hreb-o04.html' class='azc_bbc_url'>verschleppt man die Ermittlungen bis 2014 (!)<\/a> und hat dann &#8222;pl\u00f6tzlich&#8220; <img class='azc_bbc_image' src='https:\/\/www.rume.de\/smilies\/clown.gif'  \/> keine Zeit mehr f\u00fcr eine ordentliche Sichtung &#8211; und verh\u00e4ngt eilig Strafen in H\u00f6he von l\u00e4cherlichen 20.000 Euro und weniger!<\/p>\n<p>Aber hey: Was sind schon schlaffe 480 Milliarden Euro, die von CDU und SPD zugunsten der Rettung verzockter Profite bereitgestellt wurden, gegen die Sachsch\u00e4den bei der gezielt herbeigef\u00fchrten Randale beim Hamburger G20-Gipfel? Hier schl\u00e4gt die Justiz nat\u00fcrlich knallhart zu und verh\u00e4ngt mehrj\u00e4hrige Strafen wegen Sachbesch\u00e4digungen von wenigen tausend Euro. Denn die Staatsanwaltsachaften sind in Deutschland an die Anweisungen der Regierung gebunden. Und CDU und SPD wissen ganz genau, welche Personen sie knallhart bestrafen d\u00fcrfen &#8211; und bei welchen schwerreichen Verbrechern sie lieber s\u00e4mtliche Ermittlungen verschleppen.<\/p>\n<p>Ab wann nochmal genau spricht man von einem Unrechtsstaat?<\/p>\n<p>&nbsp;<\/p>\n<p><a href='https:\/\/www.linksfraktion.de\/presse\/pressemitteilungen\/detail\/haertere-strafen-gegen-gangster-in-nadelstreifen' class='azc_bbc_url'>H\u00e4rtere Strafen gegen Gangster in Nadelstreifen<\/a><br \/>\n<span class='azc_bbc_italic'>&#8222;Die Bundesanstalt f\u00fcr Finanzdienstleistungsaufsicht (BaFin) verh\u00e4ngt immer wieder sehr milde Geldbu\u00dfen bei Geldhilfe und Beihilfe zur Steuerhinterziehung. Staatsanwaltschaften kapitulieren regelm\u00e4\u00dfig vor den Winkeladvokaten der Gangster in Nadelstreifen. Es ist \u00fcberdies ein Skandal, dass die Commerzbank einst mit Steuergeldern in einer H\u00f6he, die ihren Marktwert weit \u00fcberstiegen, &#8222;gerettet&#8220; wurde, aber die Bundesregierung bewusst keinen Einfluss auf die Unternehmenspolitik nahm. Die Bank warb in Prospekten munter f\u00fcr Gesch\u00e4fte in Steueroasen. Schwere Steuervergehen m\u00fcssen bei der Reform der Geldw\u00e4schegesetze endlich in den Vortatenkatalog aufgenommen werden. Banken, die wiederholt Beihilfe zu Steuerhinterziehung leisten, ist die Gesch\u00e4ftslizenz zu entziehen.&#8220;<\/span><\/p>\n<p>Ihr k\u00f6nnt ja selber mal klicken, wer das fordert &#8211; und dann nochmal dar\u00fcber nachdenken, wer der einzig wahre Feind von SPD und CDU ist <img class='azc_bbc_image' src='https:\/\/www.rume.de\/smilies\/nasiehste.gif'  \/><\/p>\n<p>&nbsp;<\/p>\n<p><a href='https:\/\/www.neues-deutschland.de\/artikel\/1066619.html' class='azc_bbc_url'>Polizei-Kennzeichnungspflicht gilt nur noch in acht Bundesl\u00e4ndern<\/a><br \/>\nDie Polizei soll ja schliesslich ungehemmt draufschlagen, wenn gegen die Herrschenden demonstriert wird.<\/p>\n<p>&nbsp;<\/p>\n<p><a href='https:\/\/netzpolitik.org\/2017\/baden-wuerttemberg-datenschutzbeauftragter-kritisiert-gruen-schwarzes-anti-terror-paket' class='azc_bbc_url'>Baden-W\u00fcrttemberg: GR\u00dcNE wollen sch\u00e4rfstes Polizeigesetz Deutschlands durchsetzen<\/a><br \/>\nDie gr\u00fcn-schwarze Landesregierung ber\u00e4t \u00fcber eines der schlimmsten Polizeigesetze Deutschlands &#8211; inklusive pr\u00e4ventiver Telekommunikations\u00fcberwachung und den Einsatz von Staatstrojanern auch bei Alltagsdelikten. Zudem enth\u00e4lt das Gesetzespaket eine Ausweitung der nach Verhaltensmustern scannenden Video\u00fcberwachung, die Einf\u00fchrung der elektronischen Fu\u00dffessel und ein Kontaktverbot f\u00fcr &#8222;Gef\u00e4hrder&#8220;. Baden-W\u00fcrttembergs Ministerpr\u00e4sident Kretschmann (GR\u00dcNE) will mit dem Gesetzespaket an die &#8222;Grenze des verfassungsm\u00e4\u00dfig Machbaren gehen.&#8220;<\/p>\n<p>Man muss sicherlich nicht erw\u00e4hnen, dass KEINE dieser Massnahmen auch nur ein einziges Verbrechen wird verhindern k\u00f6nnen. Aber was es zuverl\u00e4ssig verhindert, ist der Aufbau von B\u00fcrgerproteste gegen die unsoziale Politik von CDU\/CSU\/SPD\/FDP\/GR\u00dcNE. Und damit sind wir auch beim wahren Kern des GR\u00dcNEN Gesetzespaket.<\/p>\n<p>&nbsp;<\/p>\n<p><a href='https:\/\/www.rubikon.news\/artikel\/es-gibt-nichts-mehr-zu-retten' class='azc_bbc_url'>Es gibt nichts mehr zu retten &#8211; au\u00dfer uns selbst<\/a><br \/>\nL E S E B E F E H L !!<\/p>\n<p>DAS w\u00e4re ein Bericht, an dem sich tats\u00e4chliche GR\u00dcNE zu 100 Prozent abarbeiten M\u00dcSSTEN &#8211; statt am hochger\u00fcsteten Polizeistaat, gr\u00fcnen Kapitalismus und mehr Kriege.. \u00e4\u00e4\u00e4h, &#8222;Verantwortung&#8220;.<\/p>\n<p>Dazu passt auch:<\/p>\n<p><a href='http:\/\/www.ipg-journal.de\/rubriken\/aussen-und-sicherheitspolitik\/artikel\/auf-deutschland-kommt-es-an-2343' class='azc_bbc_url'>Atomwaffenverbot: Auf Deutschland kommt es an<\/a><br \/>\n<span class='azc_bbc_italic'>&#8222;Nie zuvor in der Geschichte der Vereinten Nationen haben es die atomwaffenfreien Staaten gewagt, gegen die Willk\u00fcr der Nuklearm\u00e4chte ein Atomwaffenverbot einzufordern. Nicht nur rhetorisch, sondern mit dem st\u00e4rksten ihnen zur Verf\u00fcgung stehenden Mittel: dem internationalen V\u00f6lkerrecht. Am 7. Juli 2017 haben in den Vereinten Nationen 122 Staaten den Vertrag zum Verbot von Atomwaffen beschlossen. Am 6. Oktober gab nun das Nobelkomitee die Verleihung des Friedensnobelpreises an die Internationale Kampagne zur Abschaffung von Atomwaffen (ICAN) bekannt.<\/p>\n<p>Eine atomwaffenfreie Welt wird kommen. Die Frage ist, ob mit oder ohne Knall.<\/p>\n<p>Deutschland hat die Verhandlungen zum Verbotsvertrag boykottiert. Erstmals in ihrer Geschichte hat die Bundesrepublik die Teilnahme an multilateralen Abr\u00fcstungsverhandlungen verweigert. Deutschland steht nun in der aus globaler Perspektive wohl bedeutendsten sicherheitspolitischen Frage abseits der Weiterentwicklung des V\u00f6lkerrechts. Doch der Vertrag ist da. Die nuklearen Zwitterstaaten, Amerikas Alliierte, spielen jetzt eine Schl\u00fcsselrolle. Deutschland will globale Verantwortung \u00fcbernehmen. Auf Deutschland kommt es an.&#8220;<\/span><\/p>\n<p>&nbsp;<\/p>\n<p><a href='http:\/\/narrenschiffsbruecke.blogspot.de\/2017\/10\/schlips-borg-nachrichten-aus-dem.html' class='azc_bbc_url'>Autofahrer \u00fcberf\u00e4hrt Fu\u00dfg\u00e4nger auf B\u00fcrgersteig &#8211; zum Gl\u00fcck kein Terroranschlag<\/a><br \/>\n<span class='azc_bbc_italic'>&#8222;In der Innenstadt erfasst ein Auto mehrere Fu\u00dfg\u00e4nger. Elf Menschen werden verletzt. Am Abend gibt die Polizei Entwarnung: Es war kein Terroranschlag.&#8220;<\/span><\/p>\n<p>So schreibt es der moderne Qualit\u00e4tsjournalismus. W\u00e4re es aber ein Fl\u00fcchtling gewesen &#8211; oder gar ein Moslem &#8211; der die Kontrolle \u00fcber sein Auto verlor, h\u00e4tten wir wieder schnappatmende Politiker, grosse Zeitungsschlagzeilen und erregte TV-Talkshows im Hunderterpack gehabt. Aber es war nur ein ganz normaler Autounfall, wie er tausendfach vorkommt. Damit zum Wetter.<\/p>\n<p>Und zu guter Letzt:<\/p>\n<p><a href='http:\/\/www.paolo-calleri.de\/paolo-calleri\/karikaturen2017\/lapdance_und_lederhose_farbig_calleri.jpg' class='azc_bbc_url'>Die moderne sexy-konservative CSU<\/a><br \/>\n&#8230;.<\/p>\n","protected":false},"excerpt":{"rendered":"<p>\/ Bildung, Bildung, Bildung \/ Junger Generation droht gigantische Rentenl\u00fccke \/ Pl\u00e4doyer f\u00fcr eine gerechte und solidarische Gesundheitsversorgung \/ Verdi will Kaufhof-Mitarbeitern das Gehalt k\u00fcrzen \/ Trotz Presserats-R\u00fcge: FAZ will weiterhin schwulenfeindliche Texte ver\u00f6ffentlichen \/ Klatsche f\u00fcr die Regierung, Aufschwung der Rechten und ungenutztes Potential der LINKEN \/ Was der Kapitalismus mit dem Wahlerfolg der &hellip; <a href=\"https:\/\/www.rume.de\/?p=393\" class=\"more-link\"><span class=\"screen-reader-text\">\u201eAufgelesen und kommentiert 2017-10-11\u201c <\/span>weiterlesen<\/a><\/p>\n","protected":false},"author":1,"featured_media":0,"comment_status":"open","ping_status":"closed","sticky":false,"template":"","format":"standard","meta":{"footnotes":""},"categories":[2],"tags":[],"class_list":["post-393","post","type-post","status-publish","format-standard","hentry","category-aufgelesen"],"_links":{"self":[{"href":"https:\/\/www.rume.de\/index.php?rest_route=\/wp\/v2\/posts\/393","targetHints":{"allow":["GET"]}}],"collection":[{"href":"https:\/\/www.rume.de\/index.php?rest_route=\/wp\/v2\/posts"}],"about":[{"href":"https:\/\/www.rume.de\/index.php?rest_route=\/wp\/v2\/types\/post"}],"author":[{"embeddable":true,"href":"https:\/\/www.rume.de\/index.php?rest_route=\/wp\/v2\/users\/1"}],"replies":[{"embeddable":true,"href":"https:\/\/www.rume.de\/index.php?rest_route=%2Fwp%2Fv2%2Fcomments&post=393"}],"version-history":[{"count":1,"href":"https:\/\/www.rume.de\/index.php?rest_route=\/wp\/v2\/posts\/393\/revisions"}],"predecessor-version":[{"id":394,"href":"https:\/\/www.rume.de\/index.php?rest_route=\/wp\/v2\/posts\/393\/revisions\/394"}],"wp:attachment":[{"href":"https:\/\/www.rume.de\/index.php?rest_route=%2Fwp%2Fv2%2Fmedia&parent=393"}],"wp:term":[{"taxonomy":"category","embeddable":true,"href":"https:\/\/www.rume.de\/index.php?rest_route=%2Fwp%2Fv2%2Fcategories&post=393"},{"taxonomy":"post_tag","embeddable":true,"href":"https:\/\/www.rume.de\/index.php?rest_route=%2Fwp%2Fv2%2Ftags&post=393"}],"curies":[{"name":"wp","href":"https:\/\/api.w.org\/{rel}","templated":true}]}}