{"id":388,"date":"2017-10-10T23:03:10","date_gmt":"2017-10-10T21:03:10","guid":{"rendered":"http:\/\/rume.katti.eu\/?p=388"},"modified":"2017-10-11T19:53:28","modified_gmt":"2017-10-11T17:53:28","slug":"aufgelesen-und-kommentiert-2017-10-10","status":"publish","type":"post","link":"https:\/\/www.rume.de\/?p=388","title":{"rendered":"Aufgelesen und kommentiert 2017-10-10"},"content":{"rendered":"<p>\/ Aus der Reihe: Ist der Kapitalismus nicht toll?<br \/>\n\/ Air Berlin stellt Betrieb Ende Oktober ein<br \/>\n\/ Korruption: Airbus-Chef Enders bereitete Belegschaft auf empfindliche Strafen vor<br \/>\n\/ Bundesregierung kann sich bei Airbus Skandal nicht wegducken<br \/>\n\/ AfD geht gegen Sozialverein Tacheles vor<br \/>\n\/ Hinterlassenschaft von sieben Jahren Rot-Gr\u00fcn: Anstieg der Armut in NRW<br \/>\n\/ Bei den Koalitionsverhandlungen von CDU\/CSU sa\u00df die AfD mit am Verhandlungstisch<br \/>\n\/ CDU-Strategiepapier: Die AfD als Chance f\u00fcr die Union (PDF)<br \/>\n\/ CDU stimmt mit AfD gegen Entsch\u00e4digungsfonds und Gedenkst\u00e4tte f\u00fcr NSU-Opfer<br \/>\n\/ Es ist das Sytem, Dummkopf<br \/>\n\/ Parteispenden: Kapitalisten schmieren f\u00fcr Schwarz-Gr\u00fcn<br \/>\n\/ Wie Finanzindustrie und Politik Katalonien in die Knie zwingen<br \/>\n\/ Die ARD fragt: Was ist eigentlich &#8222;Staatsfunk&#8220;?<br \/>\n\/ DIE LINKE deckt auf: Polizei hat keine Beweise f\u00fcr Hinterhalt im Schanzenviertel<br \/>\n\/ Entzug der Presse-Akkreditierungen beim G20-Gipfel: LKA vernichtet Beweise<br \/>\n\/ Schwarzer Donnerstag: Die Arroganz der Macht<br \/>\n\/ Amoklauf in M\u00fcnchen 2016: Es war ein Rechtsterrorist<br \/>\n\/ Generalbundesanwalt hat NSA-Aff\u00e4re beendet<br \/>\n\/ Abh\u00f6rzentrum Ost: DIE LINKE stimmt Aufbau einer neuen Stasi zu<br \/>\n\/ Schwarz-Gr\u00fcn in Hessen will Staatstrojaner f\u00fcr &#8222;Verfassungsschutz&#8220;<br \/>\n\/ Brandenburg: LKA unterst\u00fctzte Aufbau eines Neonazi-Versandhandels<br \/>\n\/ Friedensnobelpreis f\u00fcr Anti-Atomwaffen-Kampagne ICAN<br \/>\n\/ Rheinland-Pfalz: Neubau eines US-Milit\u00e4rkrankenhaus am Killerdrohnen-Schaltzentrum Ramstein<br \/>\n\/ SEK-Einsatz in N\u00fcrnberg: Waffenfund nach Kneipenstreit<br \/>\n\/ Putin will \u00d6sterreich-Wahl nicht manipulieren<\/p>\n<p>&#8212;<\/p>\n<p><!--more--><\/p>\n<p>Aus der Reihe: Ist der Kapitalismus nicht toll?<\/p>\n<p><a href='http:\/\/www.fr.de\/politik\/meinung\/gastbeitraege\/chancengleichheit-die-niederschmetternde-armut-a-1358973' class='azc_bbc_url'>Rund 13 Millionen Menschen in Deutschland nach EU-Kriterien von Armut betroffen<\/a><br \/>\n<a href='http:\/\/www.kontextwochenzeitung.de\/wirtschaft\/340\/friede-den-huetten-4602.html' class='azc_bbc_url'>Steigender Anteil des Einkommens geht f\u00fcr Miete drauf<\/a><br \/>\n<a href='https:\/\/www.freitag.de\/autoren\/johanna-montanari\/putzen-und-putzen-lassen' class='azc_bbc_url'>Online-Portale: Putzen und putzen lassen<\/a><br \/>\n<a href='http:\/\/www.faz.net\/aktuell\/wirtschaft\/wirtschaft-in-zahlen\/grafik-immer-mehr-leiharbeiter-in-deutschland-15220582.html' class='azc_bbc_url'>F\u00fcnfmal so viele Leiharbeiter wie vor 20 Jahren<\/a><br \/>\n<a href='http:\/\/www.daserste.de\/information\/wirtschaft-boerse\/plusminus\/sendung\/sendung-vom-27-09-2017-oeffentlicher-dienst-100.html' class='azc_bbc_url'>\u00d6ffentlicher Dienst &#8211; Deutschland wird kaputt gespart<\/a><br \/>\n<a href='https:\/\/www.freitag.de\/autoren\/marlene-brey\/im-wahlkampf-vergessen' class='azc_bbc_url'>Hebamme f\u00fchlt sich von der Politik allein gelassen<\/a><\/p>\n<p>Ach ja: Die Zahl der Milliard\u00e4re in Deutschland hat sich <a href='https:\/\/www.linksfraktion.de\/presse\/pressemitteilungen\/detail\/absurd-hohen-reichtum-begrenzen' class='azc_bbc_url'>in den vergangenen sieben Jahren verdoppelt<\/a>. Auch kein Zufall, sondern politisch gewollt.<\/p>\n<p>&nbsp;<\/p>\n<p><a href='https:\/\/www.jungewelt.de\/artikel\/319672.html' class='azc_bbc_url'>Air Berlin stellt Betrieb Ende Oktober ein<\/a><br \/>\nHilfe f\u00fcr die demn\u00e4chst arbeitslosen Ex-Besch\u00e4ftigten gibt es seitens der Bundesregierung nat\u00fcrlich nicht. <span class='azc_bbc_italic'>&#8222;Daf\u00fcr haben wir doch Hartz IV&#8220;<\/span>, wird die neue SPD-Hoffnung Andrea Nahles zitiert.<\/p>\n<p>Tja, wie sch\u00f6n w\u00e4re es doch, wenn den Besch\u00e4ftigten der Betriebsbesitz geh\u00f6rt h\u00e4tte, den das Management nicht <a href='http:\/\/www.wsws.org\/de\/articles\/2017\/10\/04\/airb-o04.html' class='azc_bbc_url'>h\u00e4tte verschachern k\u00f6nnen<\/a>. Aber das w\u00e4re ja Sozialismus, igitt. Dann doch lieber Kapitalismus. Ist doch viel sch\u00f6ner, wenn man anschliessend auf den &#8222;Sozialplan&#8220; der Gewerkschaften angewiesen ist <img class='azc_bbc_image' src='https:\/\/www.rume.de\/smilies\/sarkasm.gif'  \/><\/p>\n<p>UPDATE: Insolvenzen daf\u00fcr auszunutzen, um sich als Konzernchef zu bereichern, ist <a href='https:\/\/www.welt.de\/wirtschaft\/bilanz\/article169009828' class='azc_bbc_url'>schon seit vielen Jahren ein erfolgreiches Gesch\u00e4ftsmodell<\/a>. Und niemand von CDU oder SPD denkt auch nur im Traum daran, dagegen vorzugehen.<\/p>\n<p>&nbsp;<\/p>\n<p><a href='http:\/\/www.tagesschau.de\/wirtschaft\/airbus-korruption-101.html' class='azc_bbc_url'>Korruption: Airbus-Chef Enders bereitete Belegschaft auf empfindliche Strafen vor<\/a><br \/>\nTja, so ist das im Kapitalismus: Die Chefetage veranlasst die Korruption &#8211; und wenn es auffliegt, l\u00e4sst man die Belegschaft \u00fcber Gehaltsk\u00fcrzungen und Entlassungen daf\u00fcr bluten.<\/p>\n<p>Kapitalismus ist eben ein tolles System. Viel zu sch\u00f6n, um ihn \u00fcberwinden zu wollen <img class='azc_bbc_image' src='https:\/\/www.rume.de\/smilies\/sarkasm.gif'  \/><\/p>\n<p>&nbsp;<\/p>\n<p><a href='https:\/\/www.linksfraktion.de\/presse\/pressemitteilungen\/detail\/bundesregierung-kann-sich-bei-airbus-skandal-nicht-wegducken' class='azc_bbc_url'>Bundesregierung kann sich bei Airbus Skandal nicht wegducken<\/a><br \/>\n<span class='azc_bbc_italic'>&#8222;Deutschland braucht endlich ein Unternehmensstrafrecht, strengere Managerhaftung und brutale Transparenz bei der Geldw\u00e4schegesetzgebung. Es d\u00fcrfen nicht immer die Besch\u00e4ftigten mit ihren Jobs f\u00fcr die Kriminellen im Nadelstreifen haften.&#8220;<\/span><\/p>\n<p>Und ihr k\u00f6nnt ja selber mal anklicken, wer das (f\u00fcr euch) einfordert.<\/p>\n<p>&nbsp;<\/p>\n<p><a href='http:\/\/www.gegen-hartz.de\/nachrichtenueberhartziv\/afd-geht-gegen-sozialverein-tacheles-vor.php' class='azc_bbc_url'>AfD geht gegen Sozialverein Tacheles vor<\/a><br \/>\nWie war das noch? 22 Prozent der Arbeitslosen haben AfD gew\u00e4hlt? Na denn, Herzlichen Gl\u00fcckwunsch <img class='azc_bbc_image' src='https:\/\/www.rume.de\/smilies\/nasiehste.gif'  \/><\/p>\n<p>&nbsp;<\/p>\n<p><a href='http:\/\/www.wsws.org\/de\/articles\/2017\/10\/06\/nrwe-o05.html' class='azc_bbc_url'>Hinterlassenschaft von sieben Jahren Rot-Gr\u00fcn: Anstieg der Armut in NRW<\/a><br \/>\nUnd hier zeigt sich die bildungspolitische Intelligenz der deutschen Bev\u00f6lkerung in seiner wahren Pracht. Denn statt die Kapitalismusverwaltung, die systembedingt (!) zu steigender Armut f\u00fchren MUSS, vollst\u00e4ndig abzul\u00f6sen, w\u00e4hlt der NRW-P\u00f6bel stattdessen sogar CDU und FDP zur neuen Landesregierung, die diese Kapitalismusverwaltung noch nicht einmal mehr mit sozialen Spr\u00fcchen in Pralinenpapier einwickeln wird.<\/p>\n<p>&nbsp;<\/p>\n<p><a href='http:\/\/www.ulla-jelpke.de\/2017\/10\/bei-den-koalitionsverhandlungen-von-cducsu-sass-die-afd-mit-am-verhandlungstisch' class='azc_bbc_url'>Bei den Koalitionsverhandlungen von CDU\/CSU sa\u00df die AfD mit am Verhandlungstisch<\/a><br \/>\n<span class='azc_bbc_italic'>&#8222;Die fl\u00fcchtlingspolitischen Ergebnisse der Verhandlungen von CDU und CSU sind eine menschenrechtliche Bankrotterkl\u00e4rung. Das zynische Verrechnen von Abschiebungen mit der Aufnahme von Fl\u00fcchtlingen spottet jeder Humanit\u00e4t und den Menschenrechten. Dies ist die Fortsetzung der Anbiederung an den rechten Sumpf, die schon vor den Wahlen die Rassisten von der AfD stark gemacht hat.<\/p>\n<p>Die Union sollte vor Scham im Boden versinken &#8211; von christlicher Leitkultur schwafeln, aber das Recht auf Familienleben mit F\u00fc\u00dfen treten. Die geforderte weitere Aussetzung des Familiennachzugs zu subsidi\u00e4r Schutzberechtigten ist nicht nur menschenrechts- und verfassungswidrig, sondern auch unmenschlich und unchristlich.&#8220;<\/span><\/p>\n<p>Tja, oder wie es TITANIC zusammenfasst: <a href='http:\/\/www.titanic-magazin.de\/fileadmin\/content\/Postkarten\/171009_Unionskompromiss.jpg' class='azc_bbc_url'>Hurra, endlich muss man nicht mehr die AfD w\u00e4hlen<\/a> <img class='azc_bbc_image' src='https:\/\/www.rume.de\/smilies\/nasiehste.gif'  \/><\/p>\n<p>Und kleine Anmerkung von mir: Erinnert ihr euch noch, als DIE LINKE in den Bundestag ihren gr\u00f6ssten Erfolg feierte? Im Jahr 2009 mit rund 12 Prozent? Wie sich Union und SPD dann aufgrund des Wahlerfolges der LINKEN sofort drangesetzt haben und haufenweise soziale Gesetze durchsetzten? Weil der W\u00e4hler dies ja offensichtlich einfordert? Wie jetzt? Ihr erinnert euch nicht daran? Und ja, ihr habt recht. Das gab es nicht. Stattdessen sind CDU\/CSU\/SPD\/FDP\/GR\u00dcNE sogar gegen DIE LINKE zusammenger\u00fcckt, um weiterhin rechte Politik durchsetzen zu k\u00f6nnen.<\/p>\n<p>Aber jetzt, wenn die AfD mal 12 Prozent holt, <a href='http:\/\/www.wsws.org\/de\/articles\/2017\/10\/10\/unio-o10.html' class='azc_bbc_url'>atmen sie alle, die CDU, die CSU, die SPD, die FDP und die GR\u00dcNEN, erleichtert auf<\/a> und \u00fcbernehmen sofort deren Forderungen. Drum merke: Aus Protest rechts zu w\u00e4hlen, ist im Kapitalismus kein Protest, sondern das Eingest\u00e4ndnis von fehlender Intelligenz.<\/p>\n<p>&nbsp;<\/p>\n<p><a href='https:\/\/www.hss.de\/download\/publications\/PS_460_SPORT_07.pdf' class='azc_bbc_url'>CDU-Strategiepapier: Die AfD als Chance f\u00fcr die Union (PDF)<\/a><br \/>\nDie AfD ist f\u00fcr die Herrschenden genauso ein Problem, wie die NSDAP im Jahr 1930 &#8211; n\u00e4mlich \u00fcberhaupt nicht. Denn die AfD verhindert zuverl\u00e4ssig &#8222;Mehrheiten links der Union&#8220;, wie die CDU in ihrem eigenen Strategiepapier zufrieden analysiert. Und noch besser: Zudem kann sich die CDU trotz ihrer radikalen Politik als &#8222;gem\u00e4ssigt&#8220; pr\u00e4sentieren, weil nebenan die AfD-Schreih\u00e4lse ihre Parolen schmettern &#8211; sagen die Strategieexperten der CDU sogar h\u00f6chstpers\u00f6nlich <img class='azc_bbc_image' src='https:\/\/www.rume.de\/smilies\/nasiehste.gif'  \/><\/p>\n<p>&nbsp;<\/p>\n<p><a href='http:\/\/www.spiegel.de\/panorama\/leute\/nsu-terror-cdu-und-afd-in-thueringen-stimmen-gegen-gedenkstaette-a-1170621.html' class='azc_bbc_url'>CDU stimmt mit AfD gegen Entsch\u00e4digungsfonds und Gedenkst\u00e4tte f\u00fcr NSU-Opfer<\/a><br \/>\nSeht ihr: Die ersten gemeinsamen Zusammenarbeiten gibt es nat\u00fcrlich auch schon l\u00e4ngst.<\/p>\n<p>\u00dcbrigens: Die Berichte des Ausw\u00e4rtigen Amtes, das nach seinem Besuch <a href='https:\/\/netzpolitik.org\/2017\/auswaertiges-amt-bericht-zu-kz-aehnlichen-zustaenden-in-libyschen-lagern-bleibt-geheim' class='azc_bbc_url'>die libyschen Fl\u00fcchtlingslager als Konzentrationslager (!) bezeichnete<\/a>, werden von der Bundesregierung eilig unter Verschluss gestellt. Nat\u00fcrlich nicht aus Scham, dass man derartige KZ unterst\u00fctzt und deren Milizen bewaffnet und ausbildet. Nein, all das wurde sogar mit breiter Mehrheit von CDU, CSU und SPD genau so durchgesetzt. Unter Verschluss gesetzt wird der Bericht nat\u00fcrlich nur aus rein wirtschaftlichem Interesse. Zitat: <span class='azc_bbc_italic'>&#8222;Die Ver\u00f6ffentlichung eines Drahtberichts, der die Zust\u00e4nde in den Lagern beschreibt, k\u00f6nne die internationalen Beziehungen Deutschlands mit den libyschen Machthabern besch\u00e4digen.&#8220;<\/span><\/p>\n<p>Seht ihr: Menschenrechte stehen dem Profit n\u00e4mlich nur im Weg. Und ich bin keinesfalls \u00fcberrascht, dass CDU und SPD das auch so sehen.<\/p>\n<p>&nbsp;<\/p>\n<p><a href='https:\/\/www.rubikon.news\/artikel\/it-s-the-system-stupid' class='azc_bbc_url'>Es ist das Sytem, Dummkopf<\/a><br \/>\n<span class='azc_bbc_italic'>&#8222;Am 24. September durften wir also wieder zwei Kreuzchen machen. Und weil die AfD vor dem Einzug in den Bundestag stand, wurde dem potenziellen Nichtw\u00e4hler aller Orten wohlmeinend ins Gewissen geredet, wie wichtig es vor allem diesmal sei, jene Kreuzchen zu machen &#8211; nur nicht bei der AfD. Als sei menschenfeindliche Politik in unserem politisch-\u00f6konomischen System nicht institutionalisierter Alltag.<\/p>\n<p>Wissen wir nicht alle, dass wir als viertgr\u00f6\u00dfte Wirtschaftsnation und f\u00fcnftgr\u00f6\u00dfter Waffenexporteur der Welt jeden Tag f\u00fcr Ausbeutung, Hunger, Tod, Leid, Krieg und die Zerst\u00f6rung unserer Lebensgrundlagen mitverantwortlich sind? Nur weil all das Leid, all der Krieg und all die Zerst\u00f6rung fernab unserer sicheren Wahlkabine, hei\u00dft dies nicht, dass wir daf\u00fcr keine Verantwortung tragen. Wollen wir also wirklich etwas am Status Quo ver\u00e4ndern, dessen eigentliches Problem NICHT die AfD ist, sondern ein (auto-)destruktives Wirtschaftssystem?&#8220;<\/span> <a href='https:\/\/www.rubikon.news\/artikel\/it-s-the-system-stupid' class='azc_bbc_url'>Weiterlesen&#8230;<\/a><\/p>\n<p>&nbsp;<\/p>\n<p><a href='https:\/\/www.bundestag.de\/parlament\/praesidium\/parteienfinanzierung\/fundstellen50000\/2017' class='azc_bbc_url'>Parteispenden: Kapitalisten schmieren f\u00fcr Schwarz-Gr\u00fcn<\/a><br \/>\nFast eine halbe Million Euro gingen allein im September von schwerreichen Kapitalisten in die Taschen von CDU und GR\u00dcNE.<\/p>\n<p>Die beste Demokratie, die sich die Reichen kaufen k\u00f6nnen.<\/p>\n<p>&nbsp;<\/p>\n<p><a href='https:\/\/www.heise.de\/tp\/features\/Wie-Finanzindustrie-und-Politik-Katalonien-in-die-Knie-zwingen-3852508.html' class='azc_bbc_url'>Wie Finanzindustrie und Politik Katalonien in die Knie zwingen<\/a><br \/>\nTELEPOLIS kl\u00e4rt auf: <span class='azc_bbc_italic'>&#8222;Im Streit um die Unabh\u00e4ngigkeitsbestrebungen Kataloniens zeigte sich letzte Woche, wie Finanzindustrie und Politik zusammenarbeiten, um ihre Macht aufrecht zu erhalten und die eigenen Interessen auch unter Missachtung geltender Gesetze durchzusetzen.<\/p>\n<p>Am vergangenen Donnerstag verk\u00fcndete die EU-Kommission, dass ein unabh\u00e4ngiges Katalonien kein Mitglied der EU bleiben k\u00f6nne und sein Finanzsystem demzufolge von der Finanzierung durch die EZB abgeschnitten werde. Bei verschiedenen spanischen Banken und Gro\u00dfunternehmen, die ihren Hauptsitz in Katalonien haben, kam es umgehend zu Krisensitzungen. Sie sind zum \u00dcberleben auf EZB-Nullzinskredite angewiesen, diverse Konzerne brauchen die EZB als einen wichtigen Aufk\u00e4ufer ihrer Unternehmensanleihen.<\/p>\n<p>Die Chefs der Banken und Gro\u00dfunternehmen wandten sich daraufhin an Premier Rajoy und baten um Hilfe. Rajoy zeigte sich einmal mehr als treuer Gefolgsmann der Finanzelite und handelte umgehend: Bereits am Freitag verabschiedete seine Regierung ein Dekret, das es spanischen Unternehmen erlaubt, ihren offiziellen Firmensitz innerhalb von 24 Stunden in andere Landesteile zu verlegen. Au\u00dferdem entbindet es sie der gesetzlich verankerten Pflicht, vor einer derartigen Entscheidung das Einverst\u00e4ndnis ihrer Aktieninhaber einzuholen.<\/p>\n<p>Normalerweise dauern Gesetzgebungsverfahren auch in Spanien Jahre, doch die \u00d6ffentlichkeit hat sich dort wie anderswo an die Erkl\u00e4rung der Politik gew\u00f6hnt: Wenn es um &#8222;die Finanzm\u00e4rkte&#8220; und um &#8222;systemrelevante Institutionen&#8220; geht, wird ganz einfach der Notstand erkl\u00e4rt und geltendes Recht au\u00dfer Kraft gesetzt.&#8220;<\/span><\/p>\n<p>Wie schon weiter oben gesagt: Sch\u00f6nes System, oder? <img class='azc_bbc_image' src='https:\/\/www.rume.de\/smilies\/biggrin.gif'  \/><\/p>\n<p>&nbsp;<\/p>\n<p><a href='https:\/\/blog.fdik.org\/2017-10\/s1507428101' class='azc_bbc_url'>Die ARD fragt: Was ist eigentlich &#8222;Staatsfunk&#8220;?<\/a><br \/>\nHehe, da bleibt kein Auge trocken <img class='azc_bbc_image' src='https:\/\/www.rume.de\/smilies\/sarkasm.gif'  \/><\/p>\n<p>Dass auch gegen die Unabh\u00e4ngigkeit Kataloniens die \u00f6ffentlich-rechte Propagandamaschine angeworfen wird &#8211; genau so, wie man es sich aus der Sicht der Bundesregierung w\u00fcnscht &#8211; ist da nur ein aktuelles Beispiel f\u00fcr die v\u00f6llig korrekte Bezeichnung von ARD und ZDF als Staatsfunk. Denn Journalismus hingegen w\u00fcrde dem <a href='https:\/\/www.raulzelik.net\/baskenland-texte\/502-12-faqs-zu-katalonien-republik-und-unabhaengigkeit-blog-9-10-2017' class='azc_bbc_url'>&#8220;Warum&#8220;<\/a> auf den Grund gehen und mit diesen Erkenntnissen die Herrschenden konfrontieren. Stattdessen aber <a href='https:\/\/propagandaschau.wordpress.com\/2017\/10\/08\/zdf-stimmungsmache-gegen-die-katalanische-unabhaengigkeit' class='azc_bbc_url'>findet sich bei den &#8222;Nachrichten&#8220; von ARD und ZDF nur einseitige Propaganda<\/a> ganz im Sinne der Herrschenden. Also das exakte Gegenteil von Journalismus.<\/p>\n<p>UPDATE: <a href='https:\/\/blog.fdik.org\/2017-10\/s1507464954' class='azc_bbc_url'>Und hier noch ein weiteres tagesaktuelles Beispiel<\/a> <img class='azc_bbc_image' src='https:\/\/www.rume.de\/smilies\/nasiehste.gif'  \/><\/p>\n<p>&nbsp;<\/p>\n<p><a href='http:\/\/www.spiegel.de\/panorama\/justiz\/g20-polizei-findet-keine-beweise-fuer-hinterhalt-im-schanzenviertel-a-1171599.html' class='azc_bbc_url'>DIE LINKE deckt auf: Polizei hat keine Beweise f\u00fcr Hinterhalt im Schanzenviertel <\/a><br \/>\nNat\u00fcrlich hat sie keine Beweise. Genauso wie sie keine Beweise daf\u00fcr hat, dass die G20-Demonstranten mit Molotov-Cocktails und Gehwegplatten auf Polizisten warfen. Aber es gibt inzwischen tausend dokumentierte Gewalttaten der Polizei. Und die zigfache Aushebelung von Grundrechten. <span class='azc_bbc_italic'>&#8222;Neue Erkenntnisse sch\u00fcren Zweifel an der bisherigen Rechtfertigung der Polizei-Einsatzf\u00fchrer&#8220;<\/span>, schreibt das ehemalige Nachrichtenmagazin \u00fcber diesen (politisch gewollten) Skandal aber nur lapidar. Und wahrscheinlich ist das schon eine &#8222;sehr heftige Kritik&#8220; <img class='azc_bbc_image' src='https:\/\/www.rume.de\/smilies\/clown.gif'  \/> f\u00fcr einen staatstragenden Qualit\u00e4tsjournalisten.<\/p>\n<p>Nur gut, dass man diese Heinis nicht ben\u00f6tigt, um Eins und Eins zusammen zu z\u00e4hlen.<\/p>\n<p>&nbsp;<\/p>\n<p><a href='http:\/\/www.tagesschau.de\/inland\/g20-akkreditierungen-107.html' class='azc_bbc_url'>Entzug der Presse-Akkreditierungen beim G20-Gipfel: LKA vernichtet Beweise<\/a><br \/>\nWie so oft, wenn die sogenannten &#8222;Sicherheitsbeh\u00f6rden&#8220; in Bedr\u00e4ngnis geraten, werden eilig die grossen Aktenschredder angeworfen und s\u00e4mtliche &#8222;heiklen&#8220; Papiere reingeworfen. Konsequenzen? Nat\u00fcrlich keine.<\/p>\n<p>Ab wann nochmal genau spricht man von einem Unrechtsstaat?<\/p>\n<p>&nbsp;<\/p>\n<p><a href='http:\/\/www.kontextwochenzeitung.de\/schaubuehne\/340\/die-arroganz-der-macht-4629.html' class='azc_bbc_url'>Schwarzer Donnerstag: Die Arroganz der Macht<\/a><br \/>\nDas brutale Vorgehen der Polizei am Schwarzen Donnerstag, als tausende Demonstranten gegen Stuttgart 21 aus dem st\u00e4dtischen Schlossgarten ger\u00e4umt wurden, blieb weitgehend unges\u00fchnt. Auf eine Kennzeichnungspflicht f\u00fcr die Polizei wartet Baden-W\u00fcrttemberg bis heute. Daf\u00fcr setzen sich vergangenen Samstag rund 1500 Menschen ein, die der Opfer des 30. September 2010 gedachten.<\/p>\n<p>&nbsp;<\/p>\n<p><a href='https:\/\/www.taz.de\/!5452400' class='azc_bbc_url'>Amoklauf in M\u00fcnchen 2016: Es war ein Rechtsterrorist<\/a><br \/>\nF\u00fcr Politik und Journaille war die Sache schnell klar: Es war ein um sich ballernder Deutsch-Iraner, also ein Ausl\u00e4nder und deshalb braucht es sch\u00e4rfere Rassismusgesetze &#8211; fertig. Dass der Amokl\u00e4ufer nur Migranten erschoss, wurde gar nicht gross beachtet. Zudem hatte man den Deutsch-Iraner ja auch praktischerweise direkt erschossen. Das erspart die l\u00e4stige Befragung und man kann stattdessen genau das in die Zeitungen tr\u00f6ten, was man gerade f\u00fcr politisch w\u00fcnschenswert erachtet.<\/p>\n<p>Dass nun drei unterschiedliche Gutachter allesamt nachweisen, dass der Amokl\u00e4ufer ein Rassist war, beachtet heute ohnehin niemand mehr. Die Rassismusgesetze sind alle (wie gew\u00fcnscht) durch Bundestag und Bundesrat gegangen, die f\u00fcr den weiteren Rechtsruck erforderliche AfD sitzt (wie gew\u00fcnscht) neben CDU und SPD im Bundestag &#8211; und die politische Korruption wurde vom deutschen W\u00e4hler sogar mit breiter Mehrheit wiedergew\u00e4hlt. Was will man also mehr?<\/p>\n<p>&nbsp;<\/p>\n<p><a href='https:\/\/netzpolitik.org\/2017\/nichts-gefunden-auch-der-generalbundesanwalt-hat-nsa-affaere-beendet' class='azc_bbc_url'>Generalbundesanwalt hat NSA-Aff\u00e4re beendet<\/a><br \/>\nIch wiederhole: NOCH NIE hat die Justiz, und insbesondere die deutsche Justiz, die politisch gewollten Regierungsverbrechen eingebremst. Nicht in der DDR, nicht im Dritten Reich und nat\u00fcrlich auch nicht hier und heute.<\/p>\n<p>&nbsp;<\/p>\n<p><a href='http:\/\/internetz-zeitung.eu\/index.php\/4562-linkspartei-stimmt-im-osten-staatsschutz-schn%C3%BCffel-gesetz-zu' class='azc_bbc_url'>Abh\u00f6rzentrum Ost: DIE LINKE stimmt Aufbau einer neuen Stasi zu<\/a><br \/>\nUnd falls jemand denkt: <span class='azc_bbc_italic'>&#8222;War ja klar, dass die LINKE die Stasi wiederhaben will&#8220;<\/span>, dem sei nur gesagt: <a href='https:\/\/netzpolitik.org\/2015\/hamburger-senat-erklaert-das-neue-kompetenz-und-dienstleistungszentrum-zur-telekommunikationsueberwachung' class='azc_bbc_url'>Das Abh\u00f6rzentrum Westdeutschland gibt es schon seit Jahren<\/a>. Der Osten baut jetzt &#8222;nur&#8220; die West-Stasi nach.<\/p>\n<p>&nbsp;<\/p>\n<p><a href='https:\/\/netzpolitik.org\/2017\/schwarz-gruen-in-hessen-will-staatstrojaner-fuer-verfassungsschutz' class='azc_bbc_url'>Schwarz-Gr\u00fcn in Hessen will Staatstrojaner f\u00fcr &#8222;Verfassungsschutz&#8220;<\/a><br \/>\nDie GR\u00dcNEN in Baden-W\u00fcrttemberg stimmen den &#8222;Ausl\u00e4nder raus&#8220; Gesetzen von CDU\/CSU und SPD zu, die GR\u00dcNEN in Hessen r\u00fcsten den &#8222;Verfassungsschutz&#8220; weiter auf &#8211; viele Jahre zuvor hatte man schon Auslandskriege, Sozialabbau und Finanzcasino durchgesetzt. Sie sind wahrlich gut im System angekommen.<\/p>\n<p>Und kleiner Lacher am Rande (Zitat): <span class='azc_bbc_italic'>&#8222;Der Innenminister begr\u00fcndet die Ma\u00dfnahmen mit dem beliebten Argument, &#8222;Menschen bestm\u00f6glich vor Terror und Extremismus sch\u00fctzen zu wollen.&#8220;<\/span> Genau Kalle, denn wer, wenn nicht der &#8222;Verfassungsschutz&#8220;, hat uns bestm\u00f6glich vor dem NSU-Trio und Anis Amri besch\u00fctzt? <img class='azc_bbc_image' src='https:\/\/www.rume.de\/smilies\/sarkasm.gif'  \/><\/p>\n<p>Bonuslacher: <a href='https:\/\/blog.fefe.de\/?ts=a7225c84' class='azc_bbc_url'>Dieser Ausschnitt aus der BILD<\/a> <img class='azc_bbc_image' src='https:\/\/www.rume.de\/smilies\/biggrin.gif'  \/><\/p>\n<p>&nbsp;<\/p>\n<p><a href='http:\/\/www.pnn.de\/brandenburg-berlin\/1223756' class='azc_bbc_url'>Brandenburg: LKA unterst\u00fctzte Aufbau eines Neonazi-Versandhandels<\/a><br \/>\n<span class='azc_bbc_italic'>&#8222;Das Brandenburger Landeskriminalamt hat zur Jahrtausendwende einem Neonazi, einer bekannten Szenegr\u00f6\u00dfe aus dem Raum Potsdam, geholfen, einen rechten Szeneversand f\u00fcr Musik aufzubauen, um damit gute Gesch\u00e4fte zu machen. Das wurde am Freitag im NSU-Untersuchungsausschuss des Landtags deutlich. Aber offenbar ist es nur die Spitze des Eisbergs&#8220;<\/span>, berichtet die PNN. Und weiter: <span class='azc_bbc_italic'>&#8222;Der Ausschuss fand sogar in den Akten \u00dcberlegungen, Sch. als V-Mann f\u00fchren zu k\u00f6nnen. Oder zu Gespr\u00e4chen mit dem Verfassungsschutz &#8211; etwa mit dem F\u00fchrungsmann des V-Manns, der die Razzia durchgestochen hatte &#8211; \u00fcber eine Anwerbung. Und dann sogar zu einem abgeh\u00f6rten Telefonat zwischen Neonazis \u00fcber die Razzia, bei dem einer sagte, hoffentlich bekomme W. jetzt keinen \u00c4rger.&#8220;<\/span><\/p>\n<p>Seht ihr: Wenn es jemanden gibt, der uns vor Kriminellen besch\u00fctzt, dann doch wohl unsere &#8222;Sicherheitsbeh\u00f6rden&#8220; <img class='azc_bbc_image' src='https:\/\/www.rume.de\/smilies\/sarkasm.gif'  \/><\/p>\n<p>&nbsp;<\/p>\n<p><a href='http:\/\/blog.fefe.de\/?ts=a727f2d3' class='azc_bbc_url'>Friedensnobelpreis f\u00fcr Anti-Atomwaffen-Kampagne ICAN<\/a><br \/>\nAlso f\u00fcr genau die Friedensbewegung, die von unserer Bundesregierung immer wieder boykottiert wurde. Dementsprechend belustigend ist dann auch deren Gl\u00fcckwunsch <img class='azc_bbc_image' src='https:\/\/www.rume.de\/smilies\/sarkasm.gif'  \/><\/p>\n<p>&nbsp;<\/p>\n<p><a href='http:\/\/www.deutschlandfunkkultur.de\/nahe-ramstein-im-bau-groesstes-amerikanische-krankenhaus.1001.de.html?dram:article_id=397090' class='azc_bbc_url'>Rheinland-Pfalz: Neubau eines US-Milit\u00e4rkrankenhaus am Killerdrohnen-Schaltzentrum Ramstein<\/a><br \/>\nDer Deutschlandfunk berichtet: <span class='azc_bbc_italic'>&#8222;Fast unbemerkt von der \u00d6ffentlichkeit entsteht in der N\u00e4he der Air Base im rheinland-pf\u00e4lzischen Ramstein die gr\u00f6\u00dfte Milit\u00e4rklinik der Amerikaner au\u00dferhalb der USA. Neun Operationss\u00e4le, knapp 100 Betten, insgesamt \u00fcber 4.500 R\u00e4ume. Hier werden die besten Milit\u00e4r-Chirurgen und Trauma-Spezialisten arbeiten. Deutsche Patienten haben keinen Zutritt, aber die Bundesregierung zahlt dennoch mehrere Millionen Euro an Steuergeld f\u00fcr den Neubau.&#8220;<\/span><\/p>\n<p>Unn\u00f6tig zu erw\u00e4hnen, dass f\u00fcr die Ausstattung deutscher Kranken- und Pflegestationen nat\u00fcrlich kein Geld vorhanden ist. Obwohl heute fast eine halbe Million Menschen mehr in Kliniken betreut werden m\u00fcssen, <a href='https:\/\/www.jungewelt.de\/artikel\/319452.html' class='azc_bbc_url'>gibt es heute noch weniger Pflegekr\u00e4fte als im Jahr 1990<\/a>.<\/p>\n<p>&nbsp;<\/p>\n<p><a href='http:\/\/www.br.de\/nachrichten\/mittelfranken\/inhalt\/waffenfund-nach-kneipenstreit-in-nuernberg-100.html' class='azc_bbc_url'>SEK-Einsatz in N\u00fcrnberg: Waffenfund nach Kneipenstreit<\/a><br \/>\nMan stelle sich vor, ein Fl\u00fcchtling h\u00e4tte bei einem Streit eine Waffe gezogen und geschossen. Oder sogar ein Moslem. Die Qualit\u00e4tspresse w\u00fcrde sich \u00fcberschlagen vor lauter Terrorwarnungen.<\/p>\n<p>Zum Gl\u00fcck war es nur ein Deutscher. Die sind per se v\u00f6llig harmlos. Und deswegen ist diese Schiesserei mit SEK-Einsatz und Waffenfund bei der anschliessenden Hausdurchsuchung auch nur eine Meldung f\u00fcr die Regionalpresse &#8211; und nicht etwa die Topmeldung in der Tagesschau.<\/p>\n<p>Und zu guter Letzt:<\/p>\n<p><a href='https:\/\/dietagespresse.com\/alle-kandidaten-gleich-schlimm-putin-will-oesterreich-wahl-nicht-manipulieren' class='azc_bbc_url'>Putin will \u00d6sterreich-Wahl nicht manipulieren<\/a><br \/>\n<img class='azc_bbc_image' src='https:\/\/www.rume.de\/smilies\/laugh.gif'  \/> <img class='azc_bbc_image' src='https:\/\/www.rume.de\/smilies\/laugh.gif'  \/> <img class='azc_bbc_image' src='https:\/\/www.rume.de\/smilies\/laugh.gif'  \/><\/p>\n","protected":false},"excerpt":{"rendered":"<p>\/ Aus der Reihe: Ist der Kapitalismus nicht toll? \/ Air Berlin stellt Betrieb Ende Oktober ein \/ Korruption: Airbus-Chef Enders bereitete Belegschaft auf empfindliche Strafen vor \/ Bundesregierung kann sich bei Airbus Skandal nicht wegducken \/ AfD geht gegen Sozialverein Tacheles vor \/ Hinterlassenschaft von sieben Jahren Rot-Gr\u00fcn: Anstieg der Armut in NRW \/ &hellip; <a href=\"https:\/\/www.rume.de\/?p=388\" class=\"more-link\"><span class=\"screen-reader-text\">\u201eAufgelesen und kommentiert 2017-10-10\u201c <\/span>weiterlesen<\/a><\/p>\n","protected":false},"author":1,"featured_media":0,"comment_status":"open","ping_status":"closed","sticky":false,"template":"","format":"standard","meta":{"footnotes":""},"categories":[2],"tags":[],"class_list":["post-388","post","type-post","status-publish","format-standard","hentry","category-aufgelesen"],"_links":{"self":[{"href":"https:\/\/www.rume.de\/index.php?rest_route=\/wp\/v2\/posts\/388","targetHints":{"allow":["GET"]}}],"collection":[{"href":"https:\/\/www.rume.de\/index.php?rest_route=\/wp\/v2\/posts"}],"about":[{"href":"https:\/\/www.rume.de\/index.php?rest_route=\/wp\/v2\/types\/post"}],"author":[{"embeddable":true,"href":"https:\/\/www.rume.de\/index.php?rest_route=\/wp\/v2\/users\/1"}],"replies":[{"embeddable":true,"href":"https:\/\/www.rume.de\/index.php?rest_route=%2Fwp%2Fv2%2Fcomments&post=388"}],"version-history":[{"count":2,"href":"https:\/\/www.rume.de\/index.php?rest_route=\/wp\/v2\/posts\/388\/revisions"}],"predecessor-version":[{"id":392,"href":"https:\/\/www.rume.de\/index.php?rest_route=\/wp\/v2\/posts\/388\/revisions\/392"}],"wp:attachment":[{"href":"https:\/\/www.rume.de\/index.php?rest_route=%2Fwp%2Fv2%2Fmedia&parent=388"}],"wp:term":[{"taxonomy":"category","embeddable":true,"href":"https:\/\/www.rume.de\/index.php?rest_route=%2Fwp%2Fv2%2Fcategories&post=388"},{"taxonomy":"post_tag","embeddable":true,"href":"https:\/\/www.rume.de\/index.php?rest_route=%2Fwp%2Fv2%2Ftags&post=388"}],"curies":[{"name":"wp","href":"https:\/\/api.w.org\/{rel}","templated":true}]}}