{"id":339,"date":"2017-08-30T22:11:50","date_gmt":"2017-08-30T20:11:50","guid":{"rendered":"http:\/\/rume.katti.eu\/?p=339"},"modified":"2017-08-30T22:11:50","modified_gmt":"2017-08-30T20:11:50","slug":"aufgelesen-und-kommentiert-2017-08-30","status":"publish","type":"post","link":"https:\/\/www.rume.de\/?p=339","title":{"rendered":"Aufgelesen und kommentiert 2017-08-30"},"content":{"rendered":"<p>\/ Niedriglohnsektor: Deutschland, deine Sklaven<br \/>\n\/ Bundesregierung hat bei der Armutsbek\u00e4mpfung kl\u00e4glich versagt<br \/>\n\/ Trotz Rekord\u00fcbersch\u00fcssen leben immer mehr Menschen in Armut<br \/>\n\/ Trotz drohender A1-Pleite: CDU\/CSU und SPD wollen Privatisierungsmodell zu retten<br \/>\n\/ Polizei speichert offenbar zehntausende Unschuldige<br \/>\n\/ \u00dcberwachung: Freiheit abgeschafft, Erfolge kaum nachweisbar<br \/>\n\/ Linksunten-Verbot: &#8222;So nicht!&#8220;, rufen Juristen, Journalisten und auch die Polizei<br \/>\n\/ linksunten.indymedia: Wer Gewalt bef\u00fcrwortet und wer sie tagt\u00e4glich praktiziert<br \/>\n\/ Fl\u00fcchtlinge: Das Elend wird in die W\u00fcste verlagert<br \/>\n\/ Reaktionen auf den Fl\u00fcchtlingsgipfel<br \/>\n\/ Die Menschen werden so oder so kommen &#8211; weil ihnen keine Wahl bleibt<br \/>\n\/ Afghanistan: Da sollte Deutschland nicht mitmachen<br \/>\n\/ Rechtsruck in Deutschland: Brauchen wir Naziroboter?<br \/>\n\/ Die Mitl\u00e4uferschuld<br \/>\n\/ Waffenfund<\/p>\n<p>&#8212;<\/p>\n<p><!--more--><\/p>\n<p><a href='http:\/\/www.deutschlandfunkkultur.de\/niedriglohnsektor-deutschland-deine-sklaven.1005.de.html?dram:article_id=394443' class='azc_bbc_url'>Niedriglohnsektor: Deutschland, deine Sklaven<\/a><br \/>\nPaketdiensten, Baugewerbe, Geb\u00e4udereinigung, Pflege, Gastronomie, Handwerk &#8211; der Deutschlandfunk mit einer Reportage aus dem kapitalistischen Deutschland. Ein System, welches doch viel zu sch\u00f6n ist, um es \u00fcberwinden zu wollen <img class='azc_bbc_image' src='https:\/\/www.rume.de\/smilies\/sarkasm.gif'  \/><\/p>\n<p>&nbsp;<\/p>\n<p><a href='https:\/\/www.die-linke.de\/start\/presse\/detail\/bundesregierung-und-andrea-nahles-haben-bei-der-armutsbekaempfung-klaeglich-versagt' class='azc_bbc_url'>Bundesregierung hat bei der Armutsbek\u00e4mpfung kl\u00e4glich versagt<\/a><br \/>\nUnd nichts k\u00f6nnte besser zeigen, was die kapitalistische Verwaltungsarbeit von CDU\/CSU\/SPD\/FDP\/GR\u00dcNE in den vergangenen Jahren angerichtet hat, als <a href='https:\/\/aktuelle-sozialpolitik.blogspot.de\/2017\/08\/armutsgefaehrdungsquoten-und-bedenkliche-entwicklungen.html' class='azc_bbc_url'>diese Grafik<\/a>:<\/p>\n<img class='azc_bbc_image' src='http:\/\/www.corsafan.de\/bilder\/armutsentwicklung2016nachalter.jpg'  \/>\n<p>Einzige Frage ist nur: Ist es wirklich Versagen? Denn Versagen bedeutet ja, dass man es besser machen wollte. Zum Versagen geh\u00f6rt der gute Wille.<\/p>\n<p>Ich kann mich an keine einzige (!) zentrale Reform der vergangenen 20 Jahre erinnern, mit der etwas f\u00fcr die Normalbev\u00f6lkerung verbessert (!) werden sollte. Rentenreform? Steuerreform? Sozialreform? Finanzmarktreform? Gesundheitsreform? Privatisierungen? Nennt mir eine, nur eine einzige (!!) zentrale Gesetzesreform von CDU\/CSU\/SPD\/FDP\/GR\u00dcNE, die eine Verbesserung f\u00fcr den P\u00f6bel brachte.<\/p>\n<p>Und als Bonusfrage: Warum rennt ihr trotzdem diesen Parteien hinterher? Liegt das an eurer bildungspolitische Intelligenz? <img class='azc_bbc_image' src='https:\/\/www.rume.de\/smilies\/biggrin.gif'  \/><\/p>\n<p>&nbsp;<\/p>\n<p><a href='https:\/\/www.jungewelt.de\/artikel\/317242.html' class='azc_bbc_url'>Trotz Rekord\u00fcbersch\u00fcssen leben immer mehr Menschen in Armut<\/a><br \/>\nAuch hier die Frage: Leben die Menschen wirklich TROTZ der Rekord\u00fcbersch\u00fcsse in Armut, oder genau DESWEGEN? Wie wir ja gelernt haben, ist Geld niemals weg, sondern es hat nur jemand anderes. Und wenn immer mehr Menschen (politisch gewollt) in die Armut abrutschen, entstehen dann nicht genau die Rekord\u00fcbersch\u00fcsse zugunsten der Superreichen?<\/p>\n<p>&nbsp;<\/p>\n<p><a href='https:\/\/www.jungewelt.de\/artikel\/317281.html' class='azc_bbc_url'>Trotz drohender A1-Pleite: CDU\/CSU und SPD wollen Privatisierungsmodell zu retten<\/a><br \/>\n<span class='azc_bbc_italic'>&#8222;Es geht um nichts weniger als die Frage: Was wird aus dem von Politik, Finanz- und Versicherungswirtschaft hochgejubelten Modell der \u00f6ffentlich-privaten Partnerschaften (\u00d6PP), wenn ausgerechnet das Vorzeigeprojekt Hansalinie den Bach runtergeht und der Staat f\u00fcr den Schaden aufkommen muss?&#8220;<\/span><\/p>\n<p>Och, was soll daraus schon werden? Der bildungspolitisch intelligente Deutsche wird in vier Wochen seine schwarzrotgelbgr\u00fcnen Privatisierungsparteien ankreuzen und dann &#8222;weiter so&#8220;. Allein das &#8222;Stillhalteabkommen&#8220; von knapp einer halben Milliarde Euro, welches <a href='https:\/\/www.rubikon.news\/artikel\/a1-mobil-macht-mobil' class='azc_bbc_url'>gaaaanz zuf\u00e4llig bis nach der Bundestagswahl<\/a> abgeschlossen wurde, zeigt das doch schon deutlich, wie viel Intelligenz die Bundesregierung den W\u00e4hlern zugesteht. <span class='azc_bbc_italic'>&#8222;Das merken die gar nicht und w\u00e4hlen uns trotzdem&#8220;<\/span>, so ein Ministeriumssprecher.<\/p>\n<p>Und Recht hat er.<\/p>\n<span class='azc_bbc_italic'>&#8222;Zur Erinnerung: Im Juni hatten CDU\/CSU und SPD die Errichtung einer \u00bbAutobahn-GmbH\u00ab in Bundeshoheit geschaffen. Deren Aufgabe wird es ab 2021 sein, Planung, Bau und Betrieb der deutschen Fernstra\u00dfen zentral zu koordinieren und sich dabei ausdr\u00fccklich der Dienste privater Investoren zu bedienen. \u00c4hnliches ist auch f\u00fcr die Schulen geplant, lie\u00dfe sich aber praktisch auf alle Einrichtungen in \u00f6ffentlicher Tr\u00e4gerschaft erweitern: Kinderg\u00e4rten, Rath\u00e4user, Finanz\u00e4mter, Bibliotheken. Der entscheidende Hebel, mit dem diese Quasiprivatisierung des Gemeinwesens unter Umgehung der Schuldenbremse vollzogen werden soll, sind \u00d6PP, die daf\u00fcr mit Verfassungsrang ausgestattet wurden.&#8220;<\/span>\n<p>Und siehe da: CDU\/CSU und SPD planen auch gerade <a href='http:\/\/www.spiegel.de\/wirtschaft\/unternehmen\/alexander-dobrindt-erwaegt-oepp-modelle-fuer-wasserstrassen-a-1165082.html' class='azc_bbc_url'>eine milliardenschwere Privatisierung von Wasserstrassen<\/a>. So viel zum Wahlkampfget\u00f6se von Martin Schulz, der \u00fcberall herumtrompetet: <span class='azc_bbc_italic'>&#8222;Mit mir wird es keine Privatisierung geben.&#8220;<\/span> <img class='azc_bbc_image' src='https:\/\/www.rume.de\/smilies\/laugh.gif'  \/> <img class='azc_bbc_image' src='https:\/\/www.rume.de\/smilies\/laugh.gif'  \/><\/p>\n<p>Aber wer will es der SPD ver\u00fcbeln, wenn reines Wahlkampfget\u00f6se f\u00fcr weiterhin fette Politikergeh\u00e4lter reicht?<\/p>\n<p>&nbsp;<\/p>\n<p><a href='https:\/\/netzpolitik.org\/2017\/datenskandal-bei-der-polizei-offenbar-zehntausende-ungerechtfertigt-gespeichert' class='azc_bbc_url'>Polizei speichert offenbar zehntausende Unschuldige<\/a><br \/>\n<span class='azc_bbc_italic'>&#8222;Durch die Recherchen rund um die G20-Presseakkreditierungen kommt heraus, dass offenbar zehntausende Menschen in Deutschland ungerechtfertigt in polizeilichen Datenbanken gespeichert werden. Es geht l\u00e4ngst nicht mehr nur um ein paar Journalisten&#8220;<\/span>, berichtet Netzpolitik.org.<\/p>\n<p>Ihr fragt, welche Verbrechen man begehen muss, um von der Polizei erfasst zu werden. Das ist ganz einfach (Zitat): <span class='azc_bbc_italic'>&#8222;Der Berliner Fotograf Florian Boillot geriet in die Dateien &#8222;Gewaltt\u00e4ter Links&#8220; und &#8222;politische motivierte Kriminalit\u00e4t&#8220;, weil er bei seiner Arbeit von einer Polizistin geschubst wurde &#8211; und ihr eine Beschwerde beim Einsatzleiter ank\u00fcndigte. Der Fotograf Bj\u00f6rn Kietzmann ist gelistet, weil er als Fotograf in der N\u00e4he eines B\u00f6llers stand und dann von der Polizei f\u00e4lschlicherweise beschuldigt wurde. Und auch der Online-Journalist Alfred Denzinger ist in der Datenbank. Ihn hatte ein Rechtsradikaler wegen Beleidigung angezeigt. Dieser lie\u00df die Anzeige sp\u00e4ter fallen &#8211; in der Datenbank des BKA blieb der Eintrag dennoch bestehen.<\/p>\n<p>Wir reden hier von Journalisten, denen so etwas passiert. Sie sind die Spitze des Eisberges. Es ist davon auszugehen, dass zehntausende weitere Personen in Deutschland wegen Fehlern, nichtiger Gr\u00fcnde, ohne jede Verurteilung durch ein Gericht oder wegen mangelnder L\u00f6schpraxis mit veralteten Eintr\u00e4gen in polizeilichen Datenbanken gef\u00fchrt werden. Die meisten von ihnen d\u00fcrften nicht einmal davon wissen, da es keine Unterrichtungspflicht gibt, wenn jemand in so eine Datenbank hineinger\u00e4t.&#8220;<\/span> <a href='https:\/\/netzpolitik.org\/2017\/datenskandal-bei-der-polizei-offenbar-zehntausende-ungerechtfertigt-gespeichert' class='azc_bbc_url'>Weiterlesen&#8230;<\/a><\/p>\n<p>Ab wann nochmal genau spricht man von einem Unrechtsstaat?<\/p>\n<p>&nbsp;<\/p>\n<p><a href='https:\/\/www.kontextwochenzeitung.de\/politik\/335\/hansel-und-gretel-im-visier-4563.html' class='azc_bbc_url'>\u00dcberwachung: Freiheit abgeschafft, Erfolge kaum nachweisbar<\/a><br \/>\n<span class='azc_bbc_italic'>&#8222;Schon im Herbst 2001, als Baden-W\u00fcrttembergs Innenminister Thomas Sch\u00e4uble (CDU) unter dem Eindruck von 9\/11 seine Forderung nach einer Rasterfahndung im Land durchgesetzt hatte, blieben viele Fragen offen. 100 bis 200 Muslime stufte er als Schl\u00e4fer und gewaltbereit ein. Gerastert wurde auch an Unis, auf der Suche nach ledigen Technikstudenten im Reisefieber und ohne Geldsorgen, zum Beispiel.<\/p>\n<p>Das Verfahren war erprobt seit den 1970ern, als die &#8222;Rote Armee Fraktion&#8220; ihre Blutspur durch die Republik zu ziehen begann. Ein Ziel damals war, Mietwohnungen mit un\u00fcblichem Strom- und Wasserverbrauch und bei den Versorgern in bar bezahlten Rechnungen herauszufiltern. Spektakul\u00e4re Ergebnisse blieben aus. Ein leeres Apartment wurde als RAF-Quartier enttarnt, in einem anderen ein Unterst\u00fctzer verhaftet. Vor allem aber zeichnete sich bereits vor 40 Jahren ab, dass der Aufwand zur Datenerfassung und -\u00fcberpr\u00fcfung h\u00f6her und h\u00f6her wuchs.<\/p>\n<p>Auch als Thomas Sch\u00e4uble im Juli 2002 seine erste Zwischenbilanz pr\u00e4sentierte, war von Schl\u00e4fern keine Spur. &#8222;Insgesamt ist bei der gro\u00dfangelegten Rasterfahndung infolge des 11. September 2001 nicht allzu viel herausgekommen&#8220;, r\u00e4umt er im Winter 2004 ein.<\/p>\n<p>Der einfachste Weg f\u00fcr alle Hardliner in Bund und Land w\u00e4re ein Telefonat mit Scotland Yard. Seit den 1990er Jahren wurden in Gro\u00dfbritannien Kameras installiert. Inzwischen h\u00e4ngen mehr als vier Millionen landesweit, rein rechnerisch eine f\u00fcr etwa 15 B\u00fcrgerInnen. Rund 500 000 sind es alleine in London. Wer einen Tag durch die Stadt spaziert, wird etwa 300 Mal aufgenommen. Dennoch mussten die zust\u00e4ndigen Beh\u00f6rden einr\u00e4umen, dass die Aufkl\u00e4rungsquote von Diebst\u00e4hlen im \u00f6ffentlichen Raum bei drei Prozent liegt. Und dass, wenn \u00fcberhaupt, Straftaten zwar rekonstruiert werden k\u00f6nnen, um im Falle einer Anklage vor Gericht zu bestehen, die Pr\u00e4vention aber nicht zu belegen ist.&#8220;<\/span> <a href='https:\/\/www.kontextwochenzeitung.de\/politik\/335\/hansel-und-gretel-im-visier-4563.html' class='azc_bbc_url'>Weiterlesen&#8230;<\/a><\/p>\n<p>&nbsp;<\/p>\n<p><a href='https:\/\/www.kontextwochenzeitung.de\/medien\/335\/muskelspiel-4567.html' class='azc_bbc_url'>Linksunten-Verbot: &#8222;So nicht!&#8220;, rufen Juristen, Journalisten und auch die Polizei<\/a><br \/>\nSehr gute Zusammenfassung. Und immerhin wurde <a href='https:\/\/www.lto.de\/recht\/nachrichten\/n\/verbot-linksunten-indymedia-klagen-vg-freiburg-bverwg-durchsuchungen-de-maiziere-vereinscharakter' class='azc_bbc_url'>nun Klage gegen das Verbot eingereicht<\/a>. Das Urteil erfolgt aber nat\u00fcrlich erst weit nach der Bundestagswahl.<\/p>\n<p>&nbsp;<\/p>\n<p><a href='https:\/\/www.rubikon.news\/artikel\/linksunten-indymedia-kehrt-bald-zuruck' class='azc_bbc_url'>linksunten.indymedia: Wer Gewalt bef\u00fcrwortet und wer sie tagt\u00e4glich praktiziert<\/a><br \/>\nRUBIKON kommentiert: <span class='azc_bbc_italic'>&#8222;Der Bundesinnenminister Thomas de Maiziere (CDU) will keine Plattformen der Gewalt und des Hasses dulden. Das ist an Hohn und Irrsinn schwer zu \u00fcberbieten. Denn kaum hat er diese S\u00e4tze ausgesprochen, l\u00e4\u00dft er seine Untertanen wissen, dass man durchaus mit Diktaturen und despotischen Regimen zusammenarbeiten kann, wenn man gemeinsame Ziele teilt. So will er die Zusammenarbeit mit der t\u00fcrkischen Regierung bei der &#8222;gemeinsamen Terrorbek\u00e4mpfung&#8220; ganz und gar nicht beenden, was nichts anderes bedeutet, als den innerstaatlichen Terrorismus &#8222;in Kauf zu nehmen&#8220;, was im politischen Sinne einer Unterst\u00fctzungsleistung gleichkommt.<\/p>\n<p>Wenn also der Verdacht &#8222;Aufruf zur Gewalt&#8220; und\/oder deren Billigung zu einem Vereinsverbot und zur Schlie\u00dfung eines Medienportals reichen, stellt sich, wenn der Gleichheitsgrundsatz noch Geltung hat, die Frage: Welche Ma\u00dfnahmen sind geboten und notwendig, um jene zu sanktionieren, die Zehntausende, Hunderttausende Verhungernde, Fl\u00fcchtende, Ertrunkene und Ermordete mit zu verantworten haben?&#8220;<\/span> <a href='https:\/\/www.rubikon.news\/artikel\/linksunten-indymedia-kehrt-bald-zuruck' class='azc_bbc_url'>Weiterlesen&#8230;<\/a><\/p>\n<p>Dazu passt auch:<\/p>\n<p><a href='http:\/\/www.tagesschau.de\/kommentar\/fluechtlingsgipfel-167.html' class='azc_bbc_url'>Fl\u00fcchtlinge: Das Elend wird in die W\u00fcste verlagert<\/a><br \/>\n<span class='azc_bbc_italic'>&#8222;Die deutsche Fl\u00fcchtlingspolitik ist eine Schande. Und ich gebe zu: Ich sch\u00e4me mich! Ich sch\u00e4me mich f\u00fcr diese Fl\u00fcchtlingspolitik, die da in Paris verhandelt wurde. Eine Politik, die von der deutschen Bundeskanzlerin wesentlich mitbestimmt wird &#8211; und die eine einzige Schande ist &#8211; f\u00fcr dieses Land und f\u00fcr diesen Kontinent.<\/p>\n<p>Es ist eine Schande, dass auch die Bundesregierung es offensichtlich billigt, dass libysche Milizen Fl\u00fcchtlinge in Lager verfrachten, wo sie weiterhin misshandelt, gefoltert und vergewaltigt werden. Der Vorschlag, diese Lager unter die Obhut der UN zu stellen ist ein schlechter Witz, in einem Land das vom B\u00fcrgerkrieg zerrissen ist und nicht mal eine richtige Regierung hat.<\/p>\n<p>Es ist eine Schande, dass Deutschland und Frankreich jetzt Waffen liefern wollen, ausgerechnet an afrikanische Diktaturen wie den Tschad, dessen Armee schwerste Menschenrechtsverletzungen vorgeworfen werden. Und ja, es ist eine Schande, dass Europa seine Au\u00dfengrenze jetzt mitten durch Afrika ziehen will. Ein Bollwerk gegen Fl\u00fcchtlinge, bewacht von Regimen, die mit europ\u00e4ischen Grundwerten wenig bis gar nichts zu tun haben.<\/p>\n<p>Nein, mit dieser Politik wird das Fl\u00fcchtlingselend nicht bek\u00e4mpft. Es wird nur verlagert. Dorthin, wo keine Kameras mehr hinschauen: in die W\u00fcste Afrikas, wo mittlerweile mehr Menschen sterben als im Mittelmeer. Dieser Bundesregierung, dieser Kanzlerin, geht es einzig darum, die Fl\u00fcchtlingszahlen nach unten zu treiben. Koste es, was es wolle. Und sei es der Verzicht auf unsere grundlegenden Werte: das V\u00f6lkerrecht, die Menschenrechte, die Humanit\u00e4t.&#8220;<\/span><\/p>\n<p>Deutliche Worte in der, man h\u00f6re und staune, ARD!<\/p>\n<p>Und dazu die Quizfrage: Was genau unterscheidet CDU\/CSU und SPD von der AfD?<\/p>\n<p>Und falls nun einer emp\u00f6rt ist: <a href='http:\/\/www.german-foreign-policy.com\/de\/fulltext\/59662' class='azc_bbc_url'>Genau diese Abschottungspl\u00e4ne stammen von der SPD!<\/a> Und nicht etwa von der NPD.<\/p>\n<p>&nbsp;<\/p>\n<p><a href='http:\/\/www.taz.de\/!5443707' class='azc_bbc_url'>Reaktionen auf den Fl\u00fcchtlingsgipfel<\/a><br \/>\n<span class='azc_bbc_italic'>&#8222;Merkel kooperiert mit Verbrechern. Das muss man so klar formulieren. In Haftlagern unter menschenunw\u00fcrdigen Bedingungen kann es keine fairen Asylverfahren geben, in der Menschen ihre individuellen Fluchtgr\u00fcnde offenbaren&#8220;<\/span>, sagte Pro-Asyl-Gesch\u00e4ftsf\u00fchrer G\u00fcnter Burkhardt mit Blick auf die Zust\u00e4nde in Libyen. Das Ausw\u00e4rtige Amt habe selbst von Folter, Vergewaltigungen und Hinrichtungen dort gesprochen. <span class='azc_bbc_italic'>&#8222;Von &#8222;Schutzzonen&#8220; kann keine Rede sein.&#8220;<\/span><\/p>\n<p>&nbsp;<\/p>\n<p><a href='http:\/\/www.sueddeutsche.de\/politik\/fluechtlinge-migration-ist-menschenschicksal-1.3643290' class='azc_bbc_url'>Die Menschen werden so oder so kommen &#8211; weil ihnen keine Wahl bleibt<\/a><br \/>\nDie S\u00fcddeutsche kommentiert: <span class='azc_bbc_italic'>&#8222;Alle konsumieren und konsumieren, obwohl inzwischen jeder, der es wissen will, auch wissen kann, dass das auf Kosten anderer geschieht. Die westliche Wirtschaftsweise und der Lebensstil schaffen Fluchtursachen, Rohstoffe werden nicht fair bezahlt, die Menschen hier lassen andere zu Hungerl\u00f6hnen arbeiten. Das ist allgemein bekannt, aber ohne Folgen. Weil zum Beispiel die Europ\u00e4er sich der Illusion hingeben m\u00fcssen, nur aufgrund sagenhaften Flei\u00dfes reich zu sein. Alles andere ist psychologisch schwer auszuhalten.<\/p>\n<p>Dabei profitieren sie von einem System unfairer Gesch\u00e4ftsbedingungen zwischen Nord und S\u00fcd sowie einseitigen Handelsstr\u00f6men, die seit Jahrhunderten in denselben Bahnen flie\u00dfen. Sie lassen sich nicht so leicht umleiten. Das P\u00e4ckchen Guatemala-Kaffee aus dem Biomarkt \u00e4ndert daran nichts, im Gegenteil, es dient nur der Gewissensberuhigung.<\/p>\n<p>Niemand kann in einem eng vertakteten abendl\u00e4ndischen Leben so leicht vom Handy Abschied nehmen, weil b\u00f6ses Coltan drin ist, das arme Kongolesen aus dem Boden kratzen. Man wei\u00df das und wischt das Wissen weg. Die Produktionsweisen und marktwirtschaftlichen Gesetze, von denen man abh\u00e4ngt, machen es schier unm\u00f6glich, einen Systemwechsel hin zu mehr Fairness auch nur zu denken.<\/p>\n<p>Vielleicht w\u00fcrde es ja schon helfen, sich diese Zusammenh\u00e4nge wenigstens bewusst zu machen, anstatt dem Glauben zu verfallen, die Fl\u00fcchtenden w\u00fcrden wegbleiben, wenn man libysche Warlords daf\u00fcr bezahlt, sie einzuhegen. Die, die dort festgehalten werden sollen, werden ihren Weg so oder so finden, weil die Not ihnen keine Wahl l\u00e4sst. Sie kommen, um ihre Teilhabe an etwas einzufordern, das ihnen genau genommen auch zusteht.&#8220;<\/span><\/p>\n<p>&nbsp;<\/p>\n<p><a href='http:\/\/www.zeit.de\/politik\/ausland\/2017-08\/afghanistan-donald-trump-militaereinsatz-soldaten' class='azc_bbc_url'>Afghanistan: Da sollte Deutschland nicht mitmachen<\/a><br \/>\n<span class='azc_bbc_italic'>&#8222;Wie sollen 4.000 Mann mehr das schaffen, was die 100.000 Mann nicht vollbracht haben, die vor f\u00fcnf Jahren in Afghanistan standen? Weshalb sollte jetzt die Stabilisierung Afghanistans gelingen, die seit 2001 nicht funktioniert hat&#8220;<\/span>, fragt sich DIE ZEIT.<\/p>\n<p>Klarer Fall also: Raus aus Afghanistan! Jetzt! Und genau das sagt auch DIE LINKE schon seit ihrer Gr\u00fcndung. DIE ZEIT braucht daf\u00fcr 16 Jahre l\u00e4nger, bis sie die Realit\u00e4ten erkennt. Naja, Qualit\u00e4tsjournalisten eben. <a href='https:\/\/www.rubikon.news\/artikel\/am-hindukusch-wird-die-ard-verteidigt' class='azc_bbc_url'>Und unsere \u00d6ffentlich-Rechten berichten NOCH mieser<\/a>.<\/p>\n<p>&nbsp;<\/p>\n<p><a href='http:\/\/www.spiegel.de\/kultur\/gesellschaft\/umgang-mit-rechter-gewalt-brauchen-wir-naziroboter-kolumne-a-1165122.html' class='azc_bbc_url'>Rechtsruck in Deutschland: Brauchen wir Naziroboter?<\/a><br \/>\n&#8211; Zwei Flaschen geworfen? Das Urteil lautet Knast f\u00fcr Zwei Jahre und sieben Monate. Ohne Bew\u00e4hrung. War ja schliesslich ein Linker.<\/p>\n<p>&#8211; Todesliste und Anschlagspl\u00e4ne? Hausdurchsuchung, Waffenfund, KEINE Festnahme. War ja schliesslich ein Polizist, der &#8222;nur Linke&#8220; ermorden wollte.<\/p>\n<span class='azc_bbc_italic'>&#8222;Im ZDF-Morgenmagazin plaudert AfD-Spitzenkandidatin Alice Weidel \u00fcber die Aussage ihres Parteikollegen Gauland, man solle die Integrationsbeauftragte der Bundesregierung, Aydan \u00d6zoguz, gern <a href='http:\/\/www.zeit.de\/gesellschaft\/zeitgeschehen\/2017-08\/volksverhetzung-alexander-gauland-thomas-fischer-strafanzeige\/komplettansicht' class='azc_bbc_url'>&#8220;in Anatolien entsorgen&#8220;<\/a>. Da findet Weidel die Wortwahl zwar &#8222;Geschmackssache&#8220;, w\u00fcrde die Aussage aber trotzdem so unterschreiben &#8211; und l\u00e4chelt dabei, als w\u00e4re es irgendeine Art von Fortschritt, dass man heute zu zauberhaften Sendezeiten im \u00f6ffentlich-rechtlichen Fernsehen dr\u00fcber sinnieren kann, ob man Leute, deren Meinungen einem nicht passen, sch\u00f6n weit weg verschwinden lassen kann, und ob es wohl guter Geschmack ist, dabei direkt das Vokabular der Nationalsozialisten zu \u00fcbernehmen, wenn diese \u00fcber &#8222;lebensunwertes Leben&#8220; sprachen. Guten Morgen, was zur H\u00f6lle ist passiert, dass das okay wurde?&#8220;<\/span>\n<p>Dazu passt auch:<\/p>\n<p><a href='https:\/\/www.rubikon.news\/artikel\/die-mitlauferschuld' class='azc_bbc_url'>Die Mitl\u00e4uferschuld<\/a><br \/>\nMein Vater litt die letzten 60 Jahre seines Lebens unter Alptr\u00e4umen, bis er im hohen Alter von 95 Jahren starb. Die Gespenster des Krieges verfolgten ihn jede Nacht in seine Tr\u00e4ume. Meine Mutter war weit weg vom Krieg in Bayern aufgewachsen. Aber nicht weit entfernt von einem Konzentrationslager. Sie wurde bis zu ihrem Tod von den Schatten der dort ver\u00fcbten Gr\u00e4ueltaten verfolgt. Aber beide hatten keinen aktiven Widerstand geleistet, ja sie hatten das System gest\u00fctzt und waren \u00fcberzeugt, das jeweils Richtige zu tun.<\/p>\n<p>Mein Vater erz\u00e4hlte mir, wie Russen durch die Propaganda der Nazis systematisch und anhaltend d\u00e4monisiert wurden, wie sie entmenschlicht wurden. Ihnen wurden alle Gr\u00e4ueltaten zugeschrieben, die sich ein menschliches Hirn ausdenken konnte. Er erz\u00e4hlte mir auch, wie man sich damals nicht davon befreien konnte, weil es keine alternativen Informationsm\u00f6glichkeiten gab. Und wenn man etwas anderes von einem Kommunisten oder Gegner des Systems h\u00f6rte, wollte man ihm einfach nicht glauben.<\/p>\n<p>Als ich versuchte zu verstehen, was meine Eltern taten, als Hitler die Macht ergriffen hatte, fragte ich meine Mutter, ob sie denn nicht gewusst habe, was damals in den Konzentrationslagern geschah. Sie antwortete: <span class='azc_bbc_italic'>&#8222;Wir ahnten, dass etwas Schreckliches passierte. Immer wenn einer der dort angestellten W\u00e4chter zu uns in die Wirtschaft kam, wurde es still. Alle ahnten etwas, niemand aber stellte Fragen, niemand WOLLTE wissen, was in dem Konzentrationslager geschah.&#8220;<\/span><\/p>\n<p>Das ist die Erbs\u00fcnde Deutschlands: Nicht sehen wollen, was unangenehm ist.<\/p>\n<span class='azc_bbc_italic'>&#8222;Und heute? Wohin treibt Deutschland, wenn Bayern die unbefristete Vorsorgeinhaftierung einf\u00fchrt, wenn die Bundeswehr fit gemacht wird in Aufstandsbek\u00e4mpfung statt in Landesverteidigung und in erster Linie \u00fcber offensive Waffensysteme verf\u00fcgt, wenn sich unsere R\u00fcstungsausgaben verdoppeln, wenn entgegen jeder Vernunft die NATO zum Garanten einer Politik der Friedensf\u00f6rderung erkl\u00e4rt wird, wenn wir dabei helfen, ein souver\u00e4nes Land zu bombardieren, ohne darum gebeten worden zu sein, um nur ein paar Beispiele zu nennen?&#8220;<\/span>\n<p>&nbsp;<\/p>\n<p>Und zu guter Letzt:<\/p>\n<p><a href='http:\/\/www.schwarwel.de\/wp-content\/uploads\/2017\/08\/170825waffen-col1000-Karikatur-schwarwel.jpg' class='azc_bbc_url'>Waffenfund<\/a><br \/>\n<img class='azc_bbc_image' src='https:\/\/www.rume.de\/smilies\/nasiehste.gif'  \/><\/p>\n","protected":false},"excerpt":{"rendered":"<p>\/ Niedriglohnsektor: Deutschland, deine Sklaven \/ Bundesregierung hat bei der Armutsbek\u00e4mpfung kl\u00e4glich versagt \/ Trotz Rekord\u00fcbersch\u00fcssen leben immer mehr Menschen in Armut \/ Trotz drohender A1-Pleite: CDU\/CSU und SPD wollen Privatisierungsmodell zu retten \/ Polizei speichert offenbar zehntausende Unschuldige \/ \u00dcberwachung: Freiheit abgeschafft, Erfolge kaum nachweisbar \/ Linksunten-Verbot: &#8222;So nicht!&#8220;, rufen Juristen, Journalisten und auch &hellip; <a href=\"https:\/\/www.rume.de\/?p=339\" class=\"more-link\"><span class=\"screen-reader-text\">\u201eAufgelesen und kommentiert 2017-08-30\u201c <\/span>weiterlesen<\/a><\/p>\n","protected":false},"author":1,"featured_media":0,"comment_status":"open","ping_status":"closed","sticky":false,"template":"","format":"standard","meta":{"footnotes":""},"categories":[2],"tags":[],"class_list":["post-339","post","type-post","status-publish","format-standard","hentry","category-aufgelesen"],"_links":{"self":[{"href":"https:\/\/www.rume.de\/index.php?rest_route=\/wp\/v2\/posts\/339","targetHints":{"allow":["GET"]}}],"collection":[{"href":"https:\/\/www.rume.de\/index.php?rest_route=\/wp\/v2\/posts"}],"about":[{"href":"https:\/\/www.rume.de\/index.php?rest_route=\/wp\/v2\/types\/post"}],"author":[{"embeddable":true,"href":"https:\/\/www.rume.de\/index.php?rest_route=\/wp\/v2\/users\/1"}],"replies":[{"embeddable":true,"href":"https:\/\/www.rume.de\/index.php?rest_route=%2Fwp%2Fv2%2Fcomments&post=339"}],"version-history":[{"count":1,"href":"https:\/\/www.rume.de\/index.php?rest_route=\/wp\/v2\/posts\/339\/revisions"}],"predecessor-version":[{"id":340,"href":"https:\/\/www.rume.de\/index.php?rest_route=\/wp\/v2\/posts\/339\/revisions\/340"}],"wp:attachment":[{"href":"https:\/\/www.rume.de\/index.php?rest_route=%2Fwp%2Fv2%2Fmedia&parent=339"}],"wp:term":[{"taxonomy":"category","embeddable":true,"href":"https:\/\/www.rume.de\/index.php?rest_route=%2Fwp%2Fv2%2Fcategories&post=339"},{"taxonomy":"post_tag","embeddable":true,"href":"https:\/\/www.rume.de\/index.php?rest_route=%2Fwp%2Fv2%2Ftags&post=339"}],"curies":[{"name":"wp","href":"https:\/\/api.w.org\/{rel}","templated":true}]}}