{"id":336,"date":"2017-08-29T21:59:31","date_gmt":"2017-08-29T19:59:31","guid":{"rendered":"http:\/\/rume.katti.eu\/?p=336"},"modified":"2017-08-30T10:50:47","modified_gmt":"2017-08-30T08:50:47","slug":"aufgelesen-und-kommentiert-2017-08-29","status":"publish","type":"post","link":"https:\/\/www.rume.de\/?p=336","title":{"rendered":"Aufgelesen und kommentiert 2017-08-29"},"content":{"rendered":"<p>\/ Frankfurter Mietsituation: Wohnen wie auf der M\u00fcllhalde<br \/>\n\/ Air-Berlin-Zerschlagung: Lufthansa-Billigtochter schreibt bereits Stellen aus<br \/>\n\/ SPD verk\u00fcndet stolz: 40 Prozent verdienen weniger als vor 20 Jahren<br \/>\n\/ Club der Milliard\u00e4re<br \/>\n\/ Wie wird man Milliard\u00e4r?<br \/>\n\/ Ehemaliger SPD-Kanzlerkandidat: &#8222;SPD voller programmatischer Dumpfbacken&#8220;<br \/>\n\/ DIE LINKE will Lohnfrage in den Mittelpunkt stellen<br \/>\n\/ Welche Konzerne sich CDU\/CSU\/SPD\/FDP\/GR\u00dcNE\/AfD heimlich kaufen<br \/>\n\/ Dobrindt hat Autobahn-Skandal jahrelang verschwiegen<br \/>\n\/ Verband FRK bezeichnet Dobrindts Glasfaseraussagen als L\u00fcgen<br \/>\n\/ Verbot der Website &#8222;linksunten.indymedia&#8220; rechtlich fragw\u00fcrdig<br \/>\n\/ Durchsuchungen wegen Linksunten: Doch keine Waffen bei Journalisten gefunden<br \/>\n\/ Der Staat macht seine Widersacher mundtot<br \/>\n\/ Zwei Jahre und sieben Monate Haft f\u00fcr G20-Randalierer<br \/>\n\/ Union plant weitere Ma\u00dfnahmen gegen &#8222;Linksextremisten&#8220;<br \/>\n\/ CIA missbraucht biometrische Daten f\u00fcr Weltbev\u00f6lkerungs-Datenbank<br \/>\n\/ Wie die EU Fl\u00fcchtlinge auf dem Mittelmeer bek\u00e4mpfen will<br \/>\n\/ Heimaturlaub von Fl\u00fcchtlingen: Medien verbreiten weiterhin Fake-News<br \/>\n\/ Wenn Saudi-Arabien Krieg gegen die eigene Bev\u00f6lkerung f\u00fchrt, schweigen die \u00d6ffentlich-Rechtlichen<br \/>\n\/ Jan van Aken: &#8222;Die rote Linie sind Kampfeins\u00e4tze&#8220;<br \/>\n\/ DIE LINKE deckt auf: 108 Tote Bundeswehrsoldaten f\u00fcr 21 Milliarden Euro Steuergeld<br \/>\n\/ Presseblick<br \/>\n\/ Alles Wichtige zur Bundestagswahl<\/p>\n<p>&#8212;<\/p>\n<p><!--more--><\/p>\n<p>Mein P\u00e4uschen hat jetzt doch nicht sooo lange gehalten <img class='azc_bbc_image' src='https:\/\/www.rume.de\/smilies\/biggrin.gif'  \/><\/p>\n<p><a href='http:\/\/www.faz.net\/aktuell\/rhein-main\/frankfurt\/mietshaus-in-frankfurt-wohnen-wie-auf-der-muellhalde-15167237.html' class='azc_bbc_url'>Frankfurter Mietsituation: Wohnen wie auf der M\u00fcllhalde<\/a><br \/>\nIst der Kapitalismus nicht toll?<\/p>\n<p>&nbsp;<\/p>\n<p><a href='http:\/\/www.spiegel.de\/wirtschaft\/unternehmen\/air-berlin-eurowings-schreibt-stellen-fuer-mitarbeiter-insolventer-airline-aus-a-1164378.html' class='azc_bbc_url'>Air-Berlin-Zerschlagung: Lufthansa-Billigtochter schreibt bereits Stellen aus<\/a><br \/>\nDas ehemalige Nachrichtenmagazin berichtet: <span class='azc_bbc_italic'>&#8222;Die Firma ver\u00f6ffentlichte bereits Stellenausschreibungen f\u00fcr zus\u00e4tzliche Crews, auf die sich von Arbeitslosigkeit bedrohte Air-Berlin-Kollegen bewerben k\u00f6nnen &#8211; in der Regel allerdings zu deutlich schlechteren Konditionen. In einer ersten Phase sollen nach SPIEGEL-Informationen zun\u00e4chst 200 Piloten und 400 Flugbegleiter eingestellt werden. Der Stammbelegschaft, versichert Spohr, drohten durch die geplante Aufstockung &#8222;keine negativen Auswirkungen.&#8220;<\/span><\/p>\n<p>Seht ihr: Genau daf\u00fcr hat die Bundesregierung mal eben 150 Millionen Euro unseres Steuergelds rausgeworfen. Damit die Lufthansa billige Piloten mit Berufserfahrung abgreifen kann.<\/p>\n<p>Zeit f\u00fcr mehr Gerechtigkeit, nicht wahr Herr Schulz? <img class='azc_bbc_image' src='https:\/\/www.rume.de\/smilies\/sarkasm.gif'  \/><\/p>\n<p>Unn\u00f6tig zu erw\u00e4hnen, dass der aktuellen Stammbelegschaft nat\u00fcrlich nicht sofort &#8222;negative Auswirkungen&#8220; drohen. Aber schon bei der kommenden Tarifrunde werden die neuen Billigleute daf\u00fcr sorgen, dass die Lohnforderung der alteingesessenen Kollegen nicht &#8222;zu hoch&#8220; ausfallen werden. <span class='azc_bbc_italic'>&#8222;Schau doch mal, wie wenig der Kollege Herbert bekommt. Da k\u00f6nnen wir jetzt ja nicht v\u00f6llig abheben. Nachher werden wir auch noch ausgetauscht&#8230;&#8220;<\/span><\/p>\n<p>&nbsp;<\/p>\n<p><a href='http:\/\/www.wsws.org\/de\/articles\/2017\/08\/25\/armu-a25.html' class='azc_bbc_url'>SPD verk\u00fcndet stolz: 40 Prozent verdienen weniger als vor 20 Jahren<\/a><br \/>\n<span class='azc_bbc_italic'>&#8222;In Deutschland verdienen vierzig Prozent der Besch\u00e4ftigten weniger als vor zwanzig Jahren. Das geht aus einem Papier des SPD-gef\u00fchrten Bundeswirtschaftsministeriums hervor, das diese Woche an die \u00d6ffentlichkeit gelangte. Danach erlitten Haushalte mit niedrigen Einkommen zwischen 1991 und 2014 reale Einkommenseinbu\u00dfen von 5 bis 10 Prozent. Haushalte mit hohen Einkommen erzielten dagegen reale Einkommenszuw\u00e4chse von \u00fcber 25 Prozent.<\/p>\n<p>Die wachsende Lohnungleichheit ist verbunden mit einer massiven Ausweitung des Niedriglohnsektors. Verdienten Mitte der 1990er Jahre noch etwa 16 Prozent der Besch\u00e4ftigten weniger als zwei Drittel des mittleren Stundenlohns, liegt dieser Anteil seit dem Jahr 2006 ziemlich konstant bei etwa 22 Prozent. Das bedeutet, dass \u00fcber ein F\u00fcnftel aller Besch\u00e4ftigten f\u00fcr weniger als 10 Euro in der Stunde arbeiten, obwohl sich die Arbeitsproduktivit\u00e4t im gleichen Zeitraum um 20 Prozent erh\u00f6ht hat. Profitiert haben ausschlie\u00dflich Unternehmer und Kapitalbesitzer.&#8220;<\/span><\/p>\n<p>Nur nochmal zur Erinnerung: In den vergangenen knapp 20 Jahren war die SPD nur vier kurze Jahre lang NICHT an der Bundesregierung beteiligt. Aber man soll unbedingt SPD w\u00e4hlen. Wegen der sozialen Gerechtigkeit <img class='azc_bbc_image' src='https:\/\/www.rume.de\/smilies\/laugh.gif'  \/><\/p>\n<p>Nochmal zur\u00fcck zum Bericht (Zitat): <span class='azc_bbc_italic'>&#8222;Der SPD-Spitzenkandidat Martin Schulz sei sich des Problems bewusst, umgehe die Frage aber sorgf\u00e4ltig. Kein Hartz-Gesetz wird zur\u00fcckgenommen. Stattdessen wirbt das Papier f\u00fcr Wirtschaftsf\u00f6rderung, flexible Arbeitszeiten, Freihandel und ein &#8222;wachstumsf\u00f6rderndes&#8220; Steuersystem. Nach zwei Jahrzehnten Erfahrung glaubt der SPD ohnehin niemand mehr, wenn sie in Wahlreden und auf Wahlplakaten mehr &#8222;soziale Gerechtigkeit&#8220; verspricht. Das &#8211; und ihr Eintreten f\u00fcr Law-and-Order und Militarismus &#8211; ist der Grund, weshalb Schulz trotz hektischer Bem\u00fchungen nicht aus dem Umfragetief herauskommt. Die SPD ist eine rechte, kapitalistische Partei, die der herrschenden Klasse beweisen will, dass sie ihre Interessen nach innen und au\u00dfen besser vertreten kann, als die anderen Parteien.&#8220;<\/span><\/p>\n<p>UPDATE: Und hier noch ein Wert, auf den CDU\/CSU\/SPD\/FDP\/GR\u00dcNE stolz sein k\u00f6nnen: <a href='https:\/\/www.linksfraktion.de\/presse\/pressemitteilungen\/detail\/kinderarmut-auf-rekordhoch' class='azc_bbc_url'>Der Anstieg von Kinderarmut auf nun erstmalig \u00fcber 20 Prozent<\/a>. Herzlichen Gl\u00fcckwunsch. Solch eine Politik w\u00e4hlen doch 80 Prozent der Deutschen immer wieder gerne <img class='azc_bbc_image' src='https:\/\/www.rume.de\/smilies\/sarkasm.gif'  \/><\/p>\n<p>&nbsp;<\/p>\n<p><a href='https:\/\/www.jungewelt.de\/artikel\/317045.html' class='azc_bbc_url'>Club der Milliard\u00e4re<\/a><br \/>\n<span class='azc_bbc_italic'>&#8222;F\u00fcr 6,4 Millionen Bezieher von Hartz IV und Sozialgeld hat die Regierung im Bundeshaushalt 2017 21 Milliarden Euro veranschlagt. Fast doppelt so viel Geld soll der reichste Deutsche besitzen. Das berichtete das Wirtschaftsmagazins Bilanz aus dem Hause Springer am Freitag. Lidl-Gr\u00fcnder Dieter Schwarz verf\u00fcgt demnach \u00fcber ein Gesamtverm\u00f6gen von etwa 37 Milliarden Euro. Er f\u00fchrt mit seinem Verm\u00f6gen laut Bericht einen \u00bbClub\u00ab von 195 Milliard\u00e4ren in Deutschland an. Damit sei die Zahl der Milliard\u00e4re weitergewachsen. 2016 h\u00e4tten 170 Familien \u00fcber ein so hohes Verm\u00f6gen verf\u00fcgt. Die letzten zw\u00f6lf Monate seien \u00bbeine gute Zeit f\u00fcr die wohlhabenden Familien in Europas gr\u00f6\u00dfter Volkswirtschaft\u00ab gewesen, jubelt das Magazin. Sie h\u00e4tten ihre Aktivposten um fast zw\u00f6lf Prozent erh\u00f6ht.&#8220;<\/span><\/p>\n<p>Allein die Top-10-Milliard\u00e4re hocken auf einem Bargeld von \u00fcber 150 Milliarden Euro. Wenn jeder von denen &#8222;nur&#8220; noch eine Milliarde h\u00e4tte, weil man alles andere zwangsenteignet, dann k\u00f6nnte man den Regelsatz um das 7,5-fache erh\u00f6hen. Also statt 400 Euro dann 3000 Euro bar auf die Hand. Und die Milliard\u00e4re w\u00fcrden mit ihrer &#8222;Restmilliarde&#8220; keinesfalls verhungern, sondern schon am Jahresende erneut 12 Prozent wieder oben drauf bekommen. Und es gibt ja nicht nur 10, sondern 195 Milliard\u00e4re in Deutschland.<\/p>\n<p>Sogar DIE LINKE fordert nur 1.050 Euro monatlich als gesellschaftliche Mindestteilhabe. Da kann man mal sehen, wie unfinanzierbar solche LINKEN Forderungen sind <img class='azc_bbc_image' src='https:\/\/www.rume.de\/smilies\/sarkasm.gif'  \/><\/p>\n<p>&nbsp;<\/p>\n<p><a href='http:\/\/endlessgoodnews.blogspot.de\/2017\/08\/wie-wird-man-milliardar.html' class='azc_bbc_url'>Wie wird man Milliard\u00e4r?<\/a><br \/>\nVon den 13 reichsten Deutschen sind 9 nur wegen ihrer Erbschaft reich.<br \/>\nSeht ihr: Wir leben halt in einer Leistungsgesellschaft <img class='azc_bbc_image' src='https:\/\/www.rume.de\/smilies\/sarkasm.gif'  \/><\/p>\n<p>&nbsp;<\/p>\n<p><a href='https:\/\/www.facebook.com\/oskarlafontaine\/photos\/a.198567656871376.47953.188971457830996\/1525851127476349' class='azc_bbc_url'>Ehemaliger SPD-Kanzlerkandidat: &#8222;SPD voller programmatischer Dumpfbacken&#8220;<\/a><br \/>\nW\u00f6rtlich: <span class='azc_bbc_italic'>&#8222;Als Sahra Wagenknecht die Agenda 2010 f\u00fcr die Ungleichheit in Deutschland verantwortlich macht, auf die Verdreifachung der Leiharbeit hinweist und sagt, dank Schr\u00f6der und der SPD sei die Armutsquote so hoch wie nie, antwortet Hamburgs OB Olaf Scholz (SPD): &#8222;Niedriglohnsektor gibt es in allen Industriel\u00e4ndern&#8220;. Als Folge der Globalisierung. &#8222;Da war nicht irgendwer, der das politisch entschieden hat. Das glauben nur Verschw\u00f6rungstheoretiker wie Trump in den USA und Wagenknecht.&#8220;<\/p>\n<p>So kann man sich ins Knie schie\u00dfen. Wie sagte noch Gerhard Schr\u00f6der in Davos: &#8222;Wir m\u00fcssen und wir haben unseren Arbeitsmarkt liberalisiert. Wir haben einen der besten Niedriglohnsektoren aufgebaut, den es in Europa gibt.&#8220; Und Olaf Scholz war von 2002 bis 2004 Schr\u00f6ders Generalsekret\u00e4r und von 2007 bis 2009 Arbeitsminister! Scholz geh\u00f6rt zur &#8222;F\u00fchrungselite&#8220; der SPD. An diesem Beispiel zeigt sich der trostlose Zustand der einst so stolzen Arbeiterpartei. Bei solch programmatischen Dumpfbacken als geistige Vorhut ist Hopfen und Malz verloren.&#8220;<\/span><\/p>\n<p>&nbsp;<\/p>\n<p><a href='https:\/\/www.jungewelt.de\/artikel\/317197.html' class='azc_bbc_url'>DIE LINKE will Lohnfrage in den Mittelpunkt stellen<\/a><br \/>\nSo lobenswert das alles auch ist:<\/p>\n<p>&#8211; Mindestlohn auf 12 Euro erh\u00f6hen<br \/>\n&#8211; Pflege-Mindestlohn sogar 14,50 Euro<br \/>\n&#8211; Gleicher Lohn f\u00fcr gleiche Arbeit<br \/>\n&#8211; Leiharbeit nur mit Lohnaufschlag<br \/>\n&#8211; Befristungen drastisch reduzieren<br \/>\n&#8211; und noch einiges mehr (siehe Bericht)<\/p>\n<p>Aber warum setzt DIE LINKE letztlich NICHTS davon auch nur mal ansatzweise in den Bundesl\u00e4ndern um, in denen sie (mit-)regiert? Bei kommunalen Krankenh\u00e4usern k\u00f6nnte man mit gutem Beispiel vorangehen und menschenw\u00fcrdige Bedingungen einf\u00fchren. Nur mal so als ein Beispiel.<\/p>\n<p>Glaubw\u00fcrdigkeit muss man sich erarbeiten. Und genau das ist etwas, was DIE LINKE nicht besitzt &#8211; oder besitzen will.<\/p>\n<p>&nbsp;<\/p>\n<p><a href='https:\/\/www.abgeordnetenwatch.de\/blog\/2017-08-28\/welche-dax-unternehmen-die-parteien-im-wahljahr-unterstutzen-wollen' class='azc_bbc_url'>Welche Konzerne sich CDU\/CSU\/SPD\/FDP\/GR\u00dcNE\/AfD heimlich kaufen<\/a><br \/>\nEine lange lange Liste an Konzernen, die lieber auf verdeckte Schmiergelder umsteigen (gest\u00fcckelte Geldspenden, Parteitag-Sponsoring, usw.).<\/p>\n<p>Und noch etwas: <span class='azc_bbc_italic'>&#8222;Oft wird angenommen, dass es Unternehmen und Lobbyverb\u00e4nde sind, die von sich aus mit einem Werbestand auf Parteitagen vertreten sein wollen, um mit politischen Entscheidungstr\u00e4gern ins Gespr\u00e4ch zu kommen. Doch laut eines Konzernsprechers ist es im Fall der Deutschen Bahn genau umgekehrt: &#8222;Die Initiative zur Anmietung von Werbefl\u00e4chen auf den Parteitagen zum Zweck des Marketing und der \u00d6ffentlichkeitsarbeit geht grunds\u00e4tzlich von den Parteien aus. Die Parteien fragen die DB AG aktiv an, ob sie sich im Rahmen des jeweils anstehenden Bundesparteitages auf der Ausstellerfl\u00e4che pr\u00e4sentieren m\u00f6chte und nicht umgekehrt.&#8220;<\/span><\/p>\n<p>&nbsp;<\/p>\n<p><a href='http:\/\/www.berliner-zeitung.de\/wirtschaft\/privatisierung-der-a1-dobrindt-hat-autobahn-skandal-jahrelang-verschwiegen-28226862' class='azc_bbc_url'>Dobrindt hat Autobahn-Skandal jahrelang verschwiegen<\/a><br \/>\nIch wiederhole hiermit ausdr\u00fccklich mein Lob f\u00fcr die Berliner Zeitung, die mit ihrer Recherchearbeit rund um die Autobahnprivatisierung ganz hervorragend ihrer journalistischen Arbeit nachkommt <img class='azc_bbc_image' src='https:\/\/www.rume.de\/smilies\/verehr.gif'  \/><\/p>\n<p>&nbsp;<\/p>\n<p><a href='https:\/\/www.golem.de\/news\/frk-verband-bezeichnet-dobrindts-glasfaseraussagen-als-luegen-1708-129744.html' class='azc_bbc_url'>Verband FRK bezeichnet Dobrindts Glasfaseraussagen als L\u00fcgen<\/a><br \/>\nAls Dobrindt (CSU) mal wieder selbstlobend \u00fcber den tollen Breitbandausbau in Deutschland schwadronierte, antwortet der FRK-Vorsitzende Heinz-Peter Labonte lapidar: <span class='azc_bbc_italic'>&#8222;Herr Dobrindt und seine Redenschreiber orientieren sich entweder am Verhalten von US-Pr\u00e4sident Trump mit der Darstellung &#8222;alternativer Fakten&#8220; oder an den Gebr\u00fcdern Grimm als M\u00e4rchenerz\u00e4hler. Beides lege die Vermutung nahe, dass \u00fcberm\u00e4\u00dfige Besch\u00e4ftigung mit Stickoxid das Wahrnehmungsverm\u00f6gen tr\u00fcben k\u00f6nne.&#8220;<\/span> <img class='azc_bbc_image' src='https:\/\/www.rume.de\/smilies\/biggrin.gif'  \/><\/p>\n<p>&nbsp;<\/p>\n<p><a href='http:\/\/www.zeit.de\/kultur\/2017-08\/indymedia-linksunten-abschaltung-rechtlich\/komplettansicht' class='azc_bbc_url'>Verbot der Website &#8222;linksunten.indymedia&#8220; rechtlich fragw\u00fcrdig<\/a><br \/>\nDIE ZEIT berichtet: <span class='azc_bbc_italic'>&#8222;Der Verfassungsschutz bezeichnet linksunten.indymedia als Medium. Damit r\u00e4umt sogar das Bundesamt ein, dass das Portal grunds\u00e4tzlich unter dem Schutz von Artikel 5 des Grundgesetzes, der Pressefreiheit, steht. Die rechtliche H\u00fcrde f\u00fcr eine so umfassende Ma\u00dfnahme wie die Abschaltung einer Webseite und einen Bruch des Redaktionsgeheimnisses ist in diesem Fall besonders hoch. Allerdings hat die Bundesregierung f\u00fcr die Begr\u00fcndung des Verbots einen anderen juristischen Hebels benutzt &#8211; das Vereinsrecht. &#8222;Linksunten&#8220; gilt nun als &#8222;linksextremer Verein&#8220;, auch wenn dessen Name gar nicht im Vereinsregister aufgef\u00fchrt ist. Rechtsanwalt J\u00fcrgen Kasek bezweifelt, dass das Verbot rechtlich Bestand hat.&#8220;<\/span><\/p>\n<p>Ach, sieh mal an: Einfach als &#8222;Verein&#8220; bezeichnen und dann verbieten. Die Erdogans dieser Welt werden sich freuen \u00fcber diese Anleitung, wie man &#8222;rechtsstaatlich einwandfrei&#8220; zensiert und verbietet <img class='azc_bbc_image' src='https:\/\/www.rume.de\/smilies\/sarkasm.gif'  \/><\/p>\n<p>Ich selber habe nicht allzu viele Berichte von &#8222;linksunten&#8220; verlinkt. Allerdings gab es z.B. dort die Erstver\u00f6ffentlichung der AfD-Chatprotokolle, wo man dann das wahre Gesicht der AfD-Mitglieder (&#8222;Deutschland den Deutschen&#8220; usw.) erkennen konnte. Auch das Neonazi-Konzert von Themar (das von Heiko Maas, SPD, eingeforderte &#8222;Konzert gegen Links&#8220;) und viele NSU-Details wurden dort seziert. <a href='https:\/\/twitter.com\/Chronik_ge_Re\/status\/901033270133096452' class='azc_bbc_url'>Und das ist noch l\u00e4ngst nicht alles (klick)<\/a>. Insofern folgerichtig, dass die Bundesminister Maiziere (CDU) und Maas (SPD), die beide h\u00f6chstpers\u00f6nlich <a href='http:\/\/www.tagesschau.de\/kommentar\/fluechtlingsgipfel-167.html' class='azc_bbc_url'>die ebenso rassistische wie m\u00f6rderische AfD-Abschottungspolitik durchziehen<\/a>, gegen die Aufkl\u00e4rung \u00fcber ihre geistigen Freunde vorgehen.<\/p>\n<p>Und kleiner Hinweis an euch: Achtet mal darauf, wie viele Qualit\u00e4tsjournalisten das Internet-Portal <a href='https:\/\/www.google.de\/search?q=indymedia+linksextrem&amp;hl=de&amp;tbm=nws' class='azc_bbc_url'>als &#8222;linksextrem&#8220; bezeichnen<\/a>. Das ist n\u00e4mlich ein politischer Kampfbegriff. Und dann wisst ihr auch, auf welcher Seite eure Lieblingszeitung steht.<\/p>\n<p>&nbsp;<\/p>\n<p><a href='https:\/\/netzpolitik.org\/2017\/durchsuchungen-wegen-linksunten-doch-keine-waffen-bei-journalisten-gefunden' class='azc_bbc_url'>Durchsuchungen wegen Linksunten: Doch keine Waffen bei Journalisten gefunden<\/a><br \/>\nBundesinnenminister Thomas de Maiziere (CDU) hatte auf einer Pressekonferenz zum Verbot der linken Plattform &#8222;linksunten.indymedia.org&#8220; erkl\u00e4rt, bei den Betroffenen seien Waffen beschlagnahmt worden. Viele Qualit\u00e4tsjournalisten \u00fcbernahmen diese Aussage ungepr\u00fcft. Nach hartn\u00e4ckigem Nachfragen von &#8222;Netzpolitik.org&#8220; musste das Bundesinnenministerium nun einr\u00e4umen, dass bei den angeblichen Betreibern keine gef\u00e4hrlichen Gegenst\u00e4nde gefunden wurden.<\/p>\n<p>&nbsp;<\/p>\n<p><a href='https:\/\/www.youtube.com\/watch?v=jZ7xvoIttwU' class='azc_bbc_url'>Der Staat macht seine Widersacher mundtot<\/a><br \/>\nDem Kommentar ist nichts hinzuzuf\u00fcgen.<\/p>\n<p>&nbsp;<\/p>\n<p><a href='http:\/\/www.tagesspiegel.de\/politik\/erster-prozess-in-hamburg-zwei-jahre-und-sieben-monate-haft-fuer-g20-randalierer\/20251016.html' class='azc_bbc_url'>Zwei Jahre und sieben Monate Haft f\u00fcr G20-Randalierer<\/a><br \/>\nEin echter Brutalo, der zwei Flaschen in Richtung der Polizei warf (ohne Treffer?) und sich bei seiner Festnahme wehrte, indem er (Zitat) <span class='azc_bbc_italic'>&#8222;eine sogenannte Embryonalhaltung annahm und seine Muskeln anspannte.&#8220;<\/span> Klarer Fall: Solche \u00e4usserst brutalen Typen m\u00fcssen vor der Gesellschaft \u00fcber Jahre weggeschlossen werden. Da sind wir uns doch wohl alle einig <img class='azc_bbc_image' src='https:\/\/www.rume.de\/smilies\/sarkasm.gif'  \/><\/p>\n<p>Stattdessen aber berichtet der Tagesspiegel: <span class='azc_bbc_italic'>&#8222;Die rund 40 Zuschauer reagierten geschockt auf das Urteil.&#8220;<\/span> Seht ihr, nochmal 40 weitere linksextreme Sympathisanten. Auch direkt in den Knast mit denen <img class='azc_bbc_image' src='https:\/\/www.rume.de\/smilies\/sarkasm.gif'  \/><\/p>\n<p>Dazu passt:<\/p>\n<p><a href='http:\/\/www.spiegel.de\/politik\/deutschland\/linksextremismus-cdu-und-csu-wollen-gesetze-verschaerfen-a-1164656.html' class='azc_bbc_url'>Union plant weitere Ma\u00dfnahmen gegen &#8222;Linksextremisten&#8220;<\/a><br \/>\nWas k\u00f6nnte das doch f\u00fcr eine sch\u00f6ne Vorlage f\u00fcr einen Lagerwahlkampf der SPD sein: Auf der einen Seite die wutschnaubende CDU\/CSU mit ihren Forderungen nach Zensur, Verbot und \u00dcberwachung &#8211; und auf der anderen Seite eine besonnen agierende SPD. Das Problem dabei ist aber:<\/p>\n<p>&#8211; Vorratsdatenspeicherung mit Applaus der SPD durchgesetzt<br \/>\n&#8211; Staatstrojaner mit Applaus der SPD durchgesetzt<br \/>\n&#8211; biometrische P\u00e4sse mit Applaus der SPD durchgesetzt<br \/>\n&#8211; Internet-Zensurgesetz mit Applaus der SPD durchgesetzt<br \/>\n&#8211; Autofahrer\u00fcberwachung (Maut) mit Applaus der SPD durchgesetzt<br \/>\n&#8211; Fu\u00dffessel f\u00fcr Gef\u00e4hrder mit Applaus der SPD durchgesetzt<br \/>\n&#8211; Mindesthaft f\u00fcr Polizeianrempeln mit Applaus der SPD durchgesetzt<\/p>\n<p>Und auch ein kurzer Blick auf die politisch gewollte Eskalation der G20-Proteste in Hamburg zeigt, wohin die &#8222;moderne&#8220; SPD inzwischen verkommen ist &#8211; bis hin zur faktischen Abschaffung des Trennungsverbots von Polizei und Geheimdiensten. Alles f\u00fcr den <span class='azc_bbc_italic'>&#8222;Kampf gegen den Terror&#8220;<\/span> nat\u00fcrlich <img class='azc_bbc_image' src='https:\/\/www.rume.de\/smilies\/clown.gif'  \/> Und was &#8222;Terror&#8220; oder &#8222;Gef\u00e4hrder&#8220; genau sind, befiehlt die Bundesregierung pers\u00f6nlich. Wie praktisch, oder? <img class='azc_bbc_image' src='https:\/\/www.rume.de\/smilies\/sarkasm.gif'  \/><\/p>\n<p>Es ist exakt so, wie es schon weiter oben steht: <span class='azc_bbc_italic'>&#8222;Die SPD ist eine rechte, kapitalistische Partei, die der herrschenden Klasse beweisen will, dass sie ihre Interessen nach innen und au\u00dfen besser vertreten kann, als die anderen Parteien.&#8220;<\/span><\/p>\n<p>&nbsp;<\/p>\n<p><a href='https:\/\/blog.fdik.org\/2017-08\/s1503833081' class='azc_bbc_url'>CIA missbraucht biometrische Daten f\u00fcr Weltbev\u00f6lkerungs-Datenbank<\/a><br \/>\nAb sofort ist das keine Verschw\u00f6rungstheorie mehr, sondern Verschw\u00f6rungspraxis. Denn auf Wikileaks wurden Dokumente ver\u00f6ffentlicht, in denen die CIA unsere &#8222;biometrischen Merkmale&#8220; f\u00fcr den Aufbau einer weltweiten Bev\u00f6lkerungs-Datenbank missbraucht.<\/p>\n<p>&nbsp;<\/p>\n<p><a href='http:\/\/www1.wdr.de\/daserste\/monitor\/sendungen\/grenzen-dicht-in-afrika-100.html' class='azc_bbc_url'>Wie die EU Fl\u00fcchtlinge auf dem Mittelmeer bek\u00e4mpfen will<\/a><br \/>\n<span class='azc_bbc_italic'>&#8222;Quasi \u00fcber Nacht hat die libysche &#8222;K\u00fcstenwache&#8220; ihr Einflussgebiet bis weit in internationale Gew\u00e4sser ausgedehnt. Ausgebildet und unterst\u00fctzt von der EU bringt diese &#8222;K\u00fcstenwache&#8220; jetzt Fl\u00fcchtlinge ins B\u00fcrgerkriegsland Libyen zur\u00fcck, Hilfsorganisationen auf dem Mittelmeer werden bedroht, es fallen sogar Sch\u00fcsse. Ein offensichtlicher Bruch des V\u00f6lkerrechts. Doch die EU will jetzt noch weiter gehen: Migranten sollen offenbar schon auf dem afrikanischen Kontinent gestoppt werden. MONITOR liegen Dokumente vor, die belegen, dass auch Deutschland umstrittene Regime in Nordafrika mit Waffen und Munition versorgen will.&#8220;<\/span><\/p>\n<p>&nbsp;<\/p>\n<p><a href='http:\/\/uebermedien.de\/19358\/nichts-neues-ueber-heimaturlaube-von-fluechtlingen' class='azc_bbc_url'>Heimaturlaub von Fl\u00fcchtlingen: Medien verbreiten weiterhin Fake-News<\/a><br \/>\nZum Gesundbeten zutiefst menschenverachtender Politik (milit\u00e4rische Abschottung) braucht es eben auch konsequente rassistische Begleitpropaganda. Nichts anderes haben schon damals die NS-Zeitungen gemacht. Und genauso machen es nat\u00fcrlich auch heute unsere Qualit\u00e4tsjournalisten.<\/p>\n<p>&nbsp;<\/p>\n<p><a href='https:\/\/propagandaschau.wordpress.com\/2017\/08\/28\/awamiya-wenn-saudi-arabiens-despotie-krieg-gegen-die-eigene-bevoelkerung-fuehrt-schweigt-die-deutsche-luegenpresse' class='azc_bbc_url'>Wenn Saudi-Arabien Krieg gegen die eigene Bev\u00f6lkerung f\u00fchrt, schweigen die \u00d6ffentlich-Rechtlichen<\/a><br \/>\nAuch das passt ja schliesslich nicht zur staatlichen Propaganda-Richtlinie, wenn man pl\u00f6tzlich dar\u00fcber berichtet, dass einer der gr\u00f6ssten Abnehmer deutscher Kriegsger\u00e4te pl\u00f6tzlich die eigene Bev\u00f6lkerung damit ermordet. Dann doch lieber Schweigen und sich lieber \u00fcber irgendeine Twittermeldung von Trump emp\u00f6ren (<a href='https:\/\/www.google.de\/search?q=trump+twitter&amp;hl=de&amp;tbm=nws' class='azc_bbc_url'>295 Millionen (!) &#8222;Nachrichten&#8220;<\/a>).<\/p>\n<p>&nbsp;<\/p>\n<p><a href='https:\/\/www.freitag.de\/autoren\/lutz-herden\/die-rote-linie-sind-kampfeinsaetze' class='azc_bbc_url'>Jan van Aken: &#8222;Die rote Linie sind Kampfeins\u00e4tze&#8220;<\/a><br \/>\nInteressant, dass der ehemalige Waffeninspekteur der UNO und heutiger Vize-Chef der LINKEN gerade heraus sagt, dass Martin Schulz \u00fcber Rot-Rot-Gr\u00fcn verhandeln wird, wenn es rechnerisch reicht &#8211; allein weil die SPD den Kanzler stellen will. <span class='azc_bbc_italic'>&#8222;Es muss nach dem 24. September nur rechnerisch f\u00fcr SPD, GR\u00dcNE und LINKE reichen. Martin Schulz will unbedingt Kanzler werden. Gibt es andere M\u00f6glichkeiten, wird er die w\u00e4hlen. Aber welche sollten das sein? Mit FDP und GR\u00dcNEN? Das bezweifle ich. Nochmals: Hat Schulz eine rot-rot-gr\u00fcne Option auf die Kanzlerschaft, kommt es zu Koalitionsverhandlungen. Und die SPD wird ganz viel opfern, damit es nach zw\u00f6lf Jahren endlich wieder einen SPD-Kanzler gibt.&#8220;<\/span><\/p>\n<p>Seinen Optimismus teile ich nicht. Die SPD wird n\u00e4mlich einen Scheiss opfern. Stattdessen werden LINKE &#8222;Realos&#8220; und &#8222;Reformer&#8220; parteiintern ordentlich Druck machen, damit zugunsten einiger Ministerp\u00f6stchen haufenweise asoziale Kr\u00f6ten geschluckt werden. Und vom bequemen Ministersessel aus wird dann auch keinesfalls am Systemwechsel gearbeitet, sondern nur kapitalistische Verwaltungsarbeit abgearbeitet. Daf\u00fcr verwette ich ein paar Eselsm\u00fctzen <img class='azc_bbc_image' src='https:\/\/www.rume.de\/smilies\/biggrin.gif'  \/><\/p>\n<p>&nbsp;<\/p>\n<p><a href='http:\/\/www.spiegel.de\/politik\/deutschland\/bundeswehr-auslandseinsaetze-kosteten-21-milliarden-euro-a-1164708.html' class='azc_bbc_url'>DIE LINKE deckt auf: 108 Tote Bundeswehrsoldaten f\u00fcr 21 Milliarden Euro Steuergeld<\/a><br \/>\nUnd kein einziger dieser Kriegseins\u00e4tze hat f\u00fcr Frieden, Menschenrechte und Demokratie gesorgt. Ganz im Gegenteil.<\/p>\n<p>&nbsp;<\/p>\n<p><a href='http:\/\/www.zeitgeistlos.de\/zgblog\/2017\/presseblick-65' class='azc_bbc_url'>Presseblick<\/a><br \/>\nF\u00fcr die, die immer noch nicht genug kommentierte Qualit\u00e4tsnachrichten gelesen hat <img class='azc_bbc_image' src='https:\/\/www.rume.de\/smilies\/biggrin.gif'  \/><\/p>\n<p>&nbsp;<\/p>\n<p>Und zu guter Letzt:<\/p>\n<p><a href='http:\/\/www.titanic-magazin.de\/news\/noch-vier-wochen-bis-zur-bundestagswahl-haetten-sies-gewusst-9091' class='azc_bbc_url'>Alles Wichtige zur Bundestagswahl<\/a><br \/>\n<img class='azc_bbc_image' src='https:\/\/www.rume.de\/smilies\/nasiehste.gif'  \/><\/p>\n","protected":false},"excerpt":{"rendered":"<p>\/ Frankfurter Mietsituation: Wohnen wie auf der M\u00fcllhalde \/ Air-Berlin-Zerschlagung: Lufthansa-Billigtochter schreibt bereits Stellen aus \/ SPD verk\u00fcndet stolz: 40 Prozent verdienen weniger als vor 20 Jahren \/ Club der Milliard\u00e4re \/ Wie wird man Milliard\u00e4r? \/ Ehemaliger SPD-Kanzlerkandidat: &#8222;SPD voller programmatischer Dumpfbacken&#8220; \/ DIE LINKE will Lohnfrage in den Mittelpunkt stellen \/ Welche Konzerne &hellip; <a href=\"https:\/\/www.rume.de\/?p=336\" class=\"more-link\"><span class=\"screen-reader-text\">\u201eAufgelesen und kommentiert 2017-08-29\u201c <\/span>weiterlesen<\/a><\/p>\n","protected":false},"author":1,"featured_media":0,"comment_status":"open","ping_status":"closed","sticky":false,"template":"","format":"standard","meta":{"footnotes":""},"categories":[2],"tags":[],"class_list":["post-336","post","type-post","status-publish","format-standard","hentry","category-aufgelesen"],"_links":{"self":[{"href":"https:\/\/www.rume.de\/index.php?rest_route=\/wp\/v2\/posts\/336","targetHints":{"allow":["GET"]}}],"collection":[{"href":"https:\/\/www.rume.de\/index.php?rest_route=\/wp\/v2\/posts"}],"about":[{"href":"https:\/\/www.rume.de\/index.php?rest_route=\/wp\/v2\/types\/post"}],"author":[{"embeddable":true,"href":"https:\/\/www.rume.de\/index.php?rest_route=\/wp\/v2\/users\/1"}],"replies":[{"embeddable":true,"href":"https:\/\/www.rume.de\/index.php?rest_route=%2Fwp%2Fv2%2Fcomments&post=336"}],"version-history":[{"count":2,"href":"https:\/\/www.rume.de\/index.php?rest_route=\/wp\/v2\/posts\/336\/revisions"}],"predecessor-version":[{"id":338,"href":"https:\/\/www.rume.de\/index.php?rest_route=\/wp\/v2\/posts\/336\/revisions\/338"}],"wp:attachment":[{"href":"https:\/\/www.rume.de\/index.php?rest_route=%2Fwp%2Fv2%2Fmedia&parent=336"}],"wp:term":[{"taxonomy":"category","embeddable":true,"href":"https:\/\/www.rume.de\/index.php?rest_route=%2Fwp%2Fv2%2Fcategories&post=336"},{"taxonomy":"post_tag","embeddable":true,"href":"https:\/\/www.rume.de\/index.php?rest_route=%2Fwp%2Fv2%2Ftags&post=336"}],"curies":[{"name":"wp","href":"https:\/\/api.w.org\/{rel}","templated":true}]}}