{"id":323,"date":"2017-08-23T20:53:31","date_gmt":"2017-08-23T18:53:31","guid":{"rendered":"http:\/\/rume.katti.eu\/?p=323"},"modified":"2017-08-23T20:53:31","modified_gmt":"2017-08-23T18:53:31","slug":"aufgelesen-und-kommentiert-2017-08-23","status":"publish","type":"post","link":"https:\/\/www.rume.de\/?p=323","title":{"rendered":"Aufgelesen und kommentiert 2017-08-23"},"content":{"rendered":"<p>\/ Hartz IV-Urteil: Eilbed\u00fcrftigkeit der Mietkosten\u00fcbernahme nicht von R\u00e4umungsklage abh\u00e4ngig<br \/>\n\/ 300.000 fehlende Kitapl\u00e4tze: Wohin mit dem Kind?<br \/>\n\/ DIE LINKE deckt auf: Jeder f\u00fcnfte Niedersachse ist ein Minijobber<br \/>\n\/ &#8222;Standort Deutschland&#8220;: Gemeinsamkeit von DGB-Gewerkschaften und AfD<br \/>\n\/ Nach Fotos aus ihren Schweinemastbetrieben: R\u00fccktritt von NRW-Agrarministerin gefordert<br \/>\n\/ Autobahn-Privatisierung der A1 zwischen Hamburg und Bremen vor der Pleite<br \/>\n\/ Bl\u00f6der als ein Einzeller<br \/>\n\/ G20-Ausschreitungen: Macht man die Falschen zum S\u00fcndenbock?<br \/>\n\/ \u00dcberwachung: Datenspeicherwut trifft Presse<br \/>\n\/ Propaganda-Artikel des Tages: Vom ZDF<br \/>\n\/ F\u00fcr den schnellstm\u00f6glichen Ausstieg aus der Braunkohle<br \/>\n\/ Asylpolitik: Von wegen Abschiebestopp<br \/>\n\/ Union und SPD unterst\u00fctzen Trumps Milit\u00e4roffensive in Afghanistan<br \/>\n\/ SPD-Kanzlerkandidat Schulz will Abzug von US-Atomwaffen aus Deutschland<br \/>\n\/ Automanager<br \/>\n\/ Dobrindt stellt klar<\/p>\n<p>&#8212;<\/p>\n<p><!--more--><\/p>\n<p><a href='https:\/\/heise.de\/-3809861' class='azc_bbc_url'>Hartz IV-Urteil: Eilbed\u00fcrftigkeit der Mietkosten\u00fcbernahme nicht von R\u00e4umungsklage abh\u00e4ngig<\/a><br \/>\nTypische Geschichte aus unserem &#8222;modern&#8220; reformierten Sozialstaat: Das Jobcenter unterstellte ohne jeden Beweis, dass ein Mann sich seine Wohnung mit anderen Personen teilt und stellte die Mietkosten\u00fcbernahme ein. Und da sich die deutsche Justiz selten solchen Verbrechen gegen die Menschenw\u00fcrde und Unschuldsvermutung in den Weg stellt, hielt man die Einstellung der Kosten\u00fcbernahme f\u00fcr in Ordnung. <span class='azc_bbc_italic'>&#8222;So lange der Typ nur Mietschulden anh\u00e4uft, aber noch nicht auf der Strasse landete, wird nichts gezahlt&#8220;<\/span>, so das Jobcenter und das Gericht. <span class='azc_bbc_italic'>&#8222;Und danach ist es dann ja auch nicht mehr n\u00f6tig&#8220;<\/span> <img class='azc_bbc_image' src='https:\/\/www.rume.de\/smilies\/sarkasm.gif'  \/><\/p>\n<p>Mehrere tausend Mal schon so durchgezogen hier in Deutschland gegen Menschen, die im kapitalistischen System schlichtweg nicht gebraucht werden &#8211; und somit zum &#8222;unwerten Leben&#8220; abgestempelt werden. Die <a href='http:\/\/www.deutschlandfunk.de\/sozialstatistik-immer-mehr-obdachlose-in-deutschland.1818.de.html?dram:article_id=373118' class='azc_bbc_url'>steigenden Obdachlosenzahlen<\/a> seit Einf\u00fchrung von Hartz4 durch SPD und GR\u00dcNE (Bundestag), sowie CDU\/CSU und FDP (Bundesrat) fallen ja nicht aus heiterem Himmel, sondern sind politisch gewollt! <span class='azc_bbc_italic'>&#8222;Er h\u00e4tte ja was ordentliches lernen k\u00f6nnen&#8220;<\/span>, lacht ihn <a href='http:\/\/internetz-zeitung.eu\/index.php\/4469-asozialer-cdu-chef-peter-tauber-beleidigt-8-mio-minijobber' class='azc_bbc_url'>CDU-Generalsekret\u00e4r Peter Tauber<\/a> dann aus und <a href='https:\/\/www.freitag.de\/autoren\/gebe\/sigmar-gabriel-diffamiert-hartz-iv-bezieher' class='azc_bbc_url'>SPD-Minister Sigmar Gabriel<\/a> erg\u00e4nzt: <span class='azc_bbc_italic'>&#8222;Hartz IV-Bezieher werden f\u00fcrs Nichtstun bezahlt.&#8220;<\/span><\/p>\n<p>Und normalerweise ist hier dann auch das Ende der Geschichte erreicht. Ein Mensch, der sich nichts zuschulden kommen liess, landet somit (politisch gewollt) auf der Strasse und wird &#8222;als Penner&#8220; von den Menschen bespuckt und vertrieben.<\/p>\n<p>So ruiniert man Menschenleben.<\/p>\n<p>Nur in diesem Einzelfall ging der Betroffene bis vor das Bundesverfassungsgericht. Und das urteilte, was mich durchaus \u00fcberrascht, zugunsten des Kapitalismusopfers (siehe Bericht). Aber Vorsicht: Ein Grund f\u00fcr umfassende Freude ist dies keinesfalls. Denn der Willk\u00fcr der Jobcenter wird damit noch lange kein Riegel vorgeschoben. Die Jobcenter werden nat\u00fcrlich weiterhin lachend sanktionieren und zustehende Geldzahlungen verweigern. <span class='azc_bbc_italic'>&#8222;Sollen die Betroffenen doch klagen&#8220;<\/span>, so das Motto. <span class='azc_bbc_italic'>&#8222;Das dauert mehrere Monate, wenn nicht Jahre und die meisten halten eh nicht durch.&#8220;<\/span><\/p>\n<p>Zwar w\u00e4re in jedem Rechtsstaat ein vors\u00e4tzlicher Verstoss gegen ein Verfassungsurteil eine Straftat. Aber wir leben ja in Deutschland.<\/p>\n<p>&nbsp;<\/p>\n<p><a href='https:\/\/www.freitag.de\/autoren\/marlene-brey\/wohin-mit-dem-kind' class='azc_bbc_url'>300.000 fehlende Kitapl\u00e4tze: Wohin mit dem Kind?<\/a><br \/>\n<span class='azc_bbc_italic'>&#8222;Verzweifelte Eltern sitzen Ende Juli in der B\u00fcrgersprechstunde von Monika Herrmann, der B\u00fcrgermeisterin von Berlin-Kreuzberg: Sie finden keinen Platz in einer Kindertagesst\u00e4tte. Weil sie nicht wissen, wie sie ihre Kinder betreuen sollen, droht ihnen nun der Jobverlust. Mit diesem Problem ist man in Berlin nicht allein. Deutschlandweit fehlen 300.000 Betreuungspl\u00e4tze. Vor allem Gro\u00dfst\u00e4dte sind betroffen. In Leipzig r\u00fcckte k\u00fcrzlich die Polizei an, weil 450 Menschen f\u00fcr einen Kita-Platz anstanden und die Warteschlange den Verkehr behinderte.&#8220;<\/span> <a href='https:\/\/www.freitag.de\/autoren\/marlene-brey\/wohin-mit-dem-kind' class='azc_bbc_url'>Weiterlesen&#8230;<\/a><\/p>\n<p>&nbsp;<\/p>\n<p><a href='https:\/\/www.neues-deutschland.de\/artikel\/1061454.html' class='azc_bbc_url'>DIE LINKE deckt auf: Jeder f\u00fcnfte Niedersachse ist ein Minijobber<\/a><br \/>\nNach den neuesten Zahlen waren 2016 rund 765.000 Menschen Minijobber. Insbesondere die Anzahl an minijobbenden Rentner hat sich in den letzten 10 Jahren verdoppelt. <span class='azc_bbc_italic'>&#8222;Die gewerkschaftspolitische Sprecherin der Linksfraktion, Jutta Krellmann, sagte dem Blatt, es sei \u00bbein Skandal, wenn so viele Menschen in Niedersachsen einen Minijob ben\u00f6tigen, um ihr Auskommen zu sichern\u00ab. Das Einkommen m\u00fcsse \u00bbim Hier und Jetzt und auch im Alter zum Auskommen reichen\u00ab, so Krellmann.&#8220;<\/span><\/p>\n<p>Ein kurzer Blick in die aktuellen Wahlumfragen von Niedersachsen zeigt: Die Einkommensarmut soll sich auf Wunsch der Niedersachsen sogar noch erh\u00f6hen. Derzeit liegen CDU und FDP weit vorne &#8211; und DIE LINKE unter der F\u00fcnf-Prozent-H\u00fcrde. Nun denn, jeder bekommt genau die Regierung, die er sich redlich verdient hat <img class='azc_bbc_image' src='https:\/\/www.rume.de\/smilies\/nasiehste.gif'  \/><\/p>\n<p>&nbsp;<\/p>\n<p><a href='https:\/\/www.heise.de\/tp\/features\/Es-reicht-nicht-die-AfD-als-neoliberal-zu-entlarven-3810377.html?seite=2' class='azc_bbc_url'>&#8220;Standort Deutschland&#8220;: Gemeinsamkeit von DGB-Gewerkschaften und AfD<\/a><br \/>\nTELEPOLIS schreibt auf, was ich ebenfalls schon kritisiert habe. Zitat: <span class='azc_bbc_italic'>&#8222;Wenn man die Erkl\u00e4rungen verschiedener Vorstandsmitglieder des DGB und seiner Einzelgewerkschaften h\u00f6rt und registriert, dass viele Gewerkschafter sich an lokalen B\u00fcndnissen gegen die AfD beteiligen, sieht ihre Bilanz positiv aus. Doch das ist nur die eine Seite der Medaille. Das Propagieren eines starken Standortes Deutschland, der sich im internationalen Wettbewerb durchsetzen muss, geh\u00f6rt ebenso zum Repertoire des DGB. Eine solche Ideologie k\u00f6nnte zum ungewollten Scharnier f\u00fcr die Ideologie rechter Gruppen werden.&#8220;<\/span><\/p>\n<p>Diese &#8222;unser Betrieb&#8220; und &#8222;Hauptsache deutsche Standorte gerettet&#8220; Aktionen aller DGB-Gewerkschaften ist dasselbe wie Donald Trump mit seinem &#8222;America First&#8220; &#8211; und somit meilenweit von dem entfernt, f\u00fcr was Gewerkschaften urspr\u00fcnglich einmal standen: <span class='azc_bbc_italic'>&#8222;Proletarier aller (!) L\u00e4nder, vereinigt euch.&#8220;<\/span><\/p>\n<p>Leute, die die Interessen der Arbeiter vertreten, k\u00e4mpfen gegen den einzig wahren Feind: Das Kapital.<\/p>\n<p>&nbsp;<\/p>\n<p><a href='https:\/\/www.neues-deutschland.de\/artikel\/1061460.html' class='azc_bbc_url'>Nach Fotos aus ihren Schweinemastbetrieben: R\u00fccktritt von NRW-Agrarministerin gefordert<\/a><br \/>\nIm Juli hatten heimlich gedrehte TV-Bilder von Schweinen mit zum Teil abgebissenen Schw\u00e4nzen und entz\u00fcndeten Gelenken aus dem m\u00fcnsterl\u00e4ndischen Betrieb bundesweit f\u00fcr Aufregung gesorgt. Tierrechtler hatten Schulze F\u00f6cking daraufhin im vergangenen Monat wegen Verdachts auf Tierqu\u00e4lerei in den heimischen St\u00e4llen angezeigt. Die Staatsanwaltschaft M\u00fcnster hat aber bereits entschieden, nicht gegen die Ministerin zu ermitteln. <span class='azc_bbc_italic'>&#8222;Es gebe keine Anhaltspunkte, dass Schulze F\u00f6cking gegen das Tierschutzgesetz versto\u00dfen habe&#8220;<\/span>, lautete die Begr\u00fcndung. Und der juristische Winkelzug, damit die Justiz nicht gegen die Regierung vorgehen muss, lautet: Der Betrieb wurde bereits auf ihren Ehemann \u00fcberschrieben.<\/p>\n<p>&nbsp;<\/p>\n<p><a href='http:\/\/www.sueddeutsche.de\/wirtschaft\/verkehrspolitik-autobahn-privatisierung-erleidet-herben-rueckschlag-1.3636110' class='azc_bbc_url'>Autobahn-Privatisierung der A1 zwischen Hamburg und Bremen vor der Pleite<\/a><br \/>\nUnd der Bericht der S\u00fcddeutschen Zeitung klingt eher nach einem Erpressungsversuch. Zitat: <span class='azc_bbc_italic'>&#8222;Schie\u00dft der Bund kein Geld nach, k\u00f6nnte in wenigen Monaten das Aus folgen. Am Montag reichte das Konsortium Klage \u00fcber 640 Millionen Euro gegen die Bundesrepublik Deutschland ein. Ein \u00f6ffentlich gef\u00fchrtes Gerichtsverfahren k\u00f6nne Kritikern &#8222;ein Podium geben&#8220;, gegen Privatisierung vorzugehen, bef\u00fcrchtet der Betreiber.&#8220;<\/span><\/p>\n<p>Mit anderen Worten: Entweder die Bundesregierung schiebt uns sofort 640 Millionen Euro an Steuergeld in die Kasse, oder sie bekommt schlechte Presse, weil in aller \u00d6ffentlichkeit \u00fcber die Privatisierung vor Gericht verhandelt wird. <span class='azc_bbc_italic'>&#8222;Wir machen euch ein Angebot, das ihr nicht ablehnen k\u00f6nnt&#8220;<\/span> <img class='azc_bbc_image' src='https:\/\/www.rume.de\/smilies\/sarkasm.gif'  \/><\/p>\n<p>Aber hey: Bei Privatisierungen zahlt die Bev\u00f6lkerung IMMER drauf. Und genau das ist ja auch der Grund, warum CDU\/CSU und SPD immer wieder Privatisierungen durchdr\u00fccken. Man will den Reichen fette Profite zuschanzen, was \u00fcber Steuersenkungen &#8222;zu offensichtlich&#8220; w\u00e4re.<\/p>\n<p>An dieser Stelle muss man die Journaille auch mal loben, wenn es angebracht ist. Denn DIE ZEIT hatte damals <a href='http:\/\/www.zeit.de\/2010\/29\/DOS-Autobahn' class='azc_bbc_url'>eine hervorragend recherchierte Berichterstattung<\/a> \u00fcber diese A1-Privatisierung online gestellt. Wer sich diese R\u00e4ubergeschichte nochmal durchlesen m\u00f6chte &#8211; bittesch\u00f6n. In gut f\u00fcnf Wochen ist ja bekanntlich Bundestagswahl. Und in Sachen bildungspolitischer Intelligenz geh\u00f6rt der Deutsche ja eher zum Prekariat.<\/p>\n<p>&nbsp;<\/p>\n<p><a href='https:\/\/www.kontextwochenzeitung.de\/editorial\/334\/bloeder-als-ein-einzeller-4549.html' class='azc_bbc_url'>Bl\u00f6der als ein Einzeller<\/a><br \/>\nHerrlicher Kommentar <img class='azc_bbc_image' src='https:\/\/www.rume.de\/smilies\/verehr.gif'  \/><\/p>\n<p>&nbsp;<\/p>\n<p><a href='http:\/\/www.ndr.de\/fernsehen\/sendungen\/panorama3\/G20-Macht-man-die-Falschen-zum-Suendenbock,gzwanzig280.html' class='azc_bbc_url'>G20-Ausschreitungen: Macht man die Falschen zum S\u00fcndenbock?<\/a><br \/>\nEs hat lange gedauert, aber nun bemerken auch die \u00d6ffentlich-Rechten, dass die Eskalation keinesfalls von den Demonstranten kam, sondern von der Polizei (bzw. deren Einsatzleitung) gezielt herbeigef\u00fchrt wurde. Insbesondere die inzwischen aufgeflogenen Polizeivideos, die keinerlei Gewalt der Demonstranten zeigen, beweist dies deutlich.<\/p>\n<p>Aber wie es sich f\u00fcr einen ordentlichen Rechtsstaat geh\u00f6rt, urteilt die Justiz stets im Sinne der Herrschenden. Die praktizierte politische Gewalt wird an keiner einzigen Stelle von der Justiz angeklagt. Tausendfach elendig krepierende Fl\u00fcchtlinge auf politischen Wunsch, Obdachlosigkeit durch politisch gewollte Beh\u00f6rden-Willk\u00fcr und v\u00f6lkerrechtswidrige Beihilfe bei Kriegsverbrechen per Killerdrohnen &#8211; all das interessiert die deutsche Justiz nicht. Abreagieren d\u00fcrfen sich die Richter hingegen am kleinen Mann, an dem sie die volle H\u00e4rte des Gesetzes in Stellung bringen.<\/p>\n<p>Glaubt ihr nicht? Dann lest (Zitat): <span class='azc_bbc_italic'>&#8222;Einem festgenommenen Beschuldigten werfen sie sogar vor, die &#8222;b\u00fcrgerkriegs\u00e4hnlichen Zust\u00e4nde&#8220; in Hamburg &#8222;mit verursacht&#8220; zu haben. &#8222;Fundamentale Garantien der deutschen Rechtsordnung&#8220; wie die &#8222;Menschenw\u00fcrde&#8220; seien f\u00fcr den Demonstrationsteilnehmer &#8222;erkennbar ohne jede Bedeutung&#8220;. So unter anderem begr\u00fcndet das oberste Hamburger Strafgericht die Untersuchungshaft eines 18-j\u00e4hrigen Italieners. Nach den Recherchen von Panorama 3 haben die OLG-Richter das Polizeivideo (vorsichtshalber) nicht angeschaut. Denn Hamburgs OB Olaf Scholz (SPD) hatte nach dem G20-Gipfel schliesslich &#8222;harte Strafen&#8220; f\u00fcr die T\u00e4ter gefordert.&#8220;<\/span><\/p>\n<p>Ich wiederhole: Die Justiz, und insbesondere die deutsche Justiz, hat sich NOCH NIE den gewollten Regierungsverbrechen in den Weg gestellt. Weder im Dritten Reich, nicht in der DDR und erst recht nicht hier und heute.<\/p>\n<p>&nbsp;<\/p>\n<p><a href='https:\/\/www.jungewelt.de\/artikel\/316836.datenspeicherwut-trifft-presse.html' class='azc_bbc_url'>\u00dcberwachung: Datenspeicherwut trifft Presse<\/a><br \/>\nEine 1.-Mai-Demonstration fotografiert, oder vor Jahren mal an einer Umweltschutz-Protestaktion teilgenommen &#8211; das reicht f\u00fcr Journalisten, um von den Sicherheitsbeh\u00f6rden als &#8222;politisch motivierter Krimineller&#8220; abgespeichert zu werden. Die Frage ist nur: Wird die Journaille daraus lernen und sich energischer (und unerbittlich!) gegen alle staatlichen \u00dcberwachungsmassnahmen positionieren? Oder wird sie sich weiterhin auf die Seite der Herrschenden stellen, indem man jede \u00dcberwachung nur kurz thematisiert und dann unter einem grossen Haufen an Boulevardm\u00fcll wieder erstickt?<\/p>\n<p>Ich denke, die Antwort wisst ihr jetzt schon <img class='azc_bbc_image' src='https:\/\/www.rume.de\/smilies\/biggrin.gif'  \/><\/p>\n<p>&nbsp;<\/p>\n<p><a href='http:\/\/www.nachdenkseiten.de\/?p=39744' class='azc_bbc_url'>Propaganda-Artikel des Tages: Vom ZDF<\/a><br \/>\nEinleitungstext: Mit scharfen Worten greift Sahra Wagenknecht das Russland-Engagement von Ex-Kanzler Schr\u00f6der an. Seine geplante T\u00e4tigkeit f\u00fcr Rosneft sei &#8222;pervers&#8220;, sagt Wagenknecht im ZDF-Sommerinterview.<br \/>\nWas Sie wirklich sagte: &#8222;Ich finde es pervers, dass Politiker sich nach ihrem Ausscheiden aus der aktiven Politik dann in der Wirtschaft verdingen, dann ihre Adressb\u00fccher versilbern und Lobbyarbeit machen. Ich finde das \u00fcbel und so diskreditiert man auch die Demokratie.&#8220;<\/p>\n<p>&nbsp;<\/p>\n<p><a href='http:\/\/www.antikapitalistische-linke.de\/?p=2178' class='azc_bbc_url'>F\u00fcr den schnellstm\u00f6glichen Ausstieg aus der Braunkohle<\/a><br \/>\nDie &#8222;Antikapitalistische Linke&#8220; zum angek\u00fcndigten Ausstieg der Brandenburger LINKE aus dem Braunkohleausstieg. <span class='azc_bbc_italic'>&#8222;Wir fordern eine klare Absage der Bundespartei an die Regierungspositionen aus Brandenburg. Wir fordern, dass notfalls die Koalition in Brandenburg beendet werden muss, wenn die klima- und kohlepolitischen Vereinbarungen wieder zur\u00fcckgedr\u00e4ngt werden sollten. Die Glaubw\u00fcrdigkeit der LINKEN ist ihr h\u00f6chstes Gut. Es ist schneller verspielt, als es einige unserer Mitstreiter offenkundig wahrhaben wollen.&#8220;<\/span><\/p>\n<p>Die Glaubw\u00fcrdigkeit ist dann schon verspielt, wenn man sich einer kapitalistischen Verwaltungsarbeit unterwirft. Seht es also ein, dass DIE LINKE nur als Opposition taugt. Sobald sie in die N\u00e4he von Regierungsverantwortung kommt, egal ob unter Rot-Rot-Gr\u00fcn oder sogar als f\u00fchrende Regierungspartei, wird sie unw\u00e4hlbar. Punkt.<\/p>\n<p>Dazu passt auch:<\/p>\n<p><a href='https:\/\/www.freitag.de\/autoren\/der-freitag\/von-wegen-abschiebestopp' class='azc_bbc_url'>Asylpolitik: Von wegen Abschiebestopp<\/a><br \/>\nUnd die Bundesl\u00e4nder mit linker Regierungsbeteiligung sind bei den Zwangsabschiebungen genauso menschenverachtend wie Bayern. Schlimmer noch: Im Land Berlin \u00fcbertrifft der rot-rot-gr\u00fcne Stadtstaat beim Vollzug sogar den Vorg\u00e4nger von der CDU. Und in Th\u00fcringen, wo mit Bodo Ramelow der einzige linke Ministerpr\u00e4sident regiert, wurden 38,5 Prozent aller Menschen abgeschoben. Im Bundesdurchschnitt waren es nur 18,8 Prozent. Th\u00fcringen landet so im &#8222;L\u00e4nder-Ranking&#8220; auf Platz 3 &#8211; noch deutlich vor Bayern.<\/p>\n<p>\u00dcbrigens: Sogar in Schleswig-Holstein hatten SPD, GR\u00dcNE und SSW eine Gesetzesl\u00fccke ausgenutzt, um per Landtags-Beschluss einen tempor\u00e4ren Abschiebestopp durchzusetzen. Und als die GR\u00dcNEN dies auch in Brandenburg forderten, hat DIE LINKE diesen Antrag abgelehnt. Und in allen drei &#8222;linken&#8220; Bundesl\u00e4ndern wird an Fl\u00fcchtlings-Beratungsstellen gespart.<\/p>\n<p>&nbsp;<\/p>\n<p><a href='http:\/\/www.wsws.org\/de\/articles\/2017\/08\/23\/bure-a23.html' class='azc_bbc_url'>Union und SPD unterst\u00fctzen Trumps Milit\u00e4roffensive in Afghanistan<\/a><br \/>\n<span class='azc_bbc_italic'>&#8222;Kaum etwas k\u00f6nnte den wirklichen Charakter des Afghanistan-Einsatzes besser entlarven, als Trumps Rede in Fort Myer. Sie war eine faschistoide Ank\u00fcndigung von Tod und Zerst\u00f6rung. &#8222;Wir werden nicht sagen, wann wir angreifen werden. Aber wir werden angreifen&#8220;, sagte der US-Pr\u00e4sident. Die &#8222;M\u00f6rder&#8220; m\u00fcssten wissen, dass es keinen sicheren Platz f\u00fcr sie gebe; dass Amerika sie \u00fcberall erreichen werde. &#8222;Wir k\u00e4mpfen, um zu gewinnen.&#8220; Den USA gehe es nicht mehr darum, &#8222;Nationen aufzubauen, wir t\u00f6ten Terroristen&#8220;, betonte Trump.&#8220;<\/span><\/p>\n<p>Reaktion unserer Bundesregierung?<\/p>\n<span class='azc_bbc_italic'>&#8222;Verteidigungsministerium Ursula von der Leyen (CDU) sagt: &#8222;Wir begr\u00fc\u00dfen, dass die USA die Entscheidung getroffen haben, ihren Einsatz und ihr Engagement in Afghanistan zu verstetigen.&#8220; Lobenswert sei, dass nun &#8222;lageabh\u00e4ngig dar\u00fcber entschieden wird, welche Schritte weiter getan werden und nicht abh\u00e4ngig von heimischen Wahlkalendern.&#8220; Auch das sozialdemokratisch gef\u00fchrte Au\u00dfenministerium stellte sich hinter Trumps Entscheidung. Au\u00dfenminister Sigmar Gabriel (SPD) erkl\u00e4rte: &#8222;Wir erwarten von Washington, dass die USA ihr Vorgehen eng mit uns Europ\u00e4ern abstimmen.&#8220;<\/span>\n<p>Reaktion unserer Qualit\u00e4tsjournaille?<\/p>\n<span class='azc_bbc_italic'>&#8222;In den Medien wird Trumps Offensive ebenfalls begr\u00fc\u00dft. Die FAZ-Autorin Friederike B\u00f6ge bedauert, dass Trumps Kehrtwende nicht schon fr\u00fcher kam. Und die S\u00fcddeutsche Zeitung versucht ihre Leser in einem langen Artikel, der unter dem Titel &#8222;Der lange Weg zum Frieden&#8220; \u00fcber den Einsatz des deutschen Brigadegenerals Andre Bodemann im Norden Afghanistans berichtet, auf einen neuen Kampfeinsatz und h\u00f6here Truppenzahlen vorzubereiten.&#8220;<\/span>\n<p>Die Reaktion der deutschen herrschenden Klasse auf die von Trump angek\u00fcndigte Gewalt ist keine \u00dcberraschung.<\/p>\n<span class='azc_bbc_italic'>&#8222;Auch die Bundeswehr hat in Afghanistan nie etwas &#8222;aufgebaut&#8220;, von Demokratie und Menschenrechten ganz zu schweigen. Mit ihrer R\u00fcckkehr zu imperialistischer Gewalt verfolgt die herrschende Klasse Deutschlands g\u00e4nzlich andere Interessen. So hei\u00dft es in einem 2013 ver\u00f6ffentlichten Papier des Entwicklungsministeriums zum Deutsch-Afghanischen Rohstoffdialog: &#8222;Afghanistan k\u00f6nnte in weniger als 20 Jahren zu den bedeutenden internationalen Anbietern strategisch wichtiger Rohstoffe (u.a. Seltene Erden, Tantalum, Lithium, Eisen, Wolfram, Kupfer, Blei, Zink, etc.) geh\u00f6ren. Die j\u00fcngst vorgelegten Untersuchungsergebnisse des Geologischen Dienstes der USA (USGS) best\u00e4tigen eindrucksvoll die bisherigen Annahmen und Vorbefunde \u00fcber die sehr beachtlichen Rohstoffvorkommen.&#8220;<\/p>\n<p>Solange Berlin und die europ\u00e4ischen M\u00e4chte jedoch nicht in der Lage sind, die rohstoffreichen und strategisch wichtigen Regionen Zentralasiens ohne die Unterst\u00fctzung Washingtons zu pl\u00fcndern, sind sie auf die milit\u00e4rische Gewalt der USA angewiesen. Das ist das schmutzige Geheimnis des aktuellen B\u00fcndnisses der deutschen Regierung mit Trump in Afghanistan.&#8220;<\/span>\n<p>&nbsp;<\/p>\n<p><a href='http:\/\/www.spiegel.de\/politik\/deutschland\/martin-schulz-us-atomwaffen-sollen-aus-deutschland-abgezogen-werden-a-1164107.html' class='azc_bbc_url'>SPD-Kanzlerkandidat Schulz will Abzug von US-Atomwaffen aus Deutschland<\/a><br \/>\nMan kann \u00fcber die SPD ja sagen, was man will, aber Wahlkampf kann sie.<\/p>\n<p>&#8211; sich \u00fcber Niedrigl\u00f6hne beschweren<br \/>\n&#8211; sich \u00fcber Altersarmut beschweren<br \/>\n&#8211; sich \u00fcber fehlende Kitapl\u00e4tze beschweren<br \/>\n&#8211; sich \u00fcber zu wenig Polizei beschweren<br \/>\n&#8211; sich \u00fcber US-Atomwaffen in Deutschland beschweren<\/p>\n<p>Und dabei IMMER verschweigen, dass man in den vergangenen 20 Jahren nur kurz vier Jahre lang NICHT regierte. Genau so fischt man das bildungspolitische Prekariat in Deutschland ab <img class='azc_bbc_image' src='https:\/\/www.rume.de\/smilies\/nasiehste.gif'  \/><\/p>\n<p>&nbsp;<\/p>\n<p>Und zu guter Letzt:<\/p>\n<a href='http:\/\/tomicek.de\/images\/tomicek_bw\/17_08_23_Diesel-Skandal_Mangager_f.jpg' class='azc_bbc_url'>Automanager<\/a>\n<p>Und als dazu passender Bonus:<\/p>\n<p><a href='http:\/\/www.pfohlmann.de\/wp-content\/uploads\/2016\/09\/1781KeineAutoKumpanei.jpg' class='azc_bbc_url'>Dobrindt stellt klar<\/a><br \/>\n<img class='azc_bbc_image' src='https:\/\/www.rume.de\/smilies\/nasiehste.gif'  \/><\/p>\n","protected":false},"excerpt":{"rendered":"<p>\/ Hartz IV-Urteil: Eilbed\u00fcrftigkeit der Mietkosten\u00fcbernahme nicht von R\u00e4umungsklage abh\u00e4ngig \/ 300.000 fehlende Kitapl\u00e4tze: Wohin mit dem Kind? \/ DIE LINKE deckt auf: Jeder f\u00fcnfte Niedersachse ist ein Minijobber \/ &#8222;Standort Deutschland&#8220;: Gemeinsamkeit von DGB-Gewerkschaften und AfD \/ Nach Fotos aus ihren Schweinemastbetrieben: R\u00fccktritt von NRW-Agrarministerin gefordert \/ Autobahn-Privatisierung der A1 zwischen Hamburg und Bremen &hellip; <a href=\"https:\/\/www.rume.de\/?p=323\" class=\"more-link\"><span class=\"screen-reader-text\">\u201eAufgelesen und kommentiert 2017-08-23\u201c <\/span>weiterlesen<\/a><\/p>\n","protected":false},"author":1,"featured_media":0,"comment_status":"open","ping_status":"closed","sticky":false,"template":"","format":"standard","meta":{"footnotes":""},"categories":[2],"tags":[],"class_list":["post-323","post","type-post","status-publish","format-standard","hentry","category-aufgelesen"],"_links":{"self":[{"href":"https:\/\/www.rume.de\/index.php?rest_route=\/wp\/v2\/posts\/323","targetHints":{"allow":["GET"]}}],"collection":[{"href":"https:\/\/www.rume.de\/index.php?rest_route=\/wp\/v2\/posts"}],"about":[{"href":"https:\/\/www.rume.de\/index.php?rest_route=\/wp\/v2\/types\/post"}],"author":[{"embeddable":true,"href":"https:\/\/www.rume.de\/index.php?rest_route=\/wp\/v2\/users\/1"}],"replies":[{"embeddable":true,"href":"https:\/\/www.rume.de\/index.php?rest_route=%2Fwp%2Fv2%2Fcomments&post=323"}],"version-history":[{"count":1,"href":"https:\/\/www.rume.de\/index.php?rest_route=\/wp\/v2\/posts\/323\/revisions"}],"predecessor-version":[{"id":324,"href":"https:\/\/www.rume.de\/index.php?rest_route=\/wp\/v2\/posts\/323\/revisions\/324"}],"wp:attachment":[{"href":"https:\/\/www.rume.de\/index.php?rest_route=%2Fwp%2Fv2%2Fmedia&parent=323"}],"wp:term":[{"taxonomy":"category","embeddable":true,"href":"https:\/\/www.rume.de\/index.php?rest_route=%2Fwp%2Fv2%2Fcategories&post=323"},{"taxonomy":"post_tag","embeddable":true,"href":"https:\/\/www.rume.de\/index.php?rest_route=%2Fwp%2Fv2%2Ftags&post=323"}],"curies":[{"name":"wp","href":"https:\/\/api.w.org\/{rel}","templated":true}]}}