{"id":321,"date":"2017-08-22T21:39:18","date_gmt":"2017-08-22T19:39:18","guid":{"rendered":"http:\/\/rume.katti.eu\/?p=321"},"modified":"2017-08-22T21:39:18","modified_gmt":"2017-08-22T19:39:18","slug":"aufgelesen-und-kommentiert-2017-08-22","status":"publish","type":"post","link":"https:\/\/www.rume.de\/?p=321","title":{"rendered":"Aufgelesen und kommentiert 2017-08-22"},"content":{"rendered":"<p>\/ Jobcenter streicht Unterhalt einer Alleinerziehenden<br \/>\n\/ Passend zum Wahlkampf: Bundeswirtschaftsministerium entdeckt die Lohnschere<br \/>\n\/ Umfrage: Fast 80 Prozent sehen Nachholbedarf bei sozialer Gerechtigkeit<br \/>\n\/ Wie ich zum &#8222;Linksextremisten&#8220; wurde, ohne es zu bemerken<br \/>\n\/ Deutsche Post: Besch\u00e4ftigte am Limit<br \/>\n\/ Bei der Pleite von Air Berlin blamiert sich die Bundesregierung<br \/>\n\/ Rot-Rot in Brandenburg: Wirtschaftsinteressen gehen vor Klimaplan<br \/>\n\/ Sch\u00f6n reich &#8211; Steuern zahlen die anderen<br \/>\n\/ Pilotprojekt zur Gesichtserkennung: &#8222;Daten aller Passanten k\u00f6nnten erfasst werden&#8220;<br \/>\n\/ Drohnenkrieg: Bundesregierung vertraut Trump<br \/>\n\/ Mehr Kameras: Wird der Freistaat Bayern zum \u00dcberwachungsstaat?<br \/>\n\/ So nutzen Sie am Besten einen Terroranschlag aus!<br \/>\n\/ Hagen Rether &#8211; Live beim 3sat Festival<br \/>\n\/ 25 Jahre Pogrome in Rostock-Lichtenhagen: Gruppenbild mit Nazis<br \/>\n\/ Heimaturlaube von Fl\u00fcchtlingen? Medien unterst\u00fctzen AfD im Wahlkampf<br \/>\n\/ Bundesanwaltschaft erl\u00e4utert Zsch\u00e4pes Rolle beim NSU<\/p>\n<p>&#8212;<\/p>\n<p><!--more--><\/p>\n<p><a href='https:\/\/hartz4widerspruch.de\/blog\/jobcenter-streicht-unterhalt' class='azc_bbc_url'>Jobcenter streicht Unterhalt einer Alleinerziehenden<\/a><br \/>\nNur eine weitere Trauergeschichte aus dem grauen Alltag der Kapitalismusopfer.<\/p>\n<p>Ab wann nochmal genau beginnen wir endlich mit einer Debatte \u00fcber eine Mindestteilhabe am gesellschaftlichen Leben? Wo wir doch schon seit Jahren wissen, dass es nicht genug existenzsichernde Arbeitspl\u00e4tze f\u00fcr alle gibt?<\/p>\n<p>&nbsp;<\/p>\n<p><a href='https:\/\/www.neues-deutschland.de\/artikel\/1061305.html' class='azc_bbc_url'>Passend zum Wahlkampf: Bundeswirtschaftsministerium entdeckt die Lohnschere<\/a><br \/>\n<span class='azc_bbc_italic'>&#8222;Deutschland hat (nach wie vor) ein Lohnproblem&#8220;, wird da von der \u00bbS\u00fcddeutschen Zeitung\u00ab aus einem internen Faktenblatt des SPD-gef\u00fchrten Bundeswirtschaftsministeriums zitiert. &#8222;Im Jahr 2015 waren die realen Bruttol\u00f6hne der unteren 40 Prozent zum Teil deutlich niedriger als 1995.&#8220; Ein gro\u00dfer Teil der Bev\u00f6lkerung habe damit heutzutage weniger Kaufkraft als vor 20 Jahren. Dagegen h\u00e4tten die oberen 60 Prozent teils ausgepr\u00e4gte Zuw\u00e4chse verbucht: &#8222;Die Schere bei den L\u00f6hnen ging also deutlich auseinander.&#8220;<\/p>\n<p>&#8222;Damit schaltet sich auch das Wirtschaftsministerium in den Wahlkampf und die Debatte um eine gerechtere Einkommensverteilung ein&#8220;, schreibt die \u00bbS\u00fcddeutsche\u00ab &#8211; man kann es auch anders formulieren: Warum wird auf einen lange bekannten Missstand erst wenige Wochen vor der Wahl medienwirksam aufmerksam gemacht und eine \u00c4nderung eingefordert?&#8220;<\/span><\/p>\n<p>Joah und warum weigert sich die SPD so vehement, auf Bundesebene mit DIE LINKE zusammen zu arbeiten? Nur wegen der aussenpolitischen Differenzen? Dann ist der SPD das Innenpolitische (und Soziale) also nicht so wichtig, wie das weltweite m\u00f6rderische Kriegf\u00fchren.<\/p>\n<p>Sollte man mal dr\u00fcber nachdenken. In f\u00fcnf Wochen ist bekanntlich Bundestagswahl.<\/p>\n<p>UPDATE: Auch DIE LINKE <a href='https:\/\/www.linksfraktion.de\/presse\/pressemitteilungen\/detail\/spaete-erkenntnis-zur-wachsenden-lohnungleichheit' class='azc_bbc_url'>verspottet die SPD v\u00f6llig zurecht<\/a> (Zitat): <span class='azc_bbc_italic'>&#8222;Sowohl das Arbeits- als auch das Wirtschaftsministerium werden (seit \u00fcber drei Jahren) von der SPD gef\u00fchrt. Angesichts dieser Tatsache ist das Beklagen des jetzigen Zustands, f\u00fcr den man selbst verantwortlich ist, pure Heuchelei. Notwendig w\u00e4re eine Anhebung des Mindestlohns und eine St\u00e4rkung der gewerkschaftlichen Durchsetzungsmacht &#8211; etwa durch ein Verbot des Missbrauchs von Leiharbeit und von sachgrundlosen Befristungen. Gleichzeitig m\u00fcssen geringe und mittlere Einkommen steuerlich entlastet werden. Auf der anderen Seite brauchen wir eine Million\u00e4rsteuer, die Anhebung der Reichensteuer, die Abschaffung der Abgeltungsteuer und eine gezielte Erh\u00f6hung der Erbschaftsteuer nur f\u00fcr gro\u00dfe Verm\u00f6gen. Ohne solche Ma\u00dfnahmen bleiben die \u00c4u\u00dferungen der SPD aus dem Wirtschaftsministerium nichts als hei\u00dfe Luft.&#8220;<\/span><\/p>\n<p>&nbsp;<\/p>\n<p><a href='https:\/\/www.neues-deutschland.de\/artikel\/1061310.html' class='azc_bbc_url'>Umfrage: Fast 80 Prozent sehen Nachholbedarf bei sozialer Gerechtigkeit<\/a><br \/>\nUnd fast 80 Prozent w\u00e4hlen CDU\/CSU\/SPD\/FDP\/GR\u00dcNE\/AfD. Welchen IQ soll man einer solchen Bev\u00f6lkerung zugestehen?<\/p>\n<p>&nbsp;<\/p>\n<p><a href='http:\/\/www.mein-klagenfurt.at\/mein-klagenfurt\/das-freie-wort\/wie-ich-zum-linksextremisten-wurde-ohne-es-zu-bemerken' class='azc_bbc_url'>Wie ich zum &#8222;Linksextremisten&#8220; wurde, ohne es zu bemerken<\/a><br \/>\n<span class='azc_bbc_italic'>&#8222;Ich bin mit Wertvorstellungen aufgewachsen, von denen ich dachte, sie seinen nichts Besonderes, sondern demokratischer Konsens: Nicht auf Schw\u00e4chere losgehen; niemanden treten, der schon am Boden liegt; helfen, wenn einer Hilfe braucht; Menschen nicht nach der Hautfarbe oder der Religion beurteilen, sondern nach dem, was sie als einzelne Menschen machen; M\u00e4nner sind nicht besser als Frauen und Frauen nicht besser als M\u00e4nner; Krieg ist immer schlecht; die Todesstrafe ist falsch; was andere Leute privat treiben, geht den Staat nichts an, es sei denn, es geht um Kriminalit\u00e4t; Antisemitismus ist verr\u00fcckt und b\u00f6se; wer reich ist, soll steuerlich mehr zur Allgemeinheit beitragen als der, der arm ist; Umweltschutz ist wichtig und der Klimawandel ist real und gef\u00e4hrlich; jeder soll seine Meinung sagen d\u00fcrfen, aber gegen Fanatiker, die die Demokratie abschaffen wollen, darf und muss man sich wehren.<\/p>\n<p>Das alles und noch mehr hielt ich lange f\u00fcr keine sonderlich radikale Haltung. Seit einigen Jahren jedoch kriege ich, wenn ich mich entsprechend \u00e4u\u00dfere, immer \u00f6fter zu h\u00f6ren, das sei ja &#8222;links&#8220; oder gar &#8222;linksextrem&#8220;. Wenn aber Positionen wie die oben beschriebenen, die jahrzehntelang auch von Konservativen vertreten wurden, pl\u00f6tzlich als ganz arg links gelten, dann hat sich nicht der Inhalt dieser Positionen ver\u00e4ndert, sondern die Gesellschaft. Wenn Ansichten und Haltungen, die vor gar nicht so langer Zeit noch christ- und sozialdemokratischer Mainstream waren, nun als extrem links gelten, bedeutet das, dass es einen massiven Rechtsrutsch gegeben hat.&#8220;<\/span> <a href='http:\/\/www.mein-klagenfurt.at\/mein-klagenfurt\/das-freie-wort\/wie-ich-zum-linksextremisten-wurde-ohne-es-zu-bemerken' class='azc_bbc_url'>Weiterlesen&#8230;<\/a><\/p>\n<p>&nbsp;<\/p>\n<p><a href='https:\/\/www.zdf.de\/dokumentation\/zdfzoom\/zdfzoom-deutsche-post-am-limit-100.html' class='azc_bbc_url'>Deutsche Post: Besch\u00e4ftigte am Limit<\/a><br \/>\n<span class='azc_bbc_italic'>&#8222;Nach au\u00dfen hin gibt sich die Deutsche Post AG modern und innovativ. Doch hohe Gewinnversprechen an die Aktion\u00e4re setzen den Konzern unter Druck. Gleich mehrere Briefzusteller berichten dem Filmautor von zunehmender Arbeitsbelastung und gesundheitlichen Problemen. Dass der Zeitdruck immer gr\u00f6\u00dfer werde und das Pensum an manchen Tagen nicht zu schaffen sei, f\u00fchren viele auf die Gr\u00f6\u00dfe der Zustellbezirke zur\u00fcck. Insider berichten, dass eine interne Software unter dem K\u00fcrzel IBIS den Effizienzdruck immer mehr steigere. Die Folge: P\u00e4ckchen und Briefe, die zu sp\u00e4t oder an die falsche Adresse geliefert werden.&#8220;<\/span><\/p>\n<p>Wegen Gewinnerwartungen der Aktion\u00e4re werden die Besch\u00e4ftigten erpresst und ausgebeutet. Seht ihr, ist der Kapitalismus nicht toll? Viel zu sch\u00f6n, als dass man ihn \u00fcberwinden m\u00f6chte <img class='azc_bbc_image' src='https:\/\/www.rume.de\/smilies\/sarkasm.gif'  \/><\/p>\n<p>&nbsp;<\/p>\n<p><a href='http:\/\/www.sueddeutsche.de\/wirtschaft\/pleite-von-air-berlin-bei-der-pleite-von-air-berlin-blamiert-sich-die-bundesregierung-1.3634846' class='azc_bbc_url'>Bei der Pleite von Air Berlin blamiert sich die Bundesregierung<\/a><br \/>\n<span class='azc_bbc_italic'>&#8222;Es ist geradezu ersch\u00fctternd anzusehen, wie sich die Bundesregierung von der Lufthansa vor den Karren spannen l\u00e4sst und die Einzelinteressen eines Unternehmens vor diejenigen der Allgemeinheit und der Gl\u00e4ubiger von Air Berlin stellt. Sie zeigt dabei einen erschreckenden Mangel an Fachwissen und greift so nebenbei in ein Insolvenzverfahren ein, mit dem sie eigentlich nur als Gl\u00e4ubiger wegen des \u00dcberbr\u00fcckungskredits zu tun haben sollte&#8220;<\/span>, berichtet die S\u00fcddeutsche.<\/p>\n<p>Was aber, wenn das alles gar kein &#8222;Mangel an Fachwissen&#8220; ist, sondern Absicht?<\/p>\n<p>Was ist, wenn man der Lufthansa billigste Arbeiter zuschanzen m\u00f6chte? Die Air-Berlin-Mitarbeiter m\u00fcssen sich ja bekanntlich neu bewerben, wenn sie bei der Lufthansa unterkommen m\u00f6chten. Und vorherige Berufsjahre z\u00e4hlen dann nicht, so dass man die L\u00f6hne lachend um bis zu 80 Prozent dr\u00fccken kann. Schliesslich kommen die &#8222;Neuen&#8220; ja nicht direkt zur Lufthansa, sondern in eine der Billigflieger-T\u00f6chter. Und gleichzeitig sorgt die &#8222;Flut&#8220; an frischen Billigarbeitern auch daf\u00fcr, die eigenen &#8222;teuren&#8220; Lufthansa-Angestellten unter Druck zu setzen. <span class='azc_bbc_italic'>&#8222;Seht her, der Kollege hier macht es auch billiger.&#8220;<\/span><\/p>\n<p>Wenn genau das beabsichtigt ist, dann steckt hinter dem Handeln der Bundesregierung n\u00e4mlich keinesfalls fehlendes Fachwissen und auch kein seltsames Verhalten rund um den Millionenkredit. Dann handelt die Bundesregierung v\u00f6llig richtig. Goldrichtig sogar &#8211; zugunsten der Manager und Aktion\u00e4re.<\/p>\n<p>Eine kritische Journaille weiss das auch. Denn in der Politik passiert NICHTS aus Versehen. Daf\u00fcr sorgen allein schon die 2.000 Wirtschaftslobbyisten rund um den Bundestag, von denen sich CDU- und SPD-Politiker willig schmieren lassen. Statt Journalismus haben wir aber Propaganda. Schlimmer noch: Kapitalistische Propaganda. Mit allen Konsequenzen f\u00fcr die Bev\u00f6lkerung.<\/p>\n<p>&nbsp;<\/p>\n<p><a href='https:\/\/www.jungewelt.de\/artikel\/316776.html' class='azc_bbc_url'>Rot-Rot in Brandenburg: Wirtschaftsinteressen gehen vor Klimaplan<\/a><br \/>\nNachdem die regierende SPD schon vergangenen Monat umgekippt ist, kippt DIE LINKE nun hinterher und verabschiedet sich von den Pl\u00e4nen, statt auf Kohle vermehrt auf Erneuerbare Energien zu setzen.<\/p>\n<p>Der Versuch Nummer 8.647, um \u00fcber kapitalistische Verwaltungsarbeit mehr soziale Gerechtigkeit und Umweltschutz durchzusetzen. Und gleichzeitig Versuch Nummer 8.647, der hochkant scheitert.<\/p>\n<p>&nbsp;<\/p>\n<p><a href='https:\/\/www.youtube.com\/watch?v=_xW89MXjNio' class='azc_bbc_url'>Sch\u00f6n reich &#8211; Steuern zahlen die anderen<\/a><br \/>\nKlaus Barski lebt von seinem Verm\u00f6gen. Das sch\u00e4tzt er auf f\u00fcnf Millionen Euro. Sein letzter Jahressteuerbescheid aber betrug nur 2.300 Euro. Dagmar und J\u00fcrgen Drawitsch sind Arbeitnehmer und haben drei S\u00f6hne. Sie zahlen im Jahr 16.000 Euro Steuern und damit sieben mal mehr als der Million\u00e4r. Das ist das Ergebnis der letzten 20 Jahre Einheitsregierung durch CDU\/CSU\/SPD\/FDP\/GR\u00dcNE. Denn die einzige M\u00f6glichkeit, auch Immobilienmillion\u00e4re wie Klaus Barski an den Kosten der Gesellschaft zu beteiligen, die Erhebung einer Verm\u00f6gensteuer, verzichtet Deutschland seit 1996. Und SPD-Kanzlerkandidat Martin Schulz hat den Million\u00e4ren und Milliard\u00e4ren hier in Deutschland bereits versprochen, auch nach der Bundestagswahl keine Verm\u00f6genssteuer einzuf\u00fchren.<\/p>\n<p>Oder wie es die SPD deutschlandweit plakatiert: <span class='azc_bbc_italic'>&#8222;Zeit f\u00fcr mehr Gerechtigkeit&#8220;<\/span> <img class='azc_bbc_image' src='https:\/\/www.rume.de\/smilies\/sarkasm.gif'  \/><\/p>\n<p>Ich hab schon mal einen grossen Vorrat an Eselsm\u00fctzen f\u00fcr die SPD-W\u00e4hler vorbestellt, die dann nach der Bundestagswahl wieder v\u00f6llig entsetzt \u00fcber das asoziale Durchregieren &#8222;ihrer&#8220; SPD sind.<\/p>\n<p>&nbsp;<\/p>\n<p><a href='https:\/\/www.jungewelt.de\/artikel\/316761.html' class='azc_bbc_url'>Pilotprojekt zur Gesichtserkennung: &#8222;Daten aller Passanten k\u00f6nnten erfasst werden&#8220;<\/a><br \/>\nNicht nur, dass man den Freiwilligen des Berliner Gesichtserkennungs-Systems einen jederzeit sendenden Peilsender untergejubelt hat. Auch jedes Smartphone, welches mit eingeschaltetem Bluetooth an den Videokameras vorbei geht, wird erfasst und m\u00f6glicherweise ausspioniert. Ein Interview mit Kerstin Demuth, der Redakteurin beim Verein Digitalcourage.<\/p>\n<p>&nbsp;<\/p>\n<p><a href='https:\/\/netzpolitik.org\/2017\/drohnenkrieg-und-spionagedrohnen-bundesregierung-vertraut-trump' class='azc_bbc_url'>Drohnenkrieg: Bundesregierung vertraut Trump<\/a><br \/>\nDie Partei DIE LINKE hat mal wieder die Bundesregierung vor sich her getrieben und \u00fcber die Killerdrohnen-Schaltzentrale Ramstein in Rheinland-Pfalz ausgefragt. Ob die Bundesregierung immer noch totales Vertrauen in den v\u00f6lkerrechtswidrigen Drohnenkrieg der US-Amerikaner haben, jetzt wo Donald Trump am Dr\u00fccker ist. Und ob man immer noch lachende Unterst\u00fctzung bei all den NATO-Kriegsverbrechen geben will. Antwort: <span class='azc_bbc_italic'>&#8222;Wir wissen nichts Neues, wir erfragen das auch gar nicht wirklich und \u00fcberhaupt geht uns euer st\u00e4ndiges Nachfragen auf den Sack.&#8220;<\/span><\/p>\n<p>Oder wie es Netzpolitik.org schreibt: <span class='azc_bbc_italic'>&#8222;Seit den letzten Fragen im Januar hat die Regierung nichts Substantielles in Erfahrung gebracht und zeigt sich in ihren Antworten ein wenig ungehalten \u00fcber das andauernde Nachfragen. Denn der linke Abgeordnete Andrej Hunko insistiert gegen\u00fcber der Bundesregierung seit Jahren mit seinen parlamentarischen Anfragen \u00fcber Ramstein.&#8220;<\/span><\/p>\n<p><img class='azc_bbc_image' src='https:\/\/www.rume.de\/smilies\/verehr.gif'  \/> <img class='azc_bbc_image' src='https:\/\/www.rume.de\/smilies\/verehr.gif'  \/> <img class='azc_bbc_image' src='https:\/\/www.rume.de\/smilies\/verehr.gif'  \/><\/p>\n<p>DAS (!) nenne ich mal vorbildliche Oppositionsarbeit. Zumal Andrej Hunko es sich nicht nehmen liess, um auch direkt <a href='https:\/\/netzpolitik.org\/2017\/verteidigungsministerium-haelt-an-beschaffung-von-kampfdrohnen-fest' class='azc_bbc_url'>wegen Von der Leyens Beschaffungspl\u00e4ne deutscher Killerdrohnen<\/a> nachzufragen. Wenn schon die Qualit\u00e4tsjournaille ihren Job nicht machen will, n\u00e4mlich die Bundesregierung vor sich her zu treiben und best\u00e4ndig zu hinterfragen, dann muss eben die einzig nennenswerte Oppositionspartei im Bundestag diesen Job machen.<\/p>\n<p>&nbsp;<\/p>\n<p><a href='https:\/\/heise.de\/-3809934' class='azc_bbc_url'>Mehr Kameras: Wird der Freistaat Bayern zum \u00dcberwachungsstaat?<\/a><br \/>\nHeise-Online berichtet: <span class='azc_bbc_italic'>&#8222;Mit dem massiven Ausbau der Video\u00fcberwachung in Bayern will Landesinnenminister Herrmann (CSU) dieser Tage zwei Fliegen mit einer Klappe schlagen. Der oberste Dienstherr der Polizei baut damit die M\u00f6glichkeiten seiner Ermittler aus, zugleich kann er in Zeiten Terror-verunsicherter B\u00fcrger durch Anschl\u00e4ge wie j\u00fcngst in Barcelona die Handlungsf\u00e4higkeit der CSU demonstrieren. An rund 90 \u00d6rtlichkeiten in ganz Bayern wird derzeit gepr\u00fcft, ob es weitere festinstallierte Video\u00fcberwachungsanlagen der Polizei geben soll.&#8220;<\/span><\/p>\n<p>Diese &#8222;Logik&#8220;, dass man mit \u00dcberwachungskameras etwas gegen den Terror ausrichten k\u00f6nnte, ist exemplarisch f\u00fcr die Intelligenz der Deutschen. W\u00e4hrend zeitgleich sogar die Engl\u00e4nder zugeben, <a href='http:\/\/www.deutschlandfunk.de\/videoueberwachung-in-grossbritannien-millionen-kameras-und.795.de.html?dram:article_id=374702' class='azc_bbc_url'>dass ihr aufgebauter \u00dcberwachungsstaat \u00fcberhaupt keinen Sicherheitsgewinn einbringt<\/a>, rennen wir mit Anlauf (und weiteren Millionenkosten) nochmal gegen dieselbe Wand.<\/p>\n<p>Der Mensch lernt eben aus seinen Fehlern &#8211; und die anderen sind Deutsche.<\/p>\n<p>Glaubt ihr nicht? Dann lest mal weiter (Zitat): <span class='azc_bbc_italic'>&#8222;74 Prozent der befragten B\u00fcrger gaben in einer Umfrage des Meinungsforschungsinstituts YouGov an, dass sie Video\u00fcberwachung an \u00f6ffentlichen Pl\u00e4tzen und im \u00f6ffentlichen Raum bef\u00fcrworten. Nur 9 Prozent sprachen sich gegen den Einsatz aus.&#8220;<\/span><\/p>\n<p>Und jede Wette, wenn man dieselben 74 Prozent befragt, ob nicht mehr Blitzerkameras an den Strassen montiert werden sollten, diese pl\u00f6tzlich eine ganz andere Meinung haben <img class='azc_bbc_image' src='https:\/\/www.rume.de\/smilies\/sarkasm.gif'  \/> Dabei decken auch Blitzerkameras nichts anderes als Straftaten auf <img class='azc_bbc_image' src='https:\/\/www.rume.de\/smilies\/nasiehste.gif'  \/><\/p>\n<p>&nbsp;<\/p>\n<p><a href='http:\/\/hinter-den-schlagzeilen.de\/so-machen-sie-das-beste-aus-dem-aktuellen-terroranschlag' class='azc_bbc_url'>So nutzen Sie am Besten einen Terroranschlag aus!<\/a><br \/>\n&#8211; Behaupten Sie, dass nach dem j\u00fcngsten Anschlag nichts mehr so sei wie zuvor.<br \/>\n&#8211; Beschimpfen Sie Menschen mit einer differenzierten Meinung als Bagatellisierer und Relativierer.<br \/>\n&#8211; Verd\u00e4chtigen und beleidigen Sie Muslime pauschal.<br \/>\n&#8211; Treiben Sie nun alle Einschr\u00e4nkungen von Menschen- und B\u00fcrgerrechten voran, die Sie schon lange wollten.<br \/>\n&#8211; Sagen Sie, dass Sicherheit von nun an das alles \u00fcberragende Thema sei, dem sich alles unterzuordnen hat.<br \/>\n&#8211; Nennen Sie vor allem jene Ma\u00dfnahmen, die der R\u00fcstungs- und Sicherheitsindustrie gro\u00dfe Profite versprechen.<br \/>\n&#8211; Geben Sie niemals irgendeinen Fehler aus der Vergangenheit oder die Wirkungslosigkeit einer Ma\u00dfnahme zu.<br \/>\n&#8211; Besch\u00e4ftigen Sie sich auf keinen Fall mit den Motiven und der Biografie der Terroristen.<\/p>\n<p>&nbsp;<\/p>\n<p><a href='https:\/\/www.youtube.com\/watch?v=b3oPmanVGbU' class='azc_bbc_url'>Hagen Rether &#8211; Live beim 3sat Festival<\/a><br \/>\nNicht g\u00e4nzlich neu, aber gerade in Bezug auf den &#8222;Terror&#8220; wieder brandaktuell.<\/p>\n<p>&nbsp;<\/p>\n<p><a href='https:\/\/dvwelt.wordpress.com\/2017\/08\/22\/gruppenbild-mit-nazis' class='azc_bbc_url'>25 Jahre Pogrome in Rostock-Lichtenhagen: Gruppenbild mit Nazis<\/a><br \/>\nWie sich die Zeiten von damals auch heute wiederholen: <span class='azc_bbc_italic'>&#8222;Die einzigen, die sich damals in Rostock der rechtsextremistischen Nazi-Gewalt erfolgreich entgegen stellten, war die Antifa, die zum Dank daf\u00fcr <a href='https:\/\/www.youtube.com\/watch?v=PmRrMrpqKxw' class='azc_bbc_url'>von der Polizei verhaftet wurde<\/a>. Die Verantwortlichen bei Polizei, Innenministerium, Stadt genossen derweil ihr Wochenende mit der Familie im Westen. Die Gewaltt\u00e4ter wurden sp\u00e4ter, wenn \u00fcberhaupt, <a href='http:\/\/www.zeit.de\/2002\/25\/Ich_war_Teil_der_Meute\/komplettansicht' class='azc_bbc_url'>auffallend milde bestraft<\/a>. 408 Ermittlungsverfahren wurden eingeleitet, ganze 3 verhinderte M\u00f6rder sahen ein Gef\u00e4ngnis von innen. Die im Sonnenblumenhaus angegriffenen Vietnamesen bekamen keine Entsch\u00e4digung wie ihre durch den L\u00e4rm bel\u00e4stigten deutschen Nachbarn, sondern die meisten <a href='https:\/\/de.wikipedia.org\/wiki\/Ausschreitungen_in_Rostock-Lichtenhagen#Ausbleibende_Entsch.C3.A4digung' class='azc_bbc_url'>wurden abgeschoben<\/a>.&#8220;<\/span><\/p>\n<p>Aus dieser (politisch gewollten) Stimmung entstand dann \u00fcbrigens der NSU, deren nicht er(selbst)mordeten Reste heute, 25 Jahre sp\u00e4ter, vor Gericht steht &#8211; und erneut auffallend intensiv von der Politik und Polizei gedeckt werden.<\/p>\n<p>Und die Medien?<\/p>\n<p><a href='http:\/\/uebermedien.de\/19090\/heimaturlaube-von-fluechtlingen-medien-uebernehmen-afd-dreh' class='azc_bbc_url'>Heimaturlaube von Fl\u00fcchtlingen? Medien unterst\u00fctzen AfD im Wahlkampf<\/a><br \/>\nEinige Asylbewerber (die Regierung spricht von &#8222;wohl hundert&#8220; F\u00e4llen, genaue Zahlen werden nicht erfasst) reisen vor\u00fcbergehend und f\u00fcr kurze Zeitr\u00e4ume in ihre Heimatl\u00e4nder zur\u00fcck. Naheliegend sind famili\u00e4re Angelegenheiten, Krankheit von nahestehenden Personen, Todesf\u00e4lle oder \u00e4hnliches. Die AfD macht aus diesen kurzen Reisen in die Heimat einen &#8222;Heimurlaub&#8220; und prangert angeblichen Asylmissbrauch an. Denn niemand w\u00fcrde Urlaub in einem Land machen, in dem er angeblich verfolgt wird. Und viele Mainstreammedien, darunter auch <a href='http:\/\/www.carta.info\/46487\/lehnt-dpa-die-realitat-eigentlich-ab-oder-halt-sie-sie-nur-fur-nicht-notwendig' class='azc_bbc_url'>die Deutsche Propaganda-Agentur, kurz &#8222;dpa&#8220;<\/a>, von der viele Qualit\u00e4tsmedien abschreiben, verbreiten diese rassistische (und von keiner offiziellen Erhebung gedeckte) L\u00fcgengeschichte freudig weiter.<\/p>\n<p>&nbsp;<\/p>\n<p>Und zu guter Letzt:<\/p>\n<p><a href='http:\/\/www.pfohlmann.de\/wp-content\/uploads\/2017\/07\/17726BZschaepeRolleNSU.jpg' class='azc_bbc_url'>Bundesanwaltschaft erl\u00e4utert Zsch\u00e4pes Rolle beim NSU<\/a><br \/>\n&#8230;.<\/p>\n","protected":false},"excerpt":{"rendered":"<p>\/ Jobcenter streicht Unterhalt einer Alleinerziehenden \/ Passend zum Wahlkampf: Bundeswirtschaftsministerium entdeckt die Lohnschere \/ Umfrage: Fast 80 Prozent sehen Nachholbedarf bei sozialer Gerechtigkeit \/ Wie ich zum &#8222;Linksextremisten&#8220; wurde, ohne es zu bemerken \/ Deutsche Post: Besch\u00e4ftigte am Limit \/ Bei der Pleite von Air Berlin blamiert sich die Bundesregierung \/ Rot-Rot in Brandenburg: &hellip; <a href=\"https:\/\/www.rume.de\/?p=321\" class=\"more-link\"><span class=\"screen-reader-text\">\u201eAufgelesen und kommentiert 2017-08-22\u201c <\/span>weiterlesen<\/a><\/p>\n","protected":false},"author":1,"featured_media":0,"comment_status":"open","ping_status":"closed","sticky":false,"template":"","format":"standard","meta":{"footnotes":""},"categories":[2],"tags":[],"class_list":["post-321","post","type-post","status-publish","format-standard","hentry","category-aufgelesen"],"_links":{"self":[{"href":"https:\/\/www.rume.de\/index.php?rest_route=\/wp\/v2\/posts\/321","targetHints":{"allow":["GET"]}}],"collection":[{"href":"https:\/\/www.rume.de\/index.php?rest_route=\/wp\/v2\/posts"}],"about":[{"href":"https:\/\/www.rume.de\/index.php?rest_route=\/wp\/v2\/types\/post"}],"author":[{"embeddable":true,"href":"https:\/\/www.rume.de\/index.php?rest_route=\/wp\/v2\/users\/1"}],"replies":[{"embeddable":true,"href":"https:\/\/www.rume.de\/index.php?rest_route=%2Fwp%2Fv2%2Fcomments&post=321"}],"version-history":[{"count":1,"href":"https:\/\/www.rume.de\/index.php?rest_route=\/wp\/v2\/posts\/321\/revisions"}],"predecessor-version":[{"id":322,"href":"https:\/\/www.rume.de\/index.php?rest_route=\/wp\/v2\/posts\/321\/revisions\/322"}],"wp:attachment":[{"href":"https:\/\/www.rume.de\/index.php?rest_route=%2Fwp%2Fv2%2Fmedia&parent=321"}],"wp:term":[{"taxonomy":"category","embeddable":true,"href":"https:\/\/www.rume.de\/index.php?rest_route=%2Fwp%2Fv2%2Fcategories&post=321"},{"taxonomy":"post_tag","embeddable":true,"href":"https:\/\/www.rume.de\/index.php?rest_route=%2Fwp%2Fv2%2Ftags&post=321"}],"curies":[{"name":"wp","href":"https:\/\/api.w.org\/{rel}","templated":true}]}}