{"id":319,"date":"2017-08-21T20:41:47","date_gmt":"2017-08-21T18:41:47","guid":{"rendered":"http:\/\/rume.katti.eu\/?p=319"},"modified":"2017-08-21T20:41:47","modified_gmt":"2017-08-21T18:41:47","slug":"aufgelesen-und-kommentiert-2017-08-21","status":"publish","type":"post","link":"https:\/\/www.rume.de\/?p=319","title":{"rendered":"Aufgelesen und kommentiert 2017-08-21"},"content":{"rendered":"<p>\/ Lkw-Berufsfahrer: Ein Leben auf der Stra\u00dfe<br \/>\n\/ Industriechef gegen Verbot von Verbrennungsmotoren und E-Auto-Quote<br \/>\n\/ Air-Berlin-Mitarbeiter m\u00fcssen sich als Berufsanf\u00e4nger neu bewerben<br \/>\n\/ Abgasbetrug: Ingenieur belastet Vw- und Audi-Vorstand schwer<br \/>\n\/ Propaganda-Artikel des Tages: Von DIE ZEIT<br \/>\n\/ Katrin G\u00f6ring-Eckardt: &#8222;Entweder Schwarz-Gr\u00fcn oder Schwarz-Gelb&#8220;<br \/>\n\/ ARTE-Doku: Sandabbau &#8211; Die neue Umweltzerst\u00f6rung<br \/>\n\/ Gesichtserkennung am S\u00fcdkreuz: Bundespolizei hat falsch informiert &#8211; Wir fordern Abbruch des Tests<br \/>\n\/ Entzogene G20-Akkreditierungen: Verwechslungen und Jugends\u00fcnden<br \/>\n\/ Die s\u00e4chsische Justiz hat jahrelang B\u00fcrger abh\u00f6ren lassen<br \/>\n\/ Fl\u00fcchtlinge: Europas t\u00f6dlicher Deal mit der libyschen K\u00fcstenwache<br \/>\n\/ Routiniertes Trauergeheuchel nach Terroranschlag<\/p>\n<p>&#8212;<\/p>\n<p><!--more--><\/p>\n<p><a href='http:\/\/www.faz.net\/aktuell\/gesellschaft\/menschen\/lastwagenfahrer-haben-einen-harten-alltag-15156534.html' class='azc_bbc_url'>Lkw-Berufsfahrer: Ein Leben auf der Stra\u00dfe<\/a><br \/>\nDie FAZ berichtet: <span class='azc_bbc_italic'>&#8222;Links die T\u00fcr, rechts der Beifahrersitz, in seinem R\u00fccken zwei schmale Pritschen. Maiks mobiles Zuhause ist kleiner als ein Hundezwinger, das hat er schwarz auf wei\u00df: &#8222;Jeder Hund, der gr\u00f6\u00dfer ist als f\u00fcnfzig Zentimeter, hat Anspruch auf acht Quadratmeter&#8220;, sagt der Fernfahrer. So stehe das in der Tierschutz-Hundeverordnung. Maik, 1,90 Meter gro\u00df, kann keine zwei Schritte machen, ohne sich zu sto\u00dfen. Zumindest dann, wenn er in seinem Lkw unterwegs ist. Und Maik ist fast immer unterwegs &#8211; bereits ein Viertel Jahrhundert hinterm Steuer.<\/p>\n<p>&#8222;Ich bin gern Zu Hause, da ist Fernfahren Gift&#8220;, sagt Maik. Er klingt ein bisschen wehm\u00fctig, wenn er \u00fcber seine Beziehung spricht. Die ist zerbrochen, er war ja kaum daheim. Seine Kumpel sieht er nur am Wochenende. &#8222;Und klar&#8220;, sagt Maik, &#8222;irgendwann kommst du an den Punkt, wo du dein eigenes Badezimmer vermisst.&#8220; Viele Entbehrungen, wenig Lohn &#8211; so fasst er seinen Alltag zusammen. Mit weniger als 30 000 Euro Durchschnittsgehalt in der Branche ist das nicht an den Haaren herbeigezogen.&#8220;<\/span><\/p>\n<p>&nbsp;<\/p>\n<p><a href='http:\/\/www.spiegel.de\/wirtschaft\/soziales\/bdi-chef-dieter-kempf-gegen-verbot-von-verbrennungsmotoren-a-1163648.html' class='azc_bbc_url'>Industriechef gegen Verbot von Verbrennungsmotoren und E-Auto-Quote<\/a><br \/>\nDie Wirtschaftsvertreter sprechen sich gegen eine Quote f\u00fcr Elektroautos und ein Verbot von Verbrennungsmotoren aus. <span class='azc_bbc_italic'>&#8222;Das seien planwirtschaftliche Instrumente, von denen man nichts halte&#8220;<\/span>, sagte BDI-Pr\u00e4sident Dieter Kempf.<\/p>\n<p>In weiteren Meldungen: Vertreter der Postkutschenhersteller halten nichts von Automobilen ++++ Unterhaltungsindustrie spricht sich gegen MP3s und XviD aus ++++ Autoknacker sprechen sich gegen Einbau von Wegfahrsperren aus ++++ Kapitalisten gegen Verbot von Ausbeutung der Lohnabh\u00e4ngigen ++++ Fr\u00f6sche gegen Trockenlegungspl\u00e4ne des Sumpfes ++++<\/p>\n<p>&nbsp;<\/p>\n<p><a href='http:\/\/www.deutschlandfunk.de\/gewerkschaft-ufo-air-berlin-mitarbeiter-muessen-sich-als.1939.de.html?drn:news_id=781496' class='azc_bbc_url'>Air-Berlin-Mitarbeiter m\u00fcssen sich als Berufsanf\u00e4nger neu bewerben<\/a><br \/>\nAber zum Gl\u00fcck ist <a href='http:\/\/www.spiegel.de\/wirtschaft\/unternehmen\/air-berlin-insolvenz-gehalt-von-thomas-winkelmann-abgesichert-a-1163201.html' class='azc_bbc_url'>das Millionengehalt des Air-Berlin-Chefs abgesichert<\/a>, welches ihm die Gewerkschafter im Aufsichtsrat zugeschanzt haben. Es muss in Deutschland ja schliesslich sozialgerecht zugehen <img class='azc_bbc_image' src='https:\/\/www.rume.de\/smilies\/sarkasm.gif'  \/><\/p>\n<p>Dazu passt auch:<\/p>\n<p><a href='http:\/\/www.tagesschau.de\/wirtschaft\/audi-affaere-101.html' class='azc_bbc_url'>Abgasbetrug: Ingenieur belastet Vw- und Audi-Vorstand schwer<\/a><br \/>\nDie ARD berichtet: <span class='azc_bbc_italic'>&#8222;Bereits am 9. Oktober 2006 soll ein f\u00fchrender Motorenentwickler bei Audi mehrere F\u00fchrungskr\u00e4fte \u00fcber das Grundproblem bei AdBlue informiert haben &#8211; darunter auch den sp\u00e4teren VW-Chef Winterkorn. Aufgrund des Vortrags sei diesem bereits damals klar gewesen, dass die geplanten AdBlue-Tanks f\u00fcr eine gr\u00fcndliche Abgasreinigung zu klein waren. Die Tanks h\u00e4tten in Europa generell nicht und in den USA nicht in allen F\u00e4llen ausgereicht. So steht es in dem Papier gleich auf Seite zwei. Audi-Techniker installierten daher eine verbotene Software, mit der die Abgasreinigung im Stra\u00dfenverkehr weitgehend ausgeschaltet wurde. Das sparte AdBlue, kleinere Tanks reichten.&#8220;<\/span><\/p>\n<p>Nein &#8211; Doch &#8211; Oohh <img class='azc_bbc_image' src='https:\/\/www.rume.de\/smilies\/sarkasm.gif'  \/><\/p>\n<p>Und nat\u00fcrlich wird in einer ordentlichen Firma alles auf Powerpoint gebracht und den h\u00f6heren Herren zur finalen Entscheidung vorgestellt. Das ist in jedem gr\u00f6sseren Betrieb die Regel. Jeder, der sich mit &#8222;ich wusste von nichts&#8220; herauszureden versucht &#8211; so wie die Autokonzernchefs &#8211; l\u00fcgt mit Vorsatz. Punkt.<\/p>\n<p>Und falls jemand nach Konsequenzen fragt: Ja die gibt es. Aber nur f\u00fcr die kleinen Angestellten, die entweder schon rausgeschmissen wurden (Leih- und Werkvertr\u00e4ge), vor ihrer Entlassung stehen (wegen &#8222;Umstrukturierungen&#8220;, &#8222;Sparpl\u00e4ne&#8220;, &#8222;Gewinneinbruch&#8220; usw.), oder mit Gehaltsk\u00fcrzungen rechnen m\u00fcssen. Die Herren Topmanager verabschieden sich &#8211; wenn \u00fcberhaupt, lachend mit ihrer Millionenabfindung. Und auch die Aktion\u00e4re d\u00fcrften keine Einbu\u00dfen erwarten. So nach dem Motto: <span class='azc_bbc_italic'>&#8222;Um weiterhin das Vertrauen der Investoren zu gewinnen, werden die Dividenden trotz schlechterer Zahlen in gleicher H\u00f6he ausgesch\u00fcttet.&#8220;<\/span> Und die Gewerkschaften und Betriebsr\u00e4te werden dabei mithelfen, damit die &#8222;Sparpl\u00e4ne&#8220; zugunsten einer h\u00f6heren Rendite auch durchgesetzt werden.<\/p>\n<p>Schon ein geiles System, dieser Kapitalismus. Viel zu sch\u00f6n, um ihn \u00fcberwinden zu wollen <img class='azc_bbc_image' src='https:\/\/www.rume.de\/smilies\/sarkasm.gif'  \/><\/p>\n<p>&nbsp;<\/p>\n<p><a href='https:\/\/blog.fdik.org\/2017-08\/s1503299170' class='azc_bbc_url'>Propaganda-Artikel des Tages: Von DIE ZEIT<\/a><br \/>\n\u00dcberschrift: Sehr vielen Deutschen geht es heute deutlich besser &#8211; dem Aufschwung sei Dank<br \/>\nIm Bericht: 40 Prozent der Haushalte mit den geringsten Einkommen, also mehr als 30 Millionen Deutsche, besitzen heute eine geringere Kaufkraft haben als noch vor 20 Jahren.<\/p>\n<p>&nbsp;<\/p>\n<p><a href='http:\/\/www.mdr.de\/thueringen\/grune-bundestagswahl-wahlkampfauftakt-jena-100.html' class='azc_bbc_url'>Katrin G\u00f6ring-Eckardt: &#8222;Entweder Schwarz-Gr\u00fcn oder Schwarz-Gelb&#8220;<\/a><br \/>\nAm Wochenende hatte schon Gabriel (SPD) verk\u00fcndet, nochmal unter Merkel mitregieren zu wollen &#8211; und heute meldet der MDR (Zitat): <span class='azc_bbc_italic'>&#8222;Bei der Bundestagswahl sehen die GR\u00dcNEN in der FDP ihren Hauptkontrahenten. Th\u00fcringens Spitzenkandidatin sagte am Rande des Wahlkampfauftritts in Jena, eine der beiden Parteien werde der m\u00f6gliche Koalitionspartner f\u00fcr die CDU sein. Sie erwarte eine &#8222;Richtungsentscheidung&#8220;.&#8220;<\/span><\/p>\n<p>\u00c4h, wie meinen? Es ist eine Richtungsentscheidung (!), ob Merkel weiterregiert, oder ob Merkel weiterregiert?<\/p>\n<img class='azc_bbc_image' src='https:\/\/www.rume.de\/smilies\/muahaha.gif'  \/>\n<p>&nbsp;<\/p>\n<p><a href='https:\/\/www.arte.tv\/de\/videos\/046598-000-A\/sand-die-neue-umweltzeitbombe' class='azc_bbc_url'>ARTE-Doku: Sandabbau &#8211; Die neue Umweltzerst\u00f6rung<\/a><br \/>\nKein Witz, denn Sand gibt es z.B. in der W\u00fcste zwar mehr als genug. Nur der eignet sich nicht zum Bauen und Befestigen. Deshalb hat die Bauwirtschaft ihren Sand aus Kiesgruben und Flussbetten entnommen. Diese Vorr\u00e4te sind aber weitestgehend aufgebraucht, so dass nun der Meeresboden ins Visier ger\u00e4t. Eine \u00f6kologische Zeitbombe, wie ARTE zeigt. <a href='http:\/\/endlessgoodnews.blogspot.de\/2017\/08\/sand-wird-knapp.html' class='azc_bbc_url'>[i](via)[\/i]<\/a><\/p>\n<p>Kurzer Auszug: <span class='azc_bbc_italic'>&#8222;Der Dokumentarfilm zeigt Schaupl\u00e4tze rund um den Globus: den illegalen Sandabbau in Marokko aufgrund der boomenden Tourismusindustrie, der unweigerlich zum Verschwinden ganzer Str\u00e4nde f\u00fchrt; die pharaonenhaften Bauprojekte in Dubai, wo die eigenen Sandressourcen aufgebraucht wurden und nun Sand aus Australien importiert wird; und das Auff\u00fcllen der Str\u00e4nde von Florida, von denen neun Zehntel wieder weggesp\u00fclt werden.&#8220;<\/span><\/p>\n<p>Und unter uns: So etwas w\u00e4re fr\u00fcher ein Thema f\u00fcr die GR\u00dcNEN gewesen. Aber wenn man alle Kraft daf\u00fcr verwendet, dass man unter Merkel ein paar P\u00f6stchen ergattert, dann muss der Umweltschutz schon mal hinten anstehen <img class='azc_bbc_image' src='https:\/\/www.rume.de\/smilies\/sarkasm.gif'  \/><\/p>\n<p>&nbsp;<\/p>\n<p><a href='https:\/\/digitalcourage.de\/blog\/2017\/gesichtserkennung-am-suedkreuz-bundespolizei-hat-falsch-informiert-wir-fordern-abbruch-des' class='azc_bbc_url'>Gesichtserkennung am S\u00fcdkreuz: Bundespolizei hat falsch informiert &#8211; Wir fordern Abbruch des Tests<\/a><br \/>\nDer Netzaktivist &#8222;padeluun&#8220; vom Datenschutzverein &#8222;Digitalcourage&#8220; (bekannt durch die Vergabe des Big Brother Awards) hat sich f\u00fcr den Versuch zur Gesichtserkennung am Berliner Bahnhof S\u00fcdkreuz angemeldet. Den Transponder, den er bei sich tragen soll, hat er untersucht &#8211; und der kann viel mehr, als den Test-Personen angek\u00fcndigt wurde.<\/p>\n<p>Den Teilnehmern wurde n\u00e4mlich kein passiv auslesbarer RFID-Chip, sondern in Wirklichkeit <a href='https:\/\/de.wikipedia.org\/wiki\/IBeacon' class='azc_bbc_url'>ein iBeacon<\/a> untergeschoben &#8211; ein aktiv sendender (!) Bluetooth-Transponder, mit 20 Metern Reichweite, der Daten wie Temperatur, Neigung und Beschleunigung messen, speichern und weitergeben kann. Damit l\u00e4sst sich herleiten, was Personen au\u00dferhalb des Bahnhofs gemacht haben. Zudem erfassen die Leseger\u00e4te am Berliner Bahnhof neben den iBeacons auch andere Bluetooth-Ger\u00e4te.<\/p>\n<p>Darum fordert Digitalcourage, dass der Test sofort abgebrochen wird.<\/p>\n<p>&nbsp;<\/p>\n<p><a href='http:\/\/www.tagesschau.de\/ausland\/g20-journalisten-101.html' class='azc_bbc_url'>Entzogene G20-Akkreditierungen: Verwechslungen und Jugends\u00fcnden<\/a><br \/>\nSogar dem Staatssender ARD f\u00e4llt auf, wie gef\u00e4hrlich die ganzen Polizei- und BKA-Datenbanken inzwischen geworden sind. Und nat\u00fcrlich f\u00e4llt es ihnen erst dann auf, wenn sie selber betroffen sind &#8211; beispielsweise durch Namensverwechselungen, weswegen sie als &#8222;Journalisten&#8220; pl\u00f6tzlich die Zulassung verlieren. Oder wegen der Teilnahme an einer Anti-Neonazi-Blockade vor vielen Jahren, weswegen sie als &#8222;politisch motivierte Kriminelle&#8220; abgespeichert wurden und daraufhin nicht einmal mehr vom Bundeswehr-Gel\u00f6bnis berichten d\u00fcrfen.<\/p>\n<p>Ach h\u00e4tte doch bloss jemand vorab unsere hochbezahlten Qualit\u00e4tsjournalisten gewarnt <img class='azc_bbc_image' src='https:\/\/www.rume.de\/smilies\/sarkasm.gif'  \/><\/p>\n<p>&#8211; Maut als \u00dcberwachungsmaschine? Wird kaum noch debattiert.<br \/>\n&#8211; Staatstrojaner? Findet man keine Berichte mehr dar\u00fcber.<br \/>\n&#8211; Vorratsdatenspeicherung? Hat man l\u00e4ngst akzeptiert.<br \/>\n&#8211; Einf\u00fchrung des Begriffs &#8222;Gef\u00e4hrder&#8220; zum Verhaften &#8222;zu unbequemer&#8220; Personen?<br \/>\n&#8211; Eintrag in Datenbank schon bei Inanspruchnahme des Meinungs\u00e4usserungsrechts?<br \/>\n&#8211; Kein L\u00f6schrecht, geschweige \u00fcberhaupt Infos oder Einsicht in (falsche) Datenbankeintr\u00e4ge?<\/p>\n<p>Wo ist die kritische Medienberichterstattung dazu? Und das best\u00e4ndige kritisieren dieser Massnahmen, zum Beispiel bei jedem Merkel- und Schulz-Interview? Sie existiert nicht. Genau das, was Journalismus w\u00e4re, wird NICHT gemacht. Aber es braucht nur einen einzigen terroristischen Mord im Ausland und schon flippt unsere gesamte Qualit\u00e4tsjournaille aus, verbreitet Angst und Panik &#8211; inklusive Forderungen nach NOCH MEHR \u00dcberwachung und G\u00e4ngelung.<\/p>\n<p>Soviel zur Glaubw\u00fcrdigkeit unserer Qualit\u00e4tspresse, die angeblich f\u00fcr die Kontrolle der Herrschenden zust\u00e4ndig sind, real aber genau das Gegenteil macht.<\/p>\n<p>Dazu passt auch:<\/p>\n<p><a href='https:\/\/www.freitag.de\/autoren\/der-freitag\/unter-verdacht-1' class='azc_bbc_url'>Die s\u00e4chsische Justiz hat jahrelang B\u00fcrger abh\u00f6ren lassen<\/a><br \/>\nIhr Vergehen: Sie haben sich gegen rechts engagiert.<\/p>\n<p>&nbsp;<\/p>\n<p><a href='http:\/\/www.wsws.org\/de\/articles\/2017\/08\/18\/deal-a18.html' class='azc_bbc_url'>Fl\u00fcchtlinge: Europas t\u00f6dlicher Deal mit der libyschen K\u00fcstenwache<\/a><br \/>\n<span class='azc_bbc_italic'>&#8222;Die &#8222;K\u00fcstenwache&#8220; des Sarradsch-Regimes in Tripolis besteht aus denselben islamistischen Elementen wie die Milizen und Schleuserbanden, welche die EU sonst immer zu bek\u00e4mpfen vorgibt. Ihre Aufgabe ist es, die Fl\u00fcchtlinge zur\u00fcck nach Libyen zu bringen und dort festzuhalten. Damit soll sie f\u00fcr die EU die Drecksarbeit erledigen, die den sauberen Damen und Herren in Rom, Berlin und Br\u00fcssel aufgrund des Zur\u00fcckweisungsverbots (&#8222;non-refoulement&#8220;) offiziell verboten ist. Es besagt, dass Personen nicht in Staaten zur\u00fcckgeschickt werden d\u00fcrfen, in denen ihnen Folter oder andere schwere Menschenrechtsverletzungen drohen. Es ist sowohl in der Genfer Fl\u00fcchtlingskonvention als auch der Europ\u00e4ischen Menschenrechtskonvention verankert. Die EU und ihre Mitgliedsstaaten haben das Zur\u00fcckweisungsverbot auf dem Papier unterzeichnet &#8211; aber in der Praxis treten sie es mit F\u00fc\u00dfen.<\/p>\n<p>In den libyschen Lagern herrschen &#8222;KZ-\u00e4hnliche Verh\u00e4ltnisse&#8220;. Der Ausdruck stammt offiziell vom deutschen Ausw\u00e4rtigen Amt. Er steht so w\u00f6rtlich in einem Bericht des deutschen Botschafters, den auch das Bundeskanzleramt und mehrere Minister erhalten haben. Laut der &#8222;Welt am Sonntag&#8220;, die den vollst\u00e4ndigen Wortlaut kennt, ist darin von &#8222;allerschwersten, systematischen Menschenrechtsverletzungen in Libyen&#8220; die Rede. Exekutionen nicht zahlungsf\u00e4higer Migranten, Folter, Vergewaltigungen, Erpressungen sowie Aussetzungen in der W\u00fcste sind dort an der Tagesordnung. Augenzeugen sprachen von exakt f\u00fcnf Erschie\u00dfungen w\u00f6chentlich in einem Gef\u00e4ngnis &#8211; mit Ank\u00fcndigung und jeweils freitags, um Raum f\u00fcr Neuank\u00f6mmlinge zu schaffen, d.h. den menschlichen &#8222;Durchsatz&#8220; und damit den Profit der Betreiber zu erh\u00f6hen. Auch Journalist Michael Obert schilderte detailliert die Bedingungen, denen die Menschen unterworfen sind: tagelange Dunkelhaft bei Durst und Hunger, das Fehlen der primitivsten Sanit\u00e4ranlagen, Folter und Schl\u00e4ge, Vergewaltigungen und Mord. Wieder andere Augenzeugen berichten, dass die Warlords und bewaffneten Milizen die Migranten als Sklaven verkauften.<\/p>\n<p>Die deutsche Regierung und die ganze EU sind \u00fcber die grauenhaften Bedingungen bestens informiert. Der deutsche Au\u00dfenminister Sigmar Gabriel (SPD) hat ein solches Lager im Juni selbst besucht &#8211; es war dasselbe Lager, das auch Obert gesehen hatte. Das alles h\u00e4lt die Politiker nicht davon ab, sich der Folterknechte in Libyen zu bedienen, die diese Lager betreiben.&#8220;<\/span><\/p>\n<p>&nbsp;<\/p>\n<p>Und zu guter Letzt:<\/p>\n<p><a href='http:\/\/janson-karikatur.de\/wp-content\/uploads\/2017\/08\/Terroranschlaege-17-08-18-rgb-668&#215;501.jpg' class='azc_bbc_url'>Routiniertes Trauergeheuchel nach Terroranschlag<\/a><br \/>\n<img class='azc_bbc_image' src='https:\/\/www.rume.de\/smilies\/nasiehste.gif'  \/><\/p>\n","protected":false},"excerpt":{"rendered":"<p>\/ Lkw-Berufsfahrer: Ein Leben auf der Stra\u00dfe \/ Industriechef gegen Verbot von Verbrennungsmotoren und E-Auto-Quote \/ Air-Berlin-Mitarbeiter m\u00fcssen sich als Berufsanf\u00e4nger neu bewerben \/ Abgasbetrug: Ingenieur belastet Vw- und Audi-Vorstand schwer \/ Propaganda-Artikel des Tages: Von DIE ZEIT \/ Katrin G\u00f6ring-Eckardt: &#8222;Entweder Schwarz-Gr\u00fcn oder Schwarz-Gelb&#8220; \/ ARTE-Doku: Sandabbau &#8211; Die neue Umweltzerst\u00f6rung \/ Gesichtserkennung am &hellip; <a href=\"https:\/\/www.rume.de\/?p=319\" class=\"more-link\"><span class=\"screen-reader-text\">\u201eAufgelesen und kommentiert 2017-08-21\u201c <\/span>weiterlesen<\/a><\/p>\n","protected":false},"author":1,"featured_media":0,"comment_status":"open","ping_status":"closed","sticky":false,"template":"","format":"standard","meta":{"footnotes":""},"categories":[2],"tags":[],"class_list":["post-319","post","type-post","status-publish","format-standard","hentry","category-aufgelesen"],"_links":{"self":[{"href":"https:\/\/www.rume.de\/index.php?rest_route=\/wp\/v2\/posts\/319","targetHints":{"allow":["GET"]}}],"collection":[{"href":"https:\/\/www.rume.de\/index.php?rest_route=\/wp\/v2\/posts"}],"about":[{"href":"https:\/\/www.rume.de\/index.php?rest_route=\/wp\/v2\/types\/post"}],"author":[{"embeddable":true,"href":"https:\/\/www.rume.de\/index.php?rest_route=\/wp\/v2\/users\/1"}],"replies":[{"embeddable":true,"href":"https:\/\/www.rume.de\/index.php?rest_route=%2Fwp%2Fv2%2Fcomments&post=319"}],"version-history":[{"count":1,"href":"https:\/\/www.rume.de\/index.php?rest_route=\/wp\/v2\/posts\/319\/revisions"}],"predecessor-version":[{"id":320,"href":"https:\/\/www.rume.de\/index.php?rest_route=\/wp\/v2\/posts\/319\/revisions\/320"}],"wp:attachment":[{"href":"https:\/\/www.rume.de\/index.php?rest_route=%2Fwp%2Fv2%2Fmedia&parent=319"}],"wp:term":[{"taxonomy":"category","embeddable":true,"href":"https:\/\/www.rume.de\/index.php?rest_route=%2Fwp%2Fv2%2Fcategories&post=319"},{"taxonomy":"post_tag","embeddable":true,"href":"https:\/\/www.rume.de\/index.php?rest_route=%2Fwp%2Fv2%2Ftags&post=319"}],"curies":[{"name":"wp","href":"https:\/\/api.w.org\/{rel}","templated":true}]}}