{"id":311,"date":"2017-08-17T22:02:14","date_gmt":"2017-08-17T20:02:14","guid":{"rendered":"http:\/\/rume.katti.eu\/?p=311"},"modified":"2017-08-17T22:02:14","modified_gmt":"2017-08-17T20:02:14","slug":"aufgelesen-und-kommentiert-2017-08-17","status":"publish","type":"post","link":"https:\/\/www.rume.de\/?p=311","title":{"rendered":"Aufgelesen und kommentiert 2017-08-17"},"content":{"rendered":"<p>\/ Wenn der Lohn nicht zum Leben reicht<br \/>\n\/ Mindestlohn bringt Sachsen mehr Vor- als Nachteile<br \/>\n\/ Kommentar: Scherbenhaufen schwarz-roter Arbeitsmarktpolitik<br \/>\n\/ Millionengehalt des Air-Berlin-Chefs ist abgesichert<br \/>\n\/ Und auf einmal im Krankenhaus<br \/>\n\/ Parteispenden: 300.000 Euro Schmiergeld f\u00fcr CDU, SPD und FDP<br \/>\n\/ Erh\u00f6hte Radioaktivit\u00e4t: Bohrung in der Asse abgebrochen<br \/>\n\/ Bisher inhaftierte G20-Demonstrantin ist wieder frei<br \/>\n\/ Grund- und Menschenrechte &#8211; nur noch auf dem Papier<br \/>\n\/ G20: Eskalation begann mit Ernennung von Dudde zum Polizeichef<br \/>\n\/ Der Law-and-Order-Wahlkampf der SPD<br \/>\n\/ Bundeswehr-Eliteeinheit KSK feiert mit Rechtsrock und Hitlergru\u00df<br \/>\n\/ Deutscher Elektroschrott verseucht Nigeria<br \/>\n\/ Gestatten Sie mir eine dezente Dosis Zynismus<br \/>\n\/ Die Energie- und Klimawochenschau<br \/>\n\/ Die besseren SPD-Plakate<\/p>\n<p>&#8212;<\/p>\n<p><!--more--><\/p>\n<p><a href='http:\/\/www.deutschlandfunkkultur.de\/prekaere-beschaeftigung-wenn-der-lohn-nicht-reicht.976.de.html?dram:article_id=393548' class='azc_bbc_url'>Wenn der Lohn nicht zum Leben reicht<\/a><br \/>\nIst der Kapitalismus nicht toll? <img class='azc_bbc_image' src='https:\/\/www.rume.de\/smilies\/sarkasm.gif'  \/><\/p>\n<p>&nbsp;<\/p>\n<p><a href='http:\/\/www.lvz.de\/Mitteldeutschland\/Wirtschaft\/Mindestlohn-bringt-Sachsen-mehr-Vor-als-Nachteile' class='azc_bbc_url'>Mindestlohn bringt Sachsen mehr Vor- als Nachteile<\/a><br \/>\nDie Leipziger Volkszeitung berichtet: <span class='azc_bbc_italic'>&#8222;Sachsen ist besonders stark von den Auswirkungen des Mindestlohns betroffen &#8211; und die sind \u00fcberwiegend positiv. Das zumindest besagt eine Studie des Instituts f\u00fcr Arbeitsmarkt- und Berufsforschung. Wie die Studie zeigt, sind mit der Einf\u00fchrung keine Arbeitspl\u00e4tze vernichtet worden. F\u00fcr die Besch\u00e4ftigten gab es reale Lohnzuw\u00e4chse. Die Unternehmen reagierten mit geringf\u00fcgigen Preiserh\u00f6hungen sowie mehr sozialversicherungspflichtiger Besch\u00e4ftigung statt Mini-Jobs.&#8220;<\/span><\/p>\n<p>Nein, wie \u00fcberraschend <img class='azc_bbc_image' src='https:\/\/www.rume.de\/smilies\/clown.gif'  \/><\/p>\n<p>Und nochmal nachgehakt: Wo genau waren denn jetzt die Nachteile? Ach ja, richtig: Die geringf\u00fcgig erh\u00f6hten Preise. Und genau das ist es ja, was derzeit am allermeisten fehlt. N\u00e4mlich Inflation, damit die Null-Zins-Politik beendet werden kann. Und vor allem, damit auch der ruin\u00f6se Exportwahnsinn der deutschen Industrie wieder ins Gleichgewicht kommt.<\/p>\n<p>Jetzt stelle man sich nur mal vor, was passieren w\u00fcrde, wenn der Mindestlohn auch noch seinen Namen verdienen w\u00fcrde. Und zwar so, dass man sp\u00e4ter nicht in der Altersarmut landet. Und damit der Lohn reicht, damit man nicht beim Amt um &#8222;aufstockendes&#8220; Steuergeld betteln m\u00fcsste.<\/p>\n<p>W\u00e4re das nicht toll?<\/p>\n<p>Und wie jetzt? Ihr w\u00fcrdet sogar die Partei unterst\u00fctzen, die genau das (endlich) einfordert? <a href='https:\/\/www.linksfraktion.de\/themen\/a-z\/detailansicht\/mindestlohn' class='azc_bbc_url'>Euch kann geholfen werden<\/a> <img class='azc_bbc_image' src='https:\/\/www.rume.de\/smilies\/biggrin.gif'  \/><\/p>\n<p>Dazu passt auch:<\/p>\n<p><a href='https:\/\/www.linksfraktion.de\/presse\/pressemitteilungen\/detail\/scherbenhaufen-schwarz-roter-arbeitsmarktpolitik' class='azc_bbc_url'>Kommentar: Scherbenhaufen schwarz-roter Arbeitsmarktpolitik<\/a><br \/>\n<span class='azc_bbc_italic'>&#8222;Das Arbeitsvolumen ist in den letzten 20 Jahren gleich geblieben. \u00dcberstunden und Mehrarbeit in gigantischem Umfang machen deutlich: Es gibt nicht zu wenig Arbeit, sie ist nur falsch verteilt. Deregulierung und Flexibilisierung schaffen nicht mehr Arbeit. Es teilen sich nur mehr Menschen das gleiche Arbeitsvolumen &#8211; zu deutlich schlechteren Bedingungen. Heute leiden viele Besch\u00e4ftigte unter erzwungener Teilzeit, Minijobs, Befristungen und Leiharbeit, w\u00e4hrend andere riesige \u00dcberstundenberge anh\u00e4ufen. Regul\u00e4re Vollzeitjobs kennen junge Leute oft nur noch aus Erz\u00e4hlungen.<\/p>\n<p>Die Verteilung von Arbeitszeit und deren Entlohnung sind zentrale Aspekte bei der Organisation guter Arbeit. Daher brauchen wir eine gesellschaftliche Debatte um die Verteilung der Arbeit. Eine Verk\u00fcrzung der Arbeitszeit muss daher zwingend bei vollem Lohnausgleich stattfinden. Sachgrundlose Befristungen von Arbeitsvertr\u00e4gen und Kettenbefristungen m\u00fcssen abgeschafft, Leiharbeit perspektivisch verboten und Werkvertr\u00e4ge streng reguliert werden.&#8220;<\/span><\/p>\n<p>Wer hats gesagt? <img class='azc_bbc_image' src='https:\/\/www.rume.de\/smilies\/biggrin.gif'  \/><\/p>\n<p>Aber hey: Sichere Arbeitspl\u00e4tze mit gutem Mindestlohn gibt es unter CDU\/CSU und SPD aber nat\u00fcrlich auch:<\/p>\n<p><a href='http:\/\/www.spiegel.de\/wirtschaft\/unternehmen\/air-berlin-insolvenz-gehalt-von-thomas-winkelmann-abgesichert-a-1163201.html' class='azc_bbc_url'>Millionengehalt des Air-Berlin-Chefs ist abgesichert<\/a><br \/>\nOb die Besch\u00e4ftigten noch ihr Gehalt &#8211; geschweige denn ihren Arbeitsplatz &#8211; behalten k\u00f6nnen, wenn <a href='http:\/\/www.nachdenkseiten.de\/?p=39663' class='azc_bbc_url'>der p\u00fcnktlich bis zur Bundestagswahl laufende Kredit<\/a> von CDU\/CSU und SPD abgelaufen ist, kann man getrost <a href='https:\/\/www.wsws.org\/de\/articles\/2017\/08\/16\/airb-a16.html' class='azc_bbc_url'>verneinen<\/a>. Aber zum Gl\u00fcck leben wir im Kapitalismus. Da k\u00fcmmert man sich wenigstens um diejenigen, die eben auch genau jenes Kapital besitzen.<\/p>\n<p>Das ehemalige Nachrichtenmagazin berichtet: <span class='azc_bbc_italic'>&#8222;F\u00fcr den Chef der Fluggesellschaft, Thomas Winkelmann, gibt es zur Absicherung seines bis Januar 2021 laufenden Vertrages eine Bankgarantie von bis zu 4,5 Millionen Euro. Darauf hat der Sprecher der Schutzgemeinschaft der Kapitalanleger, Michael Kunert, am Mittwoch hingewiesen. Winkelmann hat laut dem j\u00fcngsten Gesch\u00e4ftsbericht f\u00fcr den Fall einer ordentlichen K\u00fcndigung Anspruch auf sein vertragliches Grundgehalt. Es liegt bei 950.000 Euro im Jahr und kann sich durch Boni verdoppeln.&#8220;<\/span><\/p>\n<p>Jetzt aber bitte kein Sozialneid. Denn 80.000 Euro jeden Monat (!) ist ja nur das Grundgehalt. Weitere 80.000 Euro im Monat gibt es noch zus\u00e4tzlich als Boni, wenn er auch mal arbeitet. Das haben ihm die Gewerkschafter im Aufsichtsrat ausdr\u00fccklich genehmigt <img class='azc_bbc_image' src='https:\/\/www.rume.de\/smilies\/sarkasm.gif'  \/><\/p>\n<p>&nbsp;<\/p>\n<p><a href='http:\/\/www.verdi.de\/themen\/gesundheit\/++co++7f9c3dbc-d67b-11e6-957d-525400940f89' class='azc_bbc_url'>Und auf einmal im Krankenhaus<\/a><br \/>\nL E S E B E F E H L !!<\/p>\n<p>Alle Deutschen wissen, wie kaputtgespart die deutschen Krankenh\u00e4user inzwischen sind. Welcher Personalmangel dort zugunsten des Profits herrscht und wie das soziale Gewissen der Angestellten skrupellos bis zur Ersch\u00f6pfung ausgebeutet wird. Und alle Deutschen verdr\u00e4ngen all dieses Wissen, indem sie sich einreden: <span class='azc_bbc_italic'>&#8222;Hey, ich bin ja nicht krank.&#8220;<\/span><\/p>\n<p>Was aber, wenn man doch pl\u00f6tzlich krank wird und \u00e4rztliche Hilfe dringend ben\u00f6tigt? Der verlinkte Bericht gibt einen Einblick.<\/p>\n<p>Und das Bittere daran ist ja: Ein gutes Gesundheitssystem, in dem ALLE anhand ihres GESAMTEN Einkommens einzahlen m\u00fcssen und im Gegenzug NICHT auf maximalen Profit, sondern OHNE Zuzahlungen f\u00fcr die bestm\u00f6gliche Heilung von Menschen gearbeitet wird, w\u00e4re machbar. Man m\u00fcsste es in knapp sechs Wochen <a href='https:\/\/www.linksfraktion.de\/themen\/a-z\/detailansicht\/gesundheitspolitik' class='azc_bbc_url'>nur einfach mal ankreuzen<\/a>.<\/p>\n<p>&nbsp;<\/p>\n<p><a href='https:\/\/www.bundestag.de\/parlament\/praesidium\/parteienfinanzierung\/fundstellen50000\/2017' class='azc_bbc_url'>Parteispenden: 300.000 Euro Schmiergeld f\u00fcr CDU, SPD und FDP<\/a><br \/>\nDer Verband der Chemischen Industrie (VCI) geht auf Nummer Sicher und kauft sich direkt alle drei kapitalistischen Parteien gleichzeitig, indem er ihnen drei ganz grosse Geldkoffer r\u00fcberschiebt.<\/p>\n<p>&nbsp;<\/p>\n<p><a href='https:\/\/www.abendblatt.de\/region\/niedersachsen\/article211613837\/Erhoehte-Radioaktivitaet-Bohrung-in-der-Asse-abgebrochen.html' class='azc_bbc_url'>Erh\u00f6hte Radioaktivit\u00e4t: Bohrung in der Asse abgebrochen<\/a><br \/>\nWas ist die einzig m\u00f6gliche Art, um Atomm\u00fcll f\u00fcr 100.000 Jahre (falls das \u00fcberhaupt reicht) m\u00f6glichst sicher zu lagern? Nat\u00fcrlich eine Lagerung, die man immer wieder kontrollieren und gegebenenfalls ohne Komplikationen reparieren\/erneuern kann. Das wusste man auch schon vor 40 Jahren.<\/p>\n<p>Was wurde <a href='https:\/\/www.youtube.com\/watch?v=wH3hoAkzIvk' class='azc_bbc_url'>dank Bundesumweltministerin Merkel<\/a> stattdessen getan? Es wurde alles in ein m\u00f6glichst tiefes Loch geworfen. Hauptsache billig, damit der Profit weiter rollt &#8211; und falls das radioaktive Gift doch ins Grundwasser sickert, kassieren die Verantwortlichen l\u00e4ngst ihre fetten Pensionen und leben weit weg in sicheren Gegenden.<\/p>\n<p>F\u00fcr die Menschen rund um Wolfenb\u00fcttel ist das alles nat\u00fcrlich ziemlich traurig. Andererseits w\u00e4hlen auch dort die Menschen <a href='https:\/\/de.wikipedia.org\/wiki\/Wolfenb%C3%BCttel#Politik' class='azc_bbc_url'>begeistert CDU und SPD<\/a>, also ihre eigenen Vergifter. An einem maroden Bildungssystem ist zumindest aus der Sicht von CDU und SPD nicht alles schlecht <img class='azc_bbc_image' src='https:\/\/www.rume.de\/smilies\/nasiehste.gif'  \/><\/p>\n<p>&nbsp;<\/p>\n<p><a href='https:\/\/www.jungewelt.de\/artikel\/316473.html' class='azc_bbc_url'>Bisher inhaftierte G20-Demonstrantin ist wieder frei<\/a><br \/>\nSie geh\u00f6ren zu den Anw\u00e4lten inhaftierter G-20-Gegner. Ihre Mandantin war am 7. Juli im Industriegebiet Rondenbarg festgenommen worden. Ihr wurde Landfriedensbruch vorgeworfen, wobei ihr keine Taten zugeordnet werden konnten. Ihre Bekleidung und der Verbleib in einer Gruppe wurden als \u00bbpsychische Beihilfe\u00ab f\u00fcr die Gruppe ausgelegt. Was ist das f\u00fcr ein merkw\u00fcrdiges Konstrukt?<\/p>\n<p>Rechtsanwalt Gerrit Onken: <span class='azc_bbc_italic'>&#8222;Im Strafrecht kann jeder verantwortlich gemacht werden, der \u00bbHilfe leistet\u00ab bei der Begehung von Straftaten. Diese Unterst\u00fctzung soll in tats\u00e4chlicher und in emotionaler Art und Weise m\u00f6glich sein. Es kann also bereits f\u00fcr eine Bestrafung ausreichen, wenn jemand den T\u00e4ter in seinem Entschluss best\u00e4rkt und ihm das Gef\u00fchl erh\u00f6hter Sicherheit gibt. Wann dies der Fall sein soll, ist abstrakt kaum zu beantworten. Diese Vagheit machen sich die Strafverfolgungsorgane hin und wieder zu nutze. Gerade bei gr\u00f6\u00dferen Demonstrationen ist es schwierig, einzelnen Personen eine Tat nachzuweisen. Um das gar nicht erst tun zu m\u00fcssen, wurde mit der \u00bbpsychischen Beihilfe\u00ab argumentiert.&#8220;<\/span><\/p>\n<p>Mit denselben Argumenten h\u00e4tte die Polizei bei der \u00bbWelcome to Hell\u00ab-Demonstration doch Tausende festnehmen und vor Gericht bringen k\u00f6nnen &#8211;<\/p>\n<p>Rechtsanwalt Gerrit Onken: <span class='azc_bbc_italic'>&#8222;Richtig. Eine Kollegin sagte einmal, das Strafrecht sei ein Seismograph f\u00fcr die Freiheit der Gesellschaft. Kriminalit\u00e4t wird per Definition geschaffen. Verboten und unter Strafe gestellt wird stets Verhalten, das nicht erw\u00fcnscht ist. Dies kann entweder durch Gesetze erfolgen oder aber auch durch die Auslegung von Begriffen.&#8220;<\/span><\/p>\n<p>Ihr Freund wird weiterhin mit Verweis auf \u00bbCharakterschw\u00e4chen\u00ab festgehalten. Wie kann der Senat seine Feststellung \u00fcberhaupt begr\u00fcnden, wenn der Italiener gar nicht ausgesagt hat?<\/p>\n<p>Rechtsanwalt Gerrit Onken: <span class='azc_bbc_italic'>&#8222;Das ist eine Frage, die ich mir auch gestellt habe. Wenn jemand von seinem Schweigerecht Gebrauch macht, erscheint es skurril, solche Dinge festzustellen. Wenn es aber ausreicht, \u00bblinks\u00ab zu sein oder mit dunkler Kleidung zu demonstrieren, um mit einem Bein im Gef\u00e4ngnis zu stehen, hat das mit Rechtsstaat nichts zu tun.&#8220;<\/span><\/p>\n<p>\u00dcbrigens: Wer einmal wissen m\u00f6chte, wie es angesichts des Sparsadismus von Sch\u00e4uble und Schulz inzwischen in deutschen Gef\u00e4ngnissen aussieht, in die man ohne Beweise (!) eingeknastet werden kann, f\u00fcr den hat <a href='http:\/\/www.br.de\/nachrichten\/drogen-und-gewalt-ausnahmezustand-in-deutschen-gefaengnissen-100.html' class='azc_bbc_url'>der bayerische Rundfunk eine nette Reportage<\/a>.<\/p>\n<p>Ab wann nochmal genau spricht man von einem Unrechtsstaat?<\/p>\n<p>&nbsp;<\/p>\n<p><a href='http:\/\/cives.de\/grund-und-menschenrechte-zur-disposition-gestellt-5996' class='azc_bbc_url'>Grund- und Menschenrechte &#8211; nur noch auf dem Papier<\/a><br \/>\nIn den vergangenen Wochen gab es zwei Entwicklungen, die sich weitab voneinander abspielten und scheinbar wenig miteinander zu tun haben: Die Rede ist einerseits vom G20-Gipfel in Hamburg, den Demonstrationen dort und dem Vorgehen der Polizei. Und andererseits von Fl\u00fcchtlingen, die sich von Libyen aus aufmachen (wollen) nach Europa.<\/p>\n<p>Was den beiden Ereignisstr\u00e4ngen gemein ist?! Es geht bei beiden Ereignissen um die legitime Wahrnehmung fundamentaler Rechte. Um die berechtigte Kritik an bestehenden Umst\u00e4nden. Um die Tatsache, dass Politik und Sicherheitsbeh\u00f6rden die Ursachen der kritisierten Probleme ignorieren. Und gemeinsam mit Meinungsmachern aus einflussreichen Medien die Kritiker (z.B. Demonstranten) und andere Beteiligte (z.B. Seenotrettungsorganisationen) diffamieren und als angeblich eigentliche Schuldige f\u00fcr die Probleme diskreditieren.<\/p>\n<p>&nbsp;<\/p>\n<p><a href='http:\/\/www.heise.de\/-3804738' class='azc_bbc_url'>G20: Eskalation begann mit Ernennung von Dudde zum Polizeichef<\/a><br \/>\nEine perfekte Zusammenfassung <img class='azc_bbc_image' src='https:\/\/www.rume.de\/smilies\/verehr.gif'  \/><\/p>\n<p>&nbsp;<\/p>\n<p><a href='http:\/\/www.wsws.org\/de\/articles\/2017\/08\/17\/schu-a17.html' class='azc_bbc_url'>Der Law-and-Order-Wahlkampf der SPD<\/a><br \/>\n<span class='azc_bbc_italic'>&#8222;Ich bin der Meinung, die m\u00fcssen richtig mal eins auf die Mappe kriegen, damit sie sp\u00fcren, wer im Land das Sagen hat.&#8220;<\/p>\n<p>Dieser Satz, bezogen auf die Leipziger Eisenbahnstra\u00dfe, die als sozialer Brennpunkt mit vielen Zuwanderern gilt, stammt nicht von Frauke Petry, Bj\u00f6rn H\u00f6cke oder einem anderen F\u00fchrer der rechtsextremen AfD, sondern vom Kanzlerkandidaten der SPD Martin Schulz. Er \u00e4u\u00dferte ihn am Sonntagabend in der Sendung &#8222;Am Tisch mit Martin Schulz&#8220; des Kommerzsenders RTL. Die Sendung, die Schulz angeblich im Gespr\u00e4ch mit normalen B\u00fcrgern zeigen sollte, war sorgf\u00e4ltig in Szene gesetzt. Im Mittelpunkt standen Fragen wie: &#8222;Was werden Sie daf\u00fcr tun, dass ich mich in diesem Land wieder sicher f\u00fchlen kann?&#8220; Dazwischen spielte der Sender Umfragen ein, laut denen das &#8222;gr\u00f6\u00dfte Problem bei der Inneren Sicherheit&#8220; die &#8222;Kontrolle von Zuwanderern und Fl\u00fcchtlingen&#8220; ist.<\/p>\n<p>Schulz nutzte den Auftritt, um sich als rechter Hardliner zu pr\u00e4sentieren, der sich in Law-and-Order-Fragen von niemandem \u00fcberbieten l\u00e4sst. &#8222;Es darf nicht sein, dass die Kriminellen Ferrari fahren, und die Polizei f\u00e4hrt auf dem Fahrrad hinterher,&#8220; lautete ein typischer Satz des SPD-Vorsitzenden. Er verwies auch stolz darauf, dass sein eigener Vater Polizist gewesen sei und jahrzehntelang im Streifenwagen Dienst getan habe. Schulz trat f\u00fcr ein Zuwanderungsgesetz ein, das nur ausgew\u00e4hlte, f\u00fcr die Wirtschaft n\u00fctzliche Einwanderer zul\u00e4sst, w\u00e4hrend alle, die &#8222;illegal&#8220;, das heisst als Fl\u00fcchtlinge, ins Land kommen, die Chance einer legalen Einwanderung automatisch verwirken.<\/p>\n<p>Der Auftritt von Martin Schulz bei RTL sagt viel \u00fcber den Charakter der SPD. Als die Partei von 1998 bis 2005 mit Gerhard Schr\u00f6der zum letzten Mal den Bundeskanzler stellte, schuf sie mit der Agenda 2010 einen riesigen Niedriglohnsektor und setzte mit einer unternehmerfreundlichen Steuerreform eine gewaltige Umverteilung von unten nach oben in Gang. Gleichzeitig \u00f6ffnete sie mit dem ersten Kriegseinsatz der Bundeswehr in Jugoslawien die T\u00fcr f\u00fcr die R\u00fcckkehr des deutschen Militarismus.<\/p>\n<p>Nun mobilisiert die SPD mit Law-and-Order-Parolen rechte W\u00e4hlerschichten und wirbt f\u00fcr die Aufr\u00fcstung des Staatsapparats, um den wachsenden Widerstand gegen soziale Ungleichheit und Militarismus zu unterdr\u00fccken. Nachdem sie Bundeskanzlerin Merkel acht ihrer zw\u00f6lf Regierungsjahre als loyaler Koalitionspartner gedient hat, versucht sie nun, deren CDU rechts zu \u00fcberholen. Martin Schulz, der als Pr\u00e4sident des Europaparlaments das Spardiktat in Griechenland, die Abschottung der EU-Au\u00dfengrenzen gegen Fl\u00fcchtlinge sowie Milit\u00e4reins\u00e4tze im Nahen Osten und Afrika mit verantwortet hat, sieht sie daf\u00fcr als geeigneten Mann.<\/p>\n<p>Im M\u00e4rz hatte ein SPD-Parteitag Schulz mit 100 Prozent der Stimmen zum Parteivorsitzenden und Kanzlerkandidaten gew\u00e4hlt, und im Juni hatte ein weiterer Parteitag ein Wahlprogramm verabschiedet, das alle rechten Forderung enth\u00e4lt, die Schulz bei RTL nun in AfD-Manier zum Besten gab.&#8220;<\/span><\/p>\n<p>\u00dcbrigens: Die Sache mit den &#8222;Law and Order&#8220; war BEI WEITEM nicht der einzige Totalausfall des Wahlkampfauftritts von Martin Schulz. Die Jungs vom &#8222;Aufwachen-Podcast&#8220; haben seinen Auftritt <a href='https:\/\/aufwachen-podcast.de\/2017\/08\/15\/a226-auf-die-mappe' class='azc_bbc_url'>ganz hervorragend seziert<\/a> <img class='azc_bbc_image' src='https:\/\/www.rume.de\/smilies\/verehr.gif'  \/><\/p>\n<p>Aber hey: Auf der einen Seite Martin Schulz, auf der anderen Seite Olaf Scholz &#8211; ein noch besseres Team konnte die SPD nicht hervorbringen, um <a href='https:\/\/de.wikipedia.org\/wiki\/Novemberrevolution' class='azc_bbc_url'>mal wieder &#8222;den Bluthund&#8220; zu machen<\/a>, falls die Folgen der n\u00e4chsten Finanzkrise per Notstandsgesetz gegen die Bev\u00f6lkerung ausgerollt wird. Und weil die beiden von der SPD sind, werden sich die Gewerkschaften auch h\u00fcndisch ihrem Durchregieren unterwerfen, indem sie jeden Gegenprotest im Keim ersticken.<\/p>\n<p>Macht alles keinen guten Eindruck.<\/p>\n<p>&nbsp;<\/p>\n<p><a href='https:\/\/www.welt.de\/politik\/deutschland\/article167767812' class='azc_bbc_url'>Bundeswehr-Eliteeinheit KSK feiert mit Rechtsrock und Hitlergru\u00df<\/a><br \/>\nDie alten NS-Wehrmachts-Vorbilder m\u00fcssen der Bundeswehr nat\u00fcrlich erhalten bleiben. Gegen solche <span class='azc_bbc_italic'>&#8222;rein ideologischen S\u00e4uberungsaktionen&#8220;<\/span> wehrt man sich bei &#8222;der Truppe&#8220; stets mit allen Kr\u00e4ften.<\/p>\n<p>Und nur nochmal zur Erinnerung: Sollten sich in Deutschland soziale Proteste verst\u00e4rken, hat das Bundesverfassungsgericht den bewaffneten Einsatz der Bundeswehr zur Zerschlagung dieser Proteste genehmigt. Und welche Truppen daf\u00fcr eingesetzt werden, sieht man an Berichten wie diesem.<\/p>\n<p>&nbsp;<\/p>\n<p><a href='http:\/\/www.spiegel.de\/wirtschaft\/nigeria-wie-elektroschrott-aus-deutschland-das-land-verseucht-a-1155116.html' class='azc_bbc_url'>Deutscher Elektroschrott verseucht Nigeria<\/a><br \/>\nUns Deutschen ist das egal. Hauptsache abschieben, abschotten, weg damit. Scheissegal, wie es in der Heimat der Fl\u00fcchtenden aussieht. Ausl\u00e4nder raus, Ende des Denkverm\u00f6gens.<\/p>\n<p>Wir beuten die Menschen f\u00fcr Sklavenl\u00f6hne aus?<br \/>\nWir klauen mit Waffengewalt ihre Rohstoffe?<br \/>\nWir verseuchen ihre Heimat mit unseren M\u00fcll?<br \/>\nAlles abgesichert \u00fcber &#8222;Freihandelsabkommen&#8220;?<br \/>\nUnd alles nur n\u00f6tig wegen dem kapitalistischen System?<\/p>\n<p>Zu solchen Denkanstrengungen ist der Deutsche dank seiner Intelligenz <img class='azc_bbc_image' src='https:\/\/www.rume.de\/smilies\/clown.gif'  \/> gar nicht mehr f\u00e4hig.<\/p>\n<p>&nbsp;<\/p>\n<p><a href='http:\/\/www.nachdenkseiten.de\/?p=39651' class='azc_bbc_url'>Gestatten Sie mir eine dezente Dosis Zynismus<\/a><br \/>\nL E S E B E F E H L !!<\/p>\n<p>&nbsp;<\/p>\n<p><a href='https:\/\/heise.de\/-3804237' class='azc_bbc_url'>Die Energie- und Klimawochenschau<\/a><br \/>\nVon billigem Windstrom, wachsenden Unsicherheiten bei den Ausbaumengen, Konzernen die sich (<a href='http:\/\/www.bulling-schroeter.de\/buergerenergie-regeln-werden-missbraucht' class='azc_bbc_url'>wie DIE LINKE aufdeckte<\/a>) als B\u00fcrger-Projekte tarnen und einer zunehmenden D\u00fcrre-Gefahr auch in Europa. Und was mich im Bericht beunruhigt, dass sich die Anzeichen verdichten, dass sich der Golfstrom bereits abschw\u00e4cht. Wer nicht weiss, was das beudeutet, f\u00fcr den hat <a href='http:\/\/www.spiegel.de\/wissenschaft\/natur\/golfstrom-und-klimawandel-neue-zweifel-an-stabilitaet-der-ozeanzirkulation-a-1130801.html' class='azc_bbc_url'>das ehemalige Nachrichtenmagazin<\/a> ein paar interessante Details.<\/p>\n<p>&nbsp;<\/p>\n<p>Und zu guter Letzt:<\/p>\n<p><a href='https:\/\/unfugbilder.tumblr.com\/post\/164290283633\/um-bessere-spd-plakate-k%C3%BCmmert-sich-die-heute-show' class='azc_bbc_url'>Die besseren SPD-Plakate<\/a><br \/>\n<img class='azc_bbc_image' src='https:\/\/www.rume.de\/smilies\/nasiehste.gif'  \/><\/p>\n","protected":false},"excerpt":{"rendered":"<p>\/ Wenn der Lohn nicht zum Leben reicht \/ Mindestlohn bringt Sachsen mehr Vor- als Nachteile \/ Kommentar: Scherbenhaufen schwarz-roter Arbeitsmarktpolitik \/ Millionengehalt des Air-Berlin-Chefs ist abgesichert \/ Und auf einmal im Krankenhaus \/ Parteispenden: 300.000 Euro Schmiergeld f\u00fcr CDU, SPD und FDP \/ Erh\u00f6hte Radioaktivit\u00e4t: Bohrung in der Asse abgebrochen \/ Bisher inhaftierte G20-Demonstrantin &hellip; <a href=\"https:\/\/www.rume.de\/?p=311\" class=\"more-link\"><span class=\"screen-reader-text\">\u201eAufgelesen und kommentiert 2017-08-17\u201c <\/span>weiterlesen<\/a><\/p>\n","protected":false},"author":1,"featured_media":0,"comment_status":"open","ping_status":"closed","sticky":false,"template":"","format":"standard","meta":{"footnotes":""},"categories":[2],"tags":[],"class_list":["post-311","post","type-post","status-publish","format-standard","hentry","category-aufgelesen"],"_links":{"self":[{"href":"https:\/\/www.rume.de\/index.php?rest_route=\/wp\/v2\/posts\/311","targetHints":{"allow":["GET"]}}],"collection":[{"href":"https:\/\/www.rume.de\/index.php?rest_route=\/wp\/v2\/posts"}],"about":[{"href":"https:\/\/www.rume.de\/index.php?rest_route=\/wp\/v2\/types\/post"}],"author":[{"embeddable":true,"href":"https:\/\/www.rume.de\/index.php?rest_route=\/wp\/v2\/users\/1"}],"replies":[{"embeddable":true,"href":"https:\/\/www.rume.de\/index.php?rest_route=%2Fwp%2Fv2%2Fcomments&post=311"}],"version-history":[{"count":1,"href":"https:\/\/www.rume.de\/index.php?rest_route=\/wp\/v2\/posts\/311\/revisions"}],"predecessor-version":[{"id":312,"href":"https:\/\/www.rume.de\/index.php?rest_route=\/wp\/v2\/posts\/311\/revisions\/312"}],"wp:attachment":[{"href":"https:\/\/www.rume.de\/index.php?rest_route=%2Fwp%2Fv2%2Fmedia&parent=311"}],"wp:term":[{"taxonomy":"category","embeddable":true,"href":"https:\/\/www.rume.de\/index.php?rest_route=%2Fwp%2Fv2%2Fcategories&post=311"},{"taxonomy":"post_tag","embeddable":true,"href":"https:\/\/www.rume.de\/index.php?rest_route=%2Fwp%2Fv2%2Ftags&post=311"}],"curies":[{"name":"wp","href":"https:\/\/api.w.org\/{rel}","templated":true}]}}