{"id":309,"date":"2017-08-16T22:05:36","date_gmt":"2017-08-16T20:05:36","guid":{"rendered":"http:\/\/rume.katti.eu\/?p=309"},"modified":"2017-08-16T22:05:36","modified_gmt":"2017-08-16T20:05:36","slug":"aufgelesen-und-kommentiert-2017-08-16","status":"publish","type":"post","link":"https:\/\/www.rume.de\/?p=309","title":{"rendered":"Aufgelesen und kommentiert 2017-08-16"},"content":{"rendered":"<p>\/ Arbeitsfalle Minijob: Bundesverband warnt vor vorprogrammierter Altersarmut<br \/>\n\/ Zahl der Hartz-IV-Sanktionen steigt deutlich<br \/>\n\/ Air Berlin meldet Insolvenz an<br \/>\n\/ Zwei-Klassen-Medizin: Nicht nur ungerecht sondern auch teurer<br \/>\n\/ Merkel von vier &#8222;Youtubern&#8220; interviewt<br \/>\n\/ T\u00fcrkei-Politik: Gabriels Eigenlob stinkt zum Himmel<br \/>\n\/ EU toleriert das Sterben im Mittelmeer nicht nur &#8211; sie provoziert es<br \/>\n\/ Wie BILD zugunsten der AfD rassistische Wahlwerbung betreibt<br \/>\n\/ 25 Jahre Rostock-Lichtenhagen und die Verantwortung der Mainstreammedien<br \/>\n\/ Faschistischer Terror in Charlottesville: Die Komplizenschaft deutscher Politiker und Medien<br \/>\n\/ Presse nicht zugelassen: Aktion\u00e4re von Heckler &amp; Koch bleiben unter sich<br \/>\n\/ Spr\u00fcche auf Wahlplakaten<br \/>\n\/ Wenn die Glaubw\u00fcrdigkeit dahin ist<\/p>\n<p>&#8212;<\/p>\n<p><!--more--><\/p>\n<p><a href='http:\/\/www.gegen-hartz.de\/nachrichtenueberhartziv\/verband-warnt-vor-der-arbeitsmarktfalle-minijob.php' class='azc_bbc_url'>Arbeitsfalle Minijob: Bundesverband warnt vor vorprogrammierter Altersarmut<\/a><br \/>\nUnd was diese \u00dcberschrift noch verschweigt: Altersarmut betrifft bei weitem nicht nur Minijobber, sondern ALLE!<\/p>\n<p><span class='azc_bbc_italic'>&#8222;In Deutschland etwa lag die Armutsgef\u00e4hrdungsgrenze (60 Prozent des Medianeinkommens) 2015 bei 1033 Euro pro Monat. Die Armutsquote lag bei 16,7 Prozent der Bev\u00f6lkerung. 1998 betrug die Armutsquote 10,6 Prozent und ist seitdem stetig steigend&#8220;<\/span>, schreibt <a href='https:\/\/de.wikipedia.org\/wiki\/Armutsgrenze' class='azc_bbc_url'>Wikipedia<\/a> zur Armutsgrenze. Nach den bereits beschlossenen Rentengesetzen von CDU\/CSU\/SPD\/FDP\/GR\u00dcNE betr\u00e4gt eure Rente zuk\u00fcnftig nur noch 43 Prozent vom letzten Durchschnittslohn.<\/p>\n<p>Um die Armutsgrenze von 1.033 Euro im Monat erreichen zu k\u00f6nnen, m\u00fcsst ihr also grob gerechnet 2.400 Euro netto als Lohneinkommen erhalten. Und nicht vergessen: Wer weniger als 45 Jahre lang in die Rentenkasse einzahlt, hat auch noch Abschl\u00e4ge!<\/p>\n<p>Aber hey: Weit \u00fcber 80 Prozent der W\u00e4hler finden dieses Rentensystem v\u00f6llig genial und werden in sechs Wochen erneut ihre CDU\/CSU\/SPD\/FDP\/GR\u00dcNE ankreuzen <img class='azc_bbc_image' src='https:\/\/www.rume.de\/smilies\/sarkasm.gif'  \/><\/p>\n<p>&nbsp;<\/p>\n<p><a href='http:\/\/www.huffingtonpost.de\/2017\/08\/15\/hartz-iv-sanktionen-_n_17755984.html' class='azc_bbc_url'>Zahl der Hartz-IV-Sanktionen steigt deutlich<\/a><br \/>\n<span class='azc_bbc_italic'>&#8222;Jobcenter verh\u00e4ngten bis April \u00fcber 315.000 neue Hartz-IV-Sanktionen. Das waren 11.091 mehr als im gleichen Zeitraum 2016. Im Schnitt wurden den Betroffenen die Leistungen um 109 Euro gek\u00fcrzt. 7317 Hartz-Empf\u00e4nger bekamen \u00fcberhaupt keine Leistungen mehr. Viele Sanktionen seien dabei v\u00f6llig willk\u00fcrlich&#8220;<\/span>, berichtet die Huffington Post.<\/p>\n<p>Nein, nicht nur sind &#8222;viele&#8220; davon willk\u00fcrlich, sondern ALLE verfassungswidrig, wenn in Deutschland noch das Grundgesetz g\u00fcltig w\u00e4re. Denn das Bundesverfassungsgericht hatte den Regelsatz als Existenzminimum (!) festgesetzt. Zwar war auch dieses Urteil ein riesiger Justizskandal, denn alle Statistiken zeigen klipp und klar auf, dass die \u00c4rmsten in Deutschland immer tiefer in die Verschuldung rutschen und der Regelsatz daher schon rein logisch kein Existenzminimum darstellen kann, sondern eine versch\u00e4rfende Verarmung. W\u00fcrde das Bundesverfassungsgericht auf dem Boden des Grundgesetzes urteilen, h\u00e4tte es diesen vors\u00e4tzlich kleingerechneten Regelsatz niemals akzeptieren d\u00fcrfen.<\/p>\n<p><span class='azc_bbc_italic'>&#8222;Nach unseren Berechnungen muss der Hartz-IV-Regelsatz \u00fcber 400 Euro liegen&#8220;<\/span>, hatte <a href='http:\/\/www.taz.de\/!5135157' class='azc_bbc_url'>Andrea Nahles schon 2010 gepoltert<\/a>. Sieben Jahre sp\u00e4ter liegt er gerade einmal bei 409 Euro. Oder wie es die SPD sagt: <span class='azc_bbc_italic'>&#8222;Zeit f\u00fcr mehr Gerechtigkeit&#8220;<\/span> <img class='azc_bbc_image' src='https:\/\/www.rume.de\/smilies\/sarkasm.gif'  \/><\/p>\n<p>Aber selbst wenn man diesen betr\u00fcgerischen Regelsatz als Existenzminimum auslegt, darf es nicht noch zus\u00e4tzliche K\u00fcrzung geben. Punkt.<\/p>\n<p>Und vor allem: WOZU? Es gibt ohnehin nicht genug existenzsichernde Arbeitsstellen f\u00fcr alle. Die Diskussion \u00fcber eine gesellschaftliche Mindestteilhabe w\u00e4re in einem Rechtsstaat mit Grundrechten und gesetzlich verankerter Menschenw\u00fcrde deutlich eher angebracht, als alles andere.<\/p>\n<p>&nbsp;<\/p>\n<p><a href='http:\/\/www.wsws.org\/de\/articles\/2017\/08\/16\/airb-a16.html' class='azc_bbc_url'>Air Berlin meldet Insolvenz an<\/a><br \/>\nEine Insolvenz, die man als Kapitalist nat\u00fcrlich nutzen muss.<\/p>\n<p>&#8211; Arbeiter, die &#8222;zu hohe&#8220; Tarifl\u00f6hne erhalten, \u00fcber Teilverk\u00e4ufe in Billigbuden ohne Tarifvertrag abwerfen<br \/>\n&#8211; und die Teile des Betriebs, der nicht genug Profit abwirft, komplett dichtmachen<\/p>\n<p>Und damit keine grosse Unruhe entsteht, hat die Bundesregierung direkt 150 Millionen Euro bereitgestellt, um diesen Klassenkampf aus ihrem Bundestags-Wahlkampf heraushalten zu k\u00f6nnen. Nach der Wahl kann man dann ja immer noch lachend die Arbeiter in Hartz4 abwerfen. Genau daf\u00fcr haben ja schliesslich SPD und GR\u00dcNE (im Bundestag) sowie CDU\/CSU und FDP (im Bundesrat) die Hartz-Gesetze gemacht.<\/p>\n<p>Fr\u00fcher gab es ja mal Gewerkschaften, die sich gegen solche asozialen Machenschaften in den Weg stellten. Heute hingegen arbeiten Gewerkschaften und Betriebsr\u00e4te gemeinsam daran, wie sie am besten den Betrieb wieder in die Profitzone bringen k\u00f6nnen. Zu Lasten der Arbeiter selbstverst\u00e4ndlich.<\/p>\n<p>Und so \u00fcberrascht es auch nicht, wie sich die Gewerkschaft bei der (von langer Hand geplanten) Air-Berlin-Insolvenz verhalten. Zitat: <span class='azc_bbc_italic'>&#8222;Auch die Gewerkschaften erkl\u00e4rten ihre Bereitschaft, sich an der Zerlegung Air Berlins zu beteiligen, die tausende Besch\u00e4ftigte mit Jobverlust oder schlechteren Arbeitsbedingungen bedroht. Verdi-Vorstandsmitglied Christine Behle forderte die Einbeziehung der Gewerkschaften in die weiteren Planungen beim Insolvenzverfahren. Da Behle auch stellvertretende Vorsitzende des Lufthansa-Aufsichtsrats ist, d\u00fcrfte es kaum Zweifel geben, wessen Interessen sie in diesem Fall vertritt. Die Piloten-Gewerkschaft Vereinigung Cockpit (VC) tr\u00f6stete ihre Mitglieder damit, dass der Luftverkehr in Deutschland wachse. &#8222;Damit sind alle Voraussetzungen gegeben, diese deutschen Arbeitspl\u00e4tze zu erhalten&#8220;, beruhigte VC-Pr\u00e4sident Ilja Schulz, ohne zu erw\u00e4hnen, dass unz\u00e4hlige Piloten inzwischen unter Alptraum-Bedingungen arbeiten.&#8220;<\/span><\/p>\n<p>&nbsp;<\/p>\n<p><a href='https:\/\/www.freitag.de\/autoren\/ulrike-baureithel\/eine-fuer-alle' class='azc_bbc_url'>Zwei-Klassen-Medizin: Nicht nur ungerecht sondern auch teurer<\/a><br \/>\nNachdem nun sogar die Bertelsmann-Stiftung herausgefunden hat, dass es zutiefst asozial ist, wenn man private und gesetzliche Krankenkassen nebeneinander laufen l\u00e4sst &#8211; einmal zugunsten der Reichen und den gesetzlichen Rest f\u00fcr den P\u00f6bel &#8211; k\u00f6nnen wir dann auch endlich mal dieselbe Debatte bei der Rentenkasse beginnen? Ins gesetzliche Rentensystem zahlen n\u00e4mlich auch nur Lohnabh\u00e4ngige ein &#8211; aber keine Politiker, Anw\u00e4lte und Zahn\u00e4rzte.<\/p>\n<p>&nbsp;<\/p>\n<p><a href='https:\/\/propagandaschau.wordpress.com\/2017\/08\/16\/hier-ab-1330uhr-merkel-goes-youtube' class='azc_bbc_url'>Merkel von vier &#8222;Youtubern&#8220; interviewt<\/a><br \/>\nEin Totalflop, wie erwartet.<\/p>\n<p>&nbsp;<\/p>\n<p><a href='https:\/\/www.neues-deutschland.de\/artikel\/1060729.html' class='azc_bbc_url'>T\u00fcrkei-Politik: Gabriels Eigenlob stinkt zum Himmel<\/a><br \/>\n<span class='azc_bbc_italic'>&#8222;Die neue deutsche T\u00fcrkei-Politik wirkt. Das wenigstens meint der Au\u00dfenminister und tut es drum im Gespr\u00e4ch mit dem \u00bbK\u00f6lner Stadt-Anzeiger\u00ab kund. Zuerst ist das nat\u00fcrlich ein Eigenlob zu Wahlkampfzeiten. Denn es war ja Gabriel selbst, der die \u00bbKurs\u00e4nderung\u00ab gegen\u00fcber der T\u00fcrkei im Juli verk\u00fcndete. Viel passiert ist seither nicht, zumindest nicht bei der Freilassung von Deniz Y\u00fccel, Mesale Tolu oder Peter Steudtner. Von t\u00fcrkischen Oppositionellen, die gerade im Stundentakt in den Knast wandern, gar nicht zu reden. Auch hier keine Verbesserung, nirgends. Man fragt sich: Gehts noch, Gabriel?<\/p>\n<p>Es geht. Denn die Gefangenen werden in besagtem Interview einfach nicht erw\u00e4hnt, mit keiner Silbe. Vielmehr geht es um: die deutsche Wirtschaft. Als Beleg f\u00fcr die Wirksamkeit des \u00bbDrucks\u00ab f\u00fchrt der Minister den R\u00fcckzug jener Terrorliste an, auf der 680 deutsche Firmen standen. Recht hat er ja. Da hat die T\u00fcrkei gekuscht &#8211; allerdings nur da. Interessant ist: Diese Liste tauchte zur gleichen Zeit auf, als Steudtner verhaftet wurde. Der offizielle Grund f\u00fcr die \u00bbNeuausrichtung\u00ab der T\u00fcrkei-Politik war die Verhaftung des Menschenrechtlers. Kritische Geister haben allerdings schon vermutet, dass vielmehr die Liste die scharfen T\u00f6ne gegen\u00fcber Ankara ausgel\u00f6st hat. Diesen ekligen Zynismus &#8211; erst wenn es um deutsches Kapital geht, bewegt sich was und das reicht der Bundesregierung dann auch &#8211; hat Gabriel nun erfrischend ehrlich best\u00e4tigt.&#8220;<\/span><\/p>\n<p>\u00dcbrigens hat Sigmar Gabriel auch noch den Spruch des Tages abgeliefert (Zitat): <span class='azc_bbc_italic'>&#8222;Wir gedenken der Mauertoten und sind froh, dass wir in der EU heute ohne Mauern auskommen.&#8220;<\/span> Und kein einziger Qualit\u00e4tsjournalist hat ihm diese Worte angesichts der milit\u00e4risch abgeriegelten EU-Aussengrenzen um die Ohren geschlagen.<\/p>\n<p>Und dazu passt:<\/p>\n<p><a href='https:\/\/www.freitag.de\/autoren\/anne-hoehn\/ein-menschenverachtender-pakt' class='azc_bbc_url'>EU toleriert das Sterben im Mittelmeer nicht nur &#8211; sie provoziert es<\/a><br \/>\n\u00dcber 100 Millionen Euro von unserem Steuergeld hat die CDU- und SPD-gef\u00fchrte EU bereits <a href='https:\/\/www.youtube.com\/watch?v=oOKER6qx5hQ' class='azc_bbc_url'>an libysche Milizen ausgezahlt<\/a>, damit sie Fl\u00fcchtlinge abfangen und in ihren Folterlagern konzentriert. Langfristig werden bis zu 20 Milliarden Euro von den libyschen Milizen angefordert, wof\u00fcr man vorab schon einmal zeigte, wozu man f\u00e4hig ist. \u00dcber Nacht wurde die Seegrenze von 12 auf \u00fcber 70 Meilen ausgedehnt, in denen man nun fl\u00fcchtende Menschen abgreift &#8211; und dabei auch mit scharfer Munition auf Seenotretter schoss. Vollkommen egal, ob diese sich im internationalen Gew\u00e4sser befanden. <span class='azc_bbc_italic'>&#8222;Das aggressive Vorgehen der K\u00fcstenwache veranlasste jetzt auch die deutsche NGO &#8222;Sea Watch&#8220;, &#8222;\u00c4rzte ohne Grenzen&#8220; und die Hilfsorganisation &#8222;Save the Children&#8220; dazu ihre Rettungsarbeit vorerst einzustellen. Die Gefahr f\u00fcr die Crew sei zu gro\u00df. Fl\u00fcchtende, die jetzt in dem Mittelmeergebiet aufgegriffen werden m\u00fcssen damit rechnen in das von B\u00fcrgerkrieg gebeutelte Libyen zur\u00fcckgebracht zu werden, wo ihnen Terror, Folter und Vergewaltigung drohen.&#8220;<\/span><\/p>\n<p>Der Friedensnobelpreistr\u00e4ger EU zeigt damit deutlich: <span class='azc_bbc_italic'>&#8222;Wir wollen keine Rettung. Lieber tote Gefl\u00fcchtete, als solche, die bei uns ankommen.&#8220;<\/span><\/p>\n<p>&nbsp;<\/p>\n<p><a href='http:\/\/uebermedien.de\/18950\/arabisch-kommt-uns-nicht-in-die-schule' class='azc_bbc_url'>Wie BILD zugunsten der AfD rassistische Wahlwerbung betreibt<\/a><br \/>\nMuss man nicht weiter kommentieren.<\/p>\n<p>&nbsp;<\/p>\n<p><a href='https:\/\/www.jungewelt.de\/artikel\/316408.html' class='azc_bbc_url'>25 Jahre Rostock-Lichtenhagen und die Verantwortung der Mainstreammedien<\/a><br \/>\nDamals hetzten die Massenmedien wie SPIEGEL, FAZ und BILD die Bev\u00f6lkerung gegen Ausl\u00e4nder auf, indem sie Titelbilder mit <a href='http:\/\/blog.zeit.de\/stoerungsmelder\/files\/2012\/07\/Spiegel-Cover1.jpg' class='azc_bbc_url'>&#8220;Das Boot ist voll&#8220;<\/a>, sowie Schlagzeilen wie &#8222;Jede Minute ein neuer Asylant&#8220;, &#8222;Fl\u00fcchtlingswellen&#8220; und &#8222;Asyltouristen&#8220; produzierten.<\/p>\n<p>Ein voller Erfolg, denn anschliessend konnten die Medien ihre herbei geschriebenen Brandanschl\u00e4ge und Mordversuche gegen Ausl\u00e4nder bejubeln.<\/p>\n<p>Und die heutige Berichterstattung?<\/p>\n<p>&#8211; \u00fcber Fl\u00fcchtlinge wird quasi nur noch in Verbindung mit Angst, Gewalt und Terror berichtet<br \/>\n&#8211; \u00fcber Ausl\u00e4nderkriminalit\u00e4t wird viermal \u00f6fter berichtet als \u00fcber deutsche Kriminelle<br \/>\n&#8211; Waffenfund bei Ausl\u00e4ndern = deutschlandweite Terrorwarnung \/ Waffenfund bei Deutschen = Lokalzeitung<br \/>\n&#8211; Pegida und rechte Hetzer von CDU\/CSU\/SPD\/FDP\/GR\u00dcNE sind in allen Medien pr\u00e4sent<br \/>\n&#8211; jede Abschottungsmassnahme, selbst die blutigste, wird wohlwollend wegmoderiert<br \/>\n&#8211; Integrationsprobleme sind immer Schuld der Fl\u00fcchtlinge, nie der (kaputtgesparten) Verwaltung<br \/>\n&#8211; die fl\u00fcchtenden Menschen selbst kommen praktisch \u00fcberhaupt nicht zu Wort<br \/>\n&#8211; was den Menschen passiert, denen die Flucht misslingt, wird verschwiegen<br \/>\n&#8211; und \u00fcber Fluchtgr\u00fcnde (Ausbeutung, Krieg, oder kurz: Kapitalismus) und die m\u00f6gliche \u00dcberwindung findet sich nichts<\/p>\n<p>Zitat: <span class='azc_bbc_italic'>&#8222;So h\u00e4tten Hunderte unter den \u00bb6.000 johlenden Neonazis in Themar den Hitlergru\u00df zeigen\u00ab und \u00bbSieg Heil!\u00ab br\u00fcllen k\u00f6nnen, ohne dass die Polizei dagegen nennenswert eingeschritten sei &#8211; im Mainstream sei zwar das Nazikonzert vorgekommen, das Versagen des Staates jedoch allenfalls am Rande. Auch \u00fcber die Beteiligung \u00bbstaatlicher Stellen am NSU\u00ab, der Mord- und Terrororganisation \u00bbNationalsozialistischer Untergrund\u00ab, wird viel zu wenig pr\u00e4zise berichtet. Zudem sei in der BRD im Schnitt \u00bbjeden Tag ein Angriff auf ein Asylwohnheim\u00ab zu verzeichnen, ohne dass dem inhaltlich Rechnung getragen w\u00fcrde.&#8220;<\/span><\/p>\n<p>Dazu passt auch:<\/p>\n<p><a href='http:\/\/www.wsws.org\/de\/articles\/2017\/08\/16\/char-a16.html' class='azc_bbc_url'>Faschistischer Terror in Charlottesville: Die Komplizenschaft deutscher Politiker und Medien<\/a><br \/>\n<span class='azc_bbc_italic'>&#8222;In Wirklichkeit sind die gleichen Politiker und Zeitungen, die sich jetzt \u00fcber &#8222;Trumps \u00fcbles Kalk\u00fcl&#8220; (Frankfurter Allgemeine Zeitung) emp\u00f6ren, mitverantwortlich daf\u00fcr, dass auch in Deutschland und Europa wieder extrem rechte und faschistische Kr\u00e4fte ihr Haupt erheben und offensiv auftreten. Im Bundestagswahlkampf vergeht kaum ein Tag, an dem nicht f\u00fchrende Politiker und Medien in AfD-Manier gegen Fl\u00fcchtlinge hetzen, Nationalismus sch\u00fcren und an den braunen Bodensatz der Gesellschaft appellieren, um ihre Politik des Militarismus, der inneren Aufr\u00fcstung und des Sozialabbaus durchzusetzen.<\/p>\n<p>Vor allem die SPD und ihr Kanzlerkandidat Martin Schulz f\u00fchren ihren Wahlkampf auf dieser Grundlage. Der Sozialdemokrat Maas, der jetzt den Emp\u00f6rten spielt, hatte nach den Demonstrationen gegen den G20-Gipfel in Hamburg die Einrichtung einer europ\u00e4ischen Extremistendatei f\u00fcr Linksradikale und mit einem &#8222;Rock gegen Links&#8220;-Konzert sympathisiert. Offensichtlich dadurch ermutigt, organisierten Rechtsradikale Mitte Juli in Th\u00fcringen tats\u00e4chlich ein Festival &#8222;Rock gegen \u00dcberfremdung&#8220;, das zu einem der gr\u00f6\u00dften Neonazi-Treffen der letzten Jahrzehnte in ganz Europa ausartete. Unter dem Schutz der Polizei und der rot-rot-gr\u00fcnen Landesregierung ver\u00fcbten die Rechtsextremisten Straftaten, zeigten wie in Charlottesville zu Hunderten den Hitlergru\u00df und skandierten &#8222;Sieg Heil&#8220;.<\/p>\n<p>Derartige faschistische Ausschreitungen, die von der Polizei toleriert werden, und rechtsradikale Terrorakte haben in den letzten Jahren in Deutschland massiv zugenommen. So \u00fcberfielen am 11. Januar 2016 hunderte organisierte Rechtsradikale den links-alternativen Stadtteil Connewitz in Leipzig und zerst\u00f6rten mehr als zwanzig Gesch\u00e4fte, Bars und ein t\u00fcrkisches Restaurant. Der faschistische Terror, der stark an die Ereignisse in Charlottesville erinnerte, ging mit einer Demonstration von Legida, dem Leipziger Ableger der rechtsxtremen Pegida, einher. Politik und die Medien hatten die rassistisch aufgeladene Atmosph\u00e4re im Vorfeld angeheizt. Anfang 2016 hatten sich Vertreter aller Bundestagsparteien f\u00fcr einen Dialog mit Pegida-Anh\u00e4ngern ausgesprochen, die Ereignisse rund um die Silvesternacht in K\u00f6ln aufgebauscht und so die Hetze gegen Migranten und Muslime versch\u00e4rft.&#8220;<\/span> <a href='http:\/\/www.wsws.org\/de\/articles\/2017\/08\/16\/char-a16.html' class='azc_bbc_url'>Weiterlesen&#8230;<\/a><\/p>\n<p>&nbsp;<\/p>\n<p><a href='http:\/\/www.faz.net\/aktuell\/wirtschaft\/unternehmen\/waffenhersteller-heckler-koch-schliesst-die-presse-aus-15152449.html' class='azc_bbc_url'>Presse nicht zugelassen: Aktion\u00e4re von Heckler &amp; Koch bleiben unter sich<\/a><br \/>\nSehr sch\u00f6ne Aktion \u00fcbrigens von den Friedensaktivisten <img class='azc_bbc_image' src='https:\/\/www.rume.de\/smilies\/verehr.gif'  \/><\/p>\n<p>Und zu guter Letzt:<\/p>\n<a href='http:\/\/www.titanic-magazin.de\/fileadmin\/content\/Typisch.jpg' class='azc_bbc_url'>Spr\u00fcche auf Wahlplakaten<\/a>\n<p>Und als Bonus:<\/p>\n<p><a href='http:\/\/sakurai-cartoons.de\/\/images\/g_eingebauteflaute.gif' class='azc_bbc_url'>Wenn die Glaubw\u00fcrdigkeit dahin ist<\/a><br \/>\n<img class='azc_bbc_image' src='https:\/\/www.rume.de\/smilies\/nasiehste.gif'  \/><\/p>\n","protected":false},"excerpt":{"rendered":"<p>\/ Arbeitsfalle Minijob: Bundesverband warnt vor vorprogrammierter Altersarmut \/ Zahl der Hartz-IV-Sanktionen steigt deutlich \/ Air Berlin meldet Insolvenz an \/ Zwei-Klassen-Medizin: Nicht nur ungerecht sondern auch teurer \/ Merkel von vier &#8222;Youtubern&#8220; interviewt \/ T\u00fcrkei-Politik: Gabriels Eigenlob stinkt zum Himmel \/ EU toleriert das Sterben im Mittelmeer nicht nur &#8211; sie provoziert es \/ &hellip; <a href=\"https:\/\/www.rume.de\/?p=309\" class=\"more-link\"><span class=\"screen-reader-text\">\u201eAufgelesen und kommentiert 2017-08-16\u201c <\/span>weiterlesen<\/a><\/p>\n","protected":false},"author":1,"featured_media":0,"comment_status":"open","ping_status":"closed","sticky":false,"template":"","format":"standard","meta":{"footnotes":""},"categories":[2],"tags":[],"class_list":["post-309","post","type-post","status-publish","format-standard","hentry","category-aufgelesen"],"_links":{"self":[{"href":"https:\/\/www.rume.de\/index.php?rest_route=\/wp\/v2\/posts\/309","targetHints":{"allow":["GET"]}}],"collection":[{"href":"https:\/\/www.rume.de\/index.php?rest_route=\/wp\/v2\/posts"}],"about":[{"href":"https:\/\/www.rume.de\/index.php?rest_route=\/wp\/v2\/types\/post"}],"author":[{"embeddable":true,"href":"https:\/\/www.rume.de\/index.php?rest_route=\/wp\/v2\/users\/1"}],"replies":[{"embeddable":true,"href":"https:\/\/www.rume.de\/index.php?rest_route=%2Fwp%2Fv2%2Fcomments&post=309"}],"version-history":[{"count":1,"href":"https:\/\/www.rume.de\/index.php?rest_route=\/wp\/v2\/posts\/309\/revisions"}],"predecessor-version":[{"id":310,"href":"https:\/\/www.rume.de\/index.php?rest_route=\/wp\/v2\/posts\/309\/revisions\/310"}],"wp:attachment":[{"href":"https:\/\/www.rume.de\/index.php?rest_route=%2Fwp%2Fv2%2Fmedia&parent=309"}],"wp:term":[{"taxonomy":"category","embeddable":true,"href":"https:\/\/www.rume.de\/index.php?rest_route=%2Fwp%2Fv2%2Fcategories&post=309"},{"taxonomy":"post_tag","embeddable":true,"href":"https:\/\/www.rume.de\/index.php?rest_route=%2Fwp%2Fv2%2Ftags&post=309"}],"curies":[{"name":"wp","href":"https:\/\/api.w.org\/{rel}","templated":true}]}}