{"id":307,"date":"2017-08-15T20:46:33","date_gmt":"2017-08-15T18:46:33","guid":{"rendered":"http:\/\/rume.katti.eu\/?p=307"},"modified":"2017-08-15T20:46:33","modified_gmt":"2017-08-15T18:46:33","slug":"aufgelesen-und-kommentieren-2017-08-15","status":"publish","type":"post","link":"https:\/\/www.rume.de\/?p=307","title":{"rendered":"Aufgelesen und kommentieren 2017-08-15"},"content":{"rendered":"<p>\/ Immer mehr Menschen sind in M\u00fcnchen obdachlos<br \/>\n\/ Alten- und Pflegeheime f\u00fcr Finanzinvestoren immer interessanter<br \/>\n\/ Der Arbeitskr\u00e4ftemangel ist schlimmer als der Brexit<br \/>\n\/ Merkels Hose und die Angst der Deutschen<br \/>\n\/ Dax-Konzerne kassieren so viel wie noch nie<br \/>\n\/ Parteispenden: Das Kapital hat schon gew\u00e4hlt<br \/>\n\/ LINKE-Politikerin Halina Wawzyniak erkl\u00e4rt SED zur rechten Partei<br \/>\n\/ Der wahre Skandal hinter Dieselgate: der \u00d6lpreis<br \/>\n\/ G20-Gipfel in Hamburg: Die M\u00e4r von der &#8222;linksextremen&#8220; Gewalt<br \/>\n\/ OLG Dresden: Antifaschist Tim H. endg\u00fcltig frei<br \/>\n\/ Fl\u00fcchtlinge stranden mit Schlauchboot am spanischen Urlaubsstrand<br \/>\n\/ Wahlplakat &#8211; Kleines Missverst\u00e4ndnis<\/p>\n<p>&#8212;<\/p>\n<p><!--more--><\/p>\n<p><a href='http:\/\/www.sueddeutsche.de\/muenchen\/obdachlosigkeit-immer-mehr-menschen-sind-in-muenchen-obdachlos-1.3626836' class='azc_bbc_url'>Immer mehr Menschen sind in M\u00fcnchen obdachlos<\/a><br \/>\nIst der Kapitalismus nicht toll? <img class='azc_bbc_image' src='https:\/\/www.rume.de\/smilies\/sarkasm.gif'  \/><\/p>\n<p>&nbsp;<\/p>\n<p><a href='http:\/\/www.deutschlandfunk.de\/reiz-fuer-investoren-renditeobjekt-pflegeheim.769.de.html?dram:article_id=393481' class='azc_bbc_url'>Alten- und Pflegeheime f\u00fcr Finanzinvestoren immer interessanter<\/a><br \/>\nDas ist eben die Kernfrage:<\/p>\n<p>&#8211; Wollen wir eine Gesundheits- und Pflegebranche, bei der die Menschen das Wichtigste sind?<br \/>\n&#8211; Wollen wir eine Gesundheits- und Pflegebranche, bei der maximaler Profit f\u00fcr Superreiche abf\u00e4llt?<\/p>\n<p>Falls das Erste gew\u00fcnscht ist, m\u00fcsste das Krankenhaus- und Pflegepersonal in ausreichender Personalst\u00e4rke ausgestattet werden, deren L\u00f6hne ein selbstbestimmtes Leben erm\u00f6glichen, bei Krankheiten nicht nach Fallpauschalen sondern nach bestem Wohl zur Genesung gearbeitet werden &#8211; und das System darf nicht auf Gewinn ausgelegt werden, sondern die Finanzierung muss den Anforderungen folgen. Das schliesst \u00fcbrigens Effizienz nicht aus, wenn man entsprechende Vorschriften und Kontrollen einbaut.<\/p>\n<p>Tja und das Zweite haben wir jetzt und heute. Privatisierungen zugunsten von reichen Investoren, Lohndumping und viel zu wenig Personal zur Profitmaximierung, marktgerechte Abfertigung der Patienten &#8211; und Reiche, die sich dank Privatversicherung vom sozialen Miteinander abkoppeln und stattdessen sogar eine bessere Versorgung f\u00fcr sich beanspruchen. Und das vor unser aller Augen, die f\u00fcr Zahnersatz, Brillen und Medikamente drastisch draufzahlen m\u00fcssen. All dies wurde durch unz\u00e4hlbare Gesundheitsreformen von CDU\/CSU\/SPD\/FDP\/GR\u00dcNE immer asozialer ausgestaltet &#8211; und wird von weit \u00fcber 80 Prozent aller W\u00e4hler erneut angekreuzt.<\/p>\n<p>Welchen IQ soll man einer solchen Bev\u00f6lkerung zugute halten?<\/p>\n<p>&nbsp;<\/p>\n<p><a href='http:\/\/www.zeit.de\/wirtschaft\/2017-08\/fachpersonal-arbeitskraeftemangel-dihk-praesident-problem-wirtschaftswachstum' class='azc_bbc_url'>Der Arbeitskr\u00e4ftemangel ist schlimmer als der Brexit<\/a><br \/>\nAch ja, Fachkr\u00e4ftemangel-Propaganda die 6.438ste <img class='azc_bbc_image' src='https:\/\/www.rume.de\/smilies\/laugh.gif'  \/> Mal eben schnell meinen Gegenfrage-Katalog dagegen ausgerollt:<\/p>\n<p>Frage 1: In welcher Branche?<br \/>\nZitat: <span class='azc_bbc_italic'>&#8222;Vor allem im Baugewerbe wird mehr Personal ben\u00f6tigt.&#8220;<\/span><\/p>\n<p>Und da wir im Land von Angebot und Nachfrage leben:<\/p>\n<p>Frage 2: Steigen die L\u00f6hne dort bereits \u00fcberproportional?<br \/>\nAntwort: <a href='http:\/\/www.bauindustrie.de\/zahlen-fakten\/bauwirtschaft-im-zahlenbild\/loehne-und-lohnzusatzkosten-im-bauhauptgewerbe_bwz' class='azc_bbc_url'>Nicht wirklich<\/a> <img class='azc_bbc_image' src='https:\/\/www.rume.de\/smilies\/laugh.gif'  \/> Von 10 Euro im Jahr 1991 auf nunmehr 19 Euro im Jahr 2017 bedeutet eine &#8222;Steigerung&#8220; von 2,5 Prozent j\u00e4hrlich, von der man auch noch die Inflation wieder abziehen muss. Und f\u00fcr die Steigerung in den vergangenen zwei\/drei Jahren muss man schon ein Lineal an den Monitor halten, um irgendeinen Trend erkennen zu k\u00f6nnen. Ach ja und bei den Bauingenieuren <a href='http:\/\/www.ingenieurkarriere.de\/var\/storage\/images\/media\/images\/artikelbilder\/gehalt\/gehaelter-im-baugewerbe-2016\/6914944-1-ger-DE\/Gehaelter-im-Baugewerbe-2016_full_column.png' class='azc_bbc_url'>geht es sogar bergab<\/a>.<\/p>\n<p>Das sind zwei ganz einfache Fragen, die jeder Journalist auch stellen k\u00f6nnte, wenn er Journalismus machen will. Stattdessen bekommt man aber (wie so oft) nur einseitige Propaganda vor die Nase gesetzt &#8211; und wundert sich anschliessend, dass es kaum einen Beruf mehr gibt, der noch mehr Verachtung geniesst.<\/p>\n<p>Denn wer kennt ihn nicht, den Satz: <span class='azc_bbc_italic'>&#8222;Ich weiss nicht, ob es stimmt. Es stand so in der Zeitung.&#8220;<\/span><\/p>\n<p>Tiefer KANN Journalismus (!) nicht mehr sinken.<\/p>\n<p>&nbsp;<\/p>\n<p><a href='http:\/\/www.spiegel.de\/politik\/deutschland\/angela-merkels-hose-und-die-angst-der-deutschen-kolumne-a-1162748.html' class='azc_bbc_url'>Merkels Hose und die Angst der Deutschen<\/a><br \/>\nDas ehemalige Nachrichtenmagazin schreibt: <span class='azc_bbc_italic'>&#8222;Merkels Politikstil vermeidet Auseinandersetzungen, weil jede Auseinandersetzung voraussetzt, dass es \u00fcberhaupt etwas gibt, \u00fcber das man sich auseinandersetzen kann &#8211; also Alternativen. Die Leute sollen sich nicht interessieren, sie sollen sich nicht engagieren und am besten gar nicht zur Wahl gehen &#8211; aber die von der Gegenseite noch weniger. Merkel und ihren Leuten ist es gelungen, diese Strategie nicht nur auf die W\u00e4hler anzuwenden sondern gleich auf die ganze \u00d6ffentlichkeit. Auch die Journalisten sind inzwischen weitgehend demobilisiert.&#8220;<\/span><\/p>\n<p>Ich kann diesen Mist nicht mehr h\u00f6ren.<\/p>\n<p>Es ist nicht Merkel, die daran Schuld hat, sondern die Medien. Es gibt jeden Tag etwas gegen die Merkel-Regierung anzuprangern, wenn man sich auf das Fundament der Mitmenschlichkeit stellen w\u00fcrde. Das beweist mein kleines bescheidenes Blog hier doch mehr als eindeutig, welches ich ja sogar nur als Hobby nebenbei betreibe. Wie viel mehr k\u00f6nnte allein ein \u00f6ffentlich-rechtlicher Medienapparat, der jedes Jahr mit acht Milliarden Euro geflutet wird, dann also aufbieten? Und vor allem immer wieder bissig nachhaken!<\/p>\n<p>Journalisten, die sich <span class='azc_bbc_italic'>&#8222;weitgehend demobilisieren lassen&#8220;<\/span>, haben schlicht ihren Beruf verfehlt. Denn solche Demobilisierung ist die Absicht der Herrschenden, damit keine Unruhen \u00fcber die schreiende Ungerechtigkeiten aufkommen. Und wer als Journalist bei dieser Einschl\u00e4ferung mitmacht, betreibt Propaganda der Herrschenden. Sch\u00f6n, dass das ehemalige Nachrichtenmagazin ganz offen zugibt, dass die Qualit\u00e4tsjournaille <span class='azc_bbc_italic'>&#8222;inzwischen weitgehend&#8220;<\/span> Propaganda statt Journalismus betreibt.<\/p>\n<p>Konfliktpotentiale g\u00e4be es mehr als genug. Ich stelle mein Blog daf\u00fcr als Denkanstoss gerne zur Verf\u00fcgung <img class='azc_bbc_image' src='https:\/\/www.rume.de\/smilies\/nasiehste.gif'  \/><\/p>\n<p>&nbsp;<\/p>\n<p><a href='http:\/\/www.spiegel.de\/wirtschaft\/unternehmen\/dax-konzerne-machen-laut-wirtschaftspruefer-ey-rekordgewinne-a-1162769.html' class='azc_bbc_url'>Dax-Konzerne kassieren so viel wie noch nie<\/a><br \/>\nSeht ihr: Geld ist niemals weg. Es stopft sich nur jemand anders in seine Taschen. Und wenn die Gewerkschaften sich mit Zweikommanochwas als Lohn&#8220;erh\u00f6hung&#8220; <img class='azc_bbc_image' src='https:\/\/www.rume.de\/smilies\/clown.gif'  \/> zufrieden geben, knallen bei den Managern und Aktion\u00e4ren eben die Sektkorken.<\/p>\n<p>Aber bevor jetzt ein Gewerkschafter auf dumme Ideen kommt und h\u00f6here L\u00f6hne fordert &#8211; seht doch nur, da hinten, die dunklen Wolken der Konjunktur. Da d\u00fcrfen wir den heutigen kleinen Aufschwung doch nicht sofort wieder mit \u00fcberzogenen Lohnforderungen kaputtmachen <img class='azc_bbc_image' src='https:\/\/www.rume.de\/smilies\/sarkasm.gif'  \/><\/p>\n<p>&nbsp;<\/p>\n<p><a href='https:\/\/www.freitag.de\/autoren\/felix-werdermann\/das-kapital-gibt-am-liebsten-den-kindern' class='azc_bbc_url'>Parteispenden: Das Kapital hat schon gew\u00e4hlt<\/a><br \/>\nZusammen weit \u00fcber 3 Millionen Euro nur an Gro\u00dfspenden f\u00fcr CDU\/CSU und FDP allein in diesem Jahr sprechen eine deutliche Sprache, welche Parteien die Superreichen gerne als n\u00e4chste Bundesregierung sehen wollen. Wer die Superreichen also gerne noch reicher machen will, sollte also ebenfalls CDU\/CSU und FDP w\u00e4hlen.<\/p>\n<p>&nbsp;<\/p>\n<p><a href='https:\/\/www.welt.de\/politik\/deutschland\/article167648972\/Linke-Abgeordnete-erklaert-SED-zur-rechten-Partei.html' class='azc_bbc_url'>LINKE-Politikerin Halina Wawzyniak erkl\u00e4rt SED zur rechten Partei<\/a><br \/>\nW\u00e4re mal interessant zu wissen, wie sie ihre eigene Partei bezeichnet, die in den Bundesl\u00e4ndern Th\u00fcringen, Berlin und Brandenburg neulich der Autobahnprivatisierung zugestimmt haben. Oder die auf Bundesebene &#8222;keine Rettung der Banken auf Kosten der B\u00fcrger&#8220; verk\u00fcndet, aber unter Rot-Rot in Berlin jeden einzelnen verzockten Euro der Landesbank rettete und im Gegenzug daf\u00fcr den sozialen Wohnungsbau privatisierte und aus dem Fl\u00e4chentarifvertrag ausstieg, um die L\u00f6hne senken zu k\u00f6nnen. Und was sie von ihrer Partei h\u00e4lt, die h\u00f6here Mindestl\u00f6hne und das Ende der Geringerbezahlung der Ostdeutschen fordert, in den neuen Bundesl\u00e4ndern selbst als Regierungspartei aber keinen einzigen Finger daf\u00fcr krumm macht.<\/p>\n<p>Nat\u00fcrlich war die SED im Kern eine rechte Partei, die Herrschaft aus\u00fcbte und Unrecht zu Gesetz machte. Aber ist DIE LINKE \u00fcberhaupt links? Beim Spr\u00fccheklopfen sicherlich, aber real?<\/p>\n<p>&nbsp;<\/p>\n<p><a href='http:\/\/www.heise.de\/-3801714' class='azc_bbc_url'>Der wahre Skandal hinter Dieselgate: der \u00d6lpreis<\/a><br \/>\nDiesel verbieten? Reicht das denn? Muss man nicht auch <a href='http:\/\/www.maz-online.de\/Lokales\/Ostprignitz-Ruppin\/Kat-Pflicht-fuer-Rasenmaeher' class='azc_bbc_url'>Rasenm\u00e4her verbieten<\/a>? Oder <a href='http:\/\/www.zeit.de\/mobilitaet\/2014-06\/luftfahrt-subventionen-flugzeug\/komplettansicht' class='azc_bbc_url'>den Billigflieger nach Malle<\/a>? Oder <a href='https:\/\/www.welt.de\/dieweltbewegen\/sonderveroeffentlichungen\/article118988228\/Das-schmutzigste-Gewerbe-der-Welt-bleibt-auf-Kurs.html' class='azc_bbc_url'>den Schiffsverkehr<\/a>? Oder <a href='https:\/\/klima-luegendetektor.de\/tag\/formel-1' class='azc_bbc_url'>die Formel Eins und sonstige Rennveranstaltungen<\/a>?<\/p>\n<p><span class='azc_bbc_italic'>&#8222;In solche Widerspr\u00fcche verstrickt man sich, wenn man einerseits den Menschen nahe bringen will, sie sollten auf die Nutzung fossiler Energietr\u00e4ger weitgehend verzichten, sich aber nicht traut zu sagen, was das wirklich hei\u00dft bzw. was das wirklich kostet. Um Kosten geht es n\u00e4mlich in erster Linie. Weil fossile Energietr\u00e4ger &#8222;nichts&#8220; kosten, werden sie auf Teufel komm raus verfeuert wie die obigen Beispiele zeigen. Wer ernsthafte Klimapolitik betreiben will, muss sie teuer machen, alles andere ist Schall und Rauch.<\/p>\n<p>Man kann tausendmal \u00fcber die Millionen von Produkten klagen, die um die halbe Welt fliegen, um dann irgendwann in unseren Superm\u00e4rkten und auf unseren Tellern zu landen. So lange der Transport quasi nichts kostet, wird das weitergehen bis zum Sankt Nimmerleinstag.<\/p>\n<p>Mit der Preiswende kann man auf nationaler Ebene beginnen, wenn man es wirklich ernst meint, indem man die Steuern auf alle Produkte systematisch und langandauernd erh\u00f6ht, die mit Hilfe von fossilen Energietr\u00e4gern hergestellt werden. Das funktioniert aber nur, wenn auch die Industrie voll belastet und nicht, wie bei der deutschen Energiewende, weitgehend geschont wird. Und wenn man die sich daraus ergebenden Belastungen f\u00fcr die privaten Haushalte einigerma\u00dfen gerecht verteilt, was hei\u00dft, dass die \u00e4rmeren Haushalte entsprechend ihrer relativen Mehrbelastung durch h\u00f6here Energiepreise direkt \u00fcber das Steuersystem eine Kompensation bekommen.&#8220;<\/span> <a href='http:\/\/www.heise.de\/-3801714' class='azc_bbc_url'>Weiterlesen&#8230;<\/a><\/p>\n<p>&nbsp;<\/p>\n<p><a href='http:\/\/www.wsws.org\/de\/articles\/2017\/08\/15\/hamb-a15.html' class='azc_bbc_url'>G20-Gipfel in Hamburg: Die M\u00e4r von der &#8222;linksextremen&#8220; Gewalt<\/a><br \/>\nPraktisch nichts von dem, was die Polizei behauptete, entspricht der Wahrheit. Kein Hinterhalt, keine Molotows, keine geworfenen Gehwegplatten, keine Mordversuche &#8211; aber jede Menge Polizeigewalt und gewollte Eskalation, um Kapitalismuskritik mit Hinweis auf die Randale ersticken zu wollen. <a href='http:\/\/www.akweb.de\/ak_s\/ak629\/39.htm' class='azc_bbc_url'>Der Regierungssender ZDF versucht das sogar heute noch entgegen aller aktueller Erkenntnisse<\/a>.<\/p>\n<p>So weit, so bekannt.<\/p>\n<p>Schwerwiegender jedoch, dass es bis heute noch eingeknastete Unschuldige gibt, die von der Hamburger Justiz mit haneb\u00fcchenen &#8222;Begr\u00fcndungen&#8220; eingesperrt bleiben. Aber auch dazu hatte ich bereits geschrieben, dass die Justiz &#8211; und insbesondere die deutsche Justiz &#8211; sich NOCH NIE einem gewollten Regierungsverbrechen in den Weg stellte. Nicht im Dritten Reich, nicht in der DDR und erst Recht nicht im &#8222;modernen&#8220; Deutschland.<\/p>\n<p>Die tats\u00e4chliche (und m\u00f6rderische) Gewalt, durchgef\u00fchrt von der Bundesregierung und zementiert in menschenverachtenden Gesetzen, Abkommen und &#8222;Deals&#8220;, wird dann auch gar nicht weiter thematisiert.<\/p>\n<p>&nbsp;<\/p>\n<p><a href='https:\/\/www.neues-deutschland.de\/artikel\/1060608.html' class='azc_bbc_url'>OLG Dresden: Antifaschist Tim H. endg\u00fcltig frei<\/a><br \/>\nDamals auf duckhome.net hatte ich \u00f6fters mal \u00fcber die &#8222;Tim H.&#8220; Geschichte gebloggt. Schade, dass Jochen nicht mehr unter uns weilt und das Duckhome-Archiv somit verschwunden ist. Die r\u00fcckblickende Lekt\u00fcre, wie man in Deutschland Unschuldige hinter Gitter verfrachtet, wenn sie &#8222;zu links&#8220; sind, ist exemplarisch f\u00fcr unseren RECHTSstaat, der gleichzeitig die Aufkl\u00e4rung der NSU-Morde blockiert, sabotiert und schreddert.<\/p>\n<p>Vielleicht \u00fcbertrage ich in einer Urlaubsphase mal alle meine \u00e4lteren Kommentare hier ins neue Blog. Wird aber sicherlich viel Arbeit&#8230;<\/p>\n<p>&nbsp;<\/p>\n<p><a href='http:\/\/www.bildblog.de\/92134\/express-de-verbreitet-wegen-fluechtlingen-angst-und-schrecken' class='azc_bbc_url'>Fl\u00fcchtlinge stranden mit Schlauchboot am spanischen Urlaubsstrand<\/a><br \/>\nFolgende Story: Rund 50 Fl\u00fcchtlinge erreichen per Schlauchboot endlich das lebensrettende Festland, einige sort anwesende Urlauber z\u00fccken ihre Handys und filmen das Geschehen, w\u00e4hrend die angekommenen Menschen schnell wieder in der Gegend verschwinden. Was meint ihr: Welche \u00dcberschrift w\u00e4re da angemessen?<\/p>\n<p>&#8211; Rettung ins Gl\u00fcck: Fl\u00fcchtlinge erreichen gl\u00fccklich spanischen Badestrand<br \/>\n&#8211; Amateurvideo: Wie Fl\u00fcchtlinge am Badestrand ihre Rettung fanden<\/p>\n<p>Oder wenn es auch etwas gesellschaftskritisch sein darf:<\/p>\n<p>&#8211; Arm und Reich prallen aufeinander: Ankommende Fl\u00fcchtlinge im Urlaubsparadies<\/p>\n<p>W\u00e4ren das logische \u00dcberschriften?<\/p>\n<p>Nein, alles falsch. Unsere Qualit\u00e4tspresse ist NICHT daf\u00fcr zust\u00e4ndig, Gesellschaftskritik zu formulieren (oder gar Mitmenschlichkeit zu zeigen). Sie sind zust\u00e4ndig daf\u00fcr, das Herrschaftssystem zu stabilisieren. Und daf\u00fcr wird gerne und oft die &#8222;Teile und Herrsche&#8220; Karte ausgespielt. Rentner gegen Junge, Arbeitslose gegen Hungerl\u00f6hner und Ausl\u00e4nder gegen Einheimische sind daf\u00fcr stets willkommene Methoden, um Angst, Hass und Niedertracht zu sch\u00fcren. Und der Deutsche macht bei dieser gegenseitigen Hetze schon aus guter altdeutscher Tradition nur allzu gerne mit.<\/p>\n<p>Und somit \u00fcberrascht es auch nicht, wie die Zeitung dieses Geschehen am Urlaubsstrand \u00fcbertitelt:<\/p>\n<p>Fl\u00fcchtlinge kommen an Land &#8211; Strandbesucher in Angst und Schrecken!<\/p>\n<p>Hier erkennt man die Strategie der Propaganda perfekt, weil das Wort &#8222;Fl\u00fcchtlinge&#8220; nur noch in Verbindung mit Angst, Kriminalit\u00e4t und Terrorismus zusammen erw\u00e4hnt werden darf. Genauso wie man mehrere Jahre lang \u00fcber Arbeitslose nur noch in Verbindung mit &#8222;faul&#8220; und &#8222;Schmarotzer&#8220; zu berichten hatte. <span class='azc_bbc_italic'>&#8222;Gebt dem frustrierten Volk ein Opfer, an das es sich abreagieren kann und das sich nicht wehren kann &#8211; und du kannst in Ruhe weiter durchregieren.&#8220;<\/span><\/p>\n<p>&nbsp;<\/p>\n<p>Und zu guter Letzt:<\/p>\n<p><a href='https:\/\/pbs.twimg.com\/media\/DHR9Id3XgAI07vp.jpg' class='azc_bbc_url'>Wahlplakat &#8211; Kleines Missverst\u00e4ndnis<\/a><br \/>\n<img class='azc_bbc_image' src='https:\/\/www.rume.de\/smilies\/biggrin.gif'  \/><\/p>\n","protected":false},"excerpt":{"rendered":"<p>\/ Immer mehr Menschen sind in M\u00fcnchen obdachlos \/ Alten- und Pflegeheime f\u00fcr Finanzinvestoren immer interessanter \/ Der Arbeitskr\u00e4ftemangel ist schlimmer als der Brexit \/ Merkels Hose und die Angst der Deutschen \/ Dax-Konzerne kassieren so viel wie noch nie \/ Parteispenden: Das Kapital hat schon gew\u00e4hlt \/ LINKE-Politikerin Halina Wawzyniak erkl\u00e4rt SED zur rechten &hellip; <a href=\"https:\/\/www.rume.de\/?p=307\" class=\"more-link\"><span class=\"screen-reader-text\">\u201eAufgelesen und kommentieren 2017-08-15\u201c <\/span>weiterlesen<\/a><\/p>\n","protected":false},"author":1,"featured_media":0,"comment_status":"open","ping_status":"closed","sticky":false,"template":"","format":"standard","meta":{"footnotes":""},"categories":[2],"tags":[],"class_list":["post-307","post","type-post","status-publish","format-standard","hentry","category-aufgelesen"],"_links":{"self":[{"href":"https:\/\/www.rume.de\/index.php?rest_route=\/wp\/v2\/posts\/307","targetHints":{"allow":["GET"]}}],"collection":[{"href":"https:\/\/www.rume.de\/index.php?rest_route=\/wp\/v2\/posts"}],"about":[{"href":"https:\/\/www.rume.de\/index.php?rest_route=\/wp\/v2\/types\/post"}],"author":[{"embeddable":true,"href":"https:\/\/www.rume.de\/index.php?rest_route=\/wp\/v2\/users\/1"}],"replies":[{"embeddable":true,"href":"https:\/\/www.rume.de\/index.php?rest_route=%2Fwp%2Fv2%2Fcomments&post=307"}],"version-history":[{"count":1,"href":"https:\/\/www.rume.de\/index.php?rest_route=\/wp\/v2\/posts\/307\/revisions"}],"predecessor-version":[{"id":308,"href":"https:\/\/www.rume.de\/index.php?rest_route=\/wp\/v2\/posts\/307\/revisions\/308"}],"wp:attachment":[{"href":"https:\/\/www.rume.de\/index.php?rest_route=%2Fwp%2Fv2%2Fmedia&parent=307"}],"wp:term":[{"taxonomy":"category","embeddable":true,"href":"https:\/\/www.rume.de\/index.php?rest_route=%2Fwp%2Fv2%2Fcategories&post=307"},{"taxonomy":"post_tag","embeddable":true,"href":"https:\/\/www.rume.de\/index.php?rest_route=%2Fwp%2Fv2%2Ftags&post=307"}],"curies":[{"name":"wp","href":"https:\/\/api.w.org\/{rel}","templated":true}]}}