{"id":305,"date":"2017-08-14T23:08:30","date_gmt":"2017-08-14T21:08:30","guid":{"rendered":"http:\/\/rume.katti.eu\/?p=305"},"modified":"2017-08-15T00:24:06","modified_gmt":"2017-08-14T22:24:06","slug":"aufgelesen-und-kommentiert-2017-08-14","status":"publish","type":"post","link":"https:\/\/www.rume.de\/?p=305","title":{"rendered":"Aufgelesen und kommentiert 2017-08-14"},"content":{"rendered":"<p>\/ Pudding an die Wand nageln<br \/>\n\/ Gest\u00fcckelte CDU-Gro\u00dfspende: Erneut bleiben 100.000 Euro wochenlang im Dunkeln<br \/>\n\/ Merkel redet Autobossen ins Gewissen<br \/>\n\/ W\u00e4hlerliebling des Tages: Wolfgang Sch\u00e4uble<br \/>\n\/ De Maiziere (CDU) regt &#8222;Cyber-Feuerwehr&#8220; an<br \/>\n\/ De Maizieres neue Polizeizentrale in Berlin<br \/>\n\/ DIE LINKE deckt auf: Bundeswehr erinnert weiter an NS-Wehrmachtsoffiziere<br \/>\n\/ Die &#8222;Fl\u00fcchtlingskrise&#8220; in den Medien<br \/>\n\/ Woher kommt der Hass auf die Seenotretter?<br \/>\n\/ Rechtsextreme in den USA sind entsetzlich<br \/>\n\/ Haltet den Dieb<br \/>\n\/ Oldenburger lagerte \u00fcber 50 Schusswaffen, Messer und Wurfsterne<br \/>\n\/ Ex-NSA-Mann William Binney: DNC-Leaks kamen von der NSA<br \/>\n\/ Distanzierung von jeglicher Gewalt<\/p>\n<p>&#8212;<\/p>\n<p><!--more--><\/p>\n<p><a href='http:\/\/www.taz.de\/!5433771' class='azc_bbc_url'>Pudding an die Wand nageln<\/a><br \/>\n<span class='azc_bbc_italic'>&#8222;Martin Schulz ist bereits der dritte SPD-Kandidat in Folge, der keine neuen Ideen hat&#8220;<\/span>, kommentiert die Tageszeitung. Und anschliessend wird aufgelistet, wie wenig sich die SPD von der CDU unterscheidet &#8211; und die politische Absage an Rot-Rot-Gr\u00fcn f\u00fcr die normale Bev\u00f6lkerung nur einen weiteren Niedergang f\u00fcr die kommenden vier Jahre einbringen wird.<\/p>\n<p>Aber ist denn nicht genau das von der SPD gewollt? Martin Schulz wurde ja nicht nur mit 60 oder 70 Prozent zum Kanzlerkandidaten gew\u00e4hlt, sondern mit 100 Prozent. Es gab kein einziges Nein, ja noch nicht einmal eine Enthaltung. 100 Prozent der SPD wollten es genau so. Und zwar nicht, wie sonst \u00fcblich, die 100 Prozent der Parteispitze, sondern 100 Prozent der abstimmenden Mitglieder. Die SPD-Basis also, die aus den Gemeinden, Stadtr\u00e4ten und B\u00fcrgerb\u00fcros.<\/p>\n<p>Wann endlich sieht die (linke) Qualit\u00e4tsjournaille, dass die SPD nichts anderes ist als CDU\/CSU\/FDP\/GR\u00dcNE\/AfD?<\/p>\n<p>Mit der CDU ist man sich bez\u00fcglich der Konzernverh\u00e4tschelung, wenn es im Gegenzug P\u00f6stchen und Parteispenden gibt, zu 100 Prozent einig. Das hat doch sp\u00e4testens der Abgasskandal nochmal in aller Deutlichkeit gezeigt. Und das zeigen auch die GR\u00dcNEN mit ihrem Ministerpr\u00e4sidenten Kretschmann, dass sie da gerne mitmachen. Und zur AfD mag man sich verbal mit gr\u00f6sstm\u00f6glicher Anstrengung distanzieren. Doch real setzt man 1:1 den Forderungskatalog der AfD um, was die Abschottung und die Fl\u00fcchtlingshetze betrifft. Und genauso wie die FDP lehnt die SPD die Verm\u00f6genssteuer ab, wie sie auch sozialgerechtere Erbschafts- und Einkommensteuern blockiert.<\/p>\n<p>Eine solche SPD braucht kein Mensch. Und das haben die Franzosen auch erkannt und sind dementsprechend <a href='http:\/\/www.deutschlandfunk.de\/franzoesische-sozialisten-im-freien-fall.795.de.html?dram:article_id=393067' class='azc_bbc_url'>viel konsequenter vorgegangen<\/a>, was deren franz\u00f6sische SPD anbelangt.<\/p>\n<p>Nur das ehemalige Nachrichtenmagazin verbreitet weiterhin unbeirrt seine <a href='http:\/\/www.spiegel.de\/politik\/deutschland\/martin-schulz-eroeffnet-tv-wahlkampf-geht-da-noch-was-a-1162682.html' class='azc_bbc_url'>Fake-News<\/a> und schreibt: <span class='azc_bbc_italic'>&#8222;Martin Schulz zeigt, wie er Angela Merkel noch gef\u00e4hrlich werden k\u00f6nnte.&#8220;<\/span> <img class='azc_bbc_image' src='https:\/\/www.rume.de\/smilies\/laugh.gif'  \/><\/p>\n<p>&nbsp;<\/p>\n<p><a href='https:\/\/www.abgeordnetenwatch.de\/blog\/2017-08-11\/cdu-grossspende-gestuckelt-100000-euro-bleiben-erneut-wochenlang-im-dunkeln' class='azc_bbc_url'>Gest\u00fcckelte CDU-Gro\u00dfspende: Erneut bleiben 100.000 Euro wochenlang im Dunkeln<\/a><br \/>\nDie beste Demokratie, die sich die Reichen (heimlich) kaufen k\u00f6nnen.<\/p>\n<p>&nbsp;<\/p>\n<p><a href='http:\/\/www.rp-online.de\/politik\/angela-merkel-redet-autobossen-ins-gewissen-aid-1.7008292' class='azc_bbc_url'>Merkel redet Autobossen ins Gewissen<\/a><br \/>\nUnd so sieht dann eine knallharte Bestrafung f\u00fcr millionenfachen Betrug und Vergiftung aus niederen Profitgr\u00fcnden aus, wenn man sich von den Konzernen kaufen l\u00e4sst.<\/p>\n<p>&nbsp;<\/p>\n<p><a href='https:\/\/www.jungewelt.de\/artikel\/316292.html' class='azc_bbc_url'>W\u00e4hlerliebling des Tages: Wolfgang Sch\u00e4uble<\/a><br \/>\nMuss man noch mehr \u00fcber die bildungspolitische Intelligenz der Deutschen wissen? <img class='azc_bbc_image' src='https:\/\/www.rume.de\/smilies\/nasiehste.gif'  \/><\/p>\n<p>Zitat: <span class='azc_bbc_italic'>&#8222;Das ein sauert\u00f6pfischer Unsympath ohne jedes Charisma vermeintlich so hohe Zustimmungswerte hat, erstaunt nur auf den ersten Blick. Das Abendblatt begr\u00fcndet Sch\u00e4ubles ersten Platz kurz und b\u00fcndig: &#8222;Von ihm kamen keine Zumutungen, und die schwarze Null steht f\u00fcr Solidit\u00e4t und Stabilit\u00e4t&#8220;, wobei mit \u00bbschwarzer Null\u00ab wohl nicht Sch\u00e4uble selbst gemeint ist. F\u00fcr die Mainstreamschreiber und ihresgleichen hat der sparsame Schwabe tats\u00e4chlich keine Zumutungen in petto. Sie stehen in Lohn und Brot, besitzen eine Doppelhaush\u00e4lfte oder eine Eigentumswohnung und liegen mindestens einmal im Jahr auf den Malediven oder auf Fuerteventura in der Sonne. Da kann man schnell mal vergessen, dass Sch\u00e4ubles \u00bbStabilit\u00e4t\u00ab auf dem R\u00fccken von Hunderttausenden Leiharbeitern, Hartz-IV-Beziehern und anderen Ausgegrenzten erzielt wird. Von den Millionen Arbeitslosen und armen Rentnern in Griechenland, Portugal oder Spanien gar nicht zu reden.&#8220;<\/span><\/p>\n<p>&nbsp;<\/p>\n<p><a href='https:\/\/www.heise.de\/newsticker\/meldung\/Hacken-fuer-die-Guten-De-Maiziere-regt-Cyber-Feuerwehr-an-3801585.html' class='azc_bbc_url'>De Maiziere (CDU) regt &#8222;Cyber-Feuerwehr&#8220; an<\/a><br \/>\n<span class='azc_bbc_italic'>&#8222;Wer hilft denn da dem kleinen Tischler, dem Handwerker, dem mittelst\u00e4ndischen Unternehmen? Wenn es brennt, ruft er die Feuerwehr. Wen ruft der eigentlich an, wenn seine Cyber-Anlage ausf\u00e4llt?&#8220;, fragte de Maiziere am Montag bei einer CDU-Wahlkampfveranstaltung in Bremen.<\/span><\/p>\n<p>&#8222;Cyber-Anlage&#8220; ist ja schon mal g\u00f6ttlich <img class='azc_bbc_image' src='https:\/\/www.rume.de\/smilies\/laugh.gif'  \/><\/p>\n<p>Ich h\u00e4tte aber noch weitere Vorschl\u00e4ge:<\/p>\n<p>&#8211; Wenn die Daten mal wieder so langsam fliessen, weil auf der Datenautobahn gerade Stau ist, brauchen wir nat\u00fcrlich auch einen Cyber-ADAC, der liegengebliebene Datenpakete wieder flott macht<\/p>\n<p>&#8211; Wenn man eine Datei herunter geladen hat, diese aber defekt ist, brauchen wir dringen einen Cyber-Notdienst, der diese Datei wieder zum Leben erweckt<\/p>\n<p>&#8211; Wenn ich mich aus meinem Computer ausgesperrt habe, braucht es ebenfalls dringend einen Cyber-Schl\u00fcsseldienst, der meinen Computer wieder aufschliessen kann<\/p>\n<p>&#8211; Wenn ich bemerke, dass von meinem Computer permanent Daten abfliessen, muss ich auch eine Cyber-Gaswasserscheisse-Hotline beauftragen k\u00f6nnen, der meine Datenleitung wieder abdichtet<\/p>\n<img class='azc_bbc_image' src='https:\/\/www.rume.de\/smilies\/muahaha.gif'  \/>\n<p>Weniger lustig allerdings:<\/p>\n<p><a href='http:\/\/www.wsws.org\/de\/articles\/2017\/08\/12\/poli-a12.html' class='azc_bbc_url'>De Maizieres neue Polizeizentrale in Berlin<\/a><br \/>\n<span class='azc_bbc_italic'>&#8222;Am Dienstag hat Bundesinnenminister Thomas de Maiziere (CDU) eine zentrale Bundespolizeibeh\u00f6rde in Berlin eingeweiht. Bereits in Hamburg arbeiteten die unterschiedlichen Teile des Sicherheitsapparats, ungeachtet der gesetzlich getrennten Zust\u00e4ndigkeiten von Bundespolizei, Landespolizei, Bundeskriminalamt und Geheimdiensten, Hand in Hand zusammen. Die zentrale Stabsstelle in Berlin soll diese enge Zusammenarbeit im Sicherheitsapparat institutionalisieren und ausdehnen.<\/p>\n<p>Neben der neuen Polizeibeh\u00f6rde gibt es bereits seit 2004 ein Gemeinsames Terrorabwehrzentrum in Berlin-Treptow, GTAZ, in dem laut eigener Website &#8222;40 nationale Beh\u00f6rden aus dem Bereich der Inneren Sicherheit&#8220; kooperieren. Die Bundespolizei arbeitet dort l\u00e4ngst mit den verschiedenen Geheimdiensten, dem Bundeskriminalamt und den Landeskriminal\u00e4mtern zusammen. Die strikte Trennung von Polizei, Geheimdiensten und Milit\u00e4r, die nach den Erfahrungen der Nazi-Diktatur im Grundgesetz verankert wurde, wird zunehmend aufgehoben.&#8220;<\/span><\/p>\n<p>Tja Leute, woran erinnert uns das bloss alles?<\/p>\n<p>Vielleicht an <a href='https:\/\/www.dhpol.de\/de\/hochschule\/Ausstellung\/Austellungsseiten\/drittes_reich.php' class='azc_bbc_url'>das hier?<\/a> (Zitat) <span class='azc_bbc_italic'>&#8222;Die Deutsche Hochschule der Polizei beschreibt auf ihrer Website, wie \u00e4hnliche Strukturver\u00e4nderungen unter dem Nazi-Regime ab 1933 stattfanden. &#8222;Unter einem Dach werden Ordnungspolizei (Schutzpolizei, Gendarmerie) und Sicherheitspolizei (Kriminalpolizei, Politische Polizei bzw. Gestapo) vereint. Die Grenze zwischen Ordnungspolizei und Sicherheitspolizei sei bewusst zugunsten der SS verwischt worden.&#8220;<\/p>\n<p>Am Ende dieses Prozesses stand bekanntlich 1939 die Errichtung des Reichssicherheitshauptamts, das sich im \u00dcbrigen ganz in der N\u00e4he des roten Backsteinbaus der neuen &#8222;Direktion 11&#8243; befand.&#8220;<\/span> Also genau der Gegend, an der auch De Maizieres neue Polizeizentrale errichtet werden soll.<\/p>\n<p>War ja schliesslich nicht alles schlecht damals.<\/p>\n<p>Dazu passt auch:<\/p>\n<p><a href='https:\/\/www.neues-deutschland.de\/artikel\/1060493.html' class='azc_bbc_url'>DIE LINKE deckt auf: Bundeswehr erinnert weiter an NS-Wehrmachtsoffiziere<\/a><br \/>\nAuch die sechs Kasernen, die nach NS-Kriegshelden benannt sind, d\u00fcrfen ihren &#8222;stolzen&#8220; Namen beibehalten. <span class='azc_bbc_italic'>&#8222;Die Ank\u00fcndigung, s\u00e4mtliche Kasernennamen, die einen Bezug zur Nazi-Wehrmacht haben, auf den Pr\u00fcfstand zu stellen, erweist sich als gelogen.&#8220;<\/span><\/p>\n<p>Nein, wer h\u00e4tte DAS ahnen k\u00f6nnen? <img class='azc_bbc_image' src='https:\/\/www.rume.de\/smilies\/clown.gif'  \/><\/p>\n<p>Eine Bundeswehr, die schon l\u00e4ngst nicht mehr der Landesverteidigung dient, sondern der Absicherung von Handelswegen, der Eroberung von Ressourcen und zudem auch die Erlaubnis f\u00fcr den bewaffneten Einsatz im Inland besitzt &#8211; da fehlt eigentlich auch nur noch eine <span class='azc_bbc_italic'>&#8222;Volk ohne Raum&#8220;<\/span> Parole, um die alte Tradition auch wieder komplett auszuf\u00fcllen.<\/p>\n<p>&nbsp;<\/p>\n<p><a href='https:\/\/blog.fdik.org\/2017-08\/s1502696796' class='azc_bbc_url'>Die &#8222;Fl\u00fcchtlingskrise&#8220; in den Medien<\/a><br \/>\nWie die Qualit\u00e4tsjournaille sogar noch bei der Berichterstattung \u00fcber eine Studie IHRER Fl\u00fcchtlings-Berichterstattung versagt, s\u00e4mtliche rassistischen Webseiten (Tichy, Achgut, usw.) dies triumphierend bejubeln &#8211; und was der Studienersteller eigentlich aufzeigen wollte.<\/p>\n<span class='azc_bbc_italic'>&#8222;Ein besonders schwerwiegender Punkt der Studie ist, dass in der gesamten Berichterstattung \u00fcber Fl\u00fcchtlinge nur zu vier (!) Prozent auch diese Menschen \u00fcber sich selbst berichten durften. Warum aber durften sie nur so selten von ihren Fluchtgr\u00fcnden erz\u00e4hlen? Warum nur so wenig \u00fcber ihre Gewalterfahrungen und Perspektivlosigkeit in ihren Heimatl\u00e4ndern berichten? Und von ihrer langwierigen und oft lebensgef\u00e4hrlichen Flucht? Ein neutraler Journalismus h\u00e4tte sich doch vor allem daf\u00fcr interessiert &#8211; und h\u00e4tte uns mit einer Vielzahl zutiefst zerr\u00fctteten Menschen bekannt gemacht, statt nahezu fl\u00e4chendeckend s\u00e4mtlichen rechten Hetzern &#8211; von Seehofer bis Palmer &#8211; ein Podest anzubieten. Ein ausgewogener Journalismus h\u00e4tte auch unser Mitgef\u00fchl und unsere Solidarit\u00e4t aufr\u00fctteln k\u00f6nnen und trotzdem deutlich machen k\u00f6nnen, dass Integration mit einer platten &#8222;Wir schaffen das&#8220; Phrase allein eben nicht zu schaffen ist.&#8220;<\/span>\n<p>&nbsp;<\/p>\n<p><a href='http:\/\/www.heise.de\/-3798962' class='azc_bbc_url'>Woher kommt der Hass auf die Seenotretter?<\/a><br \/>\nDie NGOs sind nicht nur Lebensretter, sie sind auch ein Medium. Sie machen die Not, die Dramatik und die Individuen sichtbar. Sie brechen das Tabu. Nicht, weil sie es brechen wollen, sondern allein dadurch, dass sie Schiffbr\u00fcchige retten.<\/p>\n<p>Sie zeigen uns, wie gedacht wird \u00fcber die Migranten, die zur &#8222;Kundschaft der Schleuser&#8220; erkl\u00e4rt werden. Von einer &#8222;zahlungsf\u00e4higen afrikanischen Mittelschicht&#8220; wird geredet, von &#8222;wohlhabenden Afrikanern&#8220;, die in Europa auf eine &#8222;Rundumversorgung&#8220; spekulierten. Sie sind auch keine &#8222;Fl\u00fcchtlinge&#8220;, sondern &#8222;Asylbewerber&#8220;, die, wenn sie sich &#8222;freiwillig oder mutwillig&#8220; in Seenot beg\u00e4ben, &#8222;keinen Anspruch auf Hilfe&#8220; haben sollen. Wer \u00fcbers Mittelmeer komme, habe sowieso sein &#8222;Asylrecht verspielt&#8220;. Und &#8222;f\u00fcr Menschen aus Afrika&#8220; sollte gar jegliches &#8222;Asyl gestrichen&#8220; werden, der Kontinent sei gro\u00df genug. All diese abstossenden Aussagen fallen rund um die Seenotretter.<\/p>\n<p>Doch wem ein Menschleben im Mittelmeer egal ist, wird der sich f\u00fcr Menschen im eigenen Land einsetzen?<\/p>\n<p>&nbsp;<\/p>\n<p><a href='https:\/\/blog.fdik.org\/2017-08\/s1502694537' class='azc_bbc_url'>Rechtsextreme in den USA sind entsetzlich<\/a><br \/>\nAuch f\u00fcr unsere Qualit\u00e4tsjournaille. Denn diese Rechtsextremen sind Trump-W\u00e4hler.<\/p>\n<p>ABER:<\/p>\n<p>&#8211; Rechtsextreme M\u00f6rderbanden in der Ukraine sind &#8222;Freiwilligenbataillone&#8220; im Kampf f\u00fcr das Gute.<br \/>\n&#8211; Rechtsextreme in Russland sind &#8222;Putin-Kritiker&#8220; (wie beispielsweise der Rechtsaussen Nawalny).<br \/>\n&#8211; Und Rechtsextreme w\u00e4ren auch in Venezuela die Guten, so wie der IS in Syrien &#8222;moderate Rebellen&#8220; sind.<\/p>\n<p>Und die rechtsextremen M\u00f6rder in Deutschland? Klar, das sind Einzelt\u00e4ter. Akten \u00fcber sie werden nur &#8222;versehentlich&#8220; geschreddert und Zeugen werden kurz vor ihrer Aussage &#8222;geselbstmordet&#8220;. Die beiden Uwes haben sich gegenseitig erschossen und danach hat Uwe noch durchgeladen. Der Verfassungsschutz konnte nichts von alledem wissen. Die Alleinschuld tr\u00e4gt Beate Zsch\u00e4pe.<\/p>\n<p>Ist doch klar, oder? <img class='azc_bbc_image' src='https:\/\/www.rume.de\/smilies\/sarkasm.gif'  \/><\/p>\n<p>&nbsp;<\/p>\n<p><a href='http:\/\/endlessgoodnews.blogspot.de\/2017\/08\/haltet-den-dieb.html' class='azc_bbc_url'>Haltet den Dieb<\/a><br \/>\nChris ist ebenso erkennbar wie zurecht angewidert vom gegenw\u00e4rtigen System.<\/p>\n<p>&nbsp;<\/p>\n<p><a href='https:\/\/www.nwzonline.de\/oldenburg\/blaulicht\/oldenburg-ermittlungen-nach-sek-einsatz-oldenburger-lagerte-ueber-50-schusswaffen-messer-und-wurfsterne_a_32,0,2156300108.html' class='azc_bbc_url'>Oldenburger lagerte \u00fcber 50 Schusswaffen, Messer und Wurfsterne<\/a><br \/>\nMan stelle sich vor, solch ein Waffenarsenal h\u00e4tte man bei einem Fl\u00fcchtling gefunden. Oder bei einem Moslem. Die Qualit\u00e4tspresse w\u00fcrde sich \u00fcberschlagen vor lauter Terrorwarnungen.<\/p>\n<p>Zum Gl\u00fcck war es nur ein Deutscher. Die sind per se v\u00f6llig harmlos. Und deswegen ist solch ein Waffenfund auch nur eine Meldung f\u00fcr die Regionalpresse &#8211; und nicht etwa die Topmeldung in der Tagesschau.<\/p>\n<p>&nbsp;<\/p>\n<p><a href='https:\/\/www.heise.de\/tp\/news\/Ex-NSA-Mann-DNC-Leaks-kamen-von-der-NSA-3798704.html' class='azc_bbc_url'>Ex-NSA-Mann William Binney: DNC-Leaks kamen von der NSA<\/a><br \/>\nKurzer Blick in unsere Qualit\u00e4tsjournaille, wie sie \u00fcber diese Enth\u00fcllung berichtet: <a href='http:\/\/www.google.de\/search?q=William+Binney&amp;hl=de&amp;tbm=nws' class='azc_bbc_url'>Null Treffer<\/a>. Passt eben nicht zur Propaganda, dass &#8222;die b\u00f6sen Russen&#8220; f\u00fcr verlorene Wahlen, gehackte Computer und \u00fcberhaupt an allem Elend verantwortlich sind <img class='azc_bbc_image' src='https:\/\/www.rume.de\/smilies\/nasiehste.gif'  \/><\/p>\n<p>&nbsp;<\/p>\n<p>Und zu guter Letzt:<\/p>\n<p><a href='http:\/\/www.harm-bengen.de\/toonpool\/2017%2008%2014%20Trump_und_Gewalt-FARBE.jpg' class='azc_bbc_url'>Distanzierung von jeglicher Gewalt<\/a><br \/>\n<img class='azc_bbc_image' src='https:\/\/www.rume.de\/smilies\/nasiehste.gif'  \/><\/p>\n","protected":false},"excerpt":{"rendered":"<p>\/ Pudding an die Wand nageln \/ Gest\u00fcckelte CDU-Gro\u00dfspende: Erneut bleiben 100.000 Euro wochenlang im Dunkeln \/ Merkel redet Autobossen ins Gewissen \/ W\u00e4hlerliebling des Tages: Wolfgang Sch\u00e4uble \/ De Maiziere (CDU) regt &#8222;Cyber-Feuerwehr&#8220; an \/ De Maizieres neue Polizeizentrale in Berlin \/ DIE LINKE deckt auf: Bundeswehr erinnert weiter an NS-Wehrmachtsoffiziere \/ Die &#8222;Fl\u00fcchtlingskrise&#8220; &hellip; <a href=\"https:\/\/www.rume.de\/?p=305\" class=\"more-link\"><span class=\"screen-reader-text\">\u201eAufgelesen und kommentiert 2017-08-14\u201c <\/span>weiterlesen<\/a><\/p>\n","protected":false},"author":1,"featured_media":0,"comment_status":"open","ping_status":"closed","sticky":false,"template":"","format":"standard","meta":{"footnotes":""},"categories":[2],"tags":[],"class_list":["post-305","post","type-post","status-publish","format-standard","hentry","category-aufgelesen"],"_links":{"self":[{"href":"https:\/\/www.rume.de\/index.php?rest_route=\/wp\/v2\/posts\/305","targetHints":{"allow":["GET"]}}],"collection":[{"href":"https:\/\/www.rume.de\/index.php?rest_route=\/wp\/v2\/posts"}],"about":[{"href":"https:\/\/www.rume.de\/index.php?rest_route=\/wp\/v2\/types\/post"}],"author":[{"embeddable":true,"href":"https:\/\/www.rume.de\/index.php?rest_route=\/wp\/v2\/users\/1"}],"replies":[{"embeddable":true,"href":"https:\/\/www.rume.de\/index.php?rest_route=%2Fwp%2Fv2%2Fcomments&post=305"}],"version-history":[{"count":1,"href":"https:\/\/www.rume.de\/index.php?rest_route=\/wp\/v2\/posts\/305\/revisions"}],"predecessor-version":[{"id":306,"href":"https:\/\/www.rume.de\/index.php?rest_route=\/wp\/v2\/posts\/305\/revisions\/306"}],"wp:attachment":[{"href":"https:\/\/www.rume.de\/index.php?rest_route=%2Fwp%2Fv2%2Fmedia&parent=305"}],"wp:term":[{"taxonomy":"category","embeddable":true,"href":"https:\/\/www.rume.de\/index.php?rest_route=%2Fwp%2Fv2%2Fcategories&post=305"},{"taxonomy":"post_tag","embeddable":true,"href":"https:\/\/www.rume.de\/index.php?rest_route=%2Fwp%2Fv2%2Ftags&post=305"}],"curies":[{"name":"wp","href":"https:\/\/api.w.org\/{rel}","templated":true}]}}