{"id":303,"date":"2017-08-13T23:32:12","date_gmt":"2017-08-13T21:32:12","guid":{"rendered":"http:\/\/rume.katti.eu\/?p=303"},"modified":"2017-08-13T23:32:12","modified_gmt":"2017-08-13T21:32:12","slug":"aufgelesen-und-kommentiert-2017-08-13","status":"publish","type":"post","link":"https:\/\/www.rume.de\/?p=303","title":{"rendered":"Aufgelesen und kommentiert 2017-08-13"},"content":{"rendered":"<p>\/ Wegen Lohndumping: 100 Milliarden Euro an Steuergeld f\u00fcr Aufstocker<br \/>\n\/ Sozialbetrug: Bundestag hat jahrelang \u00fcber 100 Scheinselbst\u00e4ndige besch\u00e4ftigt<br \/>\n\/ Bundestagsfraktionen zahlten Abgeordneten 3,5 Mio. Euro an fragw\u00fcrdigen Zulagen<br \/>\n\/ Top-\u00d6konomen sprechen sich f\u00fcr Rente mit 70 aus<br \/>\n\/ Niedersachsen: Warum Elke Twesten umkippte<br \/>\n\/ US-Klimabeh\u00f6rde: Das Jahr 2016 brach etliche Klimarekorde<br \/>\n\/ SPD-Kanzlerkandidat Schulz will Quote f\u00fcr E-Autos<br \/>\n\/ Parteispenden: SPD und FDP kassieren 150.000 Euro Schmiergeld<br \/>\n\/ GR\u00dcNE in Baden-W\u00fcrttemberg: Pflugscharen zu Schwertern<br \/>\n\/ EU-Kommission verk\u00fcndet das Ende der Krise<br \/>\n\/ Rechtsanwalt \u00fcber NSU-Prozess: &#8222;Es wird gelogen und vertuscht&#8220;<br \/>\n\/ Tatort Ziegelwiese: Ein rechter Angriff, der keiner sein soll<br \/>\n\/ Anti-Legida-Demo: Morgens noch geehrt, Nachmittags dann Strafbefehl<br \/>\n\/ Man muss auch mal besonnen reagieren<br \/>\n\/ Diese Drecks-Nordkoreaner<\/p>\n<p>&#8212;<\/p>\n<p><!--more--><\/p>\n<p><a href='https:\/\/www.neues-deutschland.de\/artikel\/1060271.html' class='azc_bbc_url'>Wegen Lohndumping: 100 Milliarden Euro an Steuergeld f\u00fcr Aufstocker<\/a><br \/>\n<span class='azc_bbc_italic'>&#8222;Milliardenbetr\u00e4ge aus Steuermitteln werden aufgewendet, um nicht existenzsichernde Arbeit aufzustocken. Die Gesellschaft subventioniert so seit vielen Jahren Arbeitgeber, die Niedrigl\u00f6hne zahlen oder ihren Besch\u00e4ftigten nur Arbeitsverh\u00e4ltnisse in Teilzeit oder Minijobs anbieten.&#8220;<\/span><\/p>\n<p>Wer also Steuern senken will, muss einfach nur den Mindestlohn anheben <img class='azc_bbc_image' src='https:\/\/www.rume.de\/smilies\/nasiehste.gif'  \/><\/p>\n<p>Und wer fordert das? <span class='azc_bbc_italic'>&#8222;Sabine Zimmermann, arbeitsmarktpolitische Sprecherin der Bundestagsfraktion DIE LINKE, bekr\u00e4ftigte die Forderung ihrer Partei, den Mindestlohn ohne Ausnahmen (!) auf 12 Euro zu erh\u00f6hen.&#8220;<\/span><\/p>\n<p>&nbsp;<\/p>\n<p><a href='http:\/\/www.zeit.de\/politik\/deutschland\/2017-08\/sozialbeitraege-bundestag-sozialversicherungsbeitraege-oeffentlichkeitsarbeit-scheinselbststaendig-drv' class='azc_bbc_url'>Sozialbetrug: Bundestag hat jahrelang \u00fcber 100 Scheinselbst\u00e4ndige besch\u00e4ftigt<\/a><br \/>\nUm 3,5 Millionen Euro hat die Bundesregierung uns somit allein um Sozialbeitr\u00e4ge geprellt.<\/p>\n<p>In jedem Rechtsstaat w\u00fcrde es nun noch saftige Strafgelder obendrauf hageln, damit solcher Sozialbetrug nicht wieder vorkommt. Zum Gl\u00fcck aber leben wir in Deutschland. Da werden nur die Beitr\u00e4ge nachgezahlt (und das auch erst nach einem Gerichtsurteil) und weiter gehts.<\/p>\n<p>Dazu passt auch:<\/p>\n<p><a href='https:\/\/www.abgeordnetenwatch.de\/blog\/2017-08-10\/bundestagsfraktionen-zahlten-abgeordneten-36-mio-euro-fragwurdigen-zulagen' class='azc_bbc_url'>Bundestagsfraktionen zahlten Abgeordneten 3,5 Mio. Euro an fragw\u00fcrdigen Zulagen<\/a><br \/>\nTja, auf der einen Seite die eigenen Angestellten um 3,5 Mio. Euro prellen, um anschliessend dieselbe Summe an seine handverlesenen Parteikomplizen wieder auszusch\u00fctten &#8211; so l\u00e4ufts Business <img class='azc_bbc_image' src='https:\/\/www.rume.de\/smilies\/sarkasm.gif'  \/><\/p>\n<span class='azc_bbc_italic'>&#8222;9.541 Euro brutto erhalten die Abgeordneten des Deutschen Bundestages jeden Monat an Entsch\u00e4digung, wie die &#8222;Di\u00e4ten&#8220; offiziell hei\u00dfen, doch bei einigen Volksvertretern ist das noch nicht alles: Sie bekommen dar\u00fcber hinaus noch stattliche Bonuszahlungen. Nun sind die Rechnungen der Bundestagsfraktionen f\u00fcr das Jahr 2016 ver\u00f6ffentlicht worden, aus denen die Gesamth\u00f6he der jeweils gezahlten Zulagen hervorgeht. Insgesamt beliefen sich diese bei den vier Fraktionen auf gut 3,5 Mio. Euro. Die meisten Bonuszahlungen sch\u00fcttete die CDU\/CSU-Fraktion mit rund 1,8 Mio. Euro aus. Die SPD zahlte ihren Funktionstr\u00e4gern knapp 1,4 Mio. Euro, Gr\u00fcne und Linke 345.000 bzw 110.000 Euro.&#8220;<\/span>\n<p>Und auch hier: Falls jemand nach Konsequenzen fragt <img class='azc_bbc_image' src='https:\/\/www.rume.de\/smilies\/laugh.gif'  \/> Nein nein, das ist &#8222;moderne&#8220; Demokratie <img class='azc_bbc_image' src='https:\/\/www.rume.de\/smilies\/sarkasm.gif'  \/><\/p>\n<p>&nbsp;<\/p>\n<p><a href='http:\/\/www.rp-online.de\/politik\/deutschland\/bundestagswahl\/kritik-an-wahlprogrammen-2017-rente-mit-70-ab-2030-aid-1.6998379' class='azc_bbc_url'>Top-\u00d6konomen sprechen sich f\u00fcr Rente mit 70 aus<\/a><br \/>\nDiese sogenannten &#8222;Top-\u00d6konomen&#8220; sind zwar allesamt gekaufte Singv\u00f6gel der Grossindustrie, aber welcher Qualit\u00e4tsjournalist will das schon ganz offen dranschreiben wollen, wenn man doch Propaganda verbreiten will?<\/p>\n<p>Die Wahrheit ist: So lange nicht ALLE mit ihrem GESAMTEN Einkommen in die gesetzliche Rentenversicherung einzahlen M\u00dcSSEN, so lange werden wir ein zutiefst asoziales Rentensystem haben. Eines, in dem die arbeitenden Menschen immer l\u00e4nger arbeiten m\u00fcssen und aus dem sich Besserkassierer (Politiker, Anw\u00e4lte, Zahn\u00e4rzte, usw.) weiterhin komplett ausklinken k\u00f6nnen.<\/p>\n<p>Wer also bis 70 arbeiten will, kann weiterhin CDU\/CSU\/SPD\/FDP\/GR\u00dcNE w\u00e4hlen, die dieses auch scheibchenweise durchsetzen werden &#8211; so wie sie auch den kapitalgedeckten Rentenbetrug und das Rentenalter 67 durchgesetzt haben.<\/p>\n<p>&nbsp;<\/p>\n<p><a href='https:\/\/www.freitag.de\/autoren\/wolfgang-michal\/warum-elke-twesten-umkippte' class='azc_bbc_url'>Niedersachsen: Warum Elke Twesten umkippte<\/a><br \/>\nNiedersachsen ist Fracking-Land. Und im Wahlkreis von Elke Twesten (Landkreis Rotenburg, W\u00fcmme) steht u.a. Exxon Mobil f\u00fcr Fracking bereit und wollte 2009 bereits durchstarten. Doch dann kam die Landtagswahl von Niedersachsen und verbannte die Frackingparteien CDU und FDP auf die Oppositionsbank.<\/p>\n<p>Der FREITAG schreibt: <span class='azc_bbc_italic'>&#8222;Viele B\u00fcrger widersetzten sich den Fracking-Konzernen und die GR\u00dcNEN b\u00fcndelten den Widerstand. Im Juni 2016 verabschiedete der Bundestag ein Anti-Fracking-Gesetz, das im Februar in Kraft trat. Bohrungen sind jetzt nur noch erlaubt, wenn die jeweilige Landesregierung zustimmt. Solange die GR\u00dcNEN mitregieren, wird das nicht geschehen. Das war der Grund, warum Elke Twesten von ihrem Kreisverband nicht mehr als Landtagskandidatin aufgestellt wurde. Die GR\u00dcNEN wollten stattdessen eine Politikerin in den Landtag schicken, die sich mit den Problemen der Erdgasf\u00f6rderung besser auskennt. Also mit jenem Thema, das den Menschen im Landkreis Rotenburg tats\u00e4chlich auf den N\u00e4geln brennt.&#8220;<\/span><\/p>\n<p>Tja und Elke Twesten ist nun zur Frackingpartei CDU gewechselt, die den aktuellen Wahlumfragen zufolge dann ab Oktober ganz Niedersachsen ruinieren darf. Ein jeder bekommt genau die Regierung, die er sich redlich verdient hat <img class='azc_bbc_image' src='https:\/\/www.rume.de\/smilies\/nasiehste.gif'  \/><\/p>\n<p>&nbsp;<\/p>\n<p><a href='http:\/\/www.stern.de\/panorama\/us-klimabehoerde-noaa-das-jahr-2016-brach-etliche-klimarekorde-7574314.html' class='azc_bbc_url'>US-Klimabeh\u00f6rde: Das Jahr 2016 brach etliche Klimarekorde<\/a><br \/>\nAuch wenn in Deutschland das Wetter (!) ziemlich kalt und regnerisch erscheint, heizt sich das globale Klima (!) weiterhin rasant auf.<\/p>\n<p>Aber hey: Ganz nach dem &#8222;Vorbild&#8220; Autoindustrie reicht auch ein kleines Software-Update bei den Me\u00dfstationen, sowie zwei Euro Pr\u00e4mie, wenn man sein altes Thermometer gegen ein Neues eintauscht, welches zwei Grad weniger anzeigt <img class='azc_bbc_image' src='https:\/\/www.rume.de\/smilies\/sarkasm.gif'  \/><\/p>\n<p>&nbsp;<\/p>\n<p><a href='http:\/\/www.sueddeutsche.de\/wirtschaft\/autoindustrie-schulz-dringt-auf-quote-fuer-e-autos-1.3623330' class='azc_bbc_url'>SPD-Kanzlerkandidat Schulz will Quote f\u00fcr E-Autos<\/a><br \/>\nDas Problem ist nicht der Diesel. Mit entsprechender Technik sind die Grenzwerte einhaltbar, wie einige von der Deutschen Umwelthilfe gemessene Fahrzeuge (<a href='http:\/\/www.duh.de\/fileadmin\/user_upload\/download\/Projektinformation\/Verkehr\/dieselgate\/EKI-Bericht_NOx_und_CO2-PEMS-Messungen_20160913.pdf' class='azc_bbc_url'>siehe PDF<\/a>) zeigen. Das Problem ist der Verkehr insgesamt. Und zwar in allen Belangen.<\/p>\n<p>Kleiner Lacher \u00fcbrigens am Rande: Diese Elektroauto-Quote ist <span class='azc_bbc_italic'>&#8222;Teil eines F\u00fcnf-Punkte-Plans&#8220;<\/span>, schreibt die S\u00fcddeutsche. Zudem hat Martin Schulz auch noch einen <a href='https:\/\/www.greenpeace-magazin.de\/ticker\/schulz-fuenf-punkte-plan-fuer-ein-starkes-europa-gegen-trump' class='azc_bbc_url'>anderen F\u00fcnf-Punkte-Plan<\/a>, einen <a href='http:\/\/www.focus.de\/finanzen\/altersvorsorge\/wer-soll-das-bezahlen-deutschlands-verschwender-troika-spd-kanzlerkandidat-schulz-fordert_id_6674179.html' class='azc_bbc_url'>Sieben-Punkte-Plan<\/a>, einen <a href='http:\/\/www.n-tv.de\/politik\/Schulz-setzt-jetzt-auf-Innere-Sicherheit-article19870962.html' class='azc_bbc_url'>10-Punkte-Plan<\/a> und einen <a href='https:\/\/www.merkur.de\/politik\/13-punkte-plan-schulz-setzt-jetzt-auf-bildung-zr-8323481.html' class='azc_bbc_url'>13 Punkte Plan<\/a>. Und weil selbst das noch l\u00e4ngst nicht reicht, gibt es auch noch einen <a href='http:\/\/www.faz.net\/aktuell\/wirtschaft\/wirtschaftspolitik\/martin-schulz-praesentiert-den-zukunftsplan-der-spd-15108596.html' class='azc_bbc_url'>Zukunftsplan<\/a> und einen <a href='https:\/\/twitter.com\/katjakipping\/status\/467315559001239552\/photo\/1' class='azc_bbc_url'>Europaplan<\/a>.<\/p>\n<p>Angesichts so vieler Pl\u00e4ne k\u00f6nnte man glauben, die SPD hat in den vergangenen 20 Jahren noch nie regiert <img class='azc_bbc_image' src='https:\/\/www.rume.de\/smilies\/sarkasm.gif'  \/><\/p>\n<p>&nbsp;<\/p>\n<p><a href='https:\/\/www.bundestag.de\/parlament\/praesidium\/parteienfinanzierung\/fundstellen50000\/2017' class='azc_bbc_url'>Parteispenden: SPD und FDP kassieren 150.000 Euro Schmiergeld<\/a><br \/>\nHolzindustrie-Bonze und Privatisierungsexperte Ralf Pollmeier schiebt einen grossen Geldkoffer r\u00fcber zur SPD, w\u00e4hrend Unternehmertochter, Postergirl und <a href='https:\/\/www.gruenderszene.de\/allgemein\/startup-grind-verena-pausder' class='azc_bbc_url'>Vertriebssau Verena Pausder<\/a> ihren Geldkoffer nur halbvoll bei der FDP abstellt.<\/p>\n<p>Die beste Demokratie, die sich die Reichen kaufen k\u00f6nnen.<\/p>\n<p>&nbsp;<\/p>\n<p><a href='https:\/\/www.kontextwochenzeitung.de\/politik\/332\/granaten-zu-spaten-zu-granaten-4525.html' class='azc_bbc_url'>GR\u00dcNE in Baden-W\u00fcrttemberg: Pflugscharen zu Schwertern<\/a><br \/>\nDer hilflose Versuch Nummer 4.538, um den Kapitalismus sozial und\/oder friedlich zu reformieren.<\/p>\n<p>&nbsp;<\/p>\n<p><a href='http:\/\/www.heise.de\/-3797593' class='azc_bbc_url'>EU-Kommission verk\u00fcndet das Ende der Krise<\/a><br \/>\nDurchhalteparolen des real existierenden Kapitalismus, denn nat\u00fcrlich ist heute NICHTS besser als vor zehn Jahren, als die sogenannte Finanzkrise zuschlug. Weder die Arbeitslosigkeit, die realen Einkommen der B\u00fcrger, die Stabilit\u00e4t des Finanzsektors, noch der europ\u00e4ische Zusammenhalt.<\/p>\n<p>Aber hey: In sechs Wochen ist Bundestagswahl. Da muss halt <a href='https:\/\/www.youtube.com\/watch?v=iZiO9bqzHzg' class='azc_bbc_url'>fr\u00f6hliche Propaganda<\/a> verbreitet werden <img class='azc_bbc_image' src='https:\/\/www.rume.de\/smilies\/nasiehste.gif'  \/><\/p>\n<p>&nbsp;<\/p>\n<p><a href='https:\/\/www.freitag.de\/autoren\/der-freitag\/es-wird-gelogen-und-vertuscht' class='azc_bbc_url'>Rechtsanwalt \u00fcber NSU-Prozess: &#8222;Es wird gelogen und vertuscht&#8220;<\/a><br \/>\nYavuz Narin: <span class='azc_bbc_italic'>&#8222;Ich kann die Bundesanwaltschaft insoweit leider nicht mehr ernst nehmen. Auch d\u00fcrfte die Beh\u00f6rde mit ihrer Sicht der Dinge inzwischen ziemlich alleine dastehen. Die Bundesanw\u00e4lte haben in ihrem Pl\u00e4doyer doch selbst mindestens zwei Dutzend Neonazis namentlich nennen m\u00fcssen, die der Gruppe falsche Papiere, Waffen, Sprengstoff, Geldmittel oder Unterschlupf verschafften &#8211; darunter auch zahlreiche V-Leute. Unnn\u00f6tig war auch die Behauptung von Oberstaatsanw\u00e4ltin Anette Greger, Anw\u00e4lte der Nebenklage h\u00e4tten ihren Mandanten die Aufdeckung von Hinterm\u00e4nnern &#8222;versprochen&#8220;. Meine im Gerichtssaal anwesende Mandantin, die Tochter des 2005 vom NSU ermordeten Theodoros Boulgarides, hat es sehr irritiert, dass sich eine Vertreterin der obersten Anklagebeh\u00f6rde der Republik zu solch einer zynischen Bemerkung hinrei\u00dfen l\u00e4sst.&#8220;<\/span><\/p>\n<p>Sind Sie nicht selbst auch einmal angezeigt worden von der Bundesanwaltschaft?<\/p>\n<p>Yavuz Narin: <span class='azc_bbc_italic'>&#8222;Ja, das war 2014. Ich wollte im Prozess einen bestimmten Sachverhalt zum Heilbronner Polizistenmord thematisieren. Die Vertreter der Bundesanwaltschaft erkl\u00e4rten daraufhin energisch, der von mir angesprochene Vorgang sei von den parlamentarischen Untersuchungsaussch\u00fcssen zu behandeln und nicht Sache des Gerichts. Dem Th\u00fcringer Ausschuss allerdings, der sich dieser Sache annehmen wollte, verweigerte die Bundesanwaltschaft die entsprechenden Ermittlungsakten. Also \u00fcbergab ich den Abgeordneten die notwendigen Unterlagen. Daraufhin forderte die Bundesanwaltschaft strafrechtliche Ermittlungen gegen mich.&#8220;<\/span><\/p>\n<p>Noch irgendwelche offenen Fragen? Falls ja, weiterlesen:<\/p>\n<p><a href='http:\/\/www.tagesspiegel.de\/politik\/sachsen-anhalt-ein-rechter-angriff-der-keiner-sein-soll\/20165504.html' class='azc_bbc_url'>Tatort Ziegelwiese: Ein rechter Angriff, der keiner sein soll<\/a><br \/>\nDEr Tagesspiegel berichtet: <span class='azc_bbc_italic'>&#8222;Ein Trupp junger Rechter meinte, die Jugendlichen provozieren zu m\u00fcssen. Vermutlich wegen seiner Frisur und der eines Kumpels, sagt Schmidt. Beide tragen \u00fcppige Dreadlocks. Die Haartracht passt ins Feindbildalbum der braunen Szene. Wer mit Dreadlocks heruml\u00e4uft, gilt als undeutsch. Was dann folgt, ist von diesem Donnerstag an der Stoff f\u00fcr einen Prozess am Landgericht Halle. Angeklagt ist ein Jugendlicher, zur Tatzeit erst 15 Jahre alt, wegen versuchten Totschlags. Freunde riefen einen Krankenwagen, im Universit\u00e4tsklinikum Halle wurde der Student notoperiert. Die \u00c4rzte stellten neun Stichverletzungen fest. Am Bauch, an der Brust, am linken Arm, an beiden Oberschenkeln. Die Milz war durchstochen. Die \u00c4rzte mussten sie entfernen.&#8220;<\/span><\/p>\n<p>Und was meint ihr: Rechte Gewalt?<\/p>\n<p>Was sagt denn unsere Polizei dazu?<\/p>\n<p>Zitat: <span class='azc_bbc_italic'>&#8222;Nachdem er ins Krankenhaus gebracht war, soll es auf der Ziegelwiese einen weiteren Angriff der Rechten gegeben haben, im Beisein der Polizei. Ein Beamter habe \u00fcber Schmidts hilfesuchende Freunde gesagt, &#8222;wir k\u00f6nnen denen ja auch noch den Hintern abwischen, wenn sie das auch noch wollen&#8220;, erinnert sich ein Zeuge.&#8220;<\/span><\/p>\n<p>Was sagt denn die Staatsanwaltschaft?<\/p>\n<p>Zitat: <span class='azc_bbc_italic'>&#8222;F\u00fcr die Staatsanwaltschaft Halle ist in der Messerattacke kein rechtes Motiv zu erkennen. &#8222;Nein, nein, das ist ein 16-J\u00e4hriger, nee.&#8220; Kann ein Jugendlicher kein Rechtsextremist sein? Die Staatsanwaltschaft belehrt uns: &#8222;Wir machen kein Gesinnungsstrafrecht, es wird die Tat bestraft, nicht die Gesinnung.&#8220; Ende des Telefonats.&#8220;<\/span><\/p>\n<p>Immer noch offene Fragen? Dann weiterlesen:<\/p>\n<p><a href='https:\/\/www.jungewelt.de\/artikel\/316148.html' class='azc_bbc_url'>Anti-Legida-Demo: Morgens noch geehrt, Nachmittags dann Strafbefehl<\/a><br \/>\n<span class='azc_bbc_italic'>&#8222;Oberb\u00fcrgermeister Leipzigs Burkhard Jung, SPD hatte sogar den B\u00fcrgern, die gegen Legida demonstriert hatten, f\u00fcr ihre \u00bbklare Haltung\u00ab gedankt. Er hat auch betont, dass sie f\u00fcr \u00bbeine junge und weltoffene Stadt\u00ab eintraten, \u00bbin der menschenverachtendes Gedankengut, Hass und Hetze keinen Platz haben\u00ab. Doch dieser \u00bbDank\u00ab f\u00fcr das zivilgesellschaftliche Engagement f\u00e4llt seltsam aus. Der Staatsanwalt wirft den Demonstranten vor, nach Paragraph 22 des S\u00e4chsischen Versammlungsgesetzes die Versammlung von Legida grob gest\u00f6rt oder verhindert zu haben. In dem Verfahren geht es um eine vergleichsweise hohe Geldbu\u00dfe in H\u00f6he von 30 Tagess\u00e4tzen zu je 30 Euro, also um 900 Euro. Die Stadt Leipzig will linken Demonstranten insgesamt Bu\u00dfgelder in H\u00f6he etwa 50.000 Euro abkn\u00f6pfen.&#8220;<\/span><\/p>\n<p>RECHTSstaat eben.<\/p>\n<p>Die AfD als Rassisten beschimpfen, aber als CDU\/CSU\/SPD\/FDP\/GR\u00dcNE alle deren Forderungen nach Abschottung und Fl\u00fcchtlingshetze umsetzen. Und bei m\u00f6rderischen Neonazis jede Aufkl\u00e4rung blockieren, w\u00e4hrend man von linken Gegendemonstranten direkt 50.000 Euro abkassieren will. <a href='https:\/\/blog.fdik.org\/2017-08\/s1502616042' class='azc_bbc_url'>Zitat<\/a>: <span class='azc_bbc_italic'>&#8222;Ist es nicht interessant, wie dieselben Qualit\u00e4tsmedien keinerlei Zusammenhang zwischen dem deutschen Staatsapparat und den NSU-Morden sehen wollen, aber bei der Nazi-Gewalt in Charlottesville (USA) sofort an den US-Pr\u00e4sidenten als Hauptschuldigen denken?&#8220;<\/span><\/p>\n<p>&nbsp;<\/p>\n<p>Und zu guter Letzt:<\/p>\n<a href='https:\/\/68.media.tumblr.com\/e313408d5d47638f5f8f589ec2a19d7e\/tumblr_oun3hiM25L1tg01n9o1_500.jpg' class='azc_bbc_url'>Man muss auch mal besonnen reagieren<\/a>\n<p>Und als Bonus:<\/p>\n<p><a href='https:\/\/www.youtube.com\/watch?v=mturUjfNIkk' class='azc_bbc_url'>Diese Drecks-Nordkoreaner<\/a><br \/>\nNicht ganz neu, aber wieder hochaktuell <img class='azc_bbc_image' src='https:\/\/www.rume.de\/smilies\/nasiehste.gif'  \/><\/p>\n","protected":false},"excerpt":{"rendered":"<p>\/ Wegen Lohndumping: 100 Milliarden Euro an Steuergeld f\u00fcr Aufstocker \/ Sozialbetrug: Bundestag hat jahrelang \u00fcber 100 Scheinselbst\u00e4ndige besch\u00e4ftigt \/ Bundestagsfraktionen zahlten Abgeordneten 3,5 Mio. Euro an fragw\u00fcrdigen Zulagen \/ Top-\u00d6konomen sprechen sich f\u00fcr Rente mit 70 aus \/ Niedersachsen: Warum Elke Twesten umkippte \/ US-Klimabeh\u00f6rde: Das Jahr 2016 brach etliche Klimarekorde \/ SPD-Kanzlerkandidat Schulz &hellip; <a href=\"https:\/\/www.rume.de\/?p=303\" class=\"more-link\"><span class=\"screen-reader-text\">\u201eAufgelesen und kommentiert 2017-08-13\u201c <\/span>weiterlesen<\/a><\/p>\n","protected":false},"author":1,"featured_media":0,"comment_status":"open","ping_status":"closed","sticky":false,"template":"","format":"standard","meta":{"footnotes":""},"categories":[2],"tags":[],"class_list":["post-303","post","type-post","status-publish","format-standard","hentry","category-aufgelesen"],"_links":{"self":[{"href":"https:\/\/www.rume.de\/index.php?rest_route=\/wp\/v2\/posts\/303","targetHints":{"allow":["GET"]}}],"collection":[{"href":"https:\/\/www.rume.de\/index.php?rest_route=\/wp\/v2\/posts"}],"about":[{"href":"https:\/\/www.rume.de\/index.php?rest_route=\/wp\/v2\/types\/post"}],"author":[{"embeddable":true,"href":"https:\/\/www.rume.de\/index.php?rest_route=\/wp\/v2\/users\/1"}],"replies":[{"embeddable":true,"href":"https:\/\/www.rume.de\/index.php?rest_route=%2Fwp%2Fv2%2Fcomments&post=303"}],"version-history":[{"count":1,"href":"https:\/\/www.rume.de\/index.php?rest_route=\/wp\/v2\/posts\/303\/revisions"}],"predecessor-version":[{"id":304,"href":"https:\/\/www.rume.de\/index.php?rest_route=\/wp\/v2\/posts\/303\/revisions\/304"}],"wp:attachment":[{"href":"https:\/\/www.rume.de\/index.php?rest_route=%2Fwp%2Fv2%2Fmedia&parent=303"}],"wp:term":[{"taxonomy":"category","embeddable":true,"href":"https:\/\/www.rume.de\/index.php?rest_route=%2Fwp%2Fv2%2Fcategories&post=303"},{"taxonomy":"post_tag","embeddable":true,"href":"https:\/\/www.rume.de\/index.php?rest_route=%2Fwp%2Fv2%2Ftags&post=303"}],"curies":[{"name":"wp","href":"https:\/\/api.w.org\/{rel}","templated":true}]}}