{"id":299,"date":"2017-08-09T21:21:04","date_gmt":"2017-08-09T19:21:04","guid":{"rendered":"http:\/\/rume.katti.eu\/?p=299"},"modified":"2017-08-09T21:21:04","modified_gmt":"2017-08-09T19:21:04","slug":"aufgelesen-und-kommentiert-2017-08-09","status":"publish","type":"post","link":"https:\/\/www.rume.de\/?p=299","title":{"rendered":"Aufgelesen und kommentiert 2017-08-09"},"content":{"rendered":"<p>\/ Trotz Mindestlohn kein R\u00fcckgang bei der Niedriglohnbesch\u00e4ftigung<br \/>\n\/ Leiharbeit: Prek\u00e4r im Hamsterrad<br \/>\n\/ Die NachdenkSeiten schimpfen mal wieder \u00fcber ihre SPD<br \/>\n\/ Schulb\u00fccher: Markt und Eigeninteresse positiv, Kommunismus und Regierung negativ<br \/>\n\/ TISA? F\u00fcr ARD und ZDF ein Fremdwort<br \/>\n\/ DIE LINKE fordert: Belegschaft soll VW-Landesanteile \u00fcbernehmen<br \/>\n\/ Wo Betrug als Schummelei verharmlost wird<br \/>\n\/ L\u00e4rm-Grenzwerte von Fahrzeugen ebenfalls manipuliert<br \/>\n\/ Im Land der Dreckschleudern<br \/>\n\/ Energetische Modernisierungen sind teuer &#8211; aber wenig effektiv<br \/>\n\/ Verfassungsbeschwerde gegen Bayerntrojaner<br \/>\n\/ Saudi-Arabien: Mit westlichem Kriegsger\u00e4t gegen Oppositionelle<br \/>\n\/ CDU und SPD im Abgasskandal<\/p>\n<p>&#8212;<\/p>\n<p><!--more--><\/p>\n<p><a href='http:\/\/www.iaq.uni-due.de\/iaq-report\/2017\/report2017-06.php' class='azc_bbc_url'>Trotz Mindestlohn kein R\u00fcckgang bei der Niedriglohnbesch\u00e4ftigung<\/a><br \/>\nFast jeder vierte abh\u00e4ngig Besch\u00e4ftigte (22,6 Prozent) in Deutschland arbeitet f\u00fcr einen Stundenlohn unterhalb der Niedriglohnschwelle. Und rund 10 Prozent aller Besch\u00e4ftigten werden sogar noch um den gesetzlichen Mindestlohn geprellt, wenn man die tats\u00e4chliche Arbeitszeit bewertet.<\/p>\n<p>Und was macht die Bundesregierung? Verschlimmert die Lage von Jahr zu Jahr.<\/p>\n<p>Aber hey: Wir hatten das ja bereits, dass die Deutschen viel zu dumm sind und die Realit\u00e4ten hier in Deutschland \u00fcberhaupt nicht begreift. Wie sonst k\u00f6nnte es sein, dass der Deutsche glaubt, dass die obersten 20 Prozent rund 53 Prozent des Bargeldverm\u00f6gens besitzen und eine Reduzierung auf 30 Prozent einfordert &#8211; in Wirklichkeit haben die obersten 20 Prozent aber schon \u00fcber 74 Prozent des gesamten Geldverm\u00f6gens an sich gerafft und DIE LINKE wird immer noch nicht gew\u00e4hlt, weil sie &#8222;zu viel&#8220; Umverteilung will? <img class='azc_bbc_image' src='https:\/\/www.rume.de\/smilies\/clown.gif'  \/><\/p>\n<p>Es gibt keine bessere Anzeige f\u00fcr die bildungspolitische Intelligenz <img class='azc_bbc_image' src='https:\/\/www.rume.de\/smilies\/clown.gif'  \/> der Deutschen als die Wahlergebnisse <img class='azc_bbc_image' src='https:\/\/www.rume.de\/smilies\/nasiehste.gif'  \/><\/p>\n<p>&nbsp;<\/p>\n<p><a href='https:\/\/www.jungewelt.de\/artikel\/315974.html' class='azc_bbc_url'>Leiharbeit: Prek\u00e4r im Hamsterrad<\/a><br \/>\nSeit 2013 ist die Zahl der Leiharbeiter um 16 Prozent gestiegen.<br \/>\nUnd seit 2003 hat sie sich sogar verdreifacht.<\/p>\n<p>Danke GroKo.<\/p>\n<span class='azc_bbc_italic'>&#8222;Die SPD habe 2016 die Chance gehabt, Leiharbeit sch\u00e4rfer zu regulieren. <a href='http:\/\/www.deutschlandfunk.de\/reform-linke-leiharbeiter-mit-dem-neuen-gesetz-schlechter.1766.de.html?dram:article_id=392990' class='azc_bbc_url'>Statt dessen hat die SPD die Lage per Gesetz noch verschlechtert<\/a>&#8222;, kritisiert Klaus Ernst (LINKE). &#8222;Leiharbeit geh\u00f6rt mindestens so reguliert wie in Frankreich: gleicher Lohn bei gleicher Arbeit plus ein zehnprozentiger Flexibilit\u00e4tszuschlag. Wenn es die SPD mit sozialer Gerechtigkeit ernst meint, darf sie nicht st\u00e4ndig vor der Arbeitgeberlobby einknicken.&#8220;<\/span>\n<p>&nbsp;<\/p>\n<p><a href='http:\/\/www.nachdenkseiten.de\/?p=39547' class='azc_bbc_url'>Die NachdenkSeiten schimpfen mal wieder \u00fcber ihre SPD<\/a><br \/>\nImmer wieder belustigend, dass es immer noch Leute gibt, die von der SPD mehr soziale Gerechtigkeit erwarten. Von einer Partei, die selbst zu ihrer sozialsten Zeit nur eine Politik der Kapitalismusverwaltung durchzog &#8211; inklusive Hetzjagd und Berufsverbote gegen &#8222;zu linke&#8220; Menschen (Radikalenerlass).<\/p>\n<p>Der SPD geht es nur darum, nochmal vier Jahre unter Merkel einige P\u00f6stchen und Geh\u00e4lter abzusichern. Daf\u00fcr betreibt sie rassistische Stimmungsmache, um Schwarz-Gelb \u00fcber eine starke AfD zu verhindern &#8211; und daf\u00fcr erstellt sie ein Parteiprogramm, welches mehr Schnittmengen mit der CDU als mit den LINKEN besitzt.<\/p>\n<p>Martin Schulz hat doch <a href='https:\/\/blog.ard-hauptstadtstudio.de\/audio-54637' class='azc_bbc_url'>selber schon gesagt<\/a>, dass es ihm v\u00f6llig egal ist, ob er gewinnt oder verliert &#8211; er wird trotzdem im Bundestag sitzen, sogar SPD-Vorsitzender bleiben und auf Dienstwagen und f\u00fcnfstelliges Monatsgeh\u00e4lter pochen. Wie offensichtlich muss eine Partei eigentlich NOCH gegen ihre eigenen W\u00e4hler vorgehen, damit sie unter der F\u00fcnf-Prozent-H\u00fcrde landet?<\/p>\n<p>&nbsp;<\/p>\n<p><a href='https:\/\/www.heise.de\/tp\/features\/Markt-und-Eigeninteresse-positiv-Kommunismus-und-Regierung-negativ-3795004.html' class='azc_bbc_url'>Schulb\u00fccher: Markt und Eigeninteresse positiv, Kommunismus und Regierung negativ<\/a><br \/>\nNicht nur \u00fcber die Qualit\u00e4tspresse wird die Bev\u00f6lkerung f\u00fcr den Kapitalismus zugerichtet, sondern nat\u00fcrlich auch l\u00e4ngst schon in s\u00e4mtlichen Schul- und Lehrb\u00fcchern. Eine Studie hat nun ausgewertet, wie schlimm die geballte Propaganda bereits geworden ist.<\/p>\n<p>Dazu passt auch:<\/p>\n<p><a href='https:\/\/propagandaschau.wordpress.com\/2017\/08\/09\/tisa-fuer-ard-und-zdf-ein-fremdwort' class='azc_bbc_url'>TISA? F\u00fcr ARD und ZDF ein Fremdwort<\/a><br \/>\nW\u00e4hrend wir es dank unserer breiten Proteste inzwischen geschafft haben, dass ACTA, TTIP und CETA sogar in die \u00f6ffentlich-rechten Nachrichten gemeldet werden mussten, schweigen unsere Regierungssender <a href='https:\/\/www.heise.de\/tp\/features\/TISA-Alles-wird-vermarktet-3366088.html' class='azc_bbc_url'>das noch schlimmere TISA<\/a> auftragsgem\u00e4ss weiterhin tot.<\/p>\n<p>&nbsp;<\/p>\n<p><a href='https:\/\/www.neues-deutschland.de\/artikel\/1060034.html' class='azc_bbc_url'>DIE LINKE fordert: Belegschaft soll VW-Landesanteile \u00fcbernehmen<\/a><br \/>\nDerzeit wird ja viel gekr\u00e4ht, dass die Politik sich bei VW raushalten und zur\u00fcckziehen soll. Die Frage ist dann nur: Wer soll die 20 Prozent Anteil am VW-Konzern \u00fcbernehmen? Zitat: <span class='azc_bbc_italic'>&#8222;LINKEN-Spitzenkandidat Dietmar Bartsch hat sich daf\u00fcr ausgesprochen, den Anteil des Landes Niedersachsen an Volkswagen an die Belegschaft zu \u00fcbertragen. \u00bbDie 20 Prozent Landeseigentum sollten ganz oder teilweise in Belegschaftseigentum umgewandelt werden\u00ab, sagte Bartsch der Deutschen Presse-Agentur in Berlin. M\u00f6glich sei etwa ein Stiftungsmodell. \u00bbDas w\u00fcrde dazu f\u00fchren, dass es die, die die Unternehmenssubstanz erarbeiten, ein h\u00f6heres Mitspracherecht haben\u00ab, sagte Bartsch, der auch Linkfraktionschef im Bundestag ist. \u00bbDie Menschen, die bei VW hart arbeiten, haben die Chance, qualifiziert mitzureden.\u00ab Bartsch sagte: \u00bbIch m\u00f6chte auf keinen Fall, dass die 20 Prozent privatisiert werden und zum Beispiel nach Katar gehen.\u00ab Eine \u00dcbertragung des Landesanteils bei VW an die Belegschaft k\u00f6nnte auch ein Modell f\u00fcr andere Unternehmen sein.&#8220;<\/span><\/p>\n<p>Seht ihr: So schlimm ist der Sozialismus &#8211; sagt auch <a href='https:\/\/ossiblock.wordpress.com\/2017\/08\/08\/dummbrot-des-tages' class='azc_bbc_url'>S\u00f6ren G\u00f6tz<\/a> <img class='azc_bbc_image' src='https:\/\/www.rume.de\/smilies\/sarkasm.gif'  \/><\/p>\n<p>&nbsp;<\/p>\n<p><a href='https:\/\/www.kontextwochenzeitung.de\/medien\/332\/das-ist-nicht-niedlich-4528.html' class='azc_bbc_url'>Wo Betrug als Schummelei verharmlost wird<\/a><br \/>\nNicht nur die Regierungspolitiker, die ja zuhauf von der Autoindustrie abgeschmiert werden, sondern (nat\u00fcrlich) auch die Qualit\u00e4tsjournaille benutzt heute das Wort &#8222;Schummeln&#8220; f\u00fcr den mafi\u00f6sen Betrug der Autokonzerne zu Lasten unserer Gesundheit. Wohlgemerkt: Ein Betrug aus reiner Habgier, denn rein technisch w\u00e4re die korrekte Abgasreinigung machbar. Ein Rundgang durch unsere deutsche Medienlandschaft, f\u00fcr die wir unser hart erarbeitetes Geld ausgeben sollen.<\/p>\n<p>Betrug beim Spritverbrauch, Betrug bei der Luftverpestung, Betrug per Preisabsprache-Kartell &#8211; alles, was uns Verbraucher krank macht und teuer zu stehen kommt, ist inzwischen aufgeflogen. Was fehlt da eigentlich noch?<\/p>\n<p>Ach ja, richtig:<\/p>\n<p><a href='https:\/\/www.neues-deutschland.de\/artikel\/1060036.html' class='azc_bbc_url'>L\u00e4rm-Grenzwerte von Fahrzeugen ebenfalls manipuliert<\/a><br \/>\n<span class='azc_bbc_italic'>&#8222;Bei Autos und Motorr\u00e4dern wird einem ARD-Bericht zufolge auch bei den L\u00e4rm-Grenzwerten getrickst. Wie das Magazin \u00bbPlusminus\u00ab laut Vorabmeldung vom Dienstag berichtet, weichen die Werte des offiziellen Messverfahrens teils erheblich vom tats\u00e4chlichen L\u00e4rm auf der Stra\u00dfe ab.&#8220;<\/span><\/p>\n<p>&nbsp;<\/p>\n<p><a href='http:\/\/www.heise.de\/-3795670' class='azc_bbc_url'>Im Land der Dreckschleudern<\/a><br \/>\nUnd seid ihr auch alle entsetzt, dass Trump nun auch offiziell den Austritt vom Pariser Klimaabkommen eingereicht hat? Ihr k\u00f6nnt euch wieder entspannen, denn auch die Bundesregierung k\u00fcmmert sich einen Dreck um dieses Abkommen (<a href='http:\/\/www.wetter.de\/cms\/klimawandel-naher-osten-und-nordafrika-koennten-durch-hitzewellen-unbewohnbar-werden-2872853.html' class='azc_bbc_url'>und deren Folgen<\/a>). S\u00e4mtliche darin vereinbarten Ziele werden hochkant gerissen und in jedem Rechtsstaat w\u00e4ren nun drastische Strafzahlungen f\u00e4llig. Aber zum Gl\u00fcck handelt es sich ja um Deutschland.<\/p>\n<p>Zitat: <span class='azc_bbc_italic'>&#8222;Wie Deutschland mit der Gesundheit seiner Bewohner umgeht, l\u00e4sst sich ja gerade anhand des Abgasskandals eindr\u00fccklich verfolgen. Somit werden auch in Deutschland nicht nur zu viele Stickoxide in die Luft geblasen, sondern auch weiterhin zu viel Kohlendioxid. Denn obwohl die Emissionen rapide sinken m\u00fcssten, um das Klimaziel f\u00fcr 2020 \u00fcberhaupt noch ann\u00e4hernd erreichen zu k\u00f6nnen, hat Deutschland 5 Millionen Tonnen MEHR CO2 als im Vorjahreszeitraum ausgesto\u00dfen &#8211; das entspricht einem Plus von 1,2 Prozent.<\/p>\n<p>Hauptverantwortlich f\u00fcr den Emissionsanstieg war mal wieder der Verkehrssektor, wo seit 1990 (!) keine Fortschritte erzielt werden. Es wurden 6,5 Prozent mehr Diesel, 2,5 Prozent mehr Benzin und 8 Prozent mehr Flugbenzin verkauft als im Vorjahreszeitraum. Aber auch die Braunkohle hat leicht zugelegt.&#8220;<\/span><\/p>\n<p>CDU und SPD verhalten sich nur schlauer als der aussteigende Trump, indem sie zwar offiziell das Klimaabkommen beibehalten, sich aber real damit den Arsch abwischen. Denn der Deutsche bekommt das Dank der unkritischen Qualit\u00e4tsjournaille gar nicht mit, dass die Bundesregierung unterm Strich genauso handelt wie Trump.<\/p>\n<p>Zitat: <span class='azc_bbc_italic'>&#8222;Bislang ist kaum zu vernehmen, dass die Parteien sich im Bundestagswahlkampf besonders dem Thema Klimaschutz annehmen w\u00fcrden. Angesichts von \u00dcberflutungen in Deutschland und Hitzewellen und Waldbr\u00e4nden in S\u00fcdeuropa w\u00e4re dies durchaus ein naheliegendes Thema. 71 Prozent der Deutschen betrachteten in einer Umfrage von Emnid den Klimawandel j\u00fcngst als ihre gr\u00f6\u00dfte Sorge.&#8220;<\/span><\/p>\n<p>Und weil auch CDU und SPD wissen, dass Luftverpestung keinen Applaus der W\u00e4hler einbringt, schwadronieren sie bei jeder Gelegenheit \u00fcber die &#8222;grosse Verantwortung f\u00fcr die Umwelt&#8220;, r\u00fchren tats\u00e4chlich aber keinen einzigen Finger daf\u00fcr. Ganz im Gegenteil, wie selbst dem D\u00fcmmsten angesichts des Dieselgipfels auffallen m\u00fcsste.<\/p>\n<p>M\u00fcsste&#8230;<\/p>\n<p>&nbsp;<\/p>\n<p><a href='http:\/\/www.berliner-zeitung.de\/berlin\/mietwohnungen-energetische-modernisierungen-sind-teuer&#8212;aber-wenig-effektiv-28137562' class='azc_bbc_url'>Energetische Modernisierungen sind teuer &#8211; aber wenig effektiv<\/a><br \/>\nMit &#8222;wenig effektiv&#8220; ist \u00fcbrigens der Spareffekt beim Heizen gemeint. SEHR effektiv ist die Modernisierung aber zur Umgehung der sogenannten Mietpreisbremse. Denn nach einer solchen Massnahme kann man den Mietpreis hochschrauben, wie weit man Lust und Laune hat &#8211; bis hin zur Verdoppelung.<\/p>\n<p>Das ist \u00fcbrigens KEINE Gesetzesl\u00fccke, sondern von der SPD absichtlich offen gelassen, damit Immobilienkonzerne weiterhin Profite scheffeln k\u00f6nnen &#8211; man aber gegen\u00fcber seinen W\u00e4hlern sagen kann, dass man doch &#8222;so richtig sozial ist&#8220; und sogar per Gesetz die Mietkosten begrenzt hat <img class='azc_bbc_image' src='https:\/\/www.rume.de\/smilies\/sarkasm.gif'  \/><\/p>\n<p>Ach ja: Genau das hat DIE LINKE <a href='https:\/\/www.linksfraktion.de\/themen\/nachrichten\/detail\/gesetzlich-regulierter-mietwucher' class='azc_bbc_url'>schon vor drei Jahren vorhergesagt<\/a>. Von den W\u00e4hlern hingegen interessierte das damals niemanden &#8211; und heute, soweit ich das den aktuellen Wahlumfragen entnehmen kann, immer noch nicht. Insofern bekommt der Deutsche auch genau die Regierung, die er sich redlich verdient hat.<\/p>\n<p>&nbsp;<\/p>\n<p><a href='https:\/\/heise.de\/-3795880' class='azc_bbc_url'>Verfassungsbeschwerde gegen Bayerntrojaner<\/a><br \/>\nHeise-Online berichtet: <span class='azc_bbc_italic'>&#8222;Die Gesellschaft f\u00fcr Freiheitsrechte klagt in Karlsruhe gegen &#8222;uferlose Befugnisse&#8220; des bayerischen Staatsschutzes. Die Klage richtet sich etwa gegen das Zugriffsrecht des bayerischen Verfassungsschutz auf die Vorratsdatenspeicherung. Auch die heimliche Online-\u00dcberwachung von WhatsApp und Co. k\u00f6nnte schon &#8222;gegen blo\u00dfe Kontakt- und Begleitpersonen angeordnet werden&#8220;. Innenminister Joachim Herrmann (CSU) hatte bei dem Gesetzesbeschluss einger\u00e4umt, mit diesem bundesweitem Novum an rechtsstaatliche Grenzen zu gehen.&#8220;<\/span><\/p>\n<p>Wie ein Leser \u00fcbrigens <a href='https:\/\/www.heise.de\/forum\/heise-online\/News-Kommentare\/Verfassungsbeschwerde-gegen-Bayerntrojaner-und-ausgeweitete-Vorratsdatenspeicherung\/Bei-der-naechsten-Bundestagswahl\/posting-30839515\/show' class='azc_bbc_url'>zurecht anmerkt<\/a>, wird genau dieser Provinz-Mielke aus Bayern als kommender Bundesinnenminister (und De Maiziere-Nachfolger) gehandelt.<\/p>\n<p>&nbsp;<\/p>\n<p><a href='https:\/\/www.heise.de\/tp\/features\/Saudi-Arabien-Mit-westlichem-Kriegsgeraet-gegen-Oppositionelle-3795912.html' class='azc_bbc_url'>Saudi-Arabien: Mit westlichem Kriegsger\u00e4t gegen Oppositionelle<\/a><br \/>\nUnser (Zitat Merkel, De Maiziere, Gabriel, usw.) &#8222;Stabilit\u00e4tsanker&#8220; im Nahen Osten <img class='azc_bbc_image' src='https:\/\/www.rume.de\/smilies\/sarkasm.gif'  \/><\/p>\n<p>&nbsp;<\/p>\n<p>Und zu guter Letzt:<\/p>\n<p><a href='http:\/\/sakurai-cartoons.de\/\/images\/g_glashausanhaenger.gif' class='azc_bbc_url'>CDU und SPD im Abgasskandal<\/a><br \/>\n<img class='azc_bbc_image' src='https:\/\/www.rume.de\/smilies\/nasiehste.gif'  \/><\/p>\n","protected":false},"excerpt":{"rendered":"<p>\/ Trotz Mindestlohn kein R\u00fcckgang bei der Niedriglohnbesch\u00e4ftigung \/ Leiharbeit: Prek\u00e4r im Hamsterrad \/ Die NachdenkSeiten schimpfen mal wieder \u00fcber ihre SPD \/ Schulb\u00fccher: Markt und Eigeninteresse positiv, Kommunismus und Regierung negativ \/ TISA? F\u00fcr ARD und ZDF ein Fremdwort \/ DIE LINKE fordert: Belegschaft soll VW-Landesanteile \u00fcbernehmen \/ Wo Betrug als Schummelei verharmlost wird &hellip; <a href=\"https:\/\/www.rume.de\/?p=299\" class=\"more-link\"><span class=\"screen-reader-text\">\u201eAufgelesen und kommentiert 2017-08-09\u201c <\/span>weiterlesen<\/a><\/p>\n","protected":false},"author":1,"featured_media":0,"comment_status":"open","ping_status":"closed","sticky":false,"template":"","format":"standard","meta":{"footnotes":""},"categories":[2],"tags":[],"class_list":["post-299","post","type-post","status-publish","format-standard","hentry","category-aufgelesen"],"_links":{"self":[{"href":"https:\/\/www.rume.de\/index.php?rest_route=\/wp\/v2\/posts\/299","targetHints":{"allow":["GET"]}}],"collection":[{"href":"https:\/\/www.rume.de\/index.php?rest_route=\/wp\/v2\/posts"}],"about":[{"href":"https:\/\/www.rume.de\/index.php?rest_route=\/wp\/v2\/types\/post"}],"author":[{"embeddable":true,"href":"https:\/\/www.rume.de\/index.php?rest_route=\/wp\/v2\/users\/1"}],"replies":[{"embeddable":true,"href":"https:\/\/www.rume.de\/index.php?rest_route=%2Fwp%2Fv2%2Fcomments&post=299"}],"version-history":[{"count":1,"href":"https:\/\/www.rume.de\/index.php?rest_route=\/wp\/v2\/posts\/299\/revisions"}],"predecessor-version":[{"id":300,"href":"https:\/\/www.rume.de\/index.php?rest_route=\/wp\/v2\/posts\/299\/revisions\/300"}],"wp:attachment":[{"href":"https:\/\/www.rume.de\/index.php?rest_route=%2Fwp%2Fv2%2Fmedia&parent=299"}],"wp:term":[{"taxonomy":"category","embeddable":true,"href":"https:\/\/www.rume.de\/index.php?rest_route=%2Fwp%2Fv2%2Fcategories&post=299"},{"taxonomy":"post_tag","embeddable":true,"href":"https:\/\/www.rume.de\/index.php?rest_route=%2Fwp%2Fv2%2Ftags&post=299"}],"curies":[{"name":"wp","href":"https:\/\/api.w.org\/{rel}","templated":true}]}}