{"id":296,"date":"2017-08-08T21:54:57","date_gmt":"2017-08-08T19:54:57","guid":{"rendered":"http:\/\/rume.katti.eu\/?p=296"},"modified":"2017-08-08T21:54:57","modified_gmt":"2017-08-08T19:54:57","slug":"aufgelesen-und-kommentiert-2017-08-08","status":"publish","type":"post","link":"https:\/\/www.rume.de\/?p=296","title":{"rendered":"Aufgelesen und kommentiert 2017-08-08"},"content":{"rendered":"<p>\/ Heute ist (bzw. war) Weltkatzentag<br \/>\n\/ Minijobs: Unsicher, schlecht bezahlt und steuerfinanziert<br \/>\n\/ Meck-Pomm: Ministerpr\u00e4sidentin Schwesig (SPD) fordert h\u00f6here L\u00f6hne f\u00fcr den Osten<br \/>\n\/ Podcast: Politik als Luxus<br \/>\n\/ Vier &#8222;Youtuber&#8220; werden Merkel interviewen<br \/>\n\/ Niedersachsen: Sich emp\u00f6rende CDU und FDP kannten schon 2016 die VW-Absprache<br \/>\n\/ G20-Proteste: Polizei verliert Deutungshoheit<br \/>\n\/ Berliner Polizei hat letztes Jahr zwei Telefongespr\u00e4che pro Minute abgeh\u00f6rt<br \/>\n\/ GR\u00dcNEN-Politiker Palmer: &#8222;Brasilien ist so gef\u00e4hrlich wie Afghanistan&#8220;<br \/>\n\/ Wie die AfD die Polizeiliche Kriminalstatistik missbraucht<br \/>\n\/ Feindbild Fl\u00fcchtling: Deutschland schickt erstes Kriegsschiff<br \/>\n\/ Offener Brief an die Friedrich-Ebert-Halle in Heimfeld: Laden Sie die rassistische AfD wieder aus!<br \/>\n\/ Von der Leyen (CDU) betont Zwei-Prozent-R\u00fcstungszusage an die NATO<br \/>\n\/ Sigmar Gabriel &#8211; Der Waffenexportminister<br \/>\n\/ 5000 neue Eintr\u00e4ge im Duden<br \/>\n\/ Was ist eigentlich, wenn die AfD verliert?<\/p>\n<p>&#8212;<\/p>\n<p><!--more--><\/p>\n<p><a href='https:\/\/www.heise.de\/newsticker\/meldung\/Weltkatzentag-Katzentatzen-von-der-geringen-Nuetzlichkeit-und-grossen-Sinnlichkeit-des-Cat-Contents-3794744.html' class='azc_bbc_url'>Heute ist (bzw. war) Weltkatzentag<\/a><br \/>\nDas Wichtigste gleich zu Beginn &#8211; auch wenn ich jetzt ein paar Leser verliere, die Katzen hassen <img class='azc_bbc_image' src='https:\/\/www.rume.de\/smilies\/biggrin.gif'  \/><\/p>\n<p>&nbsp;<\/p>\n<p><a href='https:\/\/www.linksfraktion.de\/themen\/nachrichten\/detail\/minijobs-unsicher-schlecht-bezahlt-und-steuerfinanziert-1' class='azc_bbc_url'>Minijobs: Unsicher, schlecht bezahlt und steuerfinanziert<\/a><br \/>\nWie wir gestern gelernt haben, hat <a href='https:\/\/www.rume.de\/2017\/08\/07\/aufgelesen-und-kommentiert-2017-08-07' class='azc_bbc_url'>der Deutsche \u00fcberhaupt keine Ahnung<\/a> davon, wie asozial die Schere zwischen Arm und Reich hierzulande inzwischen geworden ist:<\/p>\n<p>W\u00e4hrend der Deutsche glaubt, dass die obersten 20 Prozent rund 53 Prozent des Bargeldverm\u00f6gens besitzen (und eine Reduzierung auf 30 Prozent einfordern), haben die obersten 20 Prozent schon real \u00fcber 74 Prozent des gesamten Geldverm\u00f6gens an sich gerafft.<\/p>\n<p>Und w\u00e4hrend der Deutsche glaubt, dass die untersten 20 Prozent nur 5 Prozent des Bargeldverm\u00f6gens besitzen (und eine Erh\u00f6hung auf 13 Prozent einfordern), haben die \u00c4rmsten 20 Prozent real NICHTS an Verm\u00f6gen, sondern sind sogar verschuldet!<\/p>\n<p>Jetzt hat DIE LINKE die offiziellen Zahlen zur Arbeitswelt in Deutschland ausgewertet und stellt (wieder einmal) erschreckendes fest: <span class='azc_bbc_italic'>&#8222;2016 war jede\/r f\u00fcnfte abh\u00e4ngig Besch\u00e4ftigte ein Minijobbender: Die Anzahl der Minijobbenden insgesamt ist in den letzten zehn Jahren um 10,5 Prozent gestiegen. Die Anzahl der Minijobbenden, die diesen zus\u00e4tzlich zu ihrem Hauptberuf aus\u00fcben, ist um 46 Prozent gestiegen.<\/p>\n<p>Minijobs f\u00fchren zu Armut im Erwerbsleben und im Alter<\/p>\n<p>Der Anteil der Minijobbenden, die auf den Bruttolohn bezogen unterhalb der Niedriglohnschwelle entlohnt werden, lag 2014 bei 64,8 Prozent; Der durchschnittliche Bruttostundenlohn von Minijobbenden lag im gleichen Jahr bei 9,40 EUR (West 9,58 EUR und Ost 7,86 EUR). Dieser Verdienst entspricht 55 Prozent des durchschnittlichen Bruttostundenverdienstes in 2014: 16,97 EUR (West 17,46 EUR und Ost 13,80 EUR) f\u00fcr das Jahr 2014.<\/p>\n<p>Minijobs kosten Steuergeld<\/p>\n<p>Die Ausftockerleistungen im Jahr 2015: Es gab 411.097 Bedarfsgemeinschaften mit geringf\u00fcgig besch\u00e4ftigten Leistungsberechtigten (+1,4 Prozent zu 2007 mit 405.212). Die Zahlungsanspr\u00fcche auf Leistungen aus der Grundsicherung f\u00fcr Arbeitssuchende beliefen sich im Jahr 2015 auf 4,58 Mrd. Euro (+9,8 Prozent zu 2007).&#8220;<\/span><\/p>\n<p>Drastische, wenn nicht bedr\u00fcckende Zahlen, oder? Aber der Deutsche wird auch diese hervorragende Oppositionsarbeit der LINKEN erneut nicht zur Kenntnis nehmen und weiterhin glauben: <span class='azc_bbc_italic'>&#8222;Och, den meisten gehts doch irgendwie ganz gut.&#8220;<\/span><\/p>\n<p>&nbsp;<\/p>\n<p><a href='https:\/\/www.neues-deutschland.de\/artikel\/1059885.html' class='azc_bbc_url'>Meck-Pomm: Ministerpr\u00e4sidentin Schwesig (SPD) fordert h\u00f6here L\u00f6hne f\u00fcr den Osten<\/a><br \/>\nWo ist das Problem? Auch eine Landesregierung kann ihre Mindestl\u00f6hne erh\u00f6hen, f\u00fcr ihre landeseigenen Betriebe bessere Tarifvertr\u00e4ge abschliessen &#8211; und \u00fcber Kontrollen und Vorschriften sogar Druck auf Arbeitgeber machen, damit es weniger illegale Ausbeutung gibt. Und wenn die SPD herumjammert, dass man auch viele Gesetz eigentlich im Bundestag umsetzen m\u00fcsste, die CDU das aber alles blockiert: Ja warum stellt man solche Gesetze nicht zur freien Abstimmung und setzt sie mit Hilfe der rot-gr\u00fcnen Mehrheit um?<\/p>\n<p>Glaubw\u00fcrdigkeit muss man sich erarbeiten. Davon ist die SPD mehrere Lichtjahre entfernt. Und nur mit flotten Spr\u00fcchen, die es eh nur wegen der anstehenden Bundestagswahl gibt, wird das keinesfalls besser.<\/p>\n<p>Dazu passt auch:<\/p>\n<p><a href='https:\/\/aufwachen-podcast.de\/2017\/08\/08\/z02-politik-als-luxus' class='azc_bbc_url'>Podcast: Politik als Luxus<\/a><br \/>\nEin Vortrag vom &#8222;Aufwachen&#8220; Macher Stefan Schulz dar\u00fcber, warum Menschen unter 35 Jahren sich deutlich weniger f\u00fcr Politik interessieren, als die \u00dcber-70-J\u00e4hrigen. Sehr h\u00f6renswert!<\/p>\n<p>&nbsp;<\/p>\n<p><a href='http:\/\/www.tagesspiegel.de\/politik\/wahlkampf-im-netz-merkel-und-die-vier-youtuber\/20162612.html' class='azc_bbc_url'>Vier &#8222;Youtuber&#8220; werden Merkel interviewen<\/a><br \/>\nFalls es jemand nicht weiss: &#8222;Youtuber&#8220; sind Leute, die von sich selber Videos machen und auf Youtube hochladen &#8211; beispielsweise wie sie neue Ger\u00e4te auspacken oder Schminktipps geben. Und Angela Merkel nimmt all ihren Mut zusammen und stellt sich den knallharten Fragen solcher <span class='azc_bbc_strike'>Knallchargen<\/span> modernen Idole.<\/p>\n<p><a href='http:\/\/www.zeit.de\/kultur\/film\/2015-07\/lefloid-merkel-interview' class='azc_bbc_url'>War vor zwei Jahren ja auch ein voller Erfolg<\/a> <img class='azc_bbc_image' src='https:\/\/www.rume.de\/smilies\/biggrin.gif'  \/><\/p>\n<p>Oder wie es der Tagesspiegel kommentiert: <span class='azc_bbc_italic'>&#8220; Das Kanzleramt wird wohl wissen, warum es dieser Konstellation und diesen Gespr\u00e4chspartnern zugestimmt hat &#8211; und nicht beispielsweise Berufsnervens\u00e4ge Tilo Jung eingeladen hat. Der Video-Blogger interviewt f\u00fcr seine Gespr\u00e4chsreihe <a href='https:\/\/www.youtube.com\/user\/Nfes2005\/videos' class='azc_bbc_url'>&#8220;Jung &amp; naiv&#8220;<\/a> regelm\u00e4\u00dfig Politiker und geht in der Bundespressekonferenz den Ministeriumssprechern mit penetranten Nachfragen auf den Geist.&#8220;<\/span><\/p>\n<p>&nbsp;<\/p>\n<p><a href='https:\/\/www.neues-deutschland.de\/artikel\/1059886.html' class='azc_bbc_url'>Niedersachsen: Sich emp\u00f6rende CDU und FDP kannten schon 2016 die VW-Absprache<\/a><br \/>\n<span class='azc_bbc_italic'>&#8222;W\u00e4hrend sich CDU und FDP heute emp\u00f6ren, hatte sie seinerzeit keine Bedenken. Dies ergibt sich aus dem Protokoll einer vertraulichen Sitzung des Landtags-Wirtschaftsauschusses von September 2016, welches der Deutschen Presse-Agentur (dpa) vorliegt.&#8220;<\/span><\/p>\n<p>Unter uns: Es ist auch Realsatire, dass sich ausgerechnet <a href='https:\/\/www.bundestag.de\/parlament\/praesidium\/parteienfinanzierung\/fundstellen50000\/2017' class='azc_bbc_url'>die beiden k\u00e4uflichsten Parteien Deutschlands<\/a> dar\u00fcber aufregen, dass die SPD nach der Pfeife der Konzerne tanzen. Deren Aufregung gilt n\u00e4mlich nur dem Neid, dass die ebenso willige SPD aktuell tanzt &#8211; und nicht CDU und FDP.<\/p>\n<p>&nbsp;<\/p>\n<p><a href='https:\/\/www.jungewelt.de\/artikel\/315925.polizei-verliert-deutungshoheit.html' class='azc_bbc_url'>G20-Proteste: Polizei verliert Deutungshoheit<\/a><br \/>\nEin Hinterhalt im Hamburger Schanzenviertel, der keiner war; angebliche Gehwegplatten und Molotowcocktails, die niemand vorweisen kann; angebliche Stein- und Flaschenw\u00fcrfe, die nicht einmal die Polizeikamera gesehen hat &#8211; einen Monat nach dem G20-Gipfel bricht die Darstellung der &#8222;Sicherheitsbeh\u00f6rden&#8220; in sich zusammen. Und jetzt zeigt sich auch noch, dass die Rechtfertigung f\u00fcr den brutalen Zugriff der Einsatzkr\u00e4fte auf rund 200 Demonstranten im Industriegebiet Rondenbarg in Bahrenfeld am Morgen des 7. Juli v\u00f6llig falsch war.<\/p>\n<p>Fassen wir also zusammen: Die Eskalation war gewollt, um linke Randale zu provozieren &#8211; und \u00fcber die Staatssender und Meinungspresse anschliessend jede Kapitalismuskritik mundtot machen zu k\u00f6nnen.<\/p>\n<p>&nbsp;<\/p>\n<p><a href='https:\/\/netzpolitik.org\/2017\/telefonueberwachung-berliner-polizei-hat-letztes-jahr-zwei-telefongespraeche-pro-minute-abgehoert' class='azc_bbc_url'>Berliner Polizei hat letztes Jahr zwei Telefongespr\u00e4che pro Minute abgeh\u00f6rt<\/a><br \/>\nInsgesamt \u00fcber 1,3 Millionen \u00fcberwachte Telefonate im vergangenen Jahr. Ab wann nochmal genau spricht man von einem \u00dcberwachungsstaat?<\/p>\n<p>&nbsp;<\/p>\n<p><a href='http:\/\/www.spiegel.de\/politik\/deutschland\/boris-palmer-ueber-abschiebungen-brasilien-so-gefaehrlich-wie-afghanistan-a-1160130.html' class='azc_bbc_url'>GR\u00dcNEN-Politiker Palmer: &#8222;Brasilien ist so gef\u00e4hrlich wie Afghanistan&#8220;<\/a><br \/>\nUm mal nachvollziehen zu k\u00f6nnen, wie abstossend ekelhaft dieser Boris Palmer von den GR\u00dcNEN ist, hier mal seine Kernaussage (Zitat): <span class='azc_bbc_italic'>&#8222;Was Afghanistan angeht, gibt es eine gef\u00fchlte Wahrnehmung von Unsicherheit, die vor allem durch Bilder von Anschl\u00e4gen transportiert wird. Die Einsch\u00e4tzung habe aber nichts mit der statistischen Wahrscheinlichkeit zu tun, dass jemandem tats\u00e4chlich etwas zust\u00f6\u00dft, der dorthin abgeschoben wird.&#8220; Als Vergleich zog Palmer Brasilien heran: Dort w\u00fcrden Jahr f\u00fcr Jahr 50.000 Menschen umgebracht, das Land sei so gef\u00e4hrlich wie Afghanistan. &#8222;Trotzdem haben wir da eine Fu\u00dfball-WM abgehalten, und niemand sagt, dass man nicht hinfliegen kann.&#8220;<\/span><\/p>\n<p>Nun ist es zum Ersten nat\u00fcrlich ein massiver Unterschied, ob <a href='https:\/\/www.welt.de\/sport\/fussball\/wm-2014\/article128956737\/200-Soldaten-bewachen-DFB-Hochsicherheitstrakt.html' class='azc_bbc_url'>in paramilit\u00e4risch abgeriegelten WM-D\u00f6rfern<\/a> ein Fussballturnier durchgezogen wird, oder man als ganz normaler Einheimischer durch die Strassen der Armut zieht. Und genauso ist es ein massiver Unterschied, ob man in den Touristenhochburgen seinen Urlaub verbringt, oder <a href='https:\/\/de.wikipedia.org\/wiki\/Favela' class='azc_bbc_url'>in den Favelas<\/a> leben muss.<\/p>\n<p>Einen Vergleich zu ziehen zwischen Urlaubsorten und Afghanistan ist mehr als ekelerregend f\u00fcr einen Wohlstandsz\u00f6gling, der damit NULL Einf\u00fchlungsverm\u00f6gen zeigt.<\/p>\n<p>Hinzu kommt aber auch noch, dass er \u00fcber die 50.000 Toten j\u00e4hrlich nicht etwa entsetzt ist und das gravierende Gef\u00e4lle zwischen Armut und Reichtum (<a href='http:\/\/cumachama.files.wordpress.com\/2010\/11\/paraisopolis.jpg' class='azc_bbc_url'>welches es auch in Brasilien gibt<\/a>) anprangert, sondern die dortigen Todesopfer daf\u00fcr missbraucht, um noch weitere (genauer gesagt: nicht willkommene) Menschen in solches Elend abwerfen zu k\u00f6nnen.<\/p>\n<p>Doch Menschen, die mit solchen Argumentationen ihre &#8222;Ausl\u00e4nder raus&#8220; Parolen rechtfertigen, sind im inneren Geist l\u00e4ngst im Faschismus angekommen &#8211; glauben von sich aber, dass sie dank &#8222;gr\u00fcner&#8220; Parteizugeh\u00f6rigkeit mitmenschlich w\u00e4ren. Also zu den Guten zu geh\u00f6ren.<\/p>\n<p>&nbsp;<\/p>\n<p><a href='http:\/\/katapult-magazin.de\/de\/artikel\/artikel\/fulltext\/sinn-und-unsinn-der-polizeilichen-kriminalstatistik' class='azc_bbc_url'>Wie die AfD die Polizeiliche Kriminalstatistik missbraucht<\/a><br \/>\nIn der Polizeilichen Kriminalstatistik landen nur die Anzeigen, nicht aber, ob sp\u00e4ter tats\u00e4chlich verurteilt (oder gar freigesprochen) wurde. Zudem ist bekannt, dass der Deutsche liebend gerne Ausl\u00e4nder anzeigt &#8211; bei denselben Vergehen aber keine Anzeige stellt, wenn der T\u00e4ter ein Deutscher war. Und wenn sich im Nachhinein herausstellt, dass der T\u00e4ter trotz nicht-arischen Aussehens doch kein Ausl\u00e4nder war, wird er trotzdem in der Polizeilichen Kriminalstatistik als Ausl\u00e4nder eingetragen. Eine sp\u00e4tere Korrektur erfolgt solcher falschen Eintr\u00e4ge nicht. Nicht einmal bei Fl\u00fcchtlingen, die ein Recht auf Asyl haben, werden als &#8222;illegale Ausl\u00e4nder&#8220; vermerkt, so lange ihr Asylantrag noch in Bearbeitung ist. <a href='http:\/\/www.migazin.de\/2014\/10\/08\/studie-defizite-polizei-umgang-migranten' class='azc_bbc_url'>Und das sind noch l\u00e4ngst nicht alle Probleme<\/a>.<\/p>\n<p>Dass die realen Werte sogar sinken, will ich gar nicht weiter aufgreifen. Denn selbst wenn sie steigen sollten, sind sie Erstens v\u00f6llig verzerrt. Und Zweitens sagt es NICHTS aus \u00fcber den sozialen Status der Leute, die diese Kriminalit\u00e4t begehen. Denn wenn man 100 biodeutsche AfD-W\u00e4hler drei Monate lang in eine Turnhalle einsperrt, ohne Privatsph\u00e4re und ohne Besch\u00e4ftigung, aber mit einem herabw\u00fcrdigenden &#8222;Sicherheitsdienst&#8220; davor, dann wird es auch dort zur Randale kommen. Und das sogar deutlich fr\u00fcher, als es unter Fl\u00fcchtlingen der Fall ist.<\/p>\n<p>&nbsp;<\/p>\n<p><a href='https:\/\/www.jungewelt.de\/artikel\/315911.html' class='azc_bbc_url'>Feindbild Fl\u00fcchtling: Deutschland schickt erstes Kriegsschiff<\/a><br \/>\nLESEBEFEHL, falls man gerade eine R\u00fcckw\u00e4rtsessen-Di\u00e4t machen m\u00f6chte <img class='azc_bbc_image' src='https:\/\/www.rume.de\/smilies\/kotz.gif'  \/><\/p>\n<p>&nbsp;<\/p>\n<p><a href='https:\/\/is.gd\/bQ1ndh' class='azc_bbc_url'>Offener Brief an die Friedrich-Ebert-Halle in Heimfeld: Laden Sie die rassistische AfD wieder aus!<\/a><br \/>\nSo lobenswert so manche &#8222;Initiative gegen Rechts&#8220; sicherlich auch ist, genauso blind erscheint sie aber auch f\u00fcr die Realit\u00e4t des politischen Alltags. Denn Widerstand gegen die AfD ist definitiv gerechtfertigt. Aber wie viel mehr Widerstand gegen CDU\/CSU und SPD ist schon lange \u00fcberf\u00e4llig, wenn man die REALE (!) Regierungsarbeit dieser Bundesregierung sieht?<\/p>\n<p>&#8211; Deals mit Erdogan<br \/>\n&#8211; Aufr\u00fcstung libyscher Milizen<br \/>\n&#8211; &#8222;Auffanglager&#8220; in Nordafrika<br \/>\n&#8211; Kriegsschiffe von der Leine lassen<br \/>\n&#8211; Abschuss von Fl\u00fcchtlingsboote<br \/>\n&#8211; Abschieben in Kriegsgebiete<\/p>\n<p>Noch dazu die staatliche Finanzierung von Neonazi-Hochburgen \u00fcber den &#8222;Verfassungsschutz&#8220; und die Kriminalisierung von Seenotrettern &#8211; was sind im Vergleich zu dieser m\u00f6rderischen Realpolitik schon die (zugegebenermassen zutiefst ekelhaften) Spr\u00fcche der AfD? Ich bin der Meinung, wer sich gegen Rassismus und Rechtsextremismus einsetzt, darf sich nicht auf die AfD verengen lassen, sondern MUSS die offen rassistische Realpolitik von CDU\/CSU\/SPD\/FDP\/GR\u00dcNE ebenso bek\u00e4mpfen. Einen &#8222;Stoppt diese rechten Hetzer&#8220; Boykott, wenn Seehofer, Spahn, Schulz, oder Kretschmann auftreten wollen, ist mir allerdings nicht bekannt.<\/p>\n<p>Bezeichnend daf\u00fcr, was im &#8222;modernen&#8220; Deutschland als rassistich und menschenverachtend gilt &#8211; und was nicht.<\/p>\n<p>&nbsp;<\/p>\n<p><a href='https:\/\/www.neues-deutschland.de\/artikel\/1059867.html' class='azc_bbc_url'>Von der Leyen (CDU) betont Zwei-Prozent-R\u00fcstungszusage an die NATO<\/a><br \/>\nMehr Panzer, mehr Schiffe, mehr Munition, neue Hubschrauber: Was Von der Leyen einfordert, k\u00e4me fast einer Verdoppelung (!) der derzeitigen &#8222;Verteidigungsausgaben&#8220; von 37 Milliarden Euro gleich. Deutschland w\u00e4re dann mit Abstand die gr\u00f6\u00dfte Milit\u00e4rmacht Europas.<\/p>\n<p>Und die SPD hat all dies mitgetragen und rudert nun &#8211; im Wahlkampfmodus angekommen &#8211; davon zur\u00fcck.<\/p>\n<p>UPDATE: Nein, nicht mal Zur\u00fcckrudern, sondern man fordert statt die NATO doch lieber <a href='https:\/\/www.linksfraktion.de\/presse\/pressemitteilungen\/detail\/militarisierung-der-eu-ist-keine-alternative-zur-nato-aufruestung' class='azc_bbc_url'>die EU milit\u00e4risch aufr\u00fcsten<\/a>. <span class='azc_bbc_italic'>&#8222;Schulz und Oppermanns Aufr\u00fcstungspl\u00e4ne entlarven ihre Reden von sozialer Gerechtigkeit im Wahlkampf als schlichte L\u00fcgenm\u00e4rchen. Wer noch mehr Geld f\u00fcr R\u00fcstung ausgeben will, egal ob im Rahmen der EU oder der NATO, der legt weiter die Axt an den Sozialstaat in Deutschland. Die gro\u00dfe Koalition mit der SPD hat den deutschen Milit\u00e4rhaushalt bereits in diesem Jahr um acht Prozent auf 37 Milliarden Euro erh\u00f6ht. Es ist h\u00f6chste Zeit f\u00fcr eine friedenspolitische Neuausrichtung der deutschen Verteidigungspolitik, die auf Abr\u00fcstung und ein Ende der kostspieligen Auslandseins\u00e4tze der Bundeswehr zielt. Wir brauchen mehr Wohnungen, Schulen und Kitapl\u00e4tze statt EU-Panzerarmeen und Kriegsflotten unter dem europ\u00e4ischen Sternenbanner.&#8220;<\/span><\/p>\n<p>Ihr k\u00f6nnt ja mal klicken, wer das sagt <img class='azc_bbc_image' src='https:\/\/www.rume.de\/smilies\/nasiehste.gif'  \/><\/p>\n<p>Und nochmal zur Erinnerung wegen der &#8222;Zwei Prozent&#8220;, welche die Bundesregierung und ihre arschkriechende Qualit\u00e4tsjournaille st\u00e4ndig zur Verharmlosung benutzen: Diese zwei Prozent werden am Bruttoinlandsprodukt bemessen &#8211; und nicht am viel kleineren Bundeshaushalt.<\/p>\n<p>Zwei Prozent vom Bruttoinlandsprodukt sind rund 18 Prozent aller insgesamt m\u00f6glichen Staatsausgaben der Bundesregierung. Die Bundesminister verteilen n\u00e4mlich nicht das Bruttoinlandsprodukt (= Gesamtwert aller G\u00fcter des Jahres, rund 3.000 Milliarden Euro), sondern nur ihre eingenommenen Steuern und Sozialbeitr\u00e4ge des Jahres (rund 300 Milliarden).<\/p>\n<p>Mit anderen Worten: Nicht harmlose &#8222;zwei Prozent&#8220; werden f\u00fcr Krieg und Mord ausgegeben, sondern JEDER SECHSTE EURO unserer Steuern und Sozialabgaben fliesst in Mordmaschinen und Auslandskriege. Und genau DAS w\u00e4re auch die Zahl, die in einer aufkl\u00e4renden (!) Presse zu lesen w\u00e4re.<\/p>\n<p>Aber dann k\u00f6nnte der P\u00f6bel ja pl\u00f6tzlich nachdenklich werden und <a href='https:\/\/www.linksfraktion.de\/presse\/pressemitteilungen\/detail\/von-der-leyens-kotau-vor-trump-kostet-rund-30-milliarden-euro-jaehrlich' class='azc_bbc_url'>eher friedensorientierte Parteien w\u00e4hlen<\/a>, statt (wie gewollt) CDU\/CSU\/SPD\/FDP\/GR\u00dcNE <img class='azc_bbc_image' src='https:\/\/www.rume.de\/smilies\/sarkasm.gif'  \/><\/p>\n<p>&nbsp;<\/p>\n<p><a href='http:\/\/www.zeit.de\/politik\/deutschland\/2017-08\/sigmar-gabriel-ruestungsindustrie-exporte-fazit-kritik\/komplettansicht' class='azc_bbc_url'>Sigmar Gabriel &#8211; Der Waffenexportminister<\/a><br \/>\n<span class='azc_bbc_italic'>&#8222;Als Wirtschaftsminister hatte Sigmar Gabriel (SPD) versprochen, die Waffenausfuhren zu bremsen. Die Realit\u00e4t sieht anders aus&#8220;<\/span>, schreibt DIE ZEIT. Und nachfolgend seziert sie gen\u00fcsslich, wie Sozialdemokratie auf Kapitalismus trifft.<\/p>\n<p>Kurzer Auszug: <span class='azc_bbc_italic'>&#8222;Waffenlieferungen an Unrechtsregime, die die Bev\u00f6lkerung unterdr\u00fcckten, werde es nicht mehr geben&#8220;, erkl\u00e4rte Gabriel (SPD) am Anfang seiner Zeit als Wirtschaftsminister. \u00c4gypten aber erf\u00fcllt viele Menschenrechtsstandards nicht, Ehebruch und Homosexualit\u00e4t gar Straftaten. Das Milit\u00e4r schaffte die Gewaltenteilung ab. Gew\u00e4hlte Parlamentarier von unliebsamen Parteien wurden darin gehindert, ihrer Arbeit nachzugehen. Wie brutal Polizisten und Soldaten gegen Demonstranten vorgehen, zeigte sich vor sechs Jahren. Damals rasten Transportpanzer mit deutscher Technik in Gruppen von Regimegegnern hinein. Ein Unrechtsregime? Nur eine Definitionsfrage. Zu den vier besten Kunden der deutschen R\u00fcstungsindustrie geh\u00f6rten 2016 Algerien, Saudi-Arabien und \u00c4gypten &#8211; alles autorit\u00e4r gef\u00fchrte Staaten.&#8220;<\/span><\/p>\n<p>F\u00fcr Sozialdemokraten, Linksreformer und gr\u00fcne Kapitalisten ist eben alles verhandelbar: Ein wenig Krieg, ein wenig Waffenexporte, ein wenig Ausbeutung und ein wenig Abschottung. Und w\u00e4hrend die kapitalistische Verwaltungsarbeit l\u00e4uft, entstehen immer neue &#8222;Sachzw\u00e4nge&#8220;, die zu immer mehr Krieg, Ausbeutung und Abschottung f\u00fchrt, so lange man am Kapitalismus festh\u00e4lt.<\/p>\n<p>Vom Kapitalisten zum Rassisten ist es dann nur noch ein kleiner Sprung. Gewerkschafter die &#8222;f\u00fcr ihr deutsches Werk&#8220; k\u00e4mpfen, oder auch GR\u00dcNE die ihre Abschiebungen rechtfertigen, unterscheiden sich diesbez\u00fcglich nicht mehr vom Geist der AfD oder Trumps &#8222;America First&#8220;.<\/p>\n<p>&nbsp;<\/p>\n<p>Und zu guter Letzt:<\/p>\n<p><a href='http:\/\/www.titanic-magazin.de\/news\/5000-neue-eintraege-im-duden-9050' class='azc_bbc_url'>5000 neue Eintr\u00e4ge im Duden<\/a><br \/>\nDie wichtigsten Neueintr\u00e4ge auf einen Blick <img class='azc_bbc_image' src='https:\/\/www.rume.de\/smilies\/biggrin.gif'  \/><\/p>\n<p>Und als Bonus:<\/p>\n<p><a href='https:\/\/68.media.tumblr.com\/15aaebd13b34927f783c55d329c664cf\/tumblr_oudegyzSxA1tg01n9o1_500.jpg' class='azc_bbc_url'>Was ist eigentlich, wenn die AfD verliert?<\/a><br \/>\nDas ist Humor nach meinem Geschmack <img class='azc_bbc_image' src='https:\/\/www.rume.de\/smilies\/sarkasm.gif'  \/><\/p>\n","protected":false},"excerpt":{"rendered":"<p>\/ Heute ist (bzw. war) Weltkatzentag \/ Minijobs: Unsicher, schlecht bezahlt und steuerfinanziert \/ Meck-Pomm: Ministerpr\u00e4sidentin Schwesig (SPD) fordert h\u00f6here L\u00f6hne f\u00fcr den Osten \/ Podcast: Politik als Luxus \/ Vier &#8222;Youtuber&#8220; werden Merkel interviewen \/ Niedersachsen: Sich emp\u00f6rende CDU und FDP kannten schon 2016 die VW-Absprache \/ G20-Proteste: Polizei verliert Deutungshoheit \/ Berliner Polizei &hellip; <a href=\"https:\/\/www.rume.de\/?p=296\" class=\"more-link\"><span class=\"screen-reader-text\">\u201eAufgelesen und kommentiert 2017-08-08\u201c <\/span>weiterlesen<\/a><\/p>\n","protected":false},"author":1,"featured_media":0,"comment_status":"open","ping_status":"closed","sticky":false,"template":"","format":"standard","meta":{"footnotes":""},"categories":[2],"tags":[],"class_list":["post-296","post","type-post","status-publish","format-standard","hentry","category-aufgelesen"],"_links":{"self":[{"href":"https:\/\/www.rume.de\/index.php?rest_route=\/wp\/v2\/posts\/296","targetHints":{"allow":["GET"]}}],"collection":[{"href":"https:\/\/www.rume.de\/index.php?rest_route=\/wp\/v2\/posts"}],"about":[{"href":"https:\/\/www.rume.de\/index.php?rest_route=\/wp\/v2\/types\/post"}],"author":[{"embeddable":true,"href":"https:\/\/www.rume.de\/index.php?rest_route=\/wp\/v2\/users\/1"}],"replies":[{"embeddable":true,"href":"https:\/\/www.rume.de\/index.php?rest_route=%2Fwp%2Fv2%2Fcomments&post=296"}],"version-history":[{"count":1,"href":"https:\/\/www.rume.de\/index.php?rest_route=\/wp\/v2\/posts\/296\/revisions"}],"predecessor-version":[{"id":297,"href":"https:\/\/www.rume.de\/index.php?rest_route=\/wp\/v2\/posts\/296\/revisions\/297"}],"wp:attachment":[{"href":"https:\/\/www.rume.de\/index.php?rest_route=%2Fwp%2Fv2%2Fmedia&parent=296"}],"wp:term":[{"taxonomy":"category","embeddable":true,"href":"https:\/\/www.rume.de\/index.php?rest_route=%2Fwp%2Fv2%2Fcategories&post=296"},{"taxonomy":"post_tag","embeddable":true,"href":"https:\/\/www.rume.de\/index.php?rest_route=%2Fwp%2Fv2%2Ftags&post=296"}],"curies":[{"name":"wp","href":"https:\/\/api.w.org\/{rel}","templated":true}]}}