{"id":288,"date":"2017-08-06T19:40:41","date_gmt":"2017-08-06T17:40:41","guid":{"rendered":"http:\/\/rume.katti.eu\/?p=288"},"modified":"2017-08-07T19:41:16","modified_gmt":"2017-08-07T17:41:16","slug":"aufgelesen-und-kommentiert-2017-08-06","status":"publish","type":"post","link":"https:\/\/www.rume.de\/?p=288","title":{"rendered":"Aufgelesen und kommentiert 2017-08-06"},"content":{"rendered":"<p>\/ Nahverkehr Bayern: Wie Verdi Verschlechterungen im Tarifvertrag festschreibt<br \/>\n\/ Propaganda-Artikel des Tages: Vom SPIEGEL<br \/>\n\/ Daimler-Cheflobbyist schrieb Gesetz f\u00fcr Diesel-Abgastest<br \/>\n\/ Abgas-Skandal: Audi-Chef Rupert Stadler soll Aufkl\u00e4rung behindert haben<br \/>\n\/ Niedersachsens Ministerpr\u00e4sident Weil (SPD) musste Rede von VW genehmigen lassen<br \/>\n\/ Dieselbesitzer m\u00fcssen mit Entzug ihrer Pkw-Zulassung (!) rechnen<br \/>\n\/ Ex-VW-Chef Winterkorn bringt seine Villa in Sicherheit<br \/>\n\/ Elke Twesten: Eine GR\u00dcNE wechselt zur CDU in Niedersachsen<br \/>\n\/ Polizeivideo zeigt: Polizei langte zuerst zu<br \/>\n\/ Polizeigewerkschaft GdP klagt \u00fcber Personalmangel<br \/>\n\/ Vier Wochen nach G20: Immer noch keine Begr\u00fcndung f\u00fcr Entzug der Akkreditierung<br \/>\n\/ Fake News in ARD-Dokus<br \/>\n\/ Doch nicht die Russen: Mitarbeiter der Demokraten leakte Clinton-Mails<br \/>\n\/ Deutsche Panzer f\u00fcr Erdogan<br \/>\n\/ Sarrazin des Tages: Boris Palmer (GR\u00dcNE)<br \/>\n\/ Pfadfinder l\u00f6sen Fl\u00fcchtlingshysterie aus<br \/>\n\/ NSU-Prozes: Bundesanwaltschaft treibt \u00bbSorge vor zuviel Aufkl\u00e4rung\u00ab<br \/>\n\/ Wie Pegida an N\u00e4hrboden gewann<br \/>\n\/ Griechenland: Krebspatient verschiebt seinen Tod zugunsten Pension seiner Witwe<br \/>\n\/ Stadtluft jetzt endlich sauber<\/p>\n<p>&#8212;<\/p>\n<p><!--more--><\/p>\n<p><a href='http:\/\/www.wsws.org\/de\/articles\/2017\/08\/04\/muen-a04.html' class='azc_bbc_url'>Nahverkehr Bayern: Wie Verdi Verschlechterungen im Tarifvertrag festschreibt<\/a><br \/>\nEin Konflikt im Bayrischen Nahverkehr wirft ein entlarvendes Licht auf die Gewerkschaften: W\u00e4hrend die M\u00fcnchner Tram-, U-Bahn- und Busfahrer noch vor Gericht um ihre Schichtzulagen k\u00e4mpfen, unterschreibt Verdi hinterr\u00fccks eine neue Vereinbarung, in dem diese Schichtzulagen ebenso ausdr\u00fccklich wie r\u00fcckwirkend (!) bis zum 1. Juni 2016 entfallen. Und als das Arbeitsgericht im M\u00e4rz 2017 zugunsten der Arbeiter urteilt und ihnen die Schichtzulage in voller H\u00f6he (160 Euro im Monat) zuspricht, hat Verdi l\u00e4ngst Fakten geschaffen und ihnen diese Schichtzulage wieder geraubt.<\/p>\n<p>Zitat: <span class='azc_bbc_italic'>&#8222;Betriebsrat Hans-J\u00f6rg Tweraser von der NahVG-Ortsgruppe M\u00fcnchen rechtfertigte sich in der Zeitschrift &#8222;Fahrtwind&#8220; damit, dass die Arbeitgeber, n\u00e4mlich die Stadtwerke M\u00fcnchen und der Kommunale Arbeitgeberverband, h\u00e4tten auf Nachfrage der Betriebsr\u00e4te damals behauptet, mit den K\u00fcrzungen sei der Tarifvertrag &#8222;richtig interpretiert&#8220;. Das macht klar, was f\u00fcr eine Verschw\u00f6rung hier stattgefunden hat: Die Betriebsr\u00e4te haben sich hinter dem R\u00fccken der Fahrer mit den Arbeitgebern darauf verst\u00e4ndigt, dass die Teilzeitmitarbeiter auf den vollen Betrag der Schichtzulage verzichten m\u00fcssen. Anschlie\u00dfend haben sie es stillschweigend in den Tarifvertrag TV-N aufgenommen.&#8220;<\/span> <a href='http:\/\/www.wsws.org\/de\/articles\/2017\/08\/04\/muen-a04.html' class='azc_bbc_url'>Weiterlesen&#8230;<\/a><\/p>\n<p>&nbsp;<\/p>\n<p><a href='https:\/\/blog.fdik.org\/2017-08\/s1501846480' class='azc_bbc_url'>Propaganda-Artikel des Tages: Vom SPIEGEL<\/a><br \/>\nAls grosse \u00dcberschrift: Armut in Deutschland geht zur\u00fcck!<br \/>\nIm Bericht: Armutsquote der Gesamtbev\u00f6lkerung liegt bei 15,8 Prozent &#8211; somit 0,1 Prozentpunkte h\u00f6her als im Vorjahr.<\/p>\n<p>&nbsp;<\/p>\n<a href='http:\/\/www.spiegel.de\/wirtschaft\/soziales\/daimler-cheflobbyist-eckart-von-klaeden-beeinflusste-kanzleramt-bei-regeln-fuer-abgastests-a-1161319.html' class='azc_bbc_url'>Daimler-Cheflobbyist schrieb Gesetz f\u00fcr Diesel-Abgastest<\/a>\n<a href='https:\/\/heise.de\/-3793599' class='azc_bbc_url'>Abgas-Skandal: Audi-Chef Rupert Stadler soll Aufkl\u00e4rung behindert haben<\/a>\n<p>Ihr denkt, das w\u00e4re ein Skandal? <img class='azc_bbc_image' src='https:\/\/www.rume.de\/smilies\/laugh.gif'  \/> Nein, das ist Kapitalismus.<\/p>\n<p>Dazu passt auch:<\/p>\n<p><a href='https:\/\/www.tagesschau.de\/wirtschaft\/weil-vw-rede-101.html' class='azc_bbc_url'>Niedersachsens Ministerpr\u00e4sident Weil (SPD) musste Rede von VW genehmigen lassen<\/a><br \/>\nZumindest die Rede, in der er sich als Ministerpr\u00e4sident (!) zum Diesel-Abgasbetrug \u00e4ussern wollte. Daf\u00fcr hat ihm der Volkswagenkonzern explizit vorgeschrieben, welche Worte und Textpassagen er sagen darf &#8211; und welche nicht. Oder wie es die ARD schreibt: <span class='azc_bbc_italic'>&#8222;Wegen der Diesel-Aff\u00e4re habe die Zukunft des Konzerns auf dem Spiel gestanden. Das sei &#8222;mittelbar auch f\u00fcr das Land Niedersachsen von allergr\u00f6\u00dfter Bedeutung&#8220; gewesen, begr\u00fcndete der SPD-Politiker, der auch im VW-Aufsichtsrat sitzt. Er w\u00fcrde &#8222;in einer vergleichbaren Situation heute ganz genauso handeln&#8220;, sagte Weil.&#8220;<\/span><\/p>\n<p>Seht ihr: Die Autoindustrie ist, wie auch die Banken, systemrelevant.<\/p>\n<p>Nicht systemrelevant sind hingegen z.B. die Zust\u00e4nde in unseren Krankenh\u00e4usern. Oder in den Pflegeeinrichtungen. Dort geht es n\u00e4mlich nur um Menschen und nicht um Profit. Wir leben schliesslich im Kapitalismus.<\/p>\n<p>&nbsp;<\/p>\n<p><a href='https:\/\/www.myright.de\/abgasskandal\/dieselskandal-in-diesen-10-staedten-muessen-autofahrer-jetzt-mit-dem-entzug-der-zulassung-rechnen' class='azc_bbc_url'>Dieselbesitzer m\u00fcssen mit Entzug ihrer Pkw-Zulassung (!) rechnen<\/a><br \/>\n<span class='azc_bbc_italic'>&#8222;Die Deutsche Umwelthilfe, einer der einflussreichsten Umweltverb\u00e4nde in Deutschland, hat in 10 St\u00e4dten die Zulassungsbeh\u00f6rden verklagt und verlangt, dass alle vom Abgasskandal betroffenen Autos sofort aus dem Verkehr gezogen werden &#8211; und zwar ganz egal, ob die Autofahrer schon an der R\u00fcckrufaktion zum Abgasskandal teilgenommen haben oder nicht. Dass die Richter auch vor \u00e4u\u00dferst unpopul\u00e4ren Entscheidungen nicht zur\u00fcckschrecken, haben sie zuletzt in M\u00fcnchen, Stuttgart und Hamburg deutlich gemacht. In allen drei St\u00e4dten weigerten sich die Beh\u00f6rden, Dieselfahrverbote anzuordnen. Deshalb hatten zuletzt in allen drei St\u00e4dten die Gerichte Dieselfahrverbote zur Reduzierung der Feinstaubbelastung angeordnet. Betroffen sind nun zus\u00e4tzlich auch alle Autofahrer in den St\u00e4dten Berlin, D\u00fcsseldorf, Frankfurt am Main, Hannover, K\u00f6ln, Mainz und Wiesbaden.<\/p>\n<p>Fakt ist: Entscheiden die Richter f\u00fcr den Entzug der Zulassung, werden die Abgasskandal-Autos \u00fcber Nacht wertlos. Dann hilft den Betroffenen auch kein Anwalt mehr, denn alle Anspr\u00fcche gegen VW werden bis zum Entzug der Zulassung verj\u00e4hrt sein. Die Anspr\u00fcche gegen VW verj\u00e4hren sp\u00e4testens zum 31. Dezember 2018. Bis dahin werden die Klagen der Deutschen Umwelthilfe voraussichtlich nicht entschieden sein.&#8220;<\/span><\/p>\n<p>UPDATE: Ein paar Hintergrundinformationen \u00fcber die Macher der Webseite &#8222;MyRight&#8220; findet ihr <a href='https:\/\/www.test.de\/Abgasmanipulation-bei-VW-US-Kanzlei-startet-deutsche-Sammelklage-4982816-0' class='azc_bbc_url'>bei der Stiftung Warentest<\/a>.<\/p>\n<p>&nbsp;<\/p>\n<p><a href='http:\/\/www.presseportal.de\/pm\/114920\/3598627' class='azc_bbc_url'>Ex-VW-Chef Winterkorn bringt seine Villa in Sicherheit<\/a><br \/>\n<span class='azc_bbc_italic'>&#8222;Der ehemalige VW-Chef Martin Winterkorn hat das Eigentum an seiner Villa in M\u00fcnchen Bogenhausen, in der er mit Gattin Anita wohnt, an eine GmbH &amp; Co KG \u00fcbertragen, um zumindest den Anteil von Gattin Anita vor m\u00f6glichen Schadenersatzanspr\u00fcchen an Winterkorn zu sichern. Gegen den ehemaligen Vorstandsvorsitzenden des Volkswagenkonzerns ermittelt die Staatsanwaltschaft wegen des Verdachts auf Marktmanipulation und Betrug im Zusammenhang mit dem Skandal um manipulierte Abgaswerte bei Dieselmotoren. Die Villa in Bogenhausen hatten die Winterkorns 2009 f\u00fcr gesch\u00e4tzte 15 Millionen Euro von VW-Gro\u00dfaktion\u00e4r Wolfgang Porsche erworben.&#8220;<\/span><\/p>\n<p>Seht ihr: Sie wissen ganz genau, was sie getan haben <img class='azc_bbc_image' src='https:\/\/www.rume.de\/smilies\/nasiehste.gif'  \/><\/p>\n<p>&nbsp;<\/p>\n<p><a href='https:\/\/www.google.de\/search?q=Elke+Twesten&amp;tbm=nws' class='azc_bbc_url'>Elke Twesten: Eine GR\u00dcNE wechselt zur CDU in Niedersachsen<\/a><br \/>\nErstens: Eine Kapitalistin wechselt von einer kapitalistischen Partei zur anderen kapitalistischen Partei. Und unsere Qualit\u00e4tsjournaille schwadroniert \u00fcber ein &#8222;politisches Erdbeben&#8220; und &#8222;tiefe Ersch\u00fctterung&#8220; in Niedersachsen <img class='azc_bbc_image' src='https:\/\/www.rume.de\/smilies\/laugh.gif'  \/><\/p>\n<p>Und Zweitens: Jeder Abgeordnete ist NUR seinem Gewissen verpflichtet. Es gibt keinen Fraktionszwang. Warum also Neuwahlen? H\u00e4tte Elke Twesten ein Gewissen, h\u00e4tte sie schon vorher immer Pro-CDU abgestimmt.<\/p>\n<p>&nbsp;<\/p>\n<p><a href='http:\/\/www.sueddeutsche.de\/politik\/g-gipfel-drei-bengalos-reichten-fuer-die-polizei-attacke-1.3616947' class='azc_bbc_url'>Polizeivideo zeigt: Polizei langte zuerst zu<\/a><br \/>\nAngesichts der vielen Meinungsberichte und Meinungs-Talkshows hattet ihr ja alle mitbekommen, wie die Polizei in die Enge getrieben wurde, gell? Wie sie sich verzweifelt gegen den Gewaltausbruch von 200 Personen erwehrte! Unter Beschuss genommen und massiv mit Flaschen, B\u00f6llern und Bengalos beworfen! Das es nur wegen der &#8222;Schutzausstattung&#8220; der Polizei keine Toten gab! Und dass die Polizei darauf absolut besonnen und keinesfalls eskalierend vorging!!<\/p>\n<p>Problem dabei: NICHTS davon stimmt!<\/p>\n<p>Die S\u00fcddeutsche Zeitung berichtet detailliert aus dem Polizei-Einsatzvideo:<\/p>\n<span class='azc_bbc_italic'>6.27.00 Uhr: Man sieht durch die Augen der Polizei, die Kamera ist auf dem Dach eines Mannschaftsbusses montiert.<br \/>\n6.28:05 Uhr: Eine bengalische Fackel fliegt aus dem Pulk heraus in Richtung der Polizei. Der Bengalo landet auf leerer Stra\u00dfe.<br \/>\n6.28:10 Uhr: Ein zweiter Bengalo fliegt, wiederum auf die weithin leere Stra\u00dfe, etwas rosafarbener Rauch steigt auf.<br \/>\n6.28:18 Uhr: Ein dritter Bengalo landet auf der Stra\u00dfe, wieder zu weit entfernt von den Beamten, um als eine versuchte K\u00f6rperverletzung gelten zu k\u00f6nnen. Irgendwo knallt ein B\u00f6ller. Ein Polizeif\u00fchrer hat jetzt genug, wie man im Video h\u00f6ren kann: &#8222;Bleib stehen&#8220;, befiehlt er dem Fahrer eines Polizeibusses, der noch im Schritttempo voranrollt, &#8222;steigt aus, mir reicht das aus&#8220;. Auf das Kommando hin st\u00fcrmen die Polizisten los, die Demonstranten drehen sich um und rennen fort.<br \/>\n6.28:36 Uhr: Wasserwerfer beschiessen von hinten die Demonstranten, die sogar eingekesselt worden sind.<\/p>\n<p>Was man in dem Video NICHT sieht: Steinw\u00fcrfe. Keinen einzigen. Auch keine einzige geworfene Flasche. Unmittelbar angegriffen wurde &#8211; zumindest vor dem Sturm der Polizei &#8211; kein Beamter. Man w\u00fcrde es sehen. Aber wenn man das Polizeivideo gesehen hat, das insgesamt zw\u00f6lf Minuten und 23 Sekunden dauert, ist klar: Von einem &#8222;Angriff&#8220; von Gewaltt\u00e4tern, der &#8222;abgewehrt&#8220; werden muss, ist auf den Aufnahmen der Polizei nichts zu sehen.&#8220;<\/span>\n<p>Nein, wer h\u00e4tte DAS ahnen k\u00f6nnen <img class='azc_bbc_image' src='https:\/\/www.rume.de\/smilies\/clown.gif'  \/><\/p>\n<p>Unn\u00f6tig zu erw\u00e4hnen, dass das Polizeivideo schon am Abend der Polizeigewalt direkt ausgewertet wurde, aber eilig unter Veschluss gebracht wurde, um die &#8222;Gunst der Stunde&#8220; nicht zu gef\u00e4hrden: Das gezielte Diskreditieren linker Kapitalismuskritik.<\/p>\n<p>Und Hand hoch: W\u00fcrde sich noch jemand dar\u00fcber wundern, wenn die drei Bengalos von verdeckt operierenden Polizisten, sogenannten &#8222;Agent Provokateure&#8220;, stammen?<\/p>\n<p>Abschliessend aber auch noch diese Passage (Zitat): <span class='azc_bbc_italic'>&#8222;Die Menschen flohen vor der Polizei und brachen sich dabei reihenweise die Knochen. Elf Demonstranten kamen mit Knochenbr\u00fcchen ins Krankenhaus. Insgesamt 14 Demonstranten verletzt sich, manche von ihnen schwer. Sie st\u00fcrzten \u00fcber ein Gel\u00e4nder, als sie vor der st\u00fcrmenden Polizei davonliefen. Hinter der Absperrung ging es zwei Meter tief hinab.&#8220;<\/span><\/p>\n<p>Aber hey: Sind schon tolle Leute, die Herren Olaf Scholz, Andy Grote (beide SPD) und Hartmut Dudde (Polizei). Kantige M\u00e4nner, die sich durchsetzen k\u00f6nnen. Solche Typen w\u00e4hlt der Deutsche immer noch gerne <img class='azc_bbc_image' src='https:\/\/www.rume.de\/smilies\/sarkasm.gif'  \/><\/p>\n<p>&nbsp;<\/p>\n<p><a href='http:\/\/www.titanic-magazin.de\/news\/viel-mehr-polizisten-braucht-das-land-9045' class='azc_bbc_url'>Polizeigewerkschaft GdP klagt \u00fcber Personalmangel<\/a><br \/>\nEtwa 44 000 Beamte scheiden bis 2021 aus dem Dienst aus. Bereits jetzt tue man sich schwer, die monatliche Beschwerde \u00fcber zu wenig Stellen und Mittel p\u00fcnktlich an die Pressestellen zu bringen. Auch mangele es inzwischen massiv an &#8222;Rechenpower&#8220;, um Statistiken \u00fcber Gewalt gegen die Polizei zuverl\u00e4ssig zu dramatisieren.<\/p>\n<p>&nbsp;<\/p>\n<p><a href='http:\/\/meedia.de\/2017\/08\/04\/vier-wochen-nach-g20-journalisten-haben-noch-immer-keine-begruendung-fuer-entzug-der-akkreditierung' class='azc_bbc_url'>Vier Wochen nach G20: Immer noch keine Begr\u00fcndung f\u00fcr Entzug der Akkreditierung<\/a><br \/>\nBei der Bundespressekonferenz sagte Merkels Sprecher noch, dass man sich intensiv darum k\u00fcmmern werde <img class='azc_bbc_image' src='https:\/\/www.rume.de\/smilies\/sarkasm.gif'  \/><\/p>\n<p>&nbsp;<\/p>\n<p><a href='https:\/\/www.heise.de\/tp\/news\/Fake-News-in-ARD-Dokus-3787656.html' class='azc_bbc_url'>Fake News in ARD-Dokus<\/a><br \/>\n<span class='azc_bbc_italic'>&#8222;So strahlt die ARD die heroische Dokumentation &#8222;Die letzten M\u00e4nner von Aleppo&#8220; aus. Es handelt sich dabei um einen eigentlich leicht erkennbaren Propagandastreifen f\u00fcr die &#8222;White Helmets&#8220;, eine angebliche Rettungsorganisation, die von einem britischen S\u00f6ldner gegr\u00fcndet und mit US-amerikanischem und britischem Geld und t\u00fcrkischer Logistik gepampert wurde. Im Syrienkrieg mischen die dubiosen &#8222;White Helmets&#8220; beim Produzieren und Lancieren von Fake News ganz vorne mit.<\/p>\n<p>Auch die in den Dokus wegen ihrer &#8222;Faktenchecker&#8220; ger\u00fchmte ARD-Sendung Tagesschau kam etwa an dem via Social Media lancierten Fake mit Bana Alabed nicht vorbei (Das &#8222;Twitter-M\u00e4dchen&#8220; im Syrienkrieg). Im Gegensatz zu den deutschen Printmedien lie\u00df der Tagesschau-Beitrag vom 1.12.2016 wenigstens ein bisschen Skepsis erkennen, andere Journalisten allerdings wussten die Informationen kompetenter zu deuten. Die Aufl\u00f6sung aber, dass die Bana-Story leicht erkennbare Fake News ist, lieferte die Tagesschau bis heute nicht nach. Der Beitrag steht unver\u00e4ndert weiter im Netz.&#8220;<\/span> <a href='https:\/\/www.heise.de\/tp\/news\/Fake-News-in-ARD-Dokus-3787656.html' class='azc_bbc_url'>Weiterlesen&#8230;<\/a><\/p>\n<p>&nbsp;<\/p>\n<p><a href='https:\/\/deutsch.rt.com\/nordamerika\/55112-hersh-seth-rich-war-insider-demokraten-emails-wikileaks' class='azc_bbc_url'>Doch nicht die Russen: Mitarbeiter der Demokraten leakte Clinton-Mails<\/a><br \/>\n<img class='azc_bbc_image' src='https:\/\/www.rume.de\/smilies\/nasiehste.gif'  \/><\/p>\n<p>&nbsp;<\/p>\n<p><a href='https:\/\/www.infosperber.ch\/Artikel\/Wirtschaft\/Rheinmetall-Ruestungsdeal-deutsche-Panzer-fur-Erdogan' class='azc_bbc_url'>Deutsche Panzer f\u00fcr Erdogan<\/a><br \/>\nF\u00fcr unsere unkritische Qualit\u00e4tspresse und die deutschen Fernsehsesselleichen pr\u00e4sentiert die Bundesregierung ihre Sprechblasen wie am Fliessband, dass man &#8222;alles tun wird&#8220;, um die unter Erdogan verhafteten Opfer zu unterst\u00fctzen. Tats\u00e4chlich unterst\u00fctzen CDU\/CSU und SPD aber gemeinsam Erdogans Regime, indem sie deutsche Panzertechnologie unbehelligt in die T\u00fcrkei liefern l\u00e4sst.<\/p>\n<p>Zitat: <span class='azc_bbc_italic'>&#8222;Interne Unterlagen beweisen, wie der deutsche R\u00fcstungskonzern Rheinmetall den Bau von Panzern in der T\u00fcrkei einf\u00e4delte. Um nicht auf deutsche Exportgenehmigungen angewiesen zu sein, versuche das Unternehmen auszuweichen und vermehrt im Ausland zu produzieren. Mit dem neuen Joint Venture in der T\u00fcrkei werde man R\u00fcstungsg\u00fcter der \u00abWeltklasse\u00bb herstellen und sich den Regierungen in Ankara sowie in Katar als \u00abbevorzugte Partner\u00bb anbieten. Das wichtigste Projekt von Rheinmetall und seinen Gesch\u00e4ftspartnern in der T\u00fcrkei ist zugleich das explosivste: der Bau von 1.000 Kampfpanzern f\u00fcr insgesamt sieben Milliarden Euro.<\/p>\n<p>Auch nach dem Bekanntwerden der Pl\u00e4ne war nichts von einem Einschreiten der Bundesregierung zu h\u00f6ren. Die Kanzlerin hat sich bis heute nicht dazu ge\u00e4ussert. Keiner ihrer Minister kritisierte die Pl\u00e4ne. Das SPD-gef\u00fchrte Wirtschaftsministerium schloss auch nicht die Gesetzesl\u00fccke, die Rheinmetall nutzen kann. So r\u00fcckt der Tag n\u00e4her, an dem mit deutscher Hilfe produzierte Panzer in t\u00fcrkischen St\u00e4dten auffahren. Gegen die angeblichen Feinde von Pr\u00e4sident Erdogan.&#8220;<\/span><\/p>\n<p>&nbsp;<\/p>\n<p><a href='https:\/\/www.jungewelt.de\/artikel\/315722.html' class='azc_bbc_url'>Sarrazin des Tages: Boris Palmer (GR\u00dcNE)<\/a><br \/>\nNach der SPD (Thilo Sarrazin) ver\u00f6ffentlichen nun auch die GR\u00dcNEN (Boris Palmer) ein &#8222;modernes&#8220; Ausl\u00e4nder-raus-Buch. Und Palmers Geschreibsel kann es an Widerlichkeit durchaus mit dem von Sarrazin aufnehmen. S\u00e4tze wie diese lassen keinen Zweifel: <span class='azc_bbc_italic'>&#8222;Die Menschen, die \u00fcber das Asylrecht zu uns gekommen sind, haben sehr viele Eigenschaften, die in unserem Land die Wahrscheinlichkeit, kriminell zu werden, nach oben treibt.&#8220;<\/span><\/p>\n<p>Unn\u00f6tig zu erw\u00e4hnen, dass dieses Buch sich in Deutschland direkt auf Platz 1 der Bestsellerlisten katapultiert. Manche lernen eben aus ihrer eigenen Geschichte &#8211; und diejenigen, die nichts dazulernen, nennt man Deutsche.<\/p>\n<p>&nbsp;<\/p>\n<p><a href='http:\/\/derstandard.at\/2000062206774\/Pfadfinder-loesen-in-Salzburg-Fluechtlingshysterie-aus' class='azc_bbc_url'>Pfadfinder l\u00f6sen Fl\u00fcchtlingshysterie aus<\/a><br \/>\nBewohner melden zweimal bei der Polizei, ihr Dorf wird von Fl\u00fcchtlingen \u00fcberrannt. Die Polizei r\u00fcckt mit Hubschrauber und f\u00fcnf zus\u00e4tzlichen Einsatzschaften aus &#8211; und entdecken eine 30-k\u00f6pfige Pfadfindergruppe aus Frankreich, die im Salzburger Flachgau zu Besuch sind. <span class='azc_bbc_italic'>&#8222;Da es sich um Franzosen handelte, waren auch s\u00fcdl\u00e4ndische Typen dabei&#8220;<\/span>, wird eine Polizeisprecherin in den &#8222;Salzburger Nachrichten&#8220; zitiert.<\/p>\n<p>&nbsp;<\/p>\n<p><a href='https:\/\/www.jungewelt.de\/artikel\/315696.html' class='azc_bbc_url'>NSU-Prozes: Bundesanwaltschaft treibt \u00bbSorge vor zuviel Aufkl\u00e4rung\u00ab<\/a><br \/>\nNur mal ein kurzer Auszug, der alles sagt: <span class='azc_bbc_italic'>&#8222;Die Bundesanwaltschaft hat sich ja gerade bem\u00fcht, Erkenntnisse zu vertuschen. Im Falle des als Terrorhelfer beschuldigten Jan Werner hat sie noch 2014 &#8211; angeblich aus Versehen &#8211; Beweismittel vernichtet. Im Falle des Verfassungsschutzbeamten Lothar Lingen hat sie im Prozess Antr\u00e4ge der Nebenklage mit der Begr\u00fcndung diskreditiert, es h\u00e4tten sich keine Anhaltspunkte f\u00fcr ein vors\u00e4tzliches Handeln des Mannes ergeben. Erst durch den Untersuchungsausschuss des Bundestags erfuhren wir, dass Lingen vors\u00e4tzlich geschreddert hatte, um die Verstrickung des Bundesamts f\u00fcr Verfassungsschutz zu verschleiern.<\/p>\n<p>Mit der dogmatischen Ausblendung offenkundiger Verstrickungen von V-Personen und Verfassungssch\u00fctzern handelt die Bundesanwaltschaft verantwortungslos. Sie muss sich daher nicht wundern, dass das Vertrauen in die Sicherheitsbeh\u00f6rden &#8211; nicht nur der Opfer, sondern der gesamten Bev\u00f6lkerung &#8211; erodiert. Gleichzeitig sehe ich in dem Verhalten einen Freifahrtschein f\u00fcr Neonazis und andere Schwerkriminelle, die sich ermutigt f\u00fchlen d\u00fcrften, dem NSU nachzueifern.&#8220;<\/span><\/p>\n<p>Nun, wie wir ja alle wissen, ist die Bundesanwaltschaft direkt an die Anweisungen der Bundesregierung gebunden. Und wenn die Bundesanwaltschaft mit ihrem Verhalten zuk\u00fcnftige rassistische Morde unterst\u00fctzt, dann kommt die Anweisung daf\u00fcr nat\u00fcrlich von oben &#8211; von CDU, CSU und SPD.<\/p>\n<p>&nbsp;<\/p>\n<p><a href='https:\/\/blog.fefe.de\/?ts=a7781cbe' class='azc_bbc_url'>Wie Pegida an N\u00e4hrboden gewann<\/a><br \/>\nUnd \u00dcberraschung: Es geht ziemlich wenig um Ausl\u00e4nder.<\/p>\n<p>&nbsp;<\/p>\n<p><a href='https:\/\/blog.fdik.org\/2017-08\/s1502013643' class='azc_bbc_url'>Griechenland: Krebspatient verschiebt seinen Tod zugunsten Pension seiner Witwe<\/a><br \/>\n<span class='azc_bbc_italic'>&#8222;Der todkranke Mann bat die \u00c4rzte, ihn an die Lebenserhaltung anzuschliessen und sein Leben f\u00fcnf Tage zu verl\u00e4ngern, damit seine Witwe seine Pension bekommt. Seit den neuesten Pensions-&#8222;Reformen&#8220; verlieren Witwen ihr Recht, die Pension ihres Mannes zu beziehen, wenn sie j\u00fcnger als 55 Jahre sind.&#8220;<\/span><\/p>\n<p>Die Folgen von Sch\u00e4ubles Sparsadismus in der Realit\u00e4t. Und schon Gregor Gysi sagte im Oktober 2014 (<a href='https:\/\/www.youtube.com\/watch?v=SfEhvt_YZAM&amp;t=242s' class='azc_bbc_url'>Zitat<\/a>): <span class='azc_bbc_italic'>&#8222;In Griechenland bekommen nur 27 Prozent der Arbeitslosen Arbeitslosengeld. Beim Europ\u00e4ischen Gerichtshof habe ich die Folgen f\u00fcr Griechenland einmal konkret wie folgt benannt: Die S\u00e4uglingssterblichkeit stieg in der Zeit der Krise um 21 Prozent, die Kindersterblichkeit stieg um 43 Prozent, die HIV-Ansteckungsquote stieg um 52 Prozent. Die Selbstmordrate stieg um 37 Prozent. &#8211; Es tut mir leid, Frau Bundeskanzlerin, aber das ist das Ergebnis Ihrer Politik.&#8220;<\/span><\/p>\n<p>&nbsp;<\/p>\n<p>Und zu guter Letzt:<\/p>\n<p><a href='http:\/\/www.stuttmann-karikaturen.de\/karikaturen\/2017\/software_kol_b_1.jpg' class='azc_bbc_url'>Stadtluft jetzt endlich sauber<\/a><br \/>\n<img class='azc_bbc_image' src='https:\/\/www.rume.de\/smilies\/sarkasm.gif'  \/><\/p>\n","protected":false},"excerpt":{"rendered":"<p>\/ Nahverkehr Bayern: Wie Verdi Verschlechterungen im Tarifvertrag festschreibt \/ Propaganda-Artikel des Tages: Vom SPIEGEL \/ Daimler-Cheflobbyist schrieb Gesetz f\u00fcr Diesel-Abgastest \/ Abgas-Skandal: Audi-Chef Rupert Stadler soll Aufkl\u00e4rung behindert haben \/ Niedersachsens Ministerpr\u00e4sident Weil (SPD) musste Rede von VW genehmigen lassen \/ Dieselbesitzer m\u00fcssen mit Entzug ihrer Pkw-Zulassung (!) rechnen \/ Ex-VW-Chef Winterkorn bringt seine &hellip; <a href=\"https:\/\/www.rume.de\/?p=288\" class=\"more-link\"><span class=\"screen-reader-text\">\u201eAufgelesen und kommentiert 2017-08-06\u201c <\/span>weiterlesen<\/a><\/p>\n","protected":false},"author":1,"featured_media":0,"comment_status":"open","ping_status":"closed","sticky":false,"template":"","format":"standard","meta":{"footnotes":""},"categories":[2],"tags":[],"class_list":["post-288","post","type-post","status-publish","format-standard","hentry","category-aufgelesen"],"_links":{"self":[{"href":"https:\/\/www.rume.de\/index.php?rest_route=\/wp\/v2\/posts\/288","targetHints":{"allow":["GET"]}}],"collection":[{"href":"https:\/\/www.rume.de\/index.php?rest_route=\/wp\/v2\/posts"}],"about":[{"href":"https:\/\/www.rume.de\/index.php?rest_route=\/wp\/v2\/types\/post"}],"author":[{"embeddable":true,"href":"https:\/\/www.rume.de\/index.php?rest_route=\/wp\/v2\/users\/1"}],"replies":[{"embeddable":true,"href":"https:\/\/www.rume.de\/index.php?rest_route=%2Fwp%2Fv2%2Fcomments&post=288"}],"version-history":[{"count":3,"href":"https:\/\/www.rume.de\/index.php?rest_route=\/wp\/v2\/posts\/288\/revisions"}],"predecessor-version":[{"id":292,"href":"https:\/\/www.rume.de\/index.php?rest_route=\/wp\/v2\/posts\/288\/revisions\/292"}],"wp:attachment":[{"href":"https:\/\/www.rume.de\/index.php?rest_route=%2Fwp%2Fv2%2Fmedia&parent=288"}],"wp:term":[{"taxonomy":"category","embeddable":true,"href":"https:\/\/www.rume.de\/index.php?rest_route=%2Fwp%2Fv2%2Fcategories&post=288"},{"taxonomy":"post_tag","embeddable":true,"href":"https:\/\/www.rume.de\/index.php?rest_route=%2Fwp%2Fv2%2Ftags&post=288"}],"curies":[{"name":"wp","href":"https:\/\/api.w.org\/{rel}","templated":true}]}}