{"id":226,"date":"2017-07-10T20:40:07","date_gmt":"2017-07-10T18:40:07","guid":{"rendered":"http:\/\/rume.katti.eu\/?p=226"},"modified":"2017-07-11T05:39:38","modified_gmt":"2017-07-11T03:39:38","slug":"aufgelesen-und-kommentiert-2017-07-10","status":"publish","type":"post","link":"https:\/\/www.rume.de\/?p=226","title":{"rendered":"Aufgelesen und kommentiert 2017-07-10"},"content":{"rendered":"<p>\/ Armut bei Besch\u00e4ftigten seit 2004 verdoppelt<br \/>\n\/ Betriebskrankenkassen-Studie: Wer in der Pflege arbeitet ist selbst oft krank<br \/>\n\/ Mobile Besch\u00e4ftigte: Kein Vertrag, kaum Geld, Arbeiten auf Abruf<br \/>\n\/ Microsoft Office 365 nimmt Mitarbeiter unter die Lupe<br \/>\n\/ G20-Krawalle: Polizeigewerkschafter Wendt legt Scholz R\u00fccktritt nahe<br \/>\n\/ Polizisten klagen an: &#8222;Wir werden von der Politik verheizt&#8220;<br \/>\n\/ Journalisten klagen an: &#8222;Wurden in Hamburg von der Polizei massiv angegriffen&#8220;<br \/>\n\/ Die Demonstranten gegen G20 sind keine Chaoten<br \/>\n\/ Union und SPD fordern Extremistendatei auch f\u00fcr linke T\u00e4ter<br \/>\n\/ Justizminister Maas sieht Zeit f\u00fcr &#8222;Rock gegen Links&#8220; Konzerte gekommen<br \/>\n\/ G20 einig beim Antiterrorkampf im Netz<br \/>\n\/ Im Schatten von G20: Bundesrat winkt Internet-Zensurgesetz durch<br \/>\n\/ Im Schatten von G20: Bundesrat winkt Staatstrojaner durch<br \/>\n\/ EU-Staaten wollen neue Regeln zur Vorratsdatenspeicherung<br \/>\n\/ Bundesrat winkt Einbrecherjagd mit Vorratsdaten und Funkzellenabfrage durch<br \/>\n\/ Schleierfahndung: Th\u00fcringer Polizei verweist auf Erfolge<br \/>\n\/ Der gl\u00e4serne Fl\u00fcchtling<br \/>\n\/ Neues Gutachten: Bundesrat kann CETA noch stoppen<br \/>\n\/ US-Akten belasten Ex-VW-Chef Winterkorn im Dieselskandal<br \/>\n\/ In der CDU-Wahlkampfzentrale<\/p>\n<p>&#8212;<\/p>\n<p><!--more--><\/p>\n<p><a href='http:\/\/www.spiegel.de\/wirtschaft\/soziales\/deutschland-armutsgefaehrdungsquote-bei-beschaeftigten-verdoppelt-a-1156182.html' class='azc_bbc_url'>Armut bei Besch\u00e4ftigten seit 2004 verdoppelt<\/a><br \/>\nDer Anteil der 18- bis 64-J\u00e4hrigen erwerbst\u00e4tigen Inl\u00e4nder, die als armutsgef\u00e4hrdet gelten, lag 2004 noch bei 4,8 Prozent. Zehn Jahre darauf waren es laut der Studie 9,6 Prozent. In absoluten Zahlen falle das Plus noch deutlicher aus. Im Jahr 2014 liegt der Wert bei 4,1 Millionen. Im Jahr 2004 waren es nur knapp 1,9 Millionen gewesen.<\/p>\n<p>&nbsp;<\/p>\n<p><a href='http:\/\/www.faz.net\/aktuell\/beruf-chance\/arbeitswelt\/hoher-arbeitsdruck-wer-in-der-pflege-arbeitet-ist-selbst-oft-krank-15092641.html' class='azc_bbc_url'>Betriebskrankenkassen-Studie: Wer in der Pflege arbeitet ist selbst oft krank<\/a><br \/>\nIst der Kapitalismus nicht toll? <img class='azc_bbc_image' src='https:\/\/www.rume.de\/smilies\/sarkasm.gif'  \/><\/p>\n<p>&nbsp;<\/p>\n<p><a href='http:\/\/www.deutschlandfunkkultur.de\/moderne-lohnsklaven-in-deutschland-ackern-im-akkord.1001.de.html?dram:article_id=390475' class='azc_bbc_url'>Mobile Besch\u00e4ftigte: Kein Vertrag, kaum Geld, Arbeiten auf Abruf<\/a><br \/>\nDer Deutschlandfunk berichtet: <span class='azc_bbc_italic'>&#8222;Unter dem verharmlosenden Begriff &#8222;mobile Besch\u00e4ftigte&#8220; arbeiten tausende Lohnsklaven in Deutschland. Auch wenn Sklaverei und Menschenhandel inzwischen international verboten sind &#8211; in Deutschland sieht man sie nur nicht. Sie sind im Beh\u00f6rdendeutsch &#8222;Mobile Besch\u00e4ftigte&#8220;. Die Arbeiter landen dann oft auf dem sogenannten &#8222;Arbeiterstrich&#8220;. In Kleinbussen werden sie vom Subsubunternehmer zum Treffpunkt beim Subunternehmer gefahren, der sie dann weiterf\u00e4hrt zur Arbeitsstelle. Nach Feierabend leben sie auf engstem Raum, haben kein soziales Leben, ihre Unwissenheit wird ausgenutzt.&#8220;<\/span> <a href='http:\/\/www.deutschlandfunkkultur.de\/moderne-lohnsklaven-in-deutschland-ackern-im-akkord.1001.de.html?dram:article_id=390475' class='azc_bbc_url'>Weiterlesen&#8230;<\/a><\/p>\n<p>&nbsp;<\/p>\n<p><a href='https:\/\/www.heise.de\/ix\/meldung\/Microsoft-Office-365-nimmt-Mitarbeiter-unter-die-Lupe-3765394.html' class='azc_bbc_url'>Microsoft Office 365 nimmt Mitarbeiter unter die Lupe<\/a><br \/>\nHeise-Online berichtet: <span class='azc_bbc_italic'>&#8222;K\u00fcnftig kann Microsofts Office-Suite den Mitarbeitern in einem Unternehmen auf die Finger schauen: Ein neues Analysewerkzeug ermittelt, wie viel Zeit mit E-Mail-Schreiben oder Besprechungen draufgeht. F\u00fchrungskr\u00e4ften will man damit einen Hebel zur Effizienzsteigerung an die Hand geben. Dazu z\u00e4hlt Microsoft beispielsweise eine Verhaltensanalyse der erfolgreichsten Verk\u00e4ufer in der Vertriebsabteilung &#8211; etwa wie viel Zeit sie mit Kundenkontakt verbringen und \u00fcber wie viele Kontakte sie verf\u00fcgen; die Teamkollegen sollen dann dieses Verhalten \u00fcbernehmen, um ihrerseits erfolgreicher zu werden.&#8220;<\/span><\/p>\n<p>Weitere \u00dcberwachungs- und Auswertungs-Tools (z.B. \u00fcber Skype, SAP, usw.) werden sicherlich bald folgen.<\/p>\n<p>Und das Beste daran: In Deutschland ist das alles nicht verboten, wenn der Betriebsrat als gekaufter Singvogel zugestimmt hat (oder es praktischerweise gar keinen gibt). Die R\u00e4der des kapitalistischen Systems drehen sich n\u00e4mlich immer weiter nach vorne &#8211; und Widerstand wird kriminalisiert.<\/p>\n<p>Dazu passt:<\/p>\n<p><a href='http:\/\/www.handelsblatt.com\/politik\/deutschland\/rainer-wendt-polizeigewerkschafter-legt-scholz-ruecktritt-nahe\/20036934.html' class='azc_bbc_url'>G20-Krawalle: Polizeigewerkschafter Wendt legt Scholz R\u00fccktritt nahe<\/a><br \/>\n<span class='azc_bbc_italic'>&#8222;Wenn er keinen Plan hat, wie er linke Gewalt k\u00fcnftig verhindern will, muss er seinen Hut nehmen&#8220;<\/span>, wird Rainer Wendt vom Handelsblatt zitiert. Und es ist ja schon erb\u00e4rmlich genug, dass man diesem gekauften Rechtsausleger immer noch ein Mikro vor die Nase h\u00e4lt. Aber vielleicht wurde auch schlicht die Gelegenheit genutzt, ihn wieder als den Troll darzustellen, der er ist.<\/p>\n<p>Schauen wir doch nur mal auf die Fakten: Die sozialen Verw\u00fcstungen lassen sich auch in Deutschland nicht mehr wegl\u00fcgen. Hungerl\u00f6hne und Altersarmut geh\u00f6ren auch in Deutschland l\u00e4ngst zu den Alltagsschlagzeilen \u00fcber den Kapitalismus, der doch angeblich Wohlstand f\u00fcr alle <img class='azc_bbc_image' src='https:\/\/www.rume.de\/smilies\/clown.gif'  \/> bringen soll. Das bleibt nat\u00fcrlich auch den wenigen Gewinnern der globalen Ausbeutung (f\u00e4lschlicherweise &#8222;Freihandel&#8220; genannt) <a href='https:\/\/de.wikipedia.org\/wiki\/Der_kommende_Aufstand' class='azc_bbc_url'>nicht verborgen<\/a>, so dass man Gegenstrategien entwickeln muss. Immer sch\u00e4rfere Gesetze und immer mehr \u00dcberwachung allein reichen da nicht. Und wenn eine Demonstration mit dem Titel &#8222;Welcome to Hell&#8220; angemeldet wird, sollte man diese Gelegenheit auch nutzen.<\/p>\n<p>Bl\u00f6d war nur, dass diese Demo anfangs vollkommen friedlich ablief. <span class='azc_bbc_italic'>&#8222;So kann das nicht bleiben&#8220;<\/span>, lautete dann die Ansage und die Polizei lief kn\u00fcppelnd und Pfefferspray spr\u00fchend in den gestoppten und eingekesselten Protestzug hinein. Genau das haben unisono zahlreiche anwesende Journalisten (u.a. <a href='https:\/\/www.ndr.de\/nachrichten\/hamburg\/G20-Gegenseitige-Vorwuerfe-nach-Gewalteskalation,gipfeltreffen552.html' class='azc_bbc_url'>NDR<\/a>, <a href='https:\/\/www.rubikon.news\/artikel\/demonstrationszug-zerschlagen-welcome-in-germany' class='azc_bbc_url'>N24<\/a>, <a href='https:\/\/dvwelt.wordpress.com\/2017\/07\/07\/schwarzer-block' class='azc_bbc_url'>Deutschlandfunk<\/a>, sogar <a href='https:\/\/www.youtube.com\/watch?v=zoApk1lc5-4' class='azc_bbc_url'>Anw\u00e4lte<\/a>) berichtet. Erst daraufhin entstanden die (politisch gewollten) Randalen.<\/p>\n<p>Zu diesem gewollten Aufschaukeln passt es auch, was der GdP-Vorsitzende Thomas Mohr \u00fcber seine Polizeikollegen <a href='https:\/\/www.facebook.com\/GdPVorsitzenderMannheim\/photos\/a.952787118121191.1073741829.908299182569985\/1457159981017233\/?type=3&amp;theater' class='azc_bbc_url'>zu berichten weiss<\/a>, die seit \u00fcber 48 Stunden eingesetzt irgendwo im Vorraum auf dem Fussboden (&#8222;wie Obdachlose&#8220;) ein wenig Schlaf nachholen mussten. Wenn hoffnungslos \u00fcberm\u00fcdete (und dementsprechend schnell reizbare) Polizeieinheiten ins Rennen geschickt werden, kann man nur attestieren, dass genau diese Gewaltexzesse gewollt waren.<\/p>\n<p>Insofern \u00fcberrascht es dann auch nicht, dass diese Krawall-Umsetzung durch SPD-Oberb\u00fcrgermeister Olaf Scholz <a href='http:\/\/www.berliner-zeitung.de\/politik\/&#8211;heldenhafter-einsatz&#8211;bei-g20-olaf-scholz-verteidigt-hamburger-polizeitaktik-27939148' class='azc_bbc_url'>ausgiebig gelobt wurde<\/a>. <span class='azc_bbc_italic'>&#8222;Der Polizeieinsatz war eine gro\u00dfe Leistung&#8220;<\/span>, sagte Scholz. <span class='azc_bbc_italic'>&#8222;Die haben alles richtig gemacht und einen heldenhaften Einsatz zustande gebracht.&#8220;<\/span> Und er kann seine Freude \u00fcber diese &#8222;hervorragend&#8220; zustande gekommene Krawall-Inszenierung kaum verhehlen.<\/p>\n<p>Fassen wir also zusammen: Es ist alles &#8222;wie aus dem Lehrbuch&#8220; abgelaufen. Jeder linke Protest am kapitalistischen System kann nun wochenlang diskreditiert werden &#8211; was von unserer Qualit\u00e4tsjournaille nat\u00fcrlich <a href='http:\/\/www.nachdenkseiten.de\/?p=39113' class='azc_bbc_url'>auch schon fl\u00e4chendeckend getan wird<\/a>. Umfassend kann nun \u00fcber die blauen Augen und Sch\u00fcrfwunden der Polizei, sowie <a href='https:\/\/www.neues-deutschland.de\/artikel\/1056668.html' class='azc_bbc_url'>den teilkasko-gedeckten Brandsch\u00e4den des B\u00fcrgertums<\/a> (sehr sehr lesenswert \u00fcbrigens <img class='azc_bbc_image' src='https:\/\/www.rume.de\/smilies\/biggrin.gif'  \/> ) berichtet werden, w\u00e4hrend die wahren Gewaltverbrecher, rundum hofiert, wieder in ihre Flieger kletterten und unbehelligt die n\u00e4chsten kapitalistischen Ausbeutungen planen.<\/p>\n<p>So funktioniert moderne Propaganda zur Bev\u00f6lkerungssteuerung.<\/p>\n<p>Nur so ein intellektuelles Teelicht wie Rainer Wendt versteht \u00fcberhaupt nichts und fordert stattdessen (v\u00f6llig kontraproduktiv) ein NOCH h\u00e4rteres Vorgehen. Jemand wie Rainer Wendt wird insofern sein gesamtes Leben \u00fcber ein unwichtiger Schreihals bleiben, unf\u00e4hig zu den tats\u00e4chlich Herrschenden aufzusteigen. Ein Sozialdemokrat wie Olaf Scholz hingegen wird sicherlich in den kommenden Monaten noch seine Auszeichnung von den Herrschenden erhalten. Der &#8222;Ministerpr\u00e4sident des Jahres&#8220; oder so.<\/p>\n<p>&nbsp;<\/p>\n<p><a href='http:\/\/www.kritische-polizisten.de\/themen\/s21\/dokumente\/abendblatt_2010-10-18.pdf' class='azc_bbc_url'>Polizisten klagen an: &#8222;Wir werden von der Politik verheizt&#8220;<\/a><br \/>\nEin Abendblatt-Bericht von 2010 als archiviertes PDF, das aber heute wieder brandaktuell ist. Zitat: <span class='azc_bbc_italic'>&#8222;Ich wei\u00df, dass wir bei brisanten Gro\u00dfdemos verdeckt agierende Beamte, die als taktische Provokateure, als vermummte Steinewerfer fungieren, unter die Demonstranten schleusen. Sie werfen auf Befehl Steine oder Flaschen in Richtung der Polizei, damit die dann mit der R\u00e4umung beginnen kann. Ich jedenfalls bin nicht Polizist geworden, um Demonstranten von irgendwelchen Stra\u00dfen zu r\u00e4umen oder von B\u00e4umen runterzuholen. Ich will Gangster hinter Gitter bringen&#8220;, erkl\u00e4rt er, wohlwissend, dass Karrieren junger Polizisten nur durch die Einsatzhundertschaften gehen, die auch er durchlaufen muss. Doch sein Urlaubsantrag wurde abgelehnt. Der Vorgesetzte drohte vor versammelter Truppe, dass Beamte, die sich vor solchen Eins\u00e4tzen krankmeldeten oder beim Einsatz durch Zur\u00fcckhaltung auffielen, \u00c4rger bek\u00e4men. Und unter vier Augen steckte er Hannes Hecht, dass er seine Karriere vergessen, dann maximal noch Dorfpolizist werden k\u00f6nne.&#8220;<\/span><\/p>\n<p>Wie wir sehen, kommt der Einsatz zum Draufhauen stets von Oben, aber nicht durch die Polizisten selber, die &#8222;einfach so&#8220; reinmarschieren. Und wie schon bei Stuttgart 21 werden zum Aufwiegeln genau die &#8222;richtigen&#8220; Polizeistaffeln angefordert. <a href='http:\/\/www.zeit.de\/politik\/2014-02\/mappus-stuttgart-21-polizei' class='azc_bbc_url'>Zitat<\/a> von CDU-Ministerpr\u00e4sident Mappus damals: <span class='azc_bbc_italic'>&#8222;Wenn Sie nicht wollen, hole ich eine Polizei aus einem anderen Land.&#8220;<\/span><\/p>\n<p>Wie das dann real aussieht, dar\u00fcber hatte <a href='http:\/\/www.tagesspiegel.de\/politik\/neues-buch-zu-stuttgart-21-schriftsteller-schorlau-ich-habe-schreckliche-bilder-gesehen\/2330322.html' class='azc_bbc_url'>der Tagesspiegel<\/a> berichtet (Zitat): <span class='azc_bbc_italic'>&#8222;Doch pl\u00f6tzlich tauchten zivil gekleidete Polizisten auf, junge M\u00e4nner mit schwarzen Wollm\u00fctzen und schwarzen Hosen, als Beamte zu erkennen an einer gelben Weste mit der Aufschrift &#8222;Polizei&#8220;. Diese f\u00fcnfk\u00f6pfigen Einsatzteams, immer begleitet von einem ebenfalls zivil gekleideten Kameramann, marschierten zu einzelnen B\u00e4umen und bildeten einen Kreis um den Stamm. Die Jugendlichen umringten sie, sprachen auf sie ein; sie vermuteten, diese B\u00e4ume sollten gef\u00e4llt werden. Pl\u00f6tzlich, ohne Vorwarnung, schlug einer dieser Polizisten einem Sch\u00fcler mit voller Wucht ins Gesicht. Sein Kollege filmte den Vorgang. Zwei Kids brachten ihren verletzten Mitsch\u00fcler fort. Ich fotografierte den Schl\u00e4ger mit der Handykamera. Es dauerte eine Weile, bis ich begriff, was ich sah: Das waren Eskalationstrupps. Sie wollten Schl\u00e4gereien provozieren. Sie wollten Bilder gewaltt\u00e4tiger Demonstranten.&#8220;<\/span><\/p>\n<p>Diese &#8222;Eskalationstrupps&#8220; werden gezielt angeheuert, um &#8222;die richtigen Bilder&#8220; zugunsten der Herrschenden zu bekommen. Aber Einsatzhundertschaften werden sicherlich nicht &#8222;einfach so&#8220; kn\u00fcppelnd durch die Demonstranten marschieren. Daf\u00fcr braucht es stets gr\u00fcnes Licht von viel weiter Oben.<\/p>\n<p>Soviel zum Thema &#8222;linke Gewalt&#8220;.<\/p>\n<p>&nbsp;<\/p>\n<p><a href='http:\/\/www.huffingtonpost.de\/flo-smith\/die-presse-ist-hier-nicht-sicher_b_17434624.html' class='azc_bbc_url'>Journalisten klagen an: &#8222;Wurden in Hamburg von der Polizei massiv angegriffen&#8220;<\/a><br \/>\nZuerst zahlreichen Journalisten <a href='http:\/\/faktenfinder.tagesschau.de\/inland\/gzwanzig-journalisten-bka-101.html' class='azc_bbc_url'>grundlos die Zulassung entziehen<\/a> und den doch anreisenden Journalisten grundlos Pfefferspray ins Gesicht feuern. Soviel auch noch erg\u00e4nzend f\u00fcr so manchen Naivling, der immer noch glaubt, dass wenn alle friedlich demonstrieren, es dann auch keine Probleme gibt <img class='azc_bbc_image' src='https:\/\/www.rume.de\/smilies\/clown.gif'  \/> Nein, diese Ausschreitungen waren gewollt. Ein anderes Fazit l\u00e4sst sich \u00fcberhaupt nicht mehr ziehen.<\/p>\n<p>Weitere Meldungen von Journalisten zum Durchklicken: <a href='https:\/\/twitter.com\/chefreporterNRW\/status\/883445804744278016' class='azc_bbc_url'>(1)<\/a> <a href='https:\/\/twitter.com\/visrebel\/status\/883811039200116736' class='azc_bbc_url'>(2)<\/a> <a href='https:\/\/twitter.com\/ErikMarquardt\/status\/883832582596644866' class='azc_bbc_url'>(3)<\/a> <a href='https:\/\/twitter.com\/RubenNeugebauer\/status\/883445005230243840' class='azc_bbc_url'>(4)<\/a> <a href='https:\/\/twitter.com\/ArsalaiH\/status\/883047888208711682' class='azc_bbc_url'>(5)<\/a> <a href='https:\/\/twitter.com\/PerspektiveOn\/status\/883969213739749376' class='azc_bbc_url'>(6)<\/a>. Soll ich noch weitersuchen? Oder verbleibt ihr &#8222;sicherheitshalber&#8220; in euren festzementierten Weidez\u00e4unen, damit das liebgewonnene Weltbild nicht zu wackeln beginnt? <img class='azc_bbc_image' src='https:\/\/www.rume.de\/smilies\/biggrin.gif'  \/><\/p>\n<p>Die einen z\u00fcnden die Welt an, die anderen Autos &#8211; lasst uns also nur \u00fcber die Autos reden! <img class='azc_bbc_image' src='https:\/\/www.rume.de\/smilies\/sarkasm.gif'  \/> <a href='http:\/\/feynsinn.org\/?p=8099' class='azc_bbc_url'>[i](via)[\/i]<\/a><\/p>\n<p>&nbsp;<\/p>\n<p><a href='http:\/\/www.zeit.de\/freitext\/2017\/07\/06\/g20-hamburg-demonstranten-ann-cotten' class='azc_bbc_url'>Die Demonstranten gegen G20 sind keine Chaoten<\/a><br \/>\nL E S E B E F E H L !! Was f\u00fcr ein Text <img class='azc_bbc_image' src='https:\/\/www.rume.de\/smilies\/verehr.gif'  \/><\/p>\n<p>&nbsp;<\/p>\n<p><a href='http:\/\/www.rp-online.de\/politik\/deutschland\/union-und-spd-wollen-extremistendatei-aid-1.6938147' class='azc_bbc_url'>Union und SPD fordern Extremistendatei auch f\u00fcr linke T\u00e4ter<\/a><br \/>\nEs soll ja niemand sagen, dass die gewollten Krawalle nicht noch f\u00fcr mehr Repressalien ausgeschlachtet werden k\u00f6nnen <img class='azc_bbc_image' src='https:\/\/www.rume.de\/smilies\/sarkasm.gif'  \/> Und nat\u00fcrlich <a href='http:\/\/www.fr.de\/politik\/meinung\/kommentare\/g20-protest-endlich-sind-die-linken-wieder-die-boesen-a-1310648' class='azc_bbc_url'>setzen daf\u00fcr f\u00fchrende CDU\/CSU- und SPD-Politiker linke mit rechter Gewalt gleich<\/a>. Obwohl ironischerweise die brandschatzenden Randalierer gar keine Linken sind, sondern zumeist gelangweilte Jugendliche &#8222;aus gutb\u00fcrgerlichem Hause&#8220;, denen Gewerkschaften und soziale Alternativen am Arsch vorbeigehen.<\/p>\n<p>Aber geschenkt: Die Krawalle waren gewollt, also muss man sie nutzen, so lange der mediale Rauch noch nicht komplett verzogen ist. Und statt jede Menge einzelner Listen \u00fcber Hooligans, Linke, Rechte, Gef\u00e4hrder, Islamisten, Kranke und &#8222;zu Unbequeme&#8220; direkt eine grosse Datenbank f\u00fcr alle nicht systemkonform denkenden Menschen? An der DDR war doch nicht alles schlecht <img class='azc_bbc_image' src='https:\/\/www.rume.de\/smilies\/sarkasm.gif'  \/><\/p>\n<p>Das bei derartigen Datenbanken immer auch Unschuldige landen, die sich nicht wehren k\u00f6nnen, kein Anspruch auf L\u00f6schung haben &#8211; ja noch nicht einmal ein Einsichtsrecht besitzen &#8211; interessiert bei CDU\/CSU und SPD nat\u00fcrlich niemanden. <span class='azc_bbc_italic'>&#8222;Irgendwas wird schon dran sein, wenn man da drin landet&#8220;<\/span>, so das Motto.<\/p>\n<p>&nbsp;<\/p>\n<p><a href='http:\/\/www.spiegel.de\/politik\/deutschland\/g20-maas-sieht-zeit-fuer-rock-gegen-links-konzerte-gekommen-a-1157007.html' class='azc_bbc_url'>Justizminister Maas sieht Zeit f\u00fcr &#8222;Rock gegen Links&#8220; Konzerte gekommen<\/a><br \/>\n<span class='azc_bbc_italic'>&#8222;Warum hast du Angst vorm Streicheln? Was soll all der Terz?<br \/>\nhinterm grossen Karl-Marx-Banner, wei\u00df ich, schl\u00e4gt ein Herz<br \/>\nund Romantik ist f\u00fcr dich nicht blo\u00df graue Theorie<br \/>\nzwischen \u00c4rzten und den Hosen steht ne Kuschelrock-LP<\/p>\n<p>Deine Gewalt ist nur ein stummer Schrei nach Liebe<br \/>\ndeine Kapuzenpullis sehnen sich nach Z\u00e4rtlichkeit<br \/>\ndu hast nie gelernt, dich zu artikulieren<br \/>\nund deine Eltern hatten niemals f\u00fcr dich Zeit<\/p>\n<p>ZECKE!&#8220;<\/span><\/p>\n<p>Jetzt muss Heiko Maas nur noch seine Lieblingsband benennen, die ihm das vorsingt. Vielleicht St\u00f6rkraft? <img class='azc_bbc_image' src='https:\/\/www.rume.de\/smilies\/sarkasm.gif'  \/> <a href='https:\/\/www.heise.de\/forum\/heise-online\/News-Kommentare\/G20-Krawalle-Koalitionspolitiker-wollen-umfassende-europaeische-Extremistendatei\/Zwischen-Aerzte-und-den-Hosen-steht-ne-Rock-gegen-Links-CD\/posting-30681163\/show' class='azc_bbc_url'>[i](via)[\/i]<\/a><\/p>\n<p>&nbsp;<\/p>\n<p><a href='https:\/\/www.heise.de\/newsticker\/meldung\/G20-einig-beim-Antiterrorkampf-im-Netz-3767437.html' class='azc_bbc_url'>G20 einig beim Antiterrorkampf im Netz<\/a><br \/>\nDie politischen Ergebnisse vom G20 sind ja mehr als d\u00fcrftig, aber bei einem Thema waren sich alle schnell einig. <span class='azc_bbc_italic'>&#8222;Die G20-Staaten sind sich einig, dass Plattformbetreiber bei der Filterung und L\u00f6schung von terroristischen Inhalten mehr tun m\u00fcssen&#8220;<\/span>, berichtet Heise-Online. Und mit wem hat Merkel da noch gleich zusammen gesessen? Mit Saudi-Arabien. Mit China. Mit Russland. Mit der T\u00fcrkei. Also inklusive Ex-FDJ-Merkel rundum Fachleute, die sich schon bestens mit dem Filtern und L\u00f6schen zu unbequemer Internet-Inhalte auskennen <img class='azc_bbc_image' src='https:\/\/www.rume.de\/smilies\/sarkasm.gif'  \/><\/p>\n<p>Und hey: Kann mir irgendjemand auch nur einen einzigen Menschen nennen, der durch &#8222;terroristische Inhalte&#8220; im Internet zum Terroristen wurde? Oder geh\u00f6rt da nicht noch wesentlich mehr dazu &#8211; beispielsweise die v\u00f6lkerrechtswidrige Bombardierung seiner Familie? Oder die kapitalistische Ausbeutung seiner Heimat durch westliche Konzerne? K\u00f6nnte da was dran sein?<\/p>\n<p>Aber nochmal zur\u00fcck zum Bericht (Zitat): <span class='azc_bbc_italic'>&#8222;Sorgen bereitet den Staatschefs im Punkt Terrorfinanzierung der Umstand, dass die Betr\u00e4ge f\u00fcr Terrorfinanzierung teils sehr klein werden. &#8222;Wir m\u00fcssen uns besser austauschen&#8220;, so Merkel, &#8222;wie man solche Kleinsummen-Transaktionen besser identifizieren kann.&#8220;<\/span> Ja genau, daf\u00fcr kann man dann im Gegenzug mal so Kleinkram wie &#8222;Cum-Ex&#8220; und &#8222;Steueroasen&#8220; unter den Tisch fallen lassen. Der wahre Terror sind Kleinsummen-Transaktionen <img class='azc_bbc_image' src='https:\/\/www.rume.de\/smilies\/sarkasm.gif'  \/><\/p>\n<p>&nbsp;<\/p>\n<p><a href='https:\/\/www.heise.de\/newsticker\/meldung\/Gruenes-Licht-fuers-Netzwerkdurchsetzungsgesetz-im-Bundesrat-3767209.html' class='azc_bbc_url'>Im Schatten von G20: Bundesrat winkt Internet-Zensurgesetz durch<\/a><br \/>\nDen ersten Sargnagel l\u00e4sst Merkel dann auch direkt mal ins Grundgesetz und unsere Meinungsfreiheit einschlagen, w\u00e4hrend sie beim G20 kalt l\u00e4chelnd f\u00fcr Fotoshootings herumgereicht wird. <span class='azc_bbc_italic'>&#8222;Jetzt k\u00f6nnen nur noch Bundespr\u00e4sident Frank-Walter Steinmeier (SPD) <img class='azc_bbc_image' src='https:\/\/www.rume.de\/smilies\/laugh.gif'  \/> oder die Gerichte das heftig kritisierte Netzwerkdurchsetzungsgesetz stoppen.&#8220;<\/span><\/p>\n<p>&nbsp;<\/p>\n<p><a href='http:\/\/www.zeit.de\/digital\/datenschutz\/2017-07\/staatstrojaner-bundesrat-beschlossen' class='azc_bbc_url'>Im Schatten von G20: Bundesrat winkt Staatstrojaner durch<\/a><br \/>\nDIE ZEIT berichtet: <span class='azc_bbc_italic'>&#8222;Mit der Onlinedurchsuchung k\u00f6nnen staatliche Ermittler die von ihnen gehackten Ger\u00e4te nun auch komplett ausspionieren. Wie &#8222;heise online&#8220; berichtet, wurden Bedenken des mitberatenden Verbraucherausschusses nicht ber\u00fccksichtigt. So wie auch viele IT-Sicherheitsexperten bef\u00fcrchtet der Ausschuss, dass die im Gesetz vorgesehenen Befugnisse &#8222;zu einer massiven Schw\u00e4chung der IT-Sicherheitsinfrastruktur und damit auch zu einer Gef\u00e4hrdung der Nutzerinnen und Nutzer informationstechnischer Systeme beitragen kann&#8220;.<\/p>\n<p>Denn um ein Ger\u00e4t hacken zu k\u00f6nnen, m\u00fcssen Strafverfolger eine Schwachstelle in der Hard- oder Software kennen und ausnutzen. Solang sie diese Schwachstelle nicht dem Hersteller melden, bleiben alle Ger\u00e4te desselben Typs verwundbar, auch f\u00fcr kriminelle Hacker. Was im Extremfall passiert, wenn eine Beh\u00f6rde lieber Sicherheitsl\u00fccken hortet, statt sie offenzulegen, hat in den vergangenen Monaten die NSA eindrucksvoll vorgemacht. M\u00e4chtige Hackerwerkzeuge und -methoden, die dem US-Geheimdienst abhanden gekommen waren, wurden f\u00fcr die WannaCry-Ransomware-Angriffe verwendet.<\/p>\n<p>Auf dem freien Markt sind solche Exploits genannten Programme mitunter teuer, insbesondere wenn sie gegen Apples Betriebssystem iOS eingesetzt werden k\u00f6nnen. Die Verk\u00e4ufer verdienen so gut daran, dass sie einem Bericht von Motherboard zufolge wenig Lust haben, sich an Apple zu wenden. Das Unternehmen belohnt die Meldung von Sicherheitsl\u00fccken vergleichsweise niedrig mit bis zu 200.000 US-Dollar.&#8220;<\/span> Die kriminellen staatlichen Hacker zahlen deutlich mehr.<\/p>\n<p>&nbsp;<\/p>\n<p><a href='https:\/\/www.heise.de\/newsticker\/meldung\/EU-Staaten-wollen-neue-Regeln-zur-Vorratsdatenspeicherung-3767450.html' class='azc_bbc_url'>EU-Staaten wollen neue Regeln zur Vorratsdatenspeicherung<\/a><br \/>\nImmer auf der Suche nach der Perfektionierung des \u00dcberwachungsstaates.<\/p>\n<p>Sagte ich \u00dcberwachungsstaat? Das ist nat\u00fcrlich falsch. <span class='azc_bbc_italic'>&#8222;Es geht nicht darum, dass wir zu einem \u00dcberwachungsstaat werden, sondern lediglich darum, zu speichern, wer wann mit wem und wo telefoniert hat.&#8220;<\/span> <a href='https:\/\/de.wikipedia.org\/wiki\/Mechthild_Ross-Luttmann' class='azc_bbc_url'>Zitat: Niedersachsens Familienministerin Mechthild Ross-Luttmann (CDU)<\/a> <img class='azc_bbc_image' src='https:\/\/www.rume.de\/smilies\/sarkasm.gif'  \/><\/p>\n<p>&nbsp;<\/p>\n<p><a href='https:\/\/heise.de\/-3767230' class='azc_bbc_url'>Bundesrat winkt Einbrecherjagd mit Vorratsdaten und Funkzellenabfrage durch<\/a><br \/>\nF\u00fcr CDU\/CSU und SPD ist es undenkbar, dass Einbrecher ihre Handys zuhause lassen, bevor sie losziehen <img class='azc_bbc_image' src='https:\/\/www.rume.de\/smilies\/sarkasm.gif'  \/><\/p>\n<p>&nbsp;<\/p>\n<p><a href='http:\/\/www.thueringer-allgemeine.de\/web\/zgt\/leben\/detail\/-\/specific\/Schleierfahndung-Thueringer-Polizei-verweist-auf-Erfolge-der-umstrittenen-Ermit-958957137' class='azc_bbc_url'>Schleierfahndung: Th\u00fcringer Polizei verweist auf Erfolge<\/a><br \/>\nIhr wisst, was eine Schleierfahndung bedeutet? Es bedeutet: Man missachtet die Grundrechte aller, um unter den Tausenden vielleicht doch einen Kriminellen zu entdecken. Ganz nach dem Motto: Wenn wir alle verhaften, hat man auch den Verbrecher bestraft.<\/p>\n<p>Methoden eines lupenreinen Unrechtsstaates also.<\/p>\n<p>Und welche Erfolge gibt es da zu melden? Eine 54-j\u00e4hrige Frau, die zur Fahndung ausgeschrieben war (Kn\u00f6llchen nicht bezahlt?), sowie vier Rum\u00e4nen wegen fehlender Aufenthaltsangabe. <a href='https:\/\/heise.de\/-3767439' class='azc_bbc_url'>In Summe also nichts als Eierdiebe<\/a>, w\u00fcrde man sagen. Und DAS pr\u00e4sentiert uns die Polizei (!) als Rechtfertigung!!<\/p>\n<p>Ach und noch etwas: In Th\u00fcringen regiert DIE LINKE. Und Polizei ist L\u00e4ndersache. Gibt es dazu noch Fragen?<\/p>\n<p>&nbsp;<\/p>\n<p><a href='http:\/\/www.taz.de\/!5408561' class='azc_bbc_url'>Der gl\u00e4serne Fl\u00fcchtling<\/a><br \/>\nBei Interesse kann man sich ja mal durchlesen, welchen \u00dcberwachungsmassnahmen sich diese Menschen beugen m\u00fcssen. In ein paar Jahren haben wir uns dann n\u00e4mlich denselben Massnahmen (biometrische Vollerfassung, Eink\u00e4ufe nur mit Iris-Scan, Datenhandel und Speicherung \u00fcber alle Beh\u00f6rden hinweg) zu beugen.<\/p>\n<p>&nbsp;<\/p>\n<p><a href='https:\/\/is.gd\/fbiX3A' class='azc_bbc_url'>Neues Gutachten: Bundesrat kann CETA noch stoppen<\/a><br \/>\n<span class='azc_bbc_italic'>&#8222;Das Freihandelsabkommen CETA muss nicht nur vom Bundestag, sondern auch vom Bundesrat beschlossen werden. Vorher kann der geplante Handelsvertrag zwischen der EU und Kanada nicht von Deutschland ratifiziert werden. Das belegt ein neues Gutachten des renommierten Staatsrechtlers Prof. Martin Nettesheim. Auf Grund der knappen Mehrheitsverh\u00e4ltnisse im Bundesrat und zahlreicher verfassungsrechtlicher Bedenken gegen CETA, bestehen demnach gute Chancen, das Abkommen von deutscher Seite aus noch zu stoppen.&#8220;<\/span><\/p>\n<p>Ja, die Chance besteht, aber die LINKE wird sich ihr Ja-Wort bestimmt wieder <a href='https:\/\/www.rume.de\/2017\/06\/07\/aufgelesen-und-kommentiert-2017-06-07' class='azc_bbc_url'>abkaufen lassen<\/a> <img class='azc_bbc_image' src='https:\/\/www.rume.de\/smilies\/sarkasm.gif'  \/><\/p>\n<p>&nbsp;<\/p>\n<p><a href='https:\/\/www.heise.de\/newsticker\/meldung\/US-Akten-belasten-Ex-VW-Chef-Winterkorn-im-Dieselskandal-3767643.html' class='azc_bbc_url'>US-Akten belasten Ex-VW-Chef Winterkorn im Dieselskandal<\/a><br \/>\n<span class='azc_bbc_italic'>&#8222;Winterkorn habe mindestens zwei Monate vor Bekanntwerden des Skandals von den Manipulationen erfahren.&#8220;<\/span><\/p>\n<p>Nein, wer h\u00e4tte DAS ahnen k\u00f6nnen? <img class='azc_bbc_image' src='https:\/\/www.rume.de\/smilies\/laugh.gif'  \/><\/p>\n<p>Winterkorn selbst wird diese Ver\u00f6ffentlichungen entspannt geniessen und weiterhin lachend in seinen Millionen baden, die ihm die Gewerkschafter im Aufsichtsrat genehmigten.<\/p>\n<p>&nbsp;<\/p>\n<p>Und zu guter Letzt:<\/p>\n<p><a href='http:\/\/www.harm-bengen.de\/toonpool\/2017%2007%2010%20Unions-Mitarbeiter-FARBE.jpg' class='azc_bbc_url'>In der CDU-Wahlkampfzentrale<\/a><br \/>\n<img class='azc_bbc_image' src='https:\/\/www.rume.de\/smilies\/nasiehste.gif'  \/><\/p>\n","protected":false},"excerpt":{"rendered":"<p>\/ Armut bei Besch\u00e4ftigten seit 2004 verdoppelt \/ Betriebskrankenkassen-Studie: Wer in der Pflege arbeitet ist selbst oft krank \/ Mobile Besch\u00e4ftigte: Kein Vertrag, kaum Geld, Arbeiten auf Abruf \/ Microsoft Office 365 nimmt Mitarbeiter unter die Lupe \/ G20-Krawalle: Polizeigewerkschafter Wendt legt Scholz R\u00fccktritt nahe \/ Polizisten klagen an: &#8222;Wir werden von der Politik verheizt&#8220; &hellip; <a href=\"https:\/\/www.rume.de\/?p=226\" class=\"more-link\"><span class=\"screen-reader-text\">\u201eAufgelesen und kommentiert 2017-07-10\u201c <\/span>weiterlesen<\/a><\/p>\n","protected":false},"author":1,"featured_media":0,"comment_status":"open","ping_status":"closed","sticky":false,"template":"","format":"standard","meta":{"footnotes":""},"categories":[2],"tags":[],"class_list":["post-226","post","type-post","status-publish","format-standard","hentry","category-aufgelesen"],"_links":{"self":[{"href":"https:\/\/www.rume.de\/index.php?rest_route=\/wp\/v2\/posts\/226","targetHints":{"allow":["GET"]}}],"collection":[{"href":"https:\/\/www.rume.de\/index.php?rest_route=\/wp\/v2\/posts"}],"about":[{"href":"https:\/\/www.rume.de\/index.php?rest_route=\/wp\/v2\/types\/post"}],"author":[{"embeddable":true,"href":"https:\/\/www.rume.de\/index.php?rest_route=\/wp\/v2\/users\/1"}],"replies":[{"embeddable":true,"href":"https:\/\/www.rume.de\/index.php?rest_route=%2Fwp%2Fv2%2Fcomments&post=226"}],"version-history":[{"count":3,"href":"https:\/\/www.rume.de\/index.php?rest_route=\/wp\/v2\/posts\/226\/revisions"}],"predecessor-version":[{"id":229,"href":"https:\/\/www.rume.de\/index.php?rest_route=\/wp\/v2\/posts\/226\/revisions\/229"}],"wp:attachment":[{"href":"https:\/\/www.rume.de\/index.php?rest_route=%2Fwp%2Fv2%2Fmedia&parent=226"}],"wp:term":[{"taxonomy":"category","embeddable":true,"href":"https:\/\/www.rume.de\/index.php?rest_route=%2Fwp%2Fv2%2Fcategories&post=226"},{"taxonomy":"post_tag","embeddable":true,"href":"https:\/\/www.rume.de\/index.php?rest_route=%2Fwp%2Fv2%2Ftags&post=226"}],"curies":[{"name":"wp","href":"https:\/\/api.w.org\/{rel}","templated":true}]}}