{"id":187,"date":"2017-06-07T21:36:30","date_gmt":"2017-06-07T19:36:30","guid":{"rendered":"http:\/\/rume.katti.eu\/?p=187"},"modified":"2017-06-07T21:36:30","modified_gmt":"2017-06-07T19:36:30","slug":"aufgelesen-und-kommentiert-2017-06-07","status":"publish","type":"post","link":"https:\/\/www.rume.de\/?p=187","title":{"rendered":"Aufgelesen und kommentiert 2017-06-07"},"content":{"rendered":"<p>\/ Armutskonferenz: &#8222;Kinder k\u00f6nnen am Schulessen nicht teilnehmen&#8220;<br \/>\n\/ Betriebsrente oder Betrugsrente?<br \/>\n\/ Autobahnprivatisierer Ramelow (LINKE) wehrt sich<br \/>\n\/ BVerfG: Brennelementesteuer ist verfassungswidrig<br \/>\n\/ Auch umger\u00fcstete VW sind weiterhin Dreckschleudern &#8211; und VW wusste das<br \/>\n\/ H\u00f6here Strafen sollen Aufkl\u00e4rungsquote bei Einbr\u00fcchen erh\u00f6hen<br \/>\n\/ Wissenschaftlicher Dienst des Bundestages h\u00e4lt NetzDG ebenfalls f\u00fcr rechtswidrig<br \/>\n\/ ARD und ZDF propagieren erneut Gewalt zum Sturz einer demokratisch gew\u00e4hlten Regierung<br \/>\n\/ Russische Hacker des Tages &#8211; Heute: Russische Hacker schuld an Katar-Krise<br \/>\n\/ BILD dankt einem Nazi<br \/>\n\/ Der Satz des Tages<\/p>\n<p>&#8212;<\/p>\n<p><!--more--><\/p>\n<p><a href='https:\/\/www.jungewelt.de\/artikel\/311656.kinder-k%C3%B6nnen-am-schulessen-nicht-teilnehmen.html' class='azc_bbc_url'>Armutskonferenz: &#8222;Kinder k\u00f6nnen am Schulessen nicht teilnehmen&#8220;<\/a><br \/>\nIst der Kapitalismus nicht toll? <img class='azc_bbc_image' src='https:\/\/www.rume.de\/smilies\/sarkasm.gif'  \/><\/p>\n<p><a href='http:\/\/www.nachdenkseiten.de\/?p=38635' class='azc_bbc_url'>Betriebsrente oder Betrugsrente?<\/a><br \/>\nIch denke, die Antwort kennt ihr schon.<\/p>\n<p><a href='http:\/\/www.bodo-ramelow.de\/politik\/aktuell\/post\/2017\/06\/03\/von-grossen-prinzipien-und-konkreten-herausforderungen' class='azc_bbc_url'>Autobahnprivatisierer Ramelow (LINKE) wehrt sich<\/a><br \/>\nAuf seiner eigenen Homepage beschimpft er zuerst seine Kritiker und linke Medien, die ihn (zurecht) als Verr\u00e4ter und Umfaller bezeichnen, um anschliessend in \u00fcberlangen S\u00e4tzen seinen Werdegang abzunudeln. Konkreter Inhalt dieses gesamten Blablas? Fehlanzeige.<\/p>\n<p>Stattdessen die Parole, dass er <span class='azc_bbc_italic'>&#8222;als Ministerpr\u00e4sident des Freistaates Th\u00fcringen schon der Verfassung nach immer und zuerst dem Wohl des Freistaates und seiner Menschen verpflichtet&#8220;<\/span> ist. Dass Privatisierungen NIEMALS dem Wohl der Menschen dienen, weiss aber auch so einer wie Ramelow. Von daher ist es wenig verwunderlich, dass er sich im Text lang und breit auf die Einnahmen aus dem L\u00e4nderfinanzausgleich konzentriert, mit denen er sich seinen Verrat abkaufen liess. Und als Lacher gibt Ramelow selber zu, dass die Summe wohl nicht zum Sozialismus f\u00fchrt (daf\u00fcr braucht es auch kein Geld, sondern die \u00dcberf\u00fchrung von Besitz und Produktionsmittel in die H\u00e4nde der Arbeiter) &#8211; aber vielleicht die Lebensbedingungen der Menschen verbessern k\u00f6nnten <img class='azc_bbc_image' src='https:\/\/www.rume.de\/smilies\/laugh.gif'  \/><\/p>\n<p>Durch kapitalistische Verwaltungsarbeit wird man NIE die Lebensbedingungen der Menschen verbessern k\u00f6nnen. Das zeigt das schon \u00fcber 150 Jahre lange Scheitern der Sozialdemokratie mehr als deutlich. Und genau dazu passt auch dieser Abschnitt hier perfekt (Zitat): <span class='azc_bbc_italic'>&#8222;Ich stand also vor der Frage, ob ich eine einstimmig unter den Ministerpr\u00e4sidenten gefundene Vereinbarung aufk\u00fcndige, mich distanziere oder ihr im Bundesrat zustimme. Berlin, Brandenburg und Th\u00fcringen haben mit der Anrufung des Vermittlungsausschusses den Versuch unternehmen, die Frage der Bundesfernstra\u00dfen nochmals aufzurufen und eine andere Regelung zu erreichen. Wir haben hierf\u00fcr keine Mehrheit gefunden. Jede\/jeder mag nun abw\u00e4gen, ob es diese Frage rechtfertigt, den anderen 13 L\u00e4ndern die Solidarit\u00e4t zu verweigern. Ich finde das nicht.&#8220;<\/span><\/p>\n<p>Das erinnert zu 100 Prozent der damaligen SPD-GR\u00dcNE-Bundesregierung, die Hartz4, Riesterrente, Auslandskriege und Finanzcasino durchsetzte. Und bei jeder Abstimmung haben SPD- und GR\u00dcNE-Politiker stets &#8222;ihre Solidarit\u00e4t&#8220; mit Kanzler Gerhard Schr\u00f6der nach vorne gestellt, statt sich auch nur einem einzigen dieser Regierungsverbrechen in den Weg zu stellen. Jeder hatte Angst, &#8222;seinen&#8220; Kanzler mitsamt seiner knappen Bundestagsmehrheit zu st\u00fcrzen. Und jeder einzelne SPD- und GR\u00dcNE-Polithampel hat dann lieber falsche Solidarit\u00e4t statt aufrichtiges R\u00fcckgrat gezeigt. Und heute dasselbe bei Ramelow, der sich lieber der falschen Solidarit\u00e4t &#8222;seiner&#8220; CDU\/CSU- und SPD-Kollegen unterordnet.<\/p>\n<p>Damit kommen wir endlich auch zum einzig Konkretem im gesamten Text.<\/p>\n<p>Alles, was Ramelow zu seiner &#8222;Verteidigung&#8220; <img class='azc_bbc_image' src='https:\/\/www.rume.de\/smilies\/clown.gif'  \/> auffahren kann, ist: Er fordert f\u00fcr Th\u00fcringen eine &#8222;Gesellschaft \u00f6ffentlichen Rechts&#8220;, um damit genau die Privatisierung von Autobahnen und Schulen zu verhindern, die er selber erst erm\u00f6glicht hat. Und jeder weiss: So eine Gesellschaft \u00f6ffentlichen Rechts kann von jeder Nachfolgeregierung auf dem kurzen Dienstweg mit einfacher Mehrheit direkt wieder abgeschafft werden. F\u00fcr die generelle Privatisierung brauchte es im Bundesrat aber eine deutschlandweite Zwei-Drittel-Mehrheit. Und Ramelow plus alle anderen LINKEN in Berlin und Brandenburg haben genau dies getan.<\/p>\n<p><a href='http:\/\/www.faz.net\/aktuell\/wirtschaft\/energiepolitik\/atomsteuer-wird-fuer-verfassungswidrig-erklaert-15050254.html' class='azc_bbc_url'>BVerfG: Brennelementesteuer ist verfassungswidrig<\/a><br \/>\nUnd interessanterweise wird in ALLEN Qualit\u00e4tsmedien verk\u00fcndet, dass die Atomkonzerne nun diese rund 6 Milliarden Euro zur\u00fcckbekommen &#8211; plus nochmal 6 Prozent Verzinsung. Dabei sind es wir, die Stromverbraucher, die diese 6 Milliarden Euro zu Unrecht gezahlt haben. Die R\u00fcckerstattung m\u00fcsste demzufolge an uns ausgezahlt werden.<\/p>\n<p>Aber hey: Es handelt sich ja nur um ein Urteil des Bundesverfassungsgerichts. Von denen kann man keine Gerechtigkeit erwarten.<\/p>\n<p><a href='http:\/\/www.spiegel.de\/auto\/aktuell\/vw-abgasskandal-auch-umgeruestete-diesel-weiter-dreckig-a-1150977.html' class='azc_bbc_url'>Auch umger\u00fcstete VW sind weiterhin Dreckschleudern &#8211; und VW wusste das<\/a><br \/>\nIm Testlabor sind die Werte nach wie vor in Ordnung, aber im normalen Fahrbetrieb werden bis zu 900 mg\/km NOx ausgestossen. Erlaubt sind maximal 180 mg\/km.<\/p>\n<p>Und wie sehr es sich bezahlt macht, einen gekauften Singvogel als Bundesinnenminister zu haben, verdeutlicht diese Passage (Zitat): <span class='azc_bbc_italic'>&#8222;VW hatte offenbar von Anfang an nicht die Absicht, die Stickoxidemissionen durch das Update drastisch zu senken. Das legt ein vertrauliches Papier des VW-Konzerns vom November 2015 nahe. Darin definiert VW selbst &#8222;Zielwerte&#8220; f\u00fcr den Stickoxidaussto\u00df nach dem Software-Update.&#8220;<\/span><\/p>\n<p>Kriminelle, die als Strafe (!) ihre Ziele selber definieren &#8211; das geht in KEINEM einzigen Rechtsstaat der Welt. Insofern ist Volkswagen sicherlich gl\u00fccklich dar\u00fcber, stattdessen hier in Deutschland zu sein.<\/p>\n<p><a href='https:\/\/www.heise.de\/tp\/features\/Hoehere-Strafen-sollen-Aufklaerungsquote-bei-Einbruechen-erhoehen-3730582.html' class='azc_bbc_url'>H\u00f6here Strafen sollen Aufkl\u00e4rungsquote bei Einbr\u00fcchen erh\u00f6hen<\/a><br \/>\nDie Begr\u00fcndung: <span class='azc_bbc_italic'>&#8222;Eine Erh\u00f6hung des Strafma\u00dfes erlaubt den Ermittlern die gerichtsfeste Funkzellen\u00fcberwachung.&#8220;<\/span> Sprich: Je h\u00e4rter die Strafe, umso eher kann man Massen\u00fcberwachungsgesetze daf\u00fcr in Stellung bringen.<\/p>\n<p>Wir erinnern uns: Vorratsdatenspeicherung, Staatstrojaner, Fussfessel, Handyortung, Telefon\u00fcberwachung und vieles mehr sollte bekanntlich &#8222;nur bei schwersten Straftaten&#8220; herangezogen werden. Aber wenn man nun Alltagskriminalit\u00e4t zu &#8222;schwersten Straftaten&#8220; umetikettiert, indem man Wohnungseinbr\u00fcche, MP3-Tauschen und Falschparken genauso hart bestraft, wie Mord und Vergewaltigung &#8211; zack <img class='azc_bbc_image' src='https:\/\/www.rume.de\/smilies\/sarkasm.gif'  \/><\/p>\n<p>Unn\u00f6tig zu erw\u00e4hnen, dass Steuerhinterziehung, Ausbeutung, Umweltverschmutzung und -zerst\u00f6rung (oder kurz: Kapitalismus) nat\u00fcrlich NIEMALS zu &#8222;schwersten Straftaten&#8220; ernannt werden.<\/p>\n<p><a href='https:\/\/heise.de\/-3734058' class='azc_bbc_url'>Wissenschaftlicher Dienst des Bundestages h\u00e4lt NetzDG ebenfalls f\u00fcr rechtswidrig<\/a><br \/>\nWir hatten in Deutschland schon mal ein Gesetz, welches &#8222;zu unbequeme&#8220; Kritik zensierte. Das nannte sich damals <a href='https:\/\/de.wikipedia.org\/wiki\/Heimt%C3%BCckegesetz' class='azc_bbc_url'>&#8220;Heimt\u00fcckegesetz&#8220;<\/a> und in dem stand drin: <span class='azc_bbc_italic'>&#8222;Wer vors\u00e4tzlich eine unwahre oder gr\u00f6blich entstellte Behauptung tats\u00e4chlicher Art aufstellt oder verbreitet, die geeignet ist, das Wohl des Reichs oder eines Landes oder das Ansehen der Reichsregierung oder einer Landesregierung oder der hinter diesen Regierungen stehenden Parteien oder Verb\u00e4nden schwer zu sch\u00e4digen, wird, soweit nicht in anderen Vorschriften eine schwere Strafe angedroht ist, mit Gef\u00e4ngnis bis zu zwei Jahren und, wenn er die Behauptung \u00f6ffentlich aufstellt oder verbreitet, mit Gef\u00e4ngnis nicht unter drei Monaten bestraft.&#8220;<\/span><\/p>\n<p>Wurde damals eingef\u00fchrt von Nationalsozialisten.<br \/>\nHeute fordern es Nationalsozialdemokraten.<\/p>\n<p><a href='https:\/\/propagandaschau.wordpress.com\/2017\/06\/07\/ard-und-zdf-propagieren-erneut-gewalt-zum-sturz-einer-demokratisch-gewaehlten-regierung' class='azc_bbc_url'>ARD und ZDF propagieren erneut Gewalt zum Sturz einer demokratisch gew\u00e4hlten Regierung<\/a><br \/>\n2011 Syrien &#8211; 2014 Ukraine &#8211; 2015 Deutschland &#8211; 2017 Venezuela: Das Werfen von Brands\u00e4tzen und Steinen auf die Polizei ist f\u00fcr die ARD-Verbrecher kein Skandal, wenn es in jenen L\u00e4ndern geschieht, die man destabilisieren m\u00f6chte (z.B. Venezuela). Als auf dem Maidan (Ukraine) die Brands\u00e4tze flogen, waren es an vorderster Front US-Vizepr\u00e4sident Biden und US-Au\u00dfenminsiter Kerrry, die die legitime ukrainische Regierung daf\u00fcr mit verlogenen Worten anklagten, dass die Polizei mit Gewalt gegen Gewaltt\u00e4ter vorging.<\/p>\n<p><a href='http:\/\/www.spiegel.de\/politik\/ausland\/katar-fbi-vermutet-russische-hacker-hinter-krise-a-1150946.html' class='azc_bbc_url'>Russische Hacker des Tages &#8211; Heute: Russische Hacker schuld an Katar-Krise<\/a><br \/>\nQualit\u00e4tsjournalismus vom Laternenpfahl ganz unten.<\/p>\n<p><a href='http:\/\/www.bildblog.de\/90175\/bild-dankt-einem-nazi' class='azc_bbc_url'>BILD dankt einem Nazi<\/a><br \/>\nDas grosse Dankesch\u00f6n der BILD an Sarrazin, Buschkowsky, De Maiziere, Clement und andere Rassisten kennen wir bereits von zahlreichen Titelseiten und ausgew\u00e4hlten Zitaten. Diesmal aber haben sie eine ihrer Vorbildfiguren herausgesucht, die dann vielleicht doch etwas zu rassistisch sein k\u00f6nnte. Aber nur vielleicht.<\/p>\n<p>Und zu guter Letzt:<\/p>\n<p><a href='https:\/\/twitter.com\/heikomaas\/status\/872371813413777410' class='azc_bbc_url'>Der Satz des Tages<\/a><br \/>\n<span class='azc_bbc_italic'>&#8222;Wer Menschenrechte einschr\u00e4nkt, beschert den Terroristen schon den ersten Sieg.&#8220;<\/span><br \/>\nSagt wer? Kommt ihr NIE drauf <img class='azc_bbc_image' src='https:\/\/www.rume.de\/smilies\/nasiehste.gif'  \/><\/p>\n","protected":false},"excerpt":{"rendered":"<p>\/ Armutskonferenz: &#8222;Kinder k\u00f6nnen am Schulessen nicht teilnehmen&#8220; \/ Betriebsrente oder Betrugsrente? \/ Autobahnprivatisierer Ramelow (LINKE) wehrt sich \/ BVerfG: Brennelementesteuer ist verfassungswidrig \/ Auch umger\u00fcstete VW sind weiterhin Dreckschleudern &#8211; und VW wusste das \/ H\u00f6here Strafen sollen Aufkl\u00e4rungsquote bei Einbr\u00fcchen erh\u00f6hen \/ Wissenschaftlicher Dienst des Bundestages h\u00e4lt NetzDG ebenfalls f\u00fcr rechtswidrig \/ ARD &hellip; <a href=\"https:\/\/www.rume.de\/?p=187\" class=\"more-link\"><span class=\"screen-reader-text\">\u201eAufgelesen und kommentiert 2017-06-07\u201c <\/span>weiterlesen<\/a><\/p>\n","protected":false},"author":1,"featured_media":0,"comment_status":"open","ping_status":"closed","sticky":false,"template":"","format":"standard","meta":{"footnotes":""},"categories":[2],"tags":[],"class_list":["post-187","post","type-post","status-publish","format-standard","hentry","category-aufgelesen"],"_links":{"self":[{"href":"https:\/\/www.rume.de\/index.php?rest_route=\/wp\/v2\/posts\/187","targetHints":{"allow":["GET"]}}],"collection":[{"href":"https:\/\/www.rume.de\/index.php?rest_route=\/wp\/v2\/posts"}],"about":[{"href":"https:\/\/www.rume.de\/index.php?rest_route=\/wp\/v2\/types\/post"}],"author":[{"embeddable":true,"href":"https:\/\/www.rume.de\/index.php?rest_route=\/wp\/v2\/users\/1"}],"replies":[{"embeddable":true,"href":"https:\/\/www.rume.de\/index.php?rest_route=%2Fwp%2Fv2%2Fcomments&post=187"}],"version-history":[{"count":1,"href":"https:\/\/www.rume.de\/index.php?rest_route=\/wp\/v2\/posts\/187\/revisions"}],"predecessor-version":[{"id":189,"href":"https:\/\/www.rume.de\/index.php?rest_route=\/wp\/v2\/posts\/187\/revisions\/189"}],"wp:attachment":[{"href":"https:\/\/www.rume.de\/index.php?rest_route=%2Fwp%2Fv2%2Fmedia&parent=187"}],"wp:term":[{"taxonomy":"category","embeddable":true,"href":"https:\/\/www.rume.de\/index.php?rest_route=%2Fwp%2Fv2%2Fcategories&post=187"},{"taxonomy":"post_tag","embeddable":true,"href":"https:\/\/www.rume.de\/index.php?rest_route=%2Fwp%2Fv2%2Ftags&post=187"}],"curies":[{"name":"wp","href":"https:\/\/api.w.org\/{rel}","templated":true}]}}