{"id":184,"date":"2017-06-06T22:12:28","date_gmt":"2017-06-06T20:12:28","guid":{"rendered":"http:\/\/rume.katti.eu\/?p=184"},"modified":"2017-06-06T22:12:28","modified_gmt":"2017-06-06T20:12:28","slug":"aufgelesen-und-kommentiert-2017-06-06","status":"publish","type":"post","link":"https:\/\/www.rume.de\/?p=184","title":{"rendered":"Aufgelesen und kommentiert 2017-06-06"},"content":{"rendered":"<p>\/ Neues Betriebsrentengesetz: Ein Geschenk an Unternehmer und Gewerkschaftsfunktion\u00e4re<br \/>\n\/ Offenbarungseid: DIE LINKE stimmte Autobahnprivatisierung im Bundesrat geschlossen zu<br \/>\n\/ Steuervermeidungssysteme sorgen f\u00fcr fehlendes Geld zur Armutsbek\u00e4mpfung<br \/>\n\/ Parteispenden: CDU kassiert erneut 100.000 Euro Schmiergeld<br \/>\n\/ Gesundheitsminister Gr\u00f6he (CDU) will massenhaften Online-Betrieb der Gesundheitskarte<br \/>\n\/ Letzte Bastion Meinungsfreiheit<br \/>\n\/ Trump ist nicht aus dem Pariser Abkommen ausgetreten, die USA waren nie dabei<br \/>\n\/ Deutsche Klimaziele nur noch mit Liste des Schreckens erreichbar<br \/>\n\/ Nordrhein-Westfalen: Transparenzgesetz bleibt geheim<br \/>\n\/ Bundesrat gibt weiten Zugriff auf Passfotos aller B\u00fcrger frei<br \/>\n\/ SPD-Kanzlerkandidat Martin Schulz macht Sicherheit zur Frage der Gerechtigkeit<br \/>\n\/ Krieg dem Terror<br \/>\n\/ Kein Umzug der Bundeswehr nach Jordanien, sondern sofortiger Abzug nach Deutschland<br \/>\n\/ Vorschlag des Jahres<\/p>\n<p>&#8212;<\/p>\n<p><!--more--><\/p>\n<p><a href='http:\/\/www.wsws.org\/de\/articles\/2017\/06\/03\/rent-j03.html' class='azc_bbc_url'>Neues Betriebsrentengesetz: Ein Geschenk an Unternehmer und Gewerkschaftsfunktion\u00e4re<\/a><br \/>\n<span class='azc_bbc_italic'>&#8222;Der Entwurf von Sozialministerin Andrea Nahles (SPD) mit dem sperrigen Namen Betriebsrentenst\u00e4rkungsgesetz (BRSG) wurde mit den Stimmen von CDU und SPD im Bundestag verabschiedet. Nun muss am 7. Juli noch der Bundesrat zustimmen. Die Nachricht lie\u00df vor allem bei Fondsmanagern und Unternehmern und in einigen Gewerkschaftszentralen die Sektkorken knallen. Das Gesetz sei &#8222;revolution\u00e4r&#8220; und &#8222;ein Meilenstein&#8220;, schw\u00e4rmte Thomas Richter, Hauptgesch\u00e4ftsf\u00fchrer des Fondsverbands BVI: &#8222;Der Entwurf ist das seit langem Beste, was die Politik zum Thema Rente vorgelegt hat.&#8220; Auch der Arbeitgeberverband BDA begr\u00fc\u00dfte das neue Gesetz.&#8220;<\/span> <a href='http:\/\/www.wsws.org\/de\/articles\/2017\/06\/03\/rent-j03.html' class='azc_bbc_url'>Weiterlesen&#8230;<\/a><\/p>\n<p><a href='http:\/\/internetz-zeitung.eu\/index.php\/4390-offenbarungseid-linke-stimmte-autobahnprivatisierung-im-bundesrat-geschlossen-zu' class='azc_bbc_url'>Offenbarungseid: DIE LINKE stimmte Autobahnprivatisierung im Bundesrat geschlossen zu<\/a><br \/>\nDIE LINKE in Berlin, Brandenburg und Th\u00fcringen hat sich schlichtweg kaufen lassen. F\u00fcr ein paar Euros aus dem L\u00e4nderfinanzausgleich stimmte man der Autobahn- und Schulprivatisierung zu. Wohlgemerkt: Ein Ausverkauf, der nur mit einer Zwei-Drittel-Mehrheit (!) wieder gestoppt werden kann.<\/p>\n<p>Das macht CDU\/CSU, SPD, FDP oder GR\u00dcNE, die ebenfalls zustimmten, nicht besser &#8211; aber DIE LINKE schlagartig genauso scheisse. Entweder man hat R\u00fcckgrat, oder man ist k\u00e4uflich.<\/p>\n<p>Schon immer war die Regierungsarbeit der LINKEN in diversen Bundesl\u00e4ndern zum Kotzen. Kapitalistische Elendsverwaltung, die beispielsweise in Berlin dazu gef\u00fchrt hat, dass nach \u00fcber 10 Jahren des Mitregierens die Armut noch gr\u00f6sser ist als je zuvor. Und jetzt: Der Pkw-Maut zugestimmt, der Privatisierung zugestimmt, in vier Wochen wird dann dem neuen Betriebsrentengesetz zugestimmt &#8211; mit der Glaubw\u00fcrdigkeit war es das nun. Endg\u00fcltig. <a href='http:\/\/www.antikapitalistische-linke.de\/?p=2067' class='azc_bbc_url'>Schade um die vielen wirklich engagierten Leute dort<\/a>, aber den l\u00e4ngst schon eingeleiteten Weg hin zu einer zweiten SPD kann ich nicht weiter unterst\u00fctzen. Und es braucht EINE MENGE, um wieder Pluspunkte f\u00fcr sich sammeln zu k\u00f6nnen.<\/p>\n<p>Kennt jemand Alternativen? <a href='https:\/\/de.wikipedia.org\/wiki\/Sozialistische_Gleichheitspartei' class='azc_bbc_url'>Die SGP (fr\u00fcher PSG)<\/a> vielleicht?<\/p>\n<p><a href='https:\/\/www.oxfam.de\/unsere-arbeit\/themen\/steuervermeidung-unternehmen' class='azc_bbc_url'>Steuervermeidungssysteme sorgen f\u00fcr fehlendes Geld zur Armutsbek\u00e4mpfung<\/a><br \/>\n<span class='azc_bbc_italic'>&#8222;Ein Prozent der Weltbev\u00f6lkerung hat mehr Verm\u00f6gen als der Rest der Welt zusammen. Nur 8 Menschen besitzen genauso viel wie die \u00e4rmere H\u00e4lfte der Weltbev\u00f6lkerung. Die weltweite soziale Ungleichheit hat einen neuen H\u00f6chststand erreicht. Ein Grund ist die Steuervermeidung von Unternehmen und reichen Einzelpersonen durch ein System von Steueroasen, das vor allem den Reichen zugutekommt und die Kluft zwischen Arm und Reich vertieft. Durch <a href='http:\/\/www.wsws.org\/de\/articles\/2017\/06\/06\/steu-j06.html' class='azc_bbc_url'>das globale Steuervermeidungssystem<\/a> werden den B\u00fcrger\/innen in armen L\u00e4ndern die notwendigen Gelder vorenthalten, die zur Bek\u00e4mpfung von Armut und sozialer Ungleichheit dringend ben\u00f6tigt werden. Wer soziale Ungleichheit und Armut bek\u00e4mpfen will, muss Steuergerechtigkeit schaffen und Steueroasen trockenlegen.&#8220;<\/span><\/p>\n<p>Das sagt \u00fcbrigens nicht irgendeine linke Klitsche, sondern die Oxfam-Organisation!<\/p>\n<p><a href='https:\/\/www.bundestag.de\/parlament\/praesidium\/parteienfinanzierung\/fundstellen50000\/2017' class='azc_bbc_url'>Parteispenden: CDU kassiert erneut 100.000 Euro Schmiergeld<\/a><br \/>\nDie Anlagespekulanten der &#8222;VHB Grundst\u00fccksverwaltung&#8220; schieben einen grossen Geldkoffer \u00fcber den Tisch.<\/p>\n<p><a href='https:\/\/www.heise.de\/newsticker\/meldung\/Gesundheitsminister-Gruenes-Licht-fuer-massenhaften-Online-Betrieb-der-Gesundheitskarte-3732295.html' class='azc_bbc_url'>Gesundheitsminister Gr\u00f6he (CDU) will massenhaften Online-Betrieb der Gesundheitskarte<\/a><br \/>\nEin wahres Gruselkabinett, dass sich da versammelt hat: Der Gesundheitsminister der k\u00e4uflichsten Partei Deutschlands (Gr\u00f6he, CDU), der Chef der privaten Klinikkonzernkette Helios (Motto: <a href='https:\/\/www.rtl.de\/cms\/team-wallraff-katastrophale-zustaende-in-deutschlands-krankenhaeusern-2635472.html' class='azc_bbc_url'>Profit statt Gesundheit<\/a>), die Datenkrake von Bertelsmann &#8211; dazu noch Schlagw\u00f6rter wie &#8222;Gesundheitscloud&#8220; und &#8222;niemand will eine Mauer bauen&#8220; &#8230; \u00e4\u00e4\u00e4h, &#8222;Wir trauen uns zu, 70 Millionen gesetzlich Versicherte auf hohem Datenschutzniveau miteinander zu verbinden&#8220; &#8230; so lasset den Handel mit den Patientendaten des P\u00f6bels beginnen <img class='azc_bbc_image' src='https:\/\/www.rume.de\/smilies\/sarkasm.gif'  \/><\/p>\n<p>Unn\u00f6tig zu erw\u00e4hnen, dass man zwar fr\u00f6hlich mit unseren Krankenakten handeln will. Beim Auffliegen oder Missbrauch unserer Daten &#8222;vorsichtshalber&#8220; keinerlei Konsequenzen oder gar Schadenersatz festgelegt wurden. Die wissen schliesslich ganz genau, was sie da tun.<\/p>\n<p><a href='https:\/\/www.rubikon.news\/artikel\/letzte-bastion-meinungsfreiheit' class='azc_bbc_url'>Letzte Bastion Meinungsfreiheit<\/a><br \/>\nEin kleiner Blick hinter die Kulissen, WARUM Justizminister Maas (SPD) derzeit so eifrig an einem Internet-Zensurgesetz arbeiten muss. Kurzer Auszug: <span class='azc_bbc_italic'>&#8222;Von der Vorstellung, das Internet solle von staatlichen Eingriffen grunds\u00e4tzlich frei sein, haben sich die herrschenden Politcliquen des sogenannten freien Westens schon lange verabschiedet. Sie ertragen es nicht, dass ihnen die Deutungshoheit \u00fcber politische Ereignisse, \u00f6konomische Zust\u00e4nde, offengelegte Skandale und losgetretene Kriege zunehmend abhandenkommt.&#8220;<\/span> <a href='https:\/\/www.rubikon.news\/artikel\/letzte-bastion-meinungsfreiheit' class='azc_bbc_url'>Weiterlesen&#8230;<\/a><\/p>\n<p><a href='https:\/\/heise.de\/-3733617' class='azc_bbc_url'>Trump ist nicht aus dem Pariser Abkommen ausgetreten, die USA waren nie dabei<\/a><br \/>\nDie USA hat das Pariser Klimaabkommen n\u00e4mlich nie ratifiziert. \u00dcbrigens schon unter Barack Obama nicht, der sich zwar ebenfalls mit diesem Abkommen den Arsch abwischte, dies aber im Gegensatz zu Trump nie \u00f6ffentlich bekanntgab.<\/p>\n<p>Dazu passt:<\/p>\n<p><a href='http:\/\/www.spiegel.de\/wissenschaft\/natur\/deutschland-und-klima-vertrag-von-paris-co2-ziele-kaum-noch-erreichbar-a-1150422.html' class='azc_bbc_url'>Deutsche Klimaziele nur noch mit Liste des Schreckens erreichbar<\/a><br \/>\nLautstark trompeteten Merkel, Schulz, Gabriel und andere Sch\u00e4dlinge herum, weil Trump verk\u00fcndete, das Pariser Klimaabkommen zu ignorieren. Das lautstarke Trompeten soll davon ablenken, dass sich auch die Bundesregierung l\u00e4ngst mit dem Pariser Klimaabkommen den Arsch abwischt &#8211; dies aber nur nicht offen zugibt.<\/p>\n<p>Das ehemalige Nachrichtenmagazin hat mal aufgelistet, was die Bundesregierung l\u00e4ngst h\u00e4tte umsetzen m\u00fcssen, um das Pariser Abkommen einzuhalten:<\/p>\n<p>&#8211; Mindestquote f\u00fcr Elektroautos nach chinesischem Vorbild<br \/>\n&#8211; Abschaffung der Pendlerpauschale<br \/>\n&#8211; Abschaffung der Steuerverg\u00fcnstigungen f\u00fcr Diesel<br \/>\n&#8211; Strafgeb\u00fchr f\u00fcr Benziner von 6,5 Cent pro Kilometer<\/p>\n<p>All dies wurde nat\u00fcrlich nicht durchgesetzt &#8211; und somit ist es auch unsere Bundesregierung, die (wie Trump) grossfl\u00e4chig auf das Pariser Klimaabkommen draufkackt. Es best\u00e4tigt sich also im vollen Umfang: Das ganze Anti-Trump-Gejaule aktuell soll nur davon ablenken, dass man <a href='https:\/\/propagandaschau.wordpress.com\/2017\/06\/03\/oliver-welke-chinesen-sind-die-groessten-co2-verbrecher-des-planeten' class='azc_bbc_url'>selber schwerster Umweltverbrecher ist<\/a>.<\/p>\n<p>Und Anmerkung am Rande: Eine &#8222;Liste des Schreckens&#8220; ist das alles nat\u00fcrlich nur, wenn man es ohne soziale Gegenfinanzierung durchgepeitscht h\u00e4tte. W\u00fcrde man die Umweltzerst\u00f6rung unseres Planeten hingegen auch den reichsten 10 Prozent hierzulande angemessen in Rechnung stellen, w\u00e4re das alles locker finanzierbar gewesen. Die 5.000 Milliarden Euro, auf denen die reichsten 10 Prozent hierzulande sitzen, bekommt man auch mit sch\u00e4rfsten Umweltgesetzen nicht abgeschmolzen. Weil es daf\u00fcr nat\u00fcrlich wieder Firmen und Produkte geben muss, die genau den Profit abwerfen, der wieder in den Taschen der Reichsten landen.<\/p>\n<p>Das f\u00fcr Umweltschutz investierte Geld ist schliesslich nicht weg. Es landet nur in den Taschen anderer Leute.<\/p>\n<p><a href='https:\/\/netzpolitik.org\/2017\/nordrhein-westfalen-transparenzgesetz-bleibt-geheim' class='azc_bbc_url'>Nordrhein-Westfalen: Transparenzgesetz bleibt geheim<\/a><br \/>\nEine \u00dcberschrift, die wie Satire klingt.\u00a0 Es ist aber die ganz reale Regierungsarbeit von SPD und GR\u00dcNEN.<\/p>\n<p><a href='https:\/\/www.heise.de\/newsticker\/meldung\/Bundesrat-gibt-weiten-Zugriff-auf-Passfotos-aller-Buerger-und-Handys-von-Fluechtlingen-frei-3732537.html' class='azc_bbc_url'>Bundesrat gibt weiten Zugriff auf Passfotos aller B\u00fcrger frei<\/a><br \/>\nVorratsdatenspeicherung? Ab sofort auch f\u00fcr Alltagsdelikte zum Missbrauch freigegeben.<br \/>\nBiometrische Ausweisfotos? Sind ab sofort f\u00fcr jedes Ordnungsamt zum Durchbl\u00e4ttern online.<br \/>\nEigenes Handy? Fl\u00fcchtlinge m\u00fcssen es rausr\u00fccken. Der B\u00fcrger gegen\u00fcber der Polizei dann in ein\/zwei Jahren ebenfalls.<\/p>\n<p>Und was macht das Bundesverfassungsgericht? Deren n\u00e4chster freier Termin w\u00e4re in 60 Monaten.<\/p>\n<p><a href='https:\/\/www.welt.de\/politik\/deutschland\/article165170148\/Schulz-macht-Sicherheit-zur-Frage-der-Gerechtigkeit.html' class='azc_bbc_url'>SPD-Kanzlerkandidat Martin Schulz macht Sicherheit zur Frage der Gerechtigkeit<\/a><br \/>\nDIE WELT berichtet: <span class='azc_bbc_italic'>&#8222;Schulz pr\u00e4sentiert das SPD-Sicherheitskonzept, das er rhetorisch so einrahmt: &#8222;Sicherheit ist eine Frage der Gerechtigkeit. Reiche Leute k\u00f6nnten sich Sicherheit kaufen; normale B\u00fcrger seien hingegen auf den Staat angewiesen.&#8220;<\/span><\/p>\n<p>Das soll &#8222;soziale Gerechtigkeit&#8220; sein? Ernsthaft? Keinerlei offene Fragen, warum es denn derart Reiche gibt, die sich private Sicherheitsleute leisten? Und ob solcher Reichtum, der dann mit privaten Wachleuten gesch\u00fctzt werden muss, nicht Ursache der sozialen Ungerechtigkeit sein k\u00f6nnte &#8211; ebenfalls keine Fragen dazu? Stattdessen alles so lassen und lieber den P\u00f6bel, der (dank zahlreicher SPD-Regierungen in Bund und L\u00e4ndern) immer weniger besitzt, auch noch hemmungslos einen \u00dcberwachungsstaat \u00fcberst\u00fclpen? F\u00fcr wen soll das &#8222;Sicherheit&#8220; darstellen? F\u00fcr die Armen? Oder doch wieder nur f\u00fcr die Reichen, weil man w\u00fctende Arme viel besser analysieren und wegknasten kann?<\/p>\n<p>Aber schauen wir doch mal:<\/p>\n<p>Zitat: <span class='azc_bbc_italic'>&#8222;Die anlassbezogene Video\u00fcberwachung soll &#8222;mit Augenma\u00df&#8220; ausgeweitet werden.&#8220;<\/span><\/p>\n<p>Und hey: Automatische Gesichtserkennung dank unserer Passfotos, die nun jede Beh\u00f6rde durchbl\u00e4ttern darf, ist genau solch ein &#8222;Augenmass&#8220;. Ansonsten h\u00e4tte die SPD das ja schliesslich nicht zu Gesetz gemacht <img class='azc_bbc_image' src='https:\/\/www.rume.de\/smilies\/sarkasm.gif'  \/><\/p>\n<p>Zitat: <span class='azc_bbc_italic'>&#8222;Die Polizei soll zudem Wohnungseinbr\u00fcche durch den Einsatz computergest\u00fctzter Ermittlungsmethoden wirksamer bek\u00e4mpfen k\u00f6nnen.&#8220;<\/span><\/p>\n<p>Dieses &#8222;Predictive Policing&#8220; genannte System ist nichts anderes, als das JEDER verhaftet werden kann, der als &#8222;gef\u00e4hrlich&#8220; eingestuft wird. Im Voraus, ohne dass man auch nur jemals einen Strafzettel bekommen hat.<\/p>\n<p>Zitat: <span class='azc_bbc_italic'>&#8222;Zudem sieht das Papier eine bessere Sicherung der EU-Au\u00dfengrenzen vor.&#8220;<\/span><\/p>\n<p>Jawoll, dieselben &#8222;Ausl\u00e4nder raus&#8220; Gesetze, die die AfD fordert. Und inzwischen steht die moderne SPD mitten zwischen H\u00f6cke und Gauland und br\u00fcllt mit.<\/p>\n<p>Zitat: <span class='azc_bbc_italic'>&#8222;Au\u00dferdem soll der Bund Ma\u00dfnahmen zur Kriminalit\u00e4tspr\u00e4vention in St\u00e4dten und Gemeinden f\u00f6rdern, um die Entstehung sozialer Brennpunkte zu verhindern.&#8220;<\/span><\/p>\n<p>Hatten wir schon, nannte sich sozialer Wohnungsbau. Hat die SPD aber abgeschafft und alles privatisiert.<\/p>\n<p>Zitat: <span class='azc_bbc_italic'>&#8222;Durch &#8222;eine Art europ\u00e4isches FBI&#8220; sollen Terrorismus und Kriminalit\u00e4t grenz\u00fcberschreitend bek\u00e4mpft werden.&#8220;<\/span><\/p>\n<p>Wie viele sogenannte Terroristen waren den &#8222;Sicherheitsbeh\u00f6rden&#8220; denn vorher NICHT bekannt? Wie jetzt, die waren alle schon bekannt und sogar als gewaltbereit in den Akten vermerkt? Und es hat nichts geholfen? Dann stellt man sich doch irgendwann die Frage: Was hilft denn tats\u00e4chlich gegen Terrorismus? K\u00f6nnte es vielleicht helfen, einfach nicht mehr so viele Muslime zu ermorden, damit sich daraufhin nicht deren Geschwister\/Verwandte\/Freunde auch noch r\u00e4chen wollen?<\/p>\n<p>Zitat: <span class='azc_bbc_italic'>&#8222;Niedersachsens Innenminister Pistorius betonte, dass die innere Sicherheit &#8222;in der DNA der SPD angelegt&#8220; sei.&#8220;<\/span><\/p>\n<p>Ja, das wissen wir sp\u00e4testens seit SPD-Polizeiminister Gustav Noske, der w\u00e4rend der Weimarer Republik jeden Streik der kleinen Leute blutig niederkn\u00fcppeln liess und auch Rosa Luxemburg und Karl Liebknecht ermorden liess. W\u00e4hlbar ist DAS aber keinesfalls.<\/p>\n<p><a href='http:\/\/feynsinn.org\/?p=7942' class='azc_bbc_url'>Krieg dem Terror<\/a><br \/>\n<span class='azc_bbc_italic'>&#8222;Wenn ein junger Deutscher sich daf\u00fcr bezahlen l\u00e4sst, in Syrien, Afghanistan, Somalia oder sonst wo auf der Welt Menschen zu t\u00f6ten oder dabei zu helfen, so ist er Soldat. Er k\u00e4mpft f\u00fcr das Gute &#8211; Freiheit und sichere Handelswege. Er ist nicht M\u00f6rder, nicht Terrorist oder Auftragskiller. Er ist Soldat, sonst nichts.<\/p>\n<p>Wenn ein Muslim t\u00f6tet, ist er Muslim. Er ist Terrorist oder begeht einen Ehrenmord. Er mordet, weil er Muslim ist, denn die sind b\u00f6se, wollen das B\u00f6se und handeln aus Bosheit. Ihre fanatische Religion will es so. Sie sind Feinde. Wenn ein Moslem aus dem Krieg kommt, in dem Mitglieder seiner Familie oder Freunde get\u00f6tet wurden, wenn er gelernt hat, dass der Westen der Feind ist, ist er kein Soldat und kein Kranker; er ist Moslem.<\/p>\n<p>Du sollst nicht fragen, warum jemand t\u00f6tet. Stattdessen: H\u00e4rtere Strafen, mehr \u00dcberwachung, weniger Freiheit, mehr Kriege (f\u00fcr den Frieden), mehr Bomben, mehr Tote. Sie oder wir. Wir sind die Guten. Wir t\u00f6ten, um uns zu verteidigen. Sie sind die B\u00f6sen, und deshalb t\u00f6ten sie uns.&#8220;<\/span><\/p>\n<p><a href='https:\/\/www.linksfraktion.de\/presse\/pressemitteilungen\/detail\/kein-umzug-der-bundeswehr-nach-jordanien-sondern-sofortiger-abzug-nach-deutschland' class='azc_bbc_url'>Kein Umzug der Bundeswehr nach Jordanien, sondern sofortiger Abzug nach Deutschland<\/a><br \/>\n<span class='azc_bbc_italic'>&#8222;Laut Grundgesetz gibt es nur einen guten und geeigneten Standort f\u00fcr die Bundeswehr, und das ist Deutschland. Ein undemokratischer Staat wie Jordanien, in dem H\u00e4ftlinge gefoltert werden, ist in keinem Fall ein akzeptabler Standort f\u00fcr eine Parlamentsarmee. Die Auslandseins\u00e4tze der Bundeswehr bringen keinen Frieden, sondern erh\u00f6hen nur die Terrorgefahr in Deutschland. Auch deshalb m\u00fcssen sie endlich beendet werden.&#8220;<\/span><\/p>\n<p>Hat jemand zustimmend genickt?<\/p>\n<p>Und zu guter Letzt:<\/p>\n<p><a href='https:\/\/blog.fefe.de\/?ts=a7c86d77' class='azc_bbc_url'>Vorschlag des Jahres<\/a><br \/>\nZitat: <span class='azc_bbc_italic'>&#8222;Kein Land, welches die Menschenrechte verletzt, sollte im UN-Menschenrechtsrat sein.&#8220;<\/span><br \/>\nSagte wer? Kommt ihr NIE drauf <img class='azc_bbc_image' src='https:\/\/www.rume.de\/smilies\/nasiehste.gif'  \/><\/p>\n","protected":false},"excerpt":{"rendered":"<p>\/ Neues Betriebsrentengesetz: Ein Geschenk an Unternehmer und Gewerkschaftsfunktion\u00e4re \/ Offenbarungseid: DIE LINKE stimmte Autobahnprivatisierung im Bundesrat geschlossen zu \/ Steuervermeidungssysteme sorgen f\u00fcr fehlendes Geld zur Armutsbek\u00e4mpfung \/ Parteispenden: CDU kassiert erneut 100.000 Euro Schmiergeld \/ Gesundheitsminister Gr\u00f6he (CDU) will massenhaften Online-Betrieb der Gesundheitskarte \/ Letzte Bastion Meinungsfreiheit \/ Trump ist nicht aus dem Pariser &hellip; <a href=\"https:\/\/www.rume.de\/?p=184\" class=\"more-link\"><span class=\"screen-reader-text\">\u201eAufgelesen und kommentiert 2017-06-06\u201c <\/span>weiterlesen<\/a><\/p>\n","protected":false},"author":1,"featured_media":0,"comment_status":"open","ping_status":"closed","sticky":false,"template":"","format":"standard","meta":{"footnotes":""},"categories":[2],"tags":[],"class_list":["post-184","post","type-post","status-publish","format-standard","hentry","category-aufgelesen"],"_links":{"self":[{"href":"https:\/\/www.rume.de\/index.php?rest_route=\/wp\/v2\/posts\/184","targetHints":{"allow":["GET"]}}],"collection":[{"href":"https:\/\/www.rume.de\/index.php?rest_route=\/wp\/v2\/posts"}],"about":[{"href":"https:\/\/www.rume.de\/index.php?rest_route=\/wp\/v2\/types\/post"}],"author":[{"embeddable":true,"href":"https:\/\/www.rume.de\/index.php?rest_route=\/wp\/v2\/users\/1"}],"replies":[{"embeddable":true,"href":"https:\/\/www.rume.de\/index.php?rest_route=%2Fwp%2Fv2%2Fcomments&post=184"}],"version-history":[{"count":1,"href":"https:\/\/www.rume.de\/index.php?rest_route=\/wp\/v2\/posts\/184\/revisions"}],"predecessor-version":[{"id":185,"href":"https:\/\/www.rume.de\/index.php?rest_route=\/wp\/v2\/posts\/184\/revisions\/185"}],"wp:attachment":[{"href":"https:\/\/www.rume.de\/index.php?rest_route=%2Fwp%2Fv2%2Fmedia&parent=184"}],"wp:term":[{"taxonomy":"category","embeddable":true,"href":"https:\/\/www.rume.de\/index.php?rest_route=%2Fwp%2Fv2%2Fcategories&post=184"},{"taxonomy":"post_tag","embeddable":true,"href":"https:\/\/www.rume.de\/index.php?rest_route=%2Fwp%2Fv2%2Ftags&post=184"}],"curies":[{"name":"wp","href":"https:\/\/api.w.org\/{rel}","templated":true}]}}