{"id":180,"date":"2017-06-05T21:00:44","date_gmt":"2017-06-05T19:00:44","guid":{"rendered":"http:\/\/rume.katti.eu\/?p=180"},"modified":"2017-06-05T22:20:06","modified_gmt":"2017-06-05T20:20:06","slug":"aufgelesen-und-kommentiert-2017-06-05","status":"publish","type":"post","link":"https:\/\/www.rume.de\/?p=180","title":{"rendered":"Aufgelesen und kommentiert 2017-06-05"},"content":{"rendered":"<p>\/ 3sat-Reportage: Warum immer weniger Menschen immer mehr besitzen<br \/>\n\/ Matthias W. Birkwald: Das ist keine Betriebsrente, das ist eine Pokerrente<br \/>\n\/ Neues Betriebsrentengesetz &#8211; zugunsten Allianz und Komplizen<br \/>\n\/ CDU und FDP in NRW: Schweine am Masttrog<br \/>\n\/ EU-Kommission plant einheitliche Maut f\u00fcr ganz Europa<br \/>\n\/ Privatisierung der Autobahnen: Schnelle Grundgesetz\u00e4nderung ist ein Tiefpunkt<br \/>\n\/ &#8222;Sie machen die Autobahn zur Melk-Kuh f\u00fcr private Profite&#8220;<br \/>\n\/ Auch Gewerkschafter trommelten f\u00fcr Zustimmung zur Autobahnprivatisierung<br \/>\n\/ Offener Brief: Nein zur Autobahnprivatisierung &#8211; auch im Bundesrat<br \/>\n\/ GR\u00dcNE-Chef Kretschmann von Konzernlobby INSM gelobt: &#8222;Das ist ja einer von uns&#8220;<br \/>\n\/ Trump verk\u00fcndet Ausstieg aus Pariser Klimaabkommen<br \/>\n\/ CDU fordert Klima-Kehrtwende nach &#8222;Vorbild Trump&#8220;<br \/>\n\/ Deutschland bekommt sein Einheitsdenkmal<br \/>\n\/ ARD tagesschau verbreitet L\u00fcge \u00fcber betr\u00fcgerische, russische Pflegedienste<br \/>\n\/ Christoph Sieber &#8211; Hoffnungslos optimistisch!<br \/>\n\/ Geb\u00fcrtige Duisburgerin (14) aus dem Unterricht geholt und direkt abgeschoben<br \/>\n\/ Wer aus dem Klassenzimmer abschiebt, hat jedes Gef\u00fchl f\u00fcr Menschlichkeit verloren<br \/>\n\/ Trotz Kabul-Bombenanschlag: SPD-Kanzlerkandidat Schulz will weiter nach Afghanistan abschieben<br \/>\n\/ Afghanistan-Abschiebungen: Wenn die Angst vor der AfD gr\u00f6\u00dfer ist als der eigene Anstand<br \/>\n\/ Asylablehnungen f\u00fcr afghanische Fl\u00fcchtlinge m\u00fcssen neu auf den Tisch<br \/>\n\/ NRW: Waffenarsenal bei 38-j\u00e4hrigem Oberberger sichergestellt<br \/>\n\/ Nach Terror: Politik verk\u00fcndet Anteilnahme<\/p>\n<p>&#8212;<\/p>\n<p><!--more--><\/p>\n<p><a href='http:\/\/www.3sat.de\/page\/?source=\/ard\/sendung\/192887\/index.html' class='azc_bbc_url'>3sat-Reportage: Warum immer weniger Menschen immer mehr besitzen<\/a><br \/>\n<span class='azc_bbc_italic'>&#8222;74 Prozent der Haushalte verf\u00fcgen \u00fcber ein geringeres Verm\u00f6gen, als der Durchschnitt&#8220;<\/span>, berichtet 3sat und erg\u00e4nzt: <span class='azc_bbc_italic'>&#8222;Fast alle Untersuchungen zu dem Thema zeigen auch, dass die Ungleichheit in den letzten Dekaden w\u00e4chst.&#8220;<\/span><\/p>\n<p>Ist der Kapitalismus nicht toll? <img class='azc_bbc_image' src='https:\/\/www.rume.de\/smilies\/sarkasm.gif'  \/><\/p>\n<p><a href='https:\/\/www.matthias-w-birkwald.de\/article\/1576.das-ist-keine-betriebsrente-das-ist-eine-pokerrente.html' class='azc_bbc_url'>Matthias W. Birkwald: Das ist keine Betriebsrente, das ist eine Pokerrente<\/a><br \/>\nKurzer Auszug aus seiner hervorragenden Rede: <span class='azc_bbc_italic'>&#8222;Dem oder der Besch\u00e4ftigten wird nicht mehr garantiert, dass er oder sie in 30 Jahren wenigstens die eingezahlten Beitr\u00e4ge zur\u00fcckerh\u00e4lt. Meine Damen und Herren von der Koalition, nach Ihrem Gesetzentwurf muss der Chef nur noch versprechen, dass er das Geld, das sich der Besch\u00e4ftigte abspart, auch wirklich an das Versorgungswerk \u00fcberweist. Diese sogenannte reine Beitragszusage bedeutet, dass niemand wei\u00df, wie hoch seine oder ihre Betriebsrente im Alter sein wird. Es wird nur eine sogenannte Zielrente vereinbart. &#8222;Zielrente&#8220; hei\u00dft auf Deutsch: Das eingezahlte Geld wird mehr oder weniger riskant auf den Aktienm\u00e4rkten angelegt. Wenn es gut l\u00e4uft, gibt es mehr als die eingezahlten Beitr\u00e4ge zur\u00fcck, und wenn es schlecht l\u00e4uft, weniger oder sehr viel weniger.<\/p>\n<p>In der Auszahlungsphase werden davon dann auch noch die eigenen Kranken- und Pflegeversicherungsbeitr\u00e4ge und die des Arbeitgebers abgezogen. Da es keine Garantien mehr gibt, k\u00f6nnen k\u00fcnftig auch laufende Renten abgesenkt werden. Welche Summe dann am Schluss rauskommt, steht v\u00f6llig in den Sternen der Kapitalm\u00e4rkte. Es kann mehr sein, und es kann fast nichts sein. Und wenn der Anbieter pleitegeht, dann muss nicht einmal mehr der Pensions-Sicherungs-Verein einspringen. Darum, liebe Frau Nahles, liebe Koalition, ist und bleibt Ihre Zielrente in Wirklichkeit eine Hoffnungsrente, eine Pokerrente oder &#8211; wenn Sie das weniger aufregt &#8211; eine Lottorente.&#8220;<\/span><\/p>\n<p>Erw\u00e4hnte ich bereits, dass ich Matthias W. Birkwald f\u00fcr den besten Rentenexperten im gesamten Bundestag halte? <img class='azc_bbc_image' src='https:\/\/www.rume.de\/smilies\/verehr.gif'  \/><\/p>\n<p><a href='https:\/\/is.gd\/BKHtLS' class='azc_bbc_url'>Neues Betriebsrentengesetz &#8211; zugunsten Allianz und Komplizen<\/a><br \/>\n<span class='azc_bbc_italic'>&#8222;Die neuen Betriebsrenten sind ein Etikettenschwindel. Sie sind &#8211; anders als die klassischen und in Westdeutschland noch durchaus verbreiteten Werksrenten &#8211; gar keine richtigen Betriebsrenten. Die klassische Betriebsrente ist rein arbeitgeberfinanziert. Die neue Betriebrente basiert hingegen in der Regel auf der Gehalts- oder Entgeltumwandlung. Sie wird ganz \u00fcberwiegend vom Arbeitnehmer selbst bezahlt. Und am Ende macht die Lebensversicherungsbranche das Gesch\u00e4ft. Ein Milliardengesch\u00e4ft.&#8220;<\/span> <a href='https:\/\/is.gd\/BKHtLS' class='azc_bbc_url'>Weiterlesen&#8230;<\/a><\/p>\n<p><a href='http:\/\/narrenschiffsbruecke.blogspot.de\/2017\/06\/schweine-am-masttrog.html' class='azc_bbc_url'>CDU und FDP in NRW: Schweine am Masttrog<\/a><br \/>\n<span class='azc_bbc_italic'>&#8222;Noch sind die Koalitionsverhandlungen zwischen CDU und FDP in NRW nicht abgeschlossen, aber in einer Sache sind sie sich schon einig: 11.000 Euro monatlich reichen offenbar nicht aus, um das \u00dcberleben eines Landtagsabgeordneten zu sichern, so dass in einer ersten Amtshandlung beschlossen wurde, die Bez\u00fcge ab dem 1. Juli um weitere 180 Euro anzuheben. Schlie\u00dflich will man ja nicht am Hungertuch nagen m\u00fcssen &#8211; das wird sicher jeder verstehen.&#8220;<\/span> <img class='azc_bbc_image' src='https:\/\/www.rume.de\/smilies\/sarkasm.gif'  \/><\/p>\n<p><a href='http:\/\/www.sueddeutsche.de\/auto\/verkehr-eu-kommission-plant-einheitliche-maut-fuer-ganz-europa-1.3529514' class='azc_bbc_url'>EU-Kommission plant einheitliche Maut f\u00fcr ganz Europa<\/a><br \/>\nDie S\u00fcddeutsche meldet: <span class='azc_bbc_italic'>&#8222;In Zukunft sollen Autofahrer innerhalb der Europ\u00e4ischen Union f\u00fcr die Strecke zahlen, die sie tats\u00e4chlich gefahren sind &#8211; und nicht mehr wie beim Kauf einer Vignette f\u00fcr einen bestimmten Zeitraum. Das k\u00fcndigte die Kommission am Mittwoch in Br\u00fcssel an.&#8220;<\/span><\/p>\n<p>Hurra, der Wegezoll des Mittelalters ist wieder da. Und damals wie heute fliesst das Abkassieren per Wegelagerei in die Taschen der Reichen. Nur heute deutlich komplizierter. Nicht nur die Benutzung kostet, sondern auch noch Dauer und L\u00e4nge. Warum nicht auch noch von der Anzahl der Fahrzeuginsassen (Kinder bis 5 Jahre kostenlos) abh\u00e4ngig machen? Und ob Wochentags oder am Wochenende. Und ob Sommer oder Winter. Diverse Sonderkonditionen f\u00fcr Frauen und Senioren dann bitte genauso wenig vergessen, wie den Aufpreis f\u00fcr Unter-25-J\u00e4hrige. Dazu Wochenkarten, Kombitickets und Rabattaktionen.<\/p>\n<p>Der Ticketautomat der Deutschen Bahn ist zu kompliziert? Haha, jetzt kommt die EU-Maut <img class='azc_bbc_image' src='https:\/\/www.rume.de\/smilies\/sarkasm.gif'  \/><\/p>\n<p>Und Hunderttausende werden entsetzt abwinken und die unfalltr\u00e4chtigeren (!) Bundes- und Landstrassen nehmen.<\/p>\n<p>Nochmal die S\u00fcddeutsche (Zitat): <span class='azc_bbc_italic'>&#8222;In Zukunft sollen Autofahrer auf dem Weg durch Europa nicht mehr an Mautstation halten m\u00fcssen oder Vignetten auf die Windschutzscheibe kleben. Verkehrskommissarin Bulc sprach von einem einheitlichen Erfassungsger\u00e4t f\u00fcr alle L\u00e4nder.&#8220;<\/span><\/p>\n<p>Einheitliches Erfassungsger\u00e4t f\u00fcr alle L\u00e4nder! Im Klartext: Jedes Fahrzeug bekommt einen staatlichen Peilsender. Europaweit! Inklusive Zugriff auf alle Beh\u00f6rden, die <span class='azc_bbc_italic'>&#8222;ein berechtigtes Interesse&#8220;<\/span> anmelden. Finanz\u00e4mter zur Kilometergeldpr\u00fcfung, Scheidungsanw\u00e4lte zur Treuepr\u00fcfung und nat\u00fcrlich die Bundesregierung, die bei jeder Autofahrt unter 5 km (Kind zur Schule bringen, mit Auto zum Einkaufen um die Ecke, usw.) direkt 20 Euro Strafe erheben kann.<\/p>\n<p>Und das Beste: Im September 2017 werden die deutschen Dummschafe laut bl\u00f6kend und jubelnd ihre Mautparteien ankreuzen, <a href='https:\/\/www.taz.de\/Privatisierung-der-Autobahn\/!5411783' class='azc_bbc_url'>zu denen auch DIE GR\u00dcNEN geh\u00f6ren<\/a>. Sie haben weder im Bundestag gegen die Autobahnprivatisierung gestimmt (sondern sich nur enthalten), noch werden sie diese im Bundesrat blockieren.<\/p>\n<p>Oder wettet jemand dagegen?<\/p>\n<p><a href='http:\/\/www.berliner-zeitung.de\/politik\/meinung\/kommentar-die-schnelle-grundgesetzaenderung-ist-ein-tiefpunkt-der-politischen-kultur-27015036' class='azc_bbc_url'>Privatisierung der Autobahnen: Schnelle Grundgesetz\u00e4nderung ist ein Tiefpunkt<\/a><br \/>\nOft und umfassend hatte die Berliner Zeitung \u00fcber die Autobahnprivatisierung berichtet. Sie hat die miesen Vertragsinhalte angeprangert und die L\u00fcgen der SPD mehrfach (!) blossgestellt. Dem Kommentar ist demzufolge nichts hinzuzuf\u00fcgen (Zitat): <span class='azc_bbc_italic'>&#8222;Was manche jetzt als gelungenen Kompromiss feiern, ist ein Tiefpunkt der politischen Kultur. Und ein Zeichen des Wandels, den Donald Trump nur am geschicktesten umsetzt. \u00dcberall wird die Demokratie gew\u00fcrgt. Collin Crouch bezeichnete diesen Wandel &#8222;Postdemokratie&#8220;.&#8220;<\/span><\/p>\n<p>Hauptsache privatisiert, damit Finanzkonzerne am Ausverkauf abkassieren k\u00f6nnen. <a href='www.swr.de\/odysso\/wie-aus-wasser-geld-wird\/-\/id=1046894\/did=15037312\/nid=1046894\/glelc3\/index.html' class='azc_bbc_url'>Beim Trinkwasser macht man das ja auch schon.<\/a> Und trotzdem macht jeder brav sein Kreuzchen bei seinen Pl\u00fcnderern. An Themen wie diesen erkennt man die bildungspolitische Intelligenz der Deutschen.<\/p>\n<p><a href='http:\/\/www.sahra-wagenknecht.de\/de\/article\/2565.sie-machen-die-autobahn-zur-melk-kuh-f%C3%BCr-private-profite.html' class='azc_bbc_url'>&#8220;Sie machen die Autobahn zur Melk-Kuh f\u00fcr private Profite&#8220;<\/a><br \/>\nSahra Wagenknecht mit einer ganz hervorragenden Rede im Bundestag <img class='azc_bbc_image' src='https:\/\/www.rume.de\/smilies\/verehr.gif'  \/> Und es lohnt \u00fcbrigens auch, sich das Redeprotokoll durchzulesen, wie die SPD gegen Sahra Wagenknecht herumbr\u00fcllt (Johannes Kahrs (SPD): &#8222;Keine Ahnung, wie immer!&#8220;, Carsten Schneider (SPD): &#8222;F\u00fcr dumm verkaufen machen Sie schon zur Gen\u00fcge!&#8220;).<\/p>\n<p>So br\u00fcllt \u00fcbrigens dieselbe SPD herum, deren Bundesjustizminister Maas gerade <a href='https:\/\/www.heise.de\/newsticker\/meldung\/Netzwerkdurchsetzungsgesetz-Schwarzer-Tag-fuers-freie-Internet-3676315.html' class='azc_bbc_url'>ein &#8222;Gesetz gegen Hasskommentare&#8220; durchdr\u00fccken will<\/a> <img class='azc_bbc_image' src='https:\/\/www.rume.de\/smilies\/sarkasm.gif'  \/><\/p>\n<p><a href='https:\/\/www.jungewelt.de\/artikel\/311761.formsache-grundgesetz.html' class='azc_bbc_url'>Auch Gewerkschafter trommelten f\u00fcr Zustimmung zur Autobahnprivatisierung<\/a><br \/>\nIn der Privatisierungskommission, schon im Jahr 2014 von Sigmar Gabriel (SPD) einberufen, sassen auch die Gewerkschaftsbonzen Frank Bsirske (Verdi) und Reiner Hoffmann (DGB) mit am Tisch. Und als nun all die Hintert\u00fcren aufflogen, mit denen die Autobahnprivatisierung zugunsten von Finanzkonzernen durchgezogen werden soll, geben Gewerkschaftsbonzen erneut Unterst\u00fctzung. Zitat: <span class='azc_bbc_italic'>&#8222;Am Dienstag hatte ver.di-Vorstand Wolfgang Pieper bei der entscheidenden Fraktionssitzung der SPD den verbliebenen Zweiflern Mut zum Abnicken gemacht. Weil im Ergebnis der Nachverhandlungen der Koalition die Jobs und Rechte der Besch\u00e4ftigten der Landesauftragsverwaltungen und Stra\u00dfenmeistereien tariflich gesichert w\u00e4ren, k\u00f6nne man dem Projekt getrost zustimmen.&#8220;<\/span><\/p>\n<p>Was genau ist eigentlich NOCH n\u00f6tig, damit die Arbeiter ihre Gewerkschaftsbonzen zur Rechenschaft ziehen?<\/p>\n<p><a href='http:\/\/www.antikapitalistische-linke.de\/?p=2063' class='azc_bbc_url'>Offener Brief: Nein zur Autobahnprivatisierung &#8211; auch im Bundesrat<\/a><br \/>\nIm Bundestag hat DIE LINKE konsequente Arbeit zugunsten der Bundesb\u00fcrger gezeigt. Mal abwarten, wie die Bundesl\u00e4nder mit LINKE-Regierungsbeteiligung (Berlin, Th\u00fcringen und Brandenburg) sich im Bundesrat verhalten werden.<\/p>\n<p><a href='http:\/\/www.swp.de\/ulm\/nachrichten\/suedwestumschau\/_das-ist-ja-fast-einer-von-uns_-15134920.html' class='azc_bbc_url'>GR\u00dcNE-Chef Kretschmann von Konzernlobby INSM gelobt: &#8222;Das ist ja einer von uns&#8220;<\/a><br \/>\nDie S\u00fcdwestpresse berichtet: <span class='azc_bbc_italic'>&#8222;Erstaunlich wohl f\u00fchlte sich der GR\u00dcNE bei einer Veranstaltung der &#8222;Initiative Neue Soziale Marktwirtschaft&#8220;, einer von Arbeitgebern und Industrie finanzierten marktradikalen Lobby-Organisation. Kretschmann war gebeten worden, &#8222;20 Minuten Klartext&#8220; zu reden. Im Publikum mischten sich ehemalige und aktuelle Bundestagsabgeordnete von FDP und CDU mit Interessenvertretern von Verb\u00e4nden und Unternehmen &#8211; Dirk Niebel und Hermann Otto Solms, Oswald Metzger und Thomas Barei\u00df.<\/p>\n<p>Warum es in der gro\u00dfen Koalition in Stuttgart, also im B\u00fcndnis der beiden st\u00e4rksten Kr\u00e4fte im Landesparlament, so reibungslos funktioniere, wollte man wissen. Kretschmanns Antwort: &#8222;Die GR\u00dcNEN in Baden-W\u00fcrttemberg sind eine wirtschaftsnahe Partei, und die CDU ist es sowieso.&#8220; Der neoliberale Gastgeber war rundum zufrieden mit Kretschmann: &#8222;Das ist ja fast einer von uns&#8220;, \u00e4u\u00dferte sich ein sichtlich \u00ad\u00fcberzeugter Lobbyist.&#8220;<\/span><\/p>\n<p><a href='https:\/\/www.google.de\/search?hl=de&amp;tbm=nws&amp;q=trump+klima' class='azc_bbc_url'>Trump verk\u00fcndet Ausstieg aus Pariser Klimaabkommen<\/a><br \/>\nUnd alle stehen sie auf der Matte: Merkel, Schulz, die Gr\u00fcnen, zahlreiche EU-Schergen, journalistische Umweltheuchler &#8211; ja sogar Konzernbonzen schauspielern ihre Betroffenheits-Simulation und heulen herum, als ob sie der Klimawandel je interessiert h\u00e4tte (ausser beim Abwehren profitschm\u00e4lernder Umweltgesetze).<\/p>\n<p>Denn wisst ihr, was dieses Klimaabkommen tats\u00e4chlich ist? Es ist <a href='https:\/\/theintercept.com\/2017\/06\/01\/will-trumps-slow-mo-walkaway-world-in-flames-behind-him-finally-provoke-consequences-for-planetary-arson' class='azc_bbc_url'>eine reine Absichtserkl\u00e4rung<\/a>, aber KEIN Vertrag. Und schon gar nicht verbindlich.<\/p>\n<p>Schon die darin enthaltene Klausel, h\u00f6chstens 2 Grad zus\u00e4tzliche Klimaerw\u00e4rmung zuzulassen, war das Ergebnis r\u00fccksichtsloser Lobbyarbeit westlicher Industrienationen. Und laut Klimaabkommen kann auch jedes Land selber bestimmen, wie viel es bereit ist, daf\u00fcr zu tun. Ebenfalls ein Ergebnis der r\u00fccksichtslosen Lobbyarbeit westlicher Industrienationen. Auch wurden keinerlei Strafen verankert f\u00fcr diejenigen L\u00e4nder, die einfach weitermachen wie bisher. Insofern \u00fcberrascht es dann auch keinesfalls, dass die Bundesregierung z.B. nichts gegen den Abgasbetrug unternimmt und sogar gegen China keilt, das eine verpflichtende Quote f\u00fcr Elektroauto-Neuzulassungen festschreiben wollte.<\/p>\n<p>Ach ja: Und das Klimaabkommen hat nat\u00fcrlich auch eine Klausel, die es den \u00e4rmeren L\u00e4nder ausdr\u00fccklich verbietet, wegen Klimakatastrophen Schadenersatz anmelden zu k\u00f6nnen.<\/p>\n<p>Aber \u00fcber genau dieses Klimaabkommen, welches sein Papier nicht wert ist, wird jetzt herumgeheult. Das alles ist nichts anderes als eine ganz miese Show, damit sich Leute wie Merkel, Gabriel und Dobrindt als umweltbewusste Personen inszenieren k\u00f6nnen. Und unsere Qualit\u00e4tsjournalisten trommeln (nat\u00fcrlich) fleissig mit.<\/p>\n<p><a href='http:\/\/www.tagesschau.de\/inland\/konservative-cdu-klimawandel-101.html' class='azc_bbc_url'>CDU fordert Klima-Kehrtwende nach &#8222;Vorbild Trump&#8220;<\/a><br \/>\nDie Zwei Grad sind eh <span class='azc_bbc_italic'>&#8222;nicht mehr erreichbar&#8220;<\/span> und deswegen sollte man <span class='azc_bbc_italic'>&#8222;lieber die globale Erw\u00e4rmung gestalten&#8220;<\/span>, so der Berliner Kreis der CDU. <span class='azc_bbc_italic'>&#8222;So seien die mit dem Schmelzen des polaren Meereises verbundenen Chancen (eisfreie Nordpassage, neue Fischfangm\u00f6glichkeiten, Rohstoffabbau) vermutlich sogar gr\u00f6\u00dfer als m\u00f6gliche negative \u00f6kologische Effekte&#8220;<\/span>, zitiert die ARD. Und falls die heutigen Urlaubsgebiete wegen Dauerhitze und Wasserknappheit zur W\u00fcste werden, fliegt man eben woanders hin. <span class='azc_bbc_italic'>&#8222;Wer den Wandel nicht gestaltet, f\u00e4llt eben zur\u00fcck. Das ist Marktwirtschaft&#8220;<\/span>, pl\u00e4dierte ein CDU-Vertreter f\u00fcr den Abbau \u00f6kologischer Subventionen. <span class='azc_bbc_italic'>&#8222;Und gegen zu viel Hitze gibt es doch l\u00e4ngst schon Klimaanlagen.&#8220;<\/span><\/p>\n<p><a href='http:\/\/www.n-tv.de\/politik\/Deutschland-bekommt-sein-Einheitsdenkmal-article19871222.html' class='azc_bbc_url'>Deutschland bekommt sein Einheitsdenkmal<\/a><br \/>\nUnd passenderweise wird es eine \u00fcbergrosse und begehbare Schaukel. Denn verschaukelt wurde der Deutsche w\u00e4hrend der treuh\u00e4nderischen Einheit ja bekanntlich mehr als ordentlich, ohne dass er sich in zahlreichen Wahlen dagegen zur Wehr setzte. Warum also die Deutschen nicht vollends auslachen, indem man ihnen als Denkmal (!) eine grosse Schaukel pr\u00e4sentiert, deren Baukosten von 15 Millionen Euro er auch noch latzen darf? <img class='azc_bbc_image' src='https:\/\/www.rume.de\/smilies\/sarkasm.gif'  \/><\/p>\n<p><a href='https:\/\/propagandaschau.wordpress.com\/2017\/05\/31\/ard-tagesschau-verbreitet-luege-ueber-betruegerische-russische-pflegedienste' class='azc_bbc_url'>ARD tagesschau verbreitet L\u00fcge \u00fcber betr\u00fcgerische, russische Pflegedienste<\/a><br \/>\nAber hey: Ukraine oder Russland, das ist doch dasselbe <img class='azc_bbc_image' src='https:\/\/www.rume.de\/smilies\/sarkasm.gif'  \/><\/p>\n<p><a href='http:\/\/www.allgemeine-zeitung.de\/lokales\/mainz\/nachrichten-mainz\/sein-blick-auf-die-welt-ist-duester_17925499.htm' class='azc_bbc_url'>Christoph Sieber &#8211; Hoffnungslos optimistisch!<\/a><br \/>\n<span class='azc_bbc_italic'>&#8222;Drei Millionen Griechen &#8211; das ist ein Viertel der Bev\u00f6lkerung &#8211; kann sich keine Krankenversicherung mehr leisten. Da \u00fcberlegen sich Diabetiker, ob sie Lebensmittel kaufen oder Insulin. F\u00fcr beides reicht es nicht. L\u00e4ngst gebe es in Europa unterern\u00e4hrte Kinder, die staunend auf reich best\u00fcckte Gew\u00e4chsh\u00e4user in der Nachbarschaft starren. Aber das Gem\u00fcse ist f\u00fcr den Export bestimmt.<\/p>\n<p>Ein Prozent der Weltbev\u00f6lkerung besitzt zusammen so viel wie der ganze Rest der Welt. Und ihnen ist eine L\u00fcgenkampagne gelungen. Sie erkl\u00e4ren uns: Das, was f\u00fcr dieses eine Prozent gut ist, ist gut f\u00fcr uns alle.&#8220;<\/span><\/p>\n<p><a href='https:\/\/www.derwesten.de\/staedte\/duisburg\/gebuertige-duisburgerin-14-wird-aus-dem-unterricht-geholt-und-direkt-abgeschoben-mitschueler-traumatisiert-id210761139.html' class='azc_bbc_url'>Geb\u00fcrtige Duisburgerin (14) aus dem Unterricht geholt und direkt abgeschoben<\/a><br \/>\nDie WAZ berichtet: <span class='azc_bbc_italic'>&#8222;Nach Angaben der Sprecherin war die Aufenthaltserlaubnis der Familie bereits Ende 2013 ausgelaufen. Die letzte Klage der Betroffenen gegen die Entscheidung wurde demnach im M\u00e4rz 2016 abgewiesen, kurz danach lehnte auch die H\u00e4rtefallkommission des Landes NRW einen Antrag ab.<\/p>\n<p>Bivsis Mitsch\u00fcler reagierten allerdings schockiert. Die 14-J\u00e4hrige selbst brach wegen der \u00fcberraschenden Nachricht in Tr\u00e4nen aus. &#8222;Wir mussten am Ende sogar einen Arzt rufen und haben auch unseren Pfarrer und Religionslehrer als helfenden Seelsorger in diese Klasse geschickt&#8220;, erkl\u00e4rt Schulleiter Ralf Buchthal. Bivsi spricht perfekt deutsch, ihre Eltern betrieben einen gut laufenden Sushi-Laden, zahlten Steuern.&#8220;<\/span><\/p>\n<p><a href='http:\/\/www.sueddeutsche.de\/bayern\/nuernberger-protest-gegen-abschiebung-kommentar-wer-aus-dem-klassenzimmer-abschiebt-hat-jedes-gefuehl-fuer-menschlichkeit-verloren-1.3530440' class='azc_bbc_url'>Wer aus dem Klassenzimmer abschiebt, hat jedes Gef\u00fchl f\u00fcr Menschlichkeit verloren<\/a><br \/>\nEin recht deutlicher Kommentar in der S\u00fcddeutschen Zeitung. Anmerkung allerdings: JEDE Abschiebung zeigt, dass Deutschland weder christlich noch sozial ist. Nicht nur <a href='http:\/\/www.nordbayern.de\/leitartikel-ein-polizeieinsatz-der-fassungslos-macht-1.6195049' class='azc_bbc_url'>die mit Polizeigewalt direkt aus der Schule heraus.<\/a> Jede Abschiebung, die &#8222;n\u00f6tig&#8220; ist, zeigt das vollst\u00e4ndige Regierungsversagen vor dem Kapitalismus.<\/p>\n<p>UPDATE: Vergleicht mal, <a href='https:\/\/propagandaschau.wordpress.com\/2017\/06\/02\/doppelstandard-ist-gez-standard-polizeigewalt-in-nuernberg-und-moskau' class='azc_bbc_url'>wie unsere \u00d6ffentlich-Rechten berichten<\/a>, wenn es \u00fcber Polizeigewalt in Moskau geht &#8211; und \u00fcber Polizeigewalt gegen Sch\u00fcler in N\u00fcrnberg <img class='azc_bbc_image' src='https:\/\/www.rume.de\/smilies\/sarkasm.gif'  \/><\/p>\n<p><a href='http:\/\/www.spiegel.de\/politik\/deutschland\/spd-martin-schulz-fordert-weiterhin-abschiebungen-nach-afghanistan-a-1150273.html' class='azc_bbc_url'>Trotz Kabul-Bombenanschlag: SPD-Kanzlerkandidat Schulz will weiter nach Afghanistan abschieben<\/a><br \/>\nEinzige Einschr\u00e4nkung: Er will &#8222;nur&#8220; sogenannte Gef\u00e4hrder abschieben. Und ihr wisst, was ein Gef\u00e4hrder ist? Das ist jemand, der nichts angestellt hat &#8211; KEIN Eintrag im polizeilichen F\u00fchrungszeugnis, KEINE Straftat begangen, KEINE illegalen Waffen, KEINE Drogen, KEIN Einbruch, KEINE Gewalttat, KEIN Punkt in Flensburg &#8211; rein gar nichts. Einzig die Bundesregierung h\u00e4lt die Person f\u00fcr irgendwie gef\u00e4hrlich. Das sind Gef\u00e4hrder.<\/p>\n<p>Und Hand aufs Herz: Auf wen von uns trifft das nicht zu? <img class='azc_bbc_image' src='https:\/\/www.rume.de\/smilies\/biggrin.gif'  \/><\/p>\n<p>Fassen wir also zusammen: Martin Schulz will Unschuldige in den Tod abschieben. Und das soll eine Alternative zur CDU sein? Beziehungsweise sogar eine Abgrenzung von der AfD?<\/p>\n<p>Dazu passt:<\/p>\n<p><a href='http:\/\/www.nachdenkseiten.de\/?p=38565' class='azc_bbc_url'>Afghanistan-Abschiebungen: Wenn die Angst vor der AfD gr\u00f6\u00dfer ist als der eigene Anstand<\/a><br \/>\n<span class='azc_bbc_italic'>&#8222;Wie viele Menschen m\u00fcssen eigentlich noch sterben, bis die Bundesregierung davon \u00fcberzeugt ist, dass Afghanistan kein sicheres Herkunftsland ist, in das man Fl\u00fcchtlinge gem\u00e4\u00df des V\u00f6lkerrechts abschieben darf? Im Schnitt starben in den letzten zwei Jahren jeden Tag 30 Afghanen durch kriegerische Handlungen. Das ist Manchester plus Breitscheidplatz &#8211; jeden Tag. Dennoch betont die Bundesregierung, dass Afghanistan sicher sei und man weiterhin Menschen in Sammelabschiebungen nach Kabul ausfliegen will.<\/p>\n<p>Nein, selbst ein Thomas de Maiziere glaubt nicht wirklich, dass Afghanistan sicher sei. Die Abschiebungen sind Wahlkampf. Jeder Flieger nach Kabul ist ein Wahlkampfplakat f\u00fcr die CDU. Alles nur aus Angst vor der AfD. Wir sollten uns f\u00fcr Politiker sch\u00e4men, die ihren Anstand und ihre Moral aus wahltaktischen Gr\u00fcnden \u00fcber Bord geworfen haben.&#8220;<\/span><\/p>\n<p>Nicht zu vergessen: Dass man heute wieder Menschen in den Tod deportieren kann, liegt nur daran, <a href='https:\/\/www.linksfraktion.de\/presse\/pressemitteilungen\/detail\/gabriel-muss-gefaelligkeitsgutachten-des-auswaertigen-amts-an-realitaet-anpassen' class='azc_bbc_url'>weil Sigmar Gabriel die dazu n\u00f6tigen Gutachten liefert<\/a>.<\/p>\n<p>Dass es auch Politiker gibt, derer man sich nicht sch\u00e4men muss, zeigt sich hier:<\/p>\n<p><a href='https:\/\/www.linksfraktion.de\/presse\/pressemitteilungen\/detail\/asylablehnungen-fuer-afghanische-fluechtlinge-muessen-neu-auf-den-tisch' class='azc_bbc_url'>Asylablehnungen f\u00fcr afghanische Fl\u00fcchtlinge m\u00fcssen neu auf den Tisch<\/a><br \/>\n<span class='azc_bbc_italic'>&#8222;Die Afghanistan-Politik der Koalition ist sch\u00e4ndlich und verlogen. F\u00fcr viele Abgeschobene kommt die jetzige Einschr\u00e4nkung zu sp\u00e4t. Ablehnungen darf es mindestens solange nicht mehr geben, bis der neue Bericht zur Sicherheitslage in Afghanistan vorliegt. Es muss auch Schluss damit sein, Fl\u00fcchtlinge zur angeblich freiwilligen R\u00fcckkehr zu dr\u00e4ngen&#8220;<\/span>, fordert die innenpolitische Sprecherin der Fraktion DIE LINKE, Ulla Jelpke.<\/p>\n<p>Tja, Mitmenschlichkeit besitzt laut aktuellen Umfragen aber nur jeder zehnte W\u00e4hler hierzulande &#8211; h\u00e4lt sich als Gesellschaft aber trotzdem f\u00fcr zivilisiert und mitmenschlich.<\/p>\n<p><a href='http:\/\/www.rundschau-online.de\/region\/oberberg\/gummersbach\/bestellung-aus-dem-darknet-waffenarsenal-bei-38-jaehrigem-oberberger-sichergestellt-27015334' class='azc_bbc_url'>NRW: Waffenarsenal bei 38-j\u00e4hrigem Oberberger sichergestellt<\/a><br \/>\nMan stelle sich vor, all diese Waffen h\u00e4tte man bei einem Fl\u00fcchtling gefunden. Oder bei einem Moslem. Die Qualit\u00e4tspresse w\u00fcrde sich \u00fcberschlagen vor lauter Terrorwarnungen.<\/p>\n<p>Zum Gl\u00fcck war es nur ein Deutscher. Die sind per se v\u00f6llig harmlos. Und deswegen ist solch ein Waffenfund auch nur eine Meldung f\u00fcr die Regionalpresse &#8211; und nicht etwa die Topmeldung in der Tagesschau.<\/p>\n<p>Und zu guter Letzt:<\/p>\n<p><a href='http:\/\/janson-karikatur.de\/wp-content\/uploads\/2017\/06\/Terroranschlaege-17-06-05-rgb.jpg' class='azc_bbc_url'>Nach Terror: Politik verk\u00fcndet Anteilnahme<\/a><br \/>\nDas beim &#8222;Rock am Ring&#8220; habt ihr ja sicherlich mitbekommen, gell? Aber auch die Meldung dazu, dass in Deutschland wieder Sippenhaft gilt? <a href='https:\/\/www.tagesschau.de\/inland\/rock-am-ring-terror-warnung-103.html' class='azc_bbc_url'>Zitat ARD<\/a>: <span class='azc_bbc_italic'>&#8222;Einer der in Koblenz Festgenommenen soll verwandt mit einer Person sein, die wegen Terrorverdacht in Haft sitzt.&#8220;<\/span><\/p>\n<p>Unn\u00f6tig zu erw\u00e4hnen, dass die ARD-Tagesschau diesen Skandal nicht kritisierte. Man ist ja schliesslich Staatssender &#8211; und nicht etwa eine neutral berichtende Nachrichtensendung <img class='azc_bbc_image' src='https:\/\/www.rume.de\/smilies\/nasiehste.gif'  \/><\/p>\n","protected":false},"excerpt":{"rendered":"<p>\/ 3sat-Reportage: Warum immer weniger Menschen immer mehr besitzen \/ Matthias W. Birkwald: Das ist keine Betriebsrente, das ist eine Pokerrente \/ Neues Betriebsrentengesetz &#8211; zugunsten Allianz und Komplizen \/ CDU und FDP in NRW: Schweine am Masttrog \/ EU-Kommission plant einheitliche Maut f\u00fcr ganz Europa \/ Privatisierung der Autobahnen: Schnelle Grundgesetz\u00e4nderung ist ein Tiefpunkt &hellip; <a href=\"https:\/\/www.rume.de\/?p=180\" class=\"more-link\"><span class=\"screen-reader-text\">\u201eAufgelesen und kommentiert 2017-06-05\u201c <\/span>weiterlesen<\/a><\/p>\n","protected":false},"author":1,"featured_media":0,"comment_status":"open","ping_status":"closed","sticky":false,"template":"","format":"standard","meta":{"footnotes":""},"categories":[2],"tags":[],"class_list":["post-180","post","type-post","status-publish","format-standard","hentry","category-aufgelesen"],"_links":{"self":[{"href":"https:\/\/www.rume.de\/index.php?rest_route=\/wp\/v2\/posts\/180","targetHints":{"allow":["GET"]}}],"collection":[{"href":"https:\/\/www.rume.de\/index.php?rest_route=\/wp\/v2\/posts"}],"about":[{"href":"https:\/\/www.rume.de\/index.php?rest_route=\/wp\/v2\/types\/post"}],"author":[{"embeddable":true,"href":"https:\/\/www.rume.de\/index.php?rest_route=\/wp\/v2\/users\/1"}],"replies":[{"embeddable":true,"href":"https:\/\/www.rume.de\/index.php?rest_route=%2Fwp%2Fv2%2Fcomments&post=180"}],"version-history":[{"count":2,"href":"https:\/\/www.rume.de\/index.php?rest_route=\/wp\/v2\/posts\/180\/revisions"}],"predecessor-version":[{"id":183,"href":"https:\/\/www.rume.de\/index.php?rest_route=\/wp\/v2\/posts\/180\/revisions\/183"}],"wp:attachment":[{"href":"https:\/\/www.rume.de\/index.php?rest_route=%2Fwp%2Fv2%2Fmedia&parent=180"}],"wp:term":[{"taxonomy":"category","embeddable":true,"href":"https:\/\/www.rume.de\/index.php?rest_route=%2Fwp%2Fv2%2Fcategories&post=180"},{"taxonomy":"post_tag","embeddable":true,"href":"https:\/\/www.rume.de\/index.php?rest_route=%2Fwp%2Fv2%2Ftags&post=180"}],"curies":[{"name":"wp","href":"https:\/\/api.w.org\/{rel}","templated":true}]}}