{"id":171,"date":"2017-05-31T22:08:34","date_gmt":"2017-05-31T20:08:34","guid":{"rendered":"http:\/\/rume.katti.eu\/?p=171"},"modified":"2017-05-31T22:08:34","modified_gmt":"2017-05-31T20:08:34","slug":"aufgelesen-und-kommentiert-2017-05-31","status":"publish","type":"post","link":"https:\/\/www.rume.de\/?p=171","title":{"rendered":"Aufgelesen und kommentiert 2017-05-31"},"content":{"rendered":"<p>\/ ARD-Reportage: Lohndumping bei REWE und EDEKA<br \/>\n\/ SP\u00d6 warnt vor Einf\u00fchrung von Hartz-Gesetzen in \u00d6sterreich<br \/>\n\/ BMW-Produktionsausfall: H\u00e4tte h\u00e4tte Lieferkette<br \/>\n\/ DIE WELT und der Klimawandel<br \/>\n\/ Das Ende von Big Pharma<br \/>\n\/ Werbung auf Anzeigetafeln: Kaufhauskette Real will Gesichtserkennung nutzen<br \/>\n\/ EU plant einheitliche Maut f\u00fcr alle<br \/>\n\/ Bundesdatenschutzbeauftragte Vo\u00dfhoff (CDU) will BND und Co. besser pr\u00fcfen d\u00fcrfen<br \/>\n\/ EU: Entwicklungshilfe soll f\u00fcr Streitkr\u00e4fte ausgegeben werden<br \/>\n\/ Afghanistan: Mehr als 60 Tote durch Anschlag in Kabul<br \/>\n\/ Berlin: Rot-rot-gr\u00fcn zentralisiert Sicherheitsapparat<br \/>\n\/ Kampfdrohnen f\u00fcr die Bundeswehr: Gericht gibt gr\u00fcnes Licht<br \/>\n\/ &#8222;Das dauert mir alles zu lange&#8220;: Richter stellt Prozess gegen Neonazis ein<br \/>\n\/ Volltrottel (70) macht schon wieder irgendeinen Scheiss<\/p>\n<p>&#8212;<\/p>\n<p><!--more--><\/p>\n<p><a href='http:\/\/www.tagesschau.de\/wirtschaft\/rewe-edeka-lohndumping-101.html' class='azc_bbc_url'>ARD-Reportage: Lohndumping bei REWE und EDEKA<\/a><br \/>\nAusstieg aus dem Fl\u00e4chentarifvertrag, anschliessend nur noch gesetzlicher <span class='azc_bbc_strike'>Mindestlohn<\/span> Armutslohn, der \u00fcber unbezahlte Mehrarbeit auch noch unterlaufen wird, und noch einiges mehr.<\/p>\n<p>Und bitte niemals vergessen: Das, was die Betriebe hier durch mieses Lohndumping an Profit scheffeln, m\u00fcssen wir \u00fcber Steuern nachtr\u00e4glich berappen. Denn die bei REWE und EDEKA ausgebeuteten Opfer m\u00fcssen sich das fehlende Geld zum \u00dcberleben nachtr\u00e4glich durch Betteln vom Amt &#8222;aufstocken&#8220; lassen.<\/p>\n<p><a href='http:\/\/orf.at\/stories\/2393236\/2393237' class='azc_bbc_url'>SP\u00d6 warnt vor Einf\u00fchrung von Hartz-Gesetzen in \u00d6sterreich<\/a><br \/>\nDie SP\u00d6 ist die SPD von \u00d6sterreich. Und der ORF berichtet: <span class='azc_bbc_italic'>&#8222;Die Einf\u00fchrung von Hartz IV in \u00d6sterreich bedeutet Armut und soziale Ausgrenzung&#8220;, warnte St\u00f6ger. &#8222;Menschen in die Armut zu treiben hat nichts mit verantwortungsvoller Sozial- und Wirtschaftspolitik zu tun.&#8220; Man werde nicht zulassen, &#8222;Arbeitssuchende mit Hartz IV zu bestrafen, ihnen beinahe das gesamte Ersparte, das Haus und die Eigentumswohnung, das Auto und den Bausparer wegzunehmen&#8220;, erkl\u00e4rte St\u00f6ger. &#8222;Hartz IV in Deutschland sei ein mahnendes und abschreckendes Beispiel f\u00fcr uns.&#8220;<\/span><\/p>\n<p>Wohlgemerkt: Die SP\u00d6 regiert zusammen mit der \u00d6VP (CDU von \u00d6sterreich) in einer &#8222;Grossen Koalition&#8220; und verweigert sich diesem sozialen Kahlschlag.<\/p>\n<p>Und die SPD in Deutschland? <a href='http:\/\/www.spiegel.de\/kultur\/gesellschaft\/spd-wahlkampf-gerechtigkeit-spaeter-vielleicht-kolumne-a-1149816.html' class='azc_bbc_url'>Die betreibt Arbeitsverweigerung bei s\u00e4mtlichen sozialen Themen<\/a>, wie sogar das ehemalige Nachrichtenmagazin zusammenfasst.<\/p>\n<p><a href='https:\/\/www.jungewelt.de\/artikel\/311620.h%C3%A4tte-h%C3%A4tte-lieferkette.html' class='azc_bbc_url'>BMW-Produktionsausfall: H\u00e4tte h\u00e4tte Lieferkette<\/a><br \/>\nHabt ihr ja vielleicht mitbekommen, dass bei BMW das Band stillsteht, weil ein Lieferant nicht in die P\u00f6tte kommt. Und wie es sich im Kapitalismus geh\u00f6rt, bluten f\u00fcr diesen Produktionsausfall einzig und allein die Besch\u00e4ftigten.<\/p>\n<p><span class='azc_bbc_italic'>&#8222;Ein Gro\u00dfteil der verlorenen Produktion lasse sich nachholen&#8220;<\/span>, so der Sprecher. Heisst im Klartext: Die Besch\u00e4ftigten k\u00f6nnen sich schon mal auf Wochenendschichten und Feiertagsarbeit &#8222;freuen&#8220; <img class='azc_bbc_image' src='https:\/\/www.rume.de\/smilies\/sarkasm.gif'  \/> Und der aktuelle Stopp des Fliessbandes? Auch kein Problem. Alle Leiharbeiter k\u00f6nnen direkt und ohne Kosten nach Hause geschickt werden <img class='azc_bbc_image' src='https:\/\/www.rume.de\/smilies\/sarkasm.gif'  \/> Und die Festangestellten bauen halt Minusstunden auf, die sie sp\u00e4ter (mit obigen Sonderschichten) wieder nachholen. Somit ist es dann auch nix mit Zusatzgeld f\u00fcr die Sonderschichten. Erstmal muss das runter gefahrene Zeitkonto wieder aufgef\u00fcllt werden <img class='azc_bbc_image' src='https:\/\/www.rume.de\/smilies\/sarkasm.gif'  \/><\/p>\n<p><span class='azc_bbc_italic'>&#8222;Mit dem vom Gesamtbetriebsrat 2012 vereinbarten \u00bbFlexibilit\u00e4tsbaukasten\u00ab kann der Konzern nach eigenem Bekunden einen Nachfrageeinbruch um bis zu 20 Prozent abfangen, ohne Verluste zu machen.&#8220;<\/span> Oder anders formuliert: Bandstillstand ist ein reines Problem der Besch\u00e4ftigten &#8211; aber kein Problem f\u00fcr den Konzern.<\/p>\n<span class='azc_bbc_italic'>&#8222;Das zeigt, wie die Konzerne das \u00bbunternehmerische Risiko\u00ab auf die Belegschaften \u00fcbertragen. Fr\u00fcher h\u00e4tten die Arbeiter es bei Lieferengp\u00e4ssen etwas ruhiger angehen lassen k\u00f6nnen. Heute ist der Leistungsdruck jederzeit am Anschlag. Selbst w\u00e4hrend der dramatischen Absatzkrise von 2008 wurde die enge Taktung in der Produktion beibehalten &#8211; die Arbeiter k\u00f6nnten sich ja sonst an das langsamere Tempo gew\u00f6hnen.&#8220;<\/span>\n<p><a href='http:\/\/klima-luegendetektor.de\/2017\/05\/30\/die-welt-den-redakteursjob-vergessen' class='azc_bbc_url'>DIE WELT und der Klimawandel<\/a><br \/>\nDIE WELT hat einen Biologen zu Wort kommen lassen, der behauptet, die globale Temperatur sei seit f\u00fcnfzehn Jahren nicht mehr angestiegen. Und der fordert, dass man dar\u00fcber reden d\u00fcrfe, ohne &#8222;verunglimpft&#8220; zu werden. Jedoch: Die Aussage ist schlicht falsch. Die vergangenen drei Jahre 2014, 2015 und 2016 markierten allesamt neue Rekordwerte bei der globalen Temperatur.<\/p>\n<p><span class='azc_bbc_italic'>&#8222;Zugegeben, dies allein ist kein Beleg f\u00fcr irgendetwas, denn das Klima ist das \u00fcber mindestens 30 Jahre gemittelte Wetter. Man muss sich also (zumindest wenn man seri\u00f6ser Wissenschaftler sein will) wenigstens drei Jahrzehnte anschauen und nicht anderthalb. Und in den vergangenen drei Jahrzehnten ist die Erdmitteltemperatur deutlich gestiegen, wie beispielsweise der Weltklimarat IPCC in einer eindrucksvollen Grafik in seinem letzten Sachstandsbericht 2013 zeigte.&#8220;<\/span> <a href='http:\/\/klima-luegendetektor.de\/2017\/05\/30\/die-welt-den-redakteursjob-vergessen' class='azc_bbc_url'>Weiterlesen&#8230;<\/a><\/p>\n<p><a href='https:\/\/www.rubikon.news\/artikel\/das-ende-von-big-pharma' class='azc_bbc_url'>Das Ende von Big Pharma<\/a><br \/>\n<span class='azc_bbc_italic'>&#8222;Die Marketingabteilungen der Pharmaindustrie haben fraglos viel Bewundernswertes geleistet: Unmengen Krankheiten mit originellen Namen erfunden, allerlei Grenzwerte so verschieben lassen, dass Millionen Gesunde \u00fcber Nacht als behandlungsbed\u00fcrftig krank galten, zudem gekonnt verschleiert, dass &#8222;verschreibungsgem\u00e4\u00df eingenommene Medikamente&#8220; im zivilisierten Westen (USA und Europa) hinter Krebs und Herz-Kreislauf-Kasperln in den Killer-Charts auf Platz 3 stehen &#8211; mit etwa 200.000 Todesopfern pro Jahr.<\/p>\n<p>Dennoch wird die gr\u00f6\u00dfte Leistung von Big Pharma so gut wie nie geb\u00fchrend gew\u00fcrdigt, n\u00e4mlich die porentiefe S\u00e4uberung unseres kollektiven moralischen Bewusstseins betreffend die Branche an sich.\u00a0 Denn sich am Leid Wehrloser pers\u00f6nlich zu bereichern, kann unter Menschen mit wenigstens einem Rest von Moral nicht gestattet bleiben. Ein besseres Gesundheitssystem, bessere Arbeitsbedingungen f\u00fcr \u00c4rztinnen und Pfleger, sowie bessere Medikamente zum halben Preis sind zum Greifen nah. Wir m\u00fcssen nur endlich die Pharmaindustrie verbieten.&#8220;<\/span> <a href='https:\/\/www.rubikon.news\/artikel\/das-ende-von-big-pharma' class='azc_bbc_url'>Weiterlesen&#8230;<\/a><\/p>\n<p>Falls sich jemand fragt, ob man solche Positionen auch bei der Bundestagswahl w\u00e4hlen kann: <a href='https:\/\/www.linksfraktion.de\/themen\/a-z\/detailansicht\/gesundheitsforschung' class='azc_bbc_url'>Klick<\/a>.<\/p>\n<p><a href='http:\/\/www.faz.net\/aktuell\/wirtschaft\/netzwirtschaft\/supermarktkette-real-testet-gesichtserkennung-15039495.html' class='azc_bbc_url'>Werbung auf Anzeigetafeln: Kaufhauskette Real will Gesichtserkennung nutzen<\/a><br \/>\nDie FAZ berichtet: <span class='azc_bbc_italic'>&#8222;In den Real-M\u00e4rkten hat Echion nun an Werbebildschirmen in der N\u00e4he der Kasse Kameras installiert, die den Blickkontakt der Kunden aufzeichnen. Erfasst werden zudem der Zeitpunkt und die Dauer der Betrachtung der Werbebildschirme, die Anzahl der Betrachter, ihr gesch\u00e4tztes Alter und das Geschlecht. Das Ziel des Werbeunternehmens und der Supermarktkette: zu verstehen, wof\u00fcr sich Kunden interessieren und somit die ausgespielte Werbung besser an Interessen anzupassen.&#8220;<\/span><\/p>\n<p>Das war es dann wohl mit der &#8222;zweiten Kasse&#8220; im Supermarkt. Schliesslich soll man ja Werbung schauen.<\/p>\n<p>Nat\u00fcrlich wird im Bericht noch abgewiegelt und verharmlost. Alles wird entsprechend beschildert und die Aufzeichnung <span class='azc_bbc_italic'>&#8222;schon nach 150 Millisekunden&#8220;<\/span> wieder gel\u00f6scht. Ja klar, jetzt bei der Testeinf\u00fchrung sicherlich. Aber ganz bestimmt nicht mehr nach der fl\u00e4chendeckenden Ausrollung und Gew\u00f6hnung.<\/p>\n<p>Erinnert sich noch jemand an Zeiten, in denen Video\u00fcberwachung &#8222;nur zur Diebstahlabschreckung&#8220; eingef\u00fchrt wurde? Genau damit hat man die Bev\u00f6lkerung weich gekocht, die ja &#8222;nichts zu verbergen&#8220; hat &#8211; und zack, wird die Video\u00fcberwachung f\u00fcr viel miesere Machenschaften missbraucht. Und schon ist unsere Welt zugepflastert mit Gesichtserkennung, verkn\u00fcpften Kundenprofilen und Verhaltens\u00fcberwachung. Auch weitere interessierte Kreise melden schnell Anspr\u00fcche auf die Daten an &#8211; beispielsweise die Krankenkassen, was man denn so an &#8222;ungesunden Eink\u00e4ufen&#8220; t\u00e4tigt.<\/p>\n<p>Ach h\u00e4tte uns doch bloss einer vorher gewarnt <img class='azc_bbc_image' src='https:\/\/www.rume.de\/smilies\/sarkasm.gif'  \/><\/p>\n<p>Aber zum Gl\u00fcck ist das ja nur ein durchgeknallter Einzelkonzern, gell? Das macht doch sonst niemand nach!<\/p>\n<p>Nun ja (Zitat): <span class='azc_bbc_italic'>&#8222;Mit der gleichen Software testet die Deutsche Post in einigen Filialen in M\u00fcnchen eine Gesichtserkennung, ebenfalls, um passendere Werbung an den Schaltern auszuspielen.&#8220;<\/span><\/p>\n<p>Sch\u00f6ne neue Welt f\u00fcr das ein brave deutsche Konsumvieh.<\/p>\n<p><a href='https:\/\/www.linksfraktion.de\/presse\/pressemitteilungen\/detail\/dobrindts-maut-wird-fuer-pendler-teuer' class='azc_bbc_url'>EU plant einheitliche Maut f\u00fcr alle<\/a><br \/>\n<span class='azc_bbc_italic'>&#8222;Alexander Dobrindts Ausl\u00e4ndermaut ist schon vor ihrer Einf\u00fchrung hinf\u00e4llig, denn die Vignette wird von der EU-Kommission sp\u00e4testens 2027 aus dem Verkehr gezogen. Dann n\u00e4mlich haben wir die &#8222;Maut f\u00fcr alle&#8220;, die Millionen Pendler teuer zu stehen kommt. Die 300 Millionen Euro Anschaffungskosten f\u00fcr Dobrindts Mautsystem m\u00fcssen dann abgeschrieben und wieder zig Millionen in ein neues Erhebungssystem investiert werden, welches dann zu allem \u00dcberfluss die Erstellung von Bewegungsprofilen (!!) aller Autofahrer erlaubt.<\/p>\n<p>Diesen finanziellen und datenschutzrechtlichen Wahnsinn kann man nur verhindern, wenn die Ausl\u00e4ndermaut sofort aufgehoben und jede Ausschreibung im Zusammenhang mit der Vignette gestoppt wird. Da dies mit Dobrindt nicht zu machen sein wird, muss im Herbst eine neue Regierung dieses von der Union produzierte Mautproblem aus dem Weg schaffen.&#8220;<\/span><\/p>\n<p>Hat jemand zustimmend genickt? Dann klickt mal, wer das sagt <img class='azc_bbc_image' src='https:\/\/www.rume.de\/smilies\/biggrin.gif'  \/><\/p>\n<p><a href='https:\/\/heise.de\/-3729071' class='azc_bbc_url'>Bundesdatenschutzbeauftragte Vo\u00dfhoff (CDU) will BND und Co. besser pr\u00fcfen d\u00fcrfen<\/a><br \/>\nDa ist sie wieder, die routinem\u00e4ssige Quartalsmeldung zur eigenen Daseinsberechtigung. Und nat\u00fcrlich kommt von ihr auch nicht viel mehr als Mimimi und einige (wenig ernst gemeinte) Appelle an die Regierung, die direkt nach der Ver\u00f6ffentlichung schon wieder vergessen sind. Alles genau so, wie man es von einer handzahmen Politmarionette erwarten kann, die von der Regierungs-Hinterbank zur Bundesdatenschutzbeauftragten hochgelobt wurde.<\/p>\n<p>Kleines Beispiel: <span class='azc_bbc_italic'>&#8222;Im IT-Bereich kritisiert die Kontrolleurin in dem Bericht unter anderem das &#8222;intransparente Vorgehen von Microsoft&#8220; rund um die Datenschutzerkl\u00e4rung von Windows 10. Bei dem Betriebssystem k\u00f6nne &#8222;trotz optimaler Konfiguration&#8220; nicht verhindert werden, dass personenbezogene Daten auf Server des Konzern in den USA \u00fcbertragen w\u00fcrden. Der Hersteller m\u00fcsse daf\u00fcr sorgen, dass Nutzer dies unterbinden und gesammelte Informationen l\u00f6schen k\u00f6nnen, und insgesamt mehr Transparenz schaffen. Microsoft habe hier &#8222;nur halbherzig Ma\u00dfnahmen ergriffen&#8220;. Grund zur Sorge ist f\u00fcr Vo\u00dfhoff auch, dass der Abschied von Windows XP nach dem offiziellen Supportende im April 2014 sich bei Bundesbeh\u00f6rden teils sehr langsam vollzogen habe.&#8220;<\/span><\/p>\n<p>Was f\u00fcr ein albernes Gejammer, statt direkt die Forderung zu stellen, s\u00e4mtliche Beh\u00f6rden auf Linux umzustellen. Quelloffen, mit echtem Datenschutz und ohne windige Klauseln, bei denen man winselnd um &#8222;mehr Transparenz&#8220; und &#8222;besseren Support&#8220; betteln muss. Denn dank quelloffener Programmierung kann man sogar selber mithelfen, Fehler und Umstellungsprobleme zu beheben. Besser geht es nicht.<\/p>\n<p><a href='https:\/\/www.tagesschau.de\/ausland\/entwicklungshilfe-militaer-101.html' class='azc_bbc_url'>EU: Entwicklungshilfe soll f\u00fcr Streitkr\u00e4fte ausgegeben werden<\/a><br \/>\nDer Friedensnobelpreistr\u00e4ger zeigt sich mal wieder von seiner menschlichsten Seite <img class='azc_bbc_image' src='https:\/\/www.rume.de\/smilies\/sarkasm.gif'  \/><\/p>\n<p>Und habt ihr noch mehr Lust auf Zynismus? Bittesch\u00f6n:<\/p>\n<p><a href='http:\/\/www.zeit.de\/gesellschaft\/zeitgeschehen\/2017-05\/afghanistan-kabul-explosion' class='azc_bbc_url'>Afghanistan: Mehr als 60 Tote durch Anschlag in Kabul<\/a><br \/>\nKabul wird von CDU\/CSU und SPD \u00fcbrigens als &#8222;sicher&#8220; eingestuft, damit man behaupten kann, man w\u00fcrde nur in &#8222;sichere Herkunftsl\u00e4nder&#8220; abschieben.<\/p>\n<p>DIE ZEIT berichtet: <span class='azc_bbc_italic'>&#8222;Wegen des Anschlags setzte die Bundesregierung die Abschiebung von Fl\u00fcchtlingen nach Afghanistan f\u00fcr heute aus. Das geschehe aus R\u00fccksicht auf die Mitarbeiter der deutschen Botschaft in Kabul, sagte Innenminister Thomas de Maiziere (CDU). Das Botschaftspersonal sei mit der Schadensaufnahme befasst und k\u00f6nnte sich daher nicht um die Ankunft des Abschiebefliegers am Kabuler Flughafen k\u00fcmmern. Sobald dies wieder gew\u00e4hrleistet sei, werden die Abschiebungen nat\u00fcrlich unverz\u00fcglich nachgeholt, bekr\u00e4ftigte er.&#8220;<\/span><\/p>\n<p>Wie solche Abschiebungen organisiert werden, kann man auch exemplarisch <a href='http:\/\/www.infranken.de\/regional\/nuernberg\/Berufsschueler-demonistrieren-in-Nuernberg-spontan-gegen-Abschiebung-von-Mitschueler;art88523,2695462' class='azc_bbc_url'>hier nachlesen<\/a>. Eine Polizei, die Schlagstock und Pfefferspray gegen Sch\u00fcler einsetzt, um einen ihrer Mitsch\u00fcler aus dem Unterricht heraus abschieben zu k\u00f6nnen, nat\u00fcrlich inklusive.<\/p>\n<p>All das ist es, was ich damit meinte, dass keine einzige Beleidigung so menschenverachtend sein kann, wie das, was diese Bundesregierung ganz real durchzieht.<\/p>\n<p><a href='http:\/\/www.wsws.org\/de\/articles\/2017\/05\/31\/berl-m31.html' class='azc_bbc_url'>Berlin: Rot-rot-gr\u00fcn zentralisiert Sicherheitsapparat<\/a><br \/>\nDie Trennung von Polizei und Geheimdienst, die man wegen der Schreckensherrschaft der Gestapo einf\u00fchrte (und zahlreiche Beispielen wie NSU und Anis Amri best\u00e4tigen das), sind den Regierungsparteien von SPD, GR\u00dcNE und LINKE egal. Es geht ja schliesslich &#8222;gegen den Terror&#8220;. Dabei gab es keinen einzigen Terrorfall in der j\u00fcngsten Geschichte, in die genau diese &#8222;Sicherheitsbeh\u00f6rden&#8220; nicht mit verwickelt waren.<\/p>\n<span class='azc_bbc_italic'>&#8222;Wie die rot-rot-gr\u00fcnen Fraktionen selbst erkl\u00e4ren, geht es in ihrem Antrag neben der &#8222;besseren Kommunikation&#8220; vor allem um &#8222;eine moderne und umfassende Sicherheitsarchitektur im nationalen und internationalen Verbund&#8220;. Die Berliner Polizei soll &#8222;optimal auf Eins\u00e4tze bei Gro\u00dflagen oder Anschl\u00e4gen&#8220; vorbereitet werden. Gro\u00dflagen k\u00f6nnen vieles sein &#8211; auch Massenproteste der Bev\u00f6lkerung gegen die Politik der Regierung, gegen die wachsende Kriegsgefahr oder gegen die immer unertr\u00e4glicher werdenden Lebensbedingungen f\u00fcr breite Schichten von Arbeitern und Jugendlichen.<\/p>\n<p>Die &#8222;moderne und umfassende Sicherheitsarchitektur&#8220; ist das Codewort f\u00fcr autorit\u00e4re Staatsstrukturen, die heute in allen L\u00e4ndern Europas und international errichtet werden, um revolution\u00e4re Unruhen gegen die zunehmende Kriegsentwicklung und den sozialen Niedergang zu unterdr\u00fccken. Bereits im Januar hat der Senat ein Sicherheitspaket verabschiedet, in dem die Ausgaben f\u00fcr neue Waffen und Technik f\u00fcr die Polizei in diesem und im kommenden Jahr drastisch erh\u00f6ht wurden.&#8220;<\/span>\n<p><a href='https:\/\/www.heise.de\/tp\/features\/Kampfdrohnen-fuer-die-Bundeswehr-Gericht-gibt-gruenes-Licht-3730343.html' class='azc_bbc_url'>Kampfdrohnen f\u00fcr die Bundeswehr: Gericht gibt gr\u00fcnes Licht<\/a><br \/>\nIch wiederhole: Die Justiz, und insbesondere die deutsche Justiz, hat NOCH NIE irgendein Regierungsverbrechen eingebremst. Und hier ist der n\u00e4chste Beweis. Denn wof\u00fcr ben\u00f6tigt man Killerdrohnen? Zur Landesverteidigung, oder f\u00fcr Angriffskriege?<\/p>\n<p><a href='https:\/\/www.tagesschau.de\/inland\/neonazi-prozess-101.html' class='azc_bbc_url'>&#8220;Das dauert mir alles zu lange&#8220;: Richter stellt Prozess gegen Neonazis ein<\/a><br \/>\nRECHTSstaat Deutschland.<\/p>\n<p>Und zu guter Letzt:<\/p>\n<p><a href='http:\/\/dietagespresse.com\/volltrottel-71-macht-schon-wieder-irgendeinen-scheiss' class='azc_bbc_url'>Volltrottel (70) macht schon wieder irgendeinen Scheiss<\/a><br \/>\nWenig \u00fcberraschende Nachrichten kommen heute aus den USA. Ein ortsbekannter Volltrottel (70) hat dort mal wieder irgendeinen Schei\u00df gemacht. Beobachter sind nicht einmal mehr schockiert. Der Schei\u00df von heute reiht sich damit ein in eine lange Kette von Schei\u00df-Aktionen, die sich der Volltrottel seit Januar geleistet hat.<\/p>\n<p>Viele fordern jetzt, den Volltrottel zu ignorieren. Doch dies gilt unter Experten als quasi unm\u00f6glich, weil eine Schar von journalistischen Volltrotteln von genau dem Scheiss dieses Volltrottels ganz hervorragend leben k\u00f6nnen <img class='azc_bbc_image' src='https:\/\/www.rume.de\/smilies\/nasiehste.gif'  \/><\/p>\n","protected":false},"excerpt":{"rendered":"<p>\/ ARD-Reportage: Lohndumping bei REWE und EDEKA \/ SP\u00d6 warnt vor Einf\u00fchrung von Hartz-Gesetzen in \u00d6sterreich \/ BMW-Produktionsausfall: H\u00e4tte h\u00e4tte Lieferkette \/ DIE WELT und der Klimawandel \/ Das Ende von Big Pharma \/ Werbung auf Anzeigetafeln: Kaufhauskette Real will Gesichtserkennung nutzen \/ EU plant einheitliche Maut f\u00fcr alle \/ Bundesdatenschutzbeauftragte Vo\u00dfhoff (CDU) will BND &hellip; <a href=\"https:\/\/www.rume.de\/?p=171\" class=\"more-link\"><span class=\"screen-reader-text\">\u201eAufgelesen und kommentiert 2017-05-31\u201c <\/span>weiterlesen<\/a><\/p>\n","protected":false},"author":1,"featured_media":0,"comment_status":"open","ping_status":"closed","sticky":false,"template":"","format":"standard","meta":{"footnotes":""},"categories":[2],"tags":[],"class_list":["post-171","post","type-post","status-publish","format-standard","hentry","category-aufgelesen"],"_links":{"self":[{"href":"https:\/\/www.rume.de\/index.php?rest_route=\/wp\/v2\/posts\/171","targetHints":{"allow":["GET"]}}],"collection":[{"href":"https:\/\/www.rume.de\/index.php?rest_route=\/wp\/v2\/posts"}],"about":[{"href":"https:\/\/www.rume.de\/index.php?rest_route=\/wp\/v2\/types\/post"}],"author":[{"embeddable":true,"href":"https:\/\/www.rume.de\/index.php?rest_route=\/wp\/v2\/users\/1"}],"replies":[{"embeddable":true,"href":"https:\/\/www.rume.de\/index.php?rest_route=%2Fwp%2Fv2%2Fcomments&post=171"}],"version-history":[{"count":1,"href":"https:\/\/www.rume.de\/index.php?rest_route=\/wp\/v2\/posts\/171\/revisions"}],"predecessor-version":[{"id":172,"href":"https:\/\/www.rume.de\/index.php?rest_route=\/wp\/v2\/posts\/171\/revisions\/172"}],"wp:attachment":[{"href":"https:\/\/www.rume.de\/index.php?rest_route=%2Fwp%2Fv2%2Fmedia&parent=171"}],"wp:term":[{"taxonomy":"category","embeddable":true,"href":"https:\/\/www.rume.de\/index.php?rest_route=%2Fwp%2Fv2%2Fcategories&post=171"},{"taxonomy":"post_tag","embeddable":true,"href":"https:\/\/www.rume.de\/index.php?rest_route=%2Fwp%2Fv2%2Ftags&post=171"}],"curies":[{"name":"wp","href":"https:\/\/api.w.org\/{rel}","templated":true}]}}