{"id":164,"date":"2017-05-29T19:44:01","date_gmt":"2017-05-29T17:44:01","guid":{"rendered":"http:\/\/rume.katti.eu\/?p=164"},"modified":"2017-05-30T17:24:00","modified_gmt":"2017-05-30T15:24:00","slug":"aufgelesen-und-kommentiert-2017-05-29","status":"publish","type":"post","link":"https:\/\/www.rume.de\/?p=164","title":{"rendered":"Aufgelesen und kommentiert 2017-05-29"},"content":{"rendered":"<p>\/ Hartz-IV-Sanktionen und ihr Nutzen<br \/>\n\/ 100-Prozent-Sanktion weil er keine 10 Bewerbungen schrieb<br \/>\n\/ Von 1995 bis 2015 lag die j\u00e4hrliche Wachstumsrate mittlerer Einkommen im Schnitt bei null Prozent<br \/>\n\/ Union und SPD beschlie\u00dfen Reform der Betriebsrente<br \/>\n\/ Anna-Freud-Schule in K\u00f6ln: Unter diesen Bedingungen ist ein Schulbesuch unzumutbar<br \/>\n\/ Noch vor Pfingsten: Grundgesetz\u00e4nderungen zur Privatisierung von Schulen und Autobahnen<br \/>\n\/ Etikettenschwindel: &#8222;Dialog mit Zivilgesellschaft&#8220; ist Dialog mit Konzernen<br \/>\n\/ Gabriel entkr\u00e4ftet E-Auto-Auflage in China<br \/>\n\/ Parteispenden: CDU kassiert halbe Million Euro Schmiergeld ab<br \/>\n\/ Medien- oder mitgliedergelenkte Partei?<br \/>\n\/ Fl\u00fcchtlingszahlen, Arbeitslose, Reiche: Die Zahlentricks der Medien<br \/>\n\/ Die alternative Welt des Herrn Sch\u00e4uble<br \/>\n\/ Steinmeier: &#8222;H\u00e4me und H\u00e4rte in Online-Kommentaren untergraben gesellschaftlichen Zusammenhalt&#8220;<br \/>\n\/ Trump und die &#8222;sehr sehr b\u00f6sen Deutschen&#8220;<br \/>\n\/ DIE LINKE deckt auf: Bundesregierung fordert europaweiten Zugriff auf jede Cloud<br \/>\n\/ Wikileaks enttarnt CIA-Programm: &#8222;Athena&#8220; spioniert jedes Windows aus<br \/>\n\/ Bullshit News Front Syrien<br \/>\n\/ Die Toten von Manchester sind Opfer der Regimewechsel-Operationen im Nahen Osten<br \/>\n\/ Ballst\u00e4dter Kirmesgesellschaft: Verfassungsschutz war \u00fcber Neonazi-\u00dcberfall informiert<br \/>\n\/ Der NSU-Komplex<br \/>\n\/ DIE LINKE deckt auf: \u00dcber 1.900 Kindersoldaten bei der Bundeswehr<br \/>\n\/ Pentagon best\u00e4tigt mehr als 100 zivile Opfer in Mossul<br \/>\n\/ Niederbayern: Polizei mit gro\u00dfem Waffenfund<br \/>\n\/ Ganz ganz sp\u00e4te Einsicht<\/p>\n<p>&#8212;<\/p>\n<p><!--more--><\/p>\n<p><a href='http:\/\/www.deutschlandfunkkultur.de\/arbeitsmarkt-hartz-iv-sanktionen-und-ihr-nutzen.976.de.html?dram:article_id=386762' class='azc_bbc_url'>Hartz-IV-Sanktionen und ihr Nutzen<\/a><br \/>\nIch hab mir die Sendung vom Deutschlandfunk gar nicht erst angeh\u00f6rt. Ich weiss also nicht, ob sie gut oder schlecht ist. Der Punkt ist doch: Allein dass man dar\u00fcber diskutieren muss, ob der Entzug des Existenzminimums auch &#8222;einen Nutzen&#8220; bringen k\u00f6nnte, ist schon vollkommen krank &#8211; aber leider absolut bezeichnend f\u00fcr das kapitalistische System, welches auf maximale Ausbeutung (egal ob Mensch oder Rohstoffe) setzt. ALLES hat sich der maximalen Verwertung unterzuordnen. Sogar das (aus politischer Willk\u00fcr kleingerechnete) Existenzminimum.<\/p>\n<p>Es gibt ohnehin nicht genug bezahlte Arbeit f\u00fcr alle. Und Lohnarbeit, von der man ein Leben aufbauen kann, gleich doppelt nicht. Wann also diskutieren wir endlich \u00fcber eine sanktionsfreie Mindestteilhabe am gesellschaftlichen Leben?<\/p>\n<p><a href='https:\/\/hartz4widerspruch.de\/hiob-geschichten-die-dein-jobcenter-schreibt' class='azc_bbc_url'>100-Prozent-Sanktion weil er keine 10 Bewerbungen schrieb<\/a><br \/>\nKann man sich bei Interesse ja mal durchlesen, wie schnell das Sanktionscenter rechtswidrig (!) Sanktionen verh\u00e4ngt.<\/p>\n<p><a href='http:\/\/www.spiegel.de\/wirtschaft\/soziales\/lohnentwicklung-diw-studie-geringverdiener-holen-auf-reiche-enteilen-a-1149088.html' class='azc_bbc_url'>Von 1995 bis 2015 lag die j\u00e4hrliche Wachstumsrate mittlerer Einkommen im Schnitt bei null Prozent<\/a><br \/>\nIst der Kapitalismus nicht toll? <img class='azc_bbc_image' src='https:\/\/www.rume.de\/smilies\/sarkasm.gif'  \/><\/p>\n<p><a href='http:\/\/www.spiegel.de\/wirtschaft\/soziales\/cdu-und-spd-einigen-sich-auf-betriebsrente-a-1149091.html' class='azc_bbc_url'>Union und SPD beschlie\u00dfen Reform der Betriebsrente<\/a><br \/>\n<span class='azc_bbc_strike'>Bislang mussten die Arbeitgeber noch untereinander die Betriebsrenten ihrer Besch\u00e4ftigten absichern. Geht eine Firma in die Insolvenz, war die Betriebsrente der ehemaligen Besch\u00e4ftigten trotzdem abgesichert. Das ist nun vorbei!<\/span><\/p>\n<p>UPDATE: Vorbei ist es genauer gesagt mit der Absicherung der Verzinsung, also des Inflationsauslgeichs &#8211; nicht mit der Betriebsrente insgesamt.<\/p>\n<p>Zitat: <span class='azc_bbc_italic'>&#8222;Unternehmen sollen k\u00fcnftig also nicht mehr garantieren m\u00fcssen, dass Betriebsrenten in einer bestimmten H\u00f6he ausgezahlt werden. Stattdessen soll eine reine Zusage \u00fcber die H\u00f6he der Beitr\u00e4ge reichen &#8211; allerdings nur unter der Voraussetzung, dass Arbeitgeber und Gewerkschaften sich in einem Tarifvertrag darauf einigen.&#8220;<\/span><\/p>\n<p>Und &#8222;zum Ausgleich&#8220; will man jetzt MEHR Besch\u00e4ftigte in dieses Finanzcasino hineindr\u00e4ngen &#8211; in Politsprech auch &#8222;Zugang zur Betriebsrente erleichtern&#8220; genannt.<\/p>\n<p>Tolle Sache (f\u00fcr Finanzkonzerne).<\/p>\n<p>Und deshalb hat man das Gesetz auch &#8222;Betriebsrentenst\u00e4rkungsgesetz&#8220; genannt, damit der bildungspolitisch intelligente W\u00e4hler hierzulande das nicht merkt <img class='azc_bbc_image' src='https:\/\/www.rume.de\/smilies\/sarkasm.gif'  \/><\/p>\n<p><a href='https:\/\/einstuerzendeschulbauten.stiftungbildung.com\/anna-freud-schule-koeln' class='azc_bbc_url'>Anna-Freud-Schule in K\u00f6ln: Unter diesen Bedingungen ist ein Schulbesuch unzumutbar<\/a><br \/>\nDach undicht, feuchte Unterrichtsr\u00e4ume, Schimmelbildung, verschmutztes Wasser aus maroden Leitungen, gammelige Sporthalle, unbrauchbare Heizung &#8211; so viel sind der Politik unsere Kinder wert.<\/p>\n<p><a href='https:\/\/www.hintergrund.de\/politik\/inland\/grundgesetzaenderungen-koennten-schulen-systematisch-fuer-private-investoren-oeffnen' class='azc_bbc_url'>Noch vor Pfingsten: Grundgesetz\u00e4nderungen zur Privatisierung von Schulen und Autobahnen<\/a><br \/>\n<span class='azc_bbc_italic'>&#8222;Am 1. Juni 2017 sollen im Bundestag die Voraussetzungen f\u00fcr eine der gr\u00f6\u00dften und wahrscheinlich folgenreichsten Privatisierungen der deutschen Geschichte geschaffen werden. Weitgehend unbemerkt von der breiten \u00d6ffentlichkeit k\u00f6nnten nicht weniger als 13 Grundgesetz\u00e4nderungen beschlossen werden.&#8220;<\/span> <a href='https:\/\/www.hintergrund.de\/politik\/inland\/grundgesetzaenderungen-koennten-schulen-systematisch-fuer-private-investoren-oeffnen' class='azc_bbc_url'>Weiterlesen&#8230;<\/a><\/p>\n<p><a href='https:\/\/www.lobbycontrol.de\/2017\/05\/etikettenschwindel-bei-der-eu-handelspolitik-dialog-mit-zivilgesellschaft-ist-dialog-mit-konzernen' class='azc_bbc_url'>Etikettenschwindel: &#8222;Dialog mit Zivilgesellschaft&#8220; ist Dialog mit Konzernen<\/a><br \/>\n<span class='azc_bbc_italic'>&#8222;Kommende Woche l\u00e4dt die Handelsdirektion zum &#8222;zivilgesellschaftlichen Dialog&#8220; nach Br\u00fcssel ein. Wenn man den Begriff h\u00f6rt, geht man eigentlich davon aus, dass hier die Interessen von B\u00fcrgerinnen und B\u00fcrgern zu Wort kommen. Doch das wird kaum der Fall sein. 73 Prozent &#8211; also 128 der 175 registrierten Anwesenden &#8211; vertreten Wirtschaftsinteressen. Darunter sind Akteure wie der Europ\u00e4ische Arbeitgeberverband (Businesseurope), der Europ\u00e4ische Stahlverband (EUROFER) oder der Bundesverband der Deutschen Industrie (BDI). Es ist also nicht redlich hier den Begriff des zivilgesellschaftlichen Dialogs zu verwenden. Hier handelt es sich schlichtweg um ein Treffen mit Lobbyisten.&#8220;<\/span><\/p>\n<p><a href='http:\/\/www.fr.de\/wirtschaft\/elektroautos-gnade-fuer-deutsche-spaetzuender-a-1286221' class='azc_bbc_url'>Gabriel entkr\u00e4ftet E-Auto-Auflage in China<\/a><br \/>\nUnd Sigmar Gabriel ist wahrscheinlich auch noch stolz darauf, dass er es geschafft hat, jede fortschrittliche Entwicklung bei den deutschen Automobilherstellern abzubremsen. Denn h\u00e4tte China darauf bestanden, dass acht Prozent (oder so) aller Neuzulassungen mit E-Motor ausgestattet sein m\u00fcssen, h\u00e4tte dies die Entwicklung rasant verbessert.<\/p>\n<p>Aber interessant, dass ein Bundesaussenminister als steuerbezahlter Autokonzernlobbyist durch die Welt reist. Oder wie es die Frankfurter Rundschau schreibt: <span class='azc_bbc_italic'>&#8222;Die Automanager haben die Bundesregierung in Marsch gesetzt, um bessere Bedingungen zu erhalten.&#8220;<\/span> Das nur mal so am Rande, falls jemand glaubt, die ganzen Parteispenden der Autokonzerne h\u00e4tten nicht die gew\u00fcnschte Wirkung <img class='azc_bbc_image' src='https:\/\/www.rume.de\/smilies\/sarkasm.gif'  \/><\/p>\n<p>Ach ja: Und Gabriel war vorher Bundesumweltminister. Er weiss also ganz genau, was er da anrichtet.<\/p>\n<p><a href='https:\/\/www.bundestag.de\/parlament\/praesidium\/parteienfinanzierung\/fundstellen50000\/2017' class='azc_bbc_url'>Parteispenden: CDU kassiert halbe Million Euro Schmiergeld ab<\/a><br \/>\nMultimillion\u00e4r Ralph Dommermuth (Chef des Internetproviders &#8222;1&amp;1&#8220;) schiebt direkt mal f\u00fcnf grosse Geldkoffer \u00fcber den Tisch.<\/p>\n<p>Allein dieses Jahr kassierten die k\u00e4uflichsten Parteien Deutschlands bereits:<\/p>\n<p>CDU 1,05 Mio. Euro<br \/>\nFDP 710.000 Euro<br \/>\nSPD 100.000 Euro<br \/>\nGR\u00dcNE 100.000 Euro<\/p>\n<p>Die beste Demokratie, die man sich kaufen kann.<\/p>\n<p><a href='http:\/\/www.antikapitalistische-linke.de\/?p=2050' class='azc_bbc_url'>Medien- oder mitgliedergelenkte Partei?<\/a><br \/>\nDIE LINKE l\u00e4sst ihre Wahlkampfparolen inzwischen von Agenturen basteln, weil die &#8222;besser zu unseren Massenmedien passen&#8220;. Mal schauen, wann auch das Parteiprogramm &#8222;mediengerecht&#8220; (statt menschengerecht) durchgestylt wird <img class='azc_bbc_image' src='https:\/\/www.rume.de\/smilies\/sarkasm.gif'  \/><\/p>\n<p><a href='http:\/\/www.berliner-zeitung.de\/wirtschaft\/fluechtlinge&#8211;arbeitslose&#8211;reiche-die-zahlentricks-der-statistiker-26942672' class='azc_bbc_url'>Fl\u00fcchtlingszahlen, Arbeitslose, Reiche: Die Zahlentricks der Medien<\/a><br \/>\nDie frisierten Arbeitslosenzahlen und &#8222;so viel Besch\u00e4ftigte wie noch nie&#8220; Jubelpropaganda zugunsten der Bundesregierung kennen wir von unseren Qualit\u00e4tsmedien bereits in und auswendig. Weniger bekannt hingegen d\u00fcrfte sein, was der Statistiker Gerd Bosbach der Berliner Zeitung ins Heft diktiert.<\/p>\n<p>Kurzer Auszug: <span class='azc_bbc_italic'>&#8222;Ein Klassiker unter den Zahlentricks sind gro\u00dfe absolute Betr\u00e4ge ohne Vergleichsma\u00dfstab. Wie viel zahlte Deutschland in den Euro-Kreditfonds ESM? 21,7 Milliarden Euro, so viel wie kein anderes Land. Ist die Bundesrepublik also der &#8222;Zahlmeister Europas&#8220;? Keineswegs. Nat\u00fcrlich zahlt ein gro\u00dfes Land mehr als ein kleines. Aussagekr\u00e4ftiger ist der Vergleich auf Basis der Bev\u00f6lkerung. Und da zeigt sich: Pro Kopf zahlen die Luxemburger am meisten, die Deutschen liegen an vierter Stelle. Und gemessen an der Wirtschaftsleistung steht Deutschland nur an zw\u00f6lfter Stelle von 19 Staaten.<\/p>\n<p>Tricksen kann man auch durch gezielte Weglassungen. Das reichste Zehntel der Bev\u00f6lkerung zahlt \u00fcber 50 Prozent der Steuern, h\u00f6rt man immer wieder. Tats\u00e4chlich handelt es sich blo\u00df um die Einkommensteuer. Der Anteil an Massensteuern wie der Mehrwertsteuer zahlen die Reichen nur zu einem Bruchteil.<\/p>\n<p>2011 wies der Deutsche St\u00e4dtetag darauf hin, dass 147.000 Rum\u00e4nen und Bulgaren nach Deutschland gezogen waren. Das klingt nach viel &#8211; vor allem, wenn man die rund 90.000 Wegz\u00fcge verschweigt.&#8220;<\/span> <a href='http:\/\/www.berliner-zeitung.de\/wirtschaft\/fluechtlinge&#8211;arbeitslose&#8211;reiche-die-zahlentricks-der-statistiker-26942672' class='azc_bbc_url'>Weiterlesen&#8230;<\/a><\/p>\n<p><a href='http:\/\/endlessgoodnews.blogspot.de\/2017\/05\/die-alternative-welt-des-herrn-schauble.html' class='azc_bbc_url'>Die alternative Welt des Herrn Sch\u00e4uble<\/a><br \/>\n<span class='azc_bbc_italic'>&#8222;Bundesfinanzminister Sch\u00e4uble (CDU) meint, es stehe nicht in der Macht des deutschen Staates die L\u00f6hne zu steigern. Nehmen wir mal an, diese Aussage stimmt. Dann ist die logische Folge:<\/p>\n<p>&#8211; Griechenlands &#8222;Reformen&#8220; bringen nichts,<br \/>\n&#8211; man kann die Hartz Gesetze einfach abschaffen,<br \/>\n&#8211; die Empfehlungen in Richtung Frankreich kann man sich sparen.<\/p>\n<p>Wenn also Wolfgang Sch\u00e4uble in anderen Staaten Lohnsenkungen durch die Politik dieser Staaten fordert &#8211; und gleichzeitig sagt, man k\u00f6nne L\u00f6hne durch den Staat nicht beeinflussen &#8211; ist das ein logisch nicht aufzul\u00f6sender Widerspruch.<\/p>\n<p>Noch klarer wird dies, wenn man sich vor Augen f\u00fchrt, dass der deutsche Staat viele Besch\u00e4ftigte hat. Niemand zwingt ihn die L\u00f6hne im \u00f6ffentlichen Dienst niedrig zu halten. Man k\u00f6nnte einfach diese L\u00f6hne steigern und so den \u00f6ffentlichen Dienst als Konkurrenz zur Wirtschaft aufbauen. Diese m\u00fcsste dann nachziehen.<\/p>\n<p>Man sieht also, Sch\u00e4uble der in einer Regierung sitzt die vor alternativen Fakten und Fake News warnt, bedient sich genau diesen Mitteln um seine Politik zu verteidigen.&#8220;<\/span><\/p>\n<p><a href='https:\/\/www.tagesschau.de\/inland\/kirchentag-153.html' class='azc_bbc_url'>Bundespr\u00e4sident Steinmeier warnt: &#8222;H\u00e4me und H\u00e4rte in Online-Kommentaren untergraben gesellschaftlichen Zusammenhalt&#8220;<\/a><br \/>\nWow, jetzt wird die Meinungsfreiheit schon als Bedrohung des gesellschaftlichen Zusammenhalts angesehen. Die SPD hat es echt weit gebracht.<\/p>\n<p>Gekaufte Politik, Auslandskriege ohne jeden R\u00fcckhalt in der Bev\u00f6lkerung, tatenloses Zuschauen bei Niedrigl\u00f6hnen und (auf der anderen Seite) Boni- und Abfindungsexzessen, Steuervorteile f\u00fcr Reiche bei gleichzeitigem Sozialabbau f\u00fcr alle anderen, sowie oben dr\u00fcber noch die Errichtung eines paranoiden Polizei- und \u00dcberwachungsstaates &#8211; all das gef\u00e4hrdet unseren Zusammenhalt. Aber ganz bestimmt nicht diejenigen, die mit (nicht verbotenen) h\u00e4mischen Kommentaren auf genau diese Art der Politik reagieren.<\/p>\n<p>Und kleine Anmerkung noch: Echt bemerkenswert, wer da auf dem Kirchentag so alles herumschw\u00e4nzeln darf. Neben Merkel, die Fl\u00fcchtlinge entweder von Erdogan foltern oder im Mittelmeer krepieren l\u00e4sst, auch noch der Massenm\u00f6rder Barack Obama, dessen Killerdrohnen auch nur wegen Merkels Erlaubnis von Ramstein aus koordiniert werden k\u00f6nnen &#8211; und auch der Folterminister Steinmeier ist einer der &#8222;gelobten Ehreng\u00e4ste&#8220;. Das l\u00e4sst tief blicken, denn keiner dieser Verbrecher wird beim Kirchentag mit seiner (wenig christlichen) Regierungsarbeit konfrontiert. Stattdessen gibt es nur allgegenw\u00e4rtiges L\u00e4cheln zugunsten sch\u00f6ner Propagandafotos.<\/p>\n<p><a href='http:\/\/www.bildblog.de\/89887\/boese-uebersetzung' class='azc_bbc_url'>Trump und die &#8222;sehr sehr b\u00f6sen Deutschen&#8220;<\/a><br \/>\nEin Rundgang durch den voneinander abschreibenden (aber vorsichtshalber nicht recherchierenden) Qualit\u00e4tsjournalismus hier in Deutschland. Denn bei allem oberfl\u00e4chlichen Gejaule um das &#8222;very bad&#8220; von Trump wird der eigentliche Kern seiner Kritik <a href='http:\/\/www.wsws.org\/de\/articles\/2017\/05\/27\/taor-m27.html' class='azc_bbc_url'>auch noch ganz gezielt unter den Teppich gekehrt<\/a>.<\/p>\n<p><a href='https:\/\/heise.de\/-3725328' class='azc_bbc_url'>DIE LINKE deckt auf: Bundesregierung fordert europaweiten Zugriff auf jede Cloud<\/a><br \/>\nNat\u00fcrlich nur gegen Terrorismus, allerschwerste Kriminalit\u00e4t &#8211; und keine drei Monate sp\u00e4ter auch gegen Unmweltsch\u00fctzer, Whistleblower und Demonstranten gegen Rechts. Kennen wir alles schon.<\/p>\n<p>Zudem auch nochmal <a href='https:\/\/heise.de\/-2867735' class='azc_bbc_url'>ein Zitat<\/a> f\u00fcr alle Schnellvergesslichen: <span class='azc_bbc_italic'>&#8222;Die privaten Daten der Bundesb\u00fcrger sind die Rohstoffe des 21. Jahrhunderts. Hier m\u00fcssen wir jetzt aufpassen, dass der Datenschutz nicht die Oberhand \u00fcber die wirtschaftliche Verarbeitung gewinnt.&#8220;<\/span><\/p>\n<p>Also Leute: Immer sch\u00f6n alles online in der Cloud speichern. Denn wer hat denn schon <a href='https:\/\/de.wikipedia.org\/wiki\/Hackerangriff_auf_private_Fotos_von_Prominenten_2014' class='azc_bbc_url'>etwas zu verbergen<\/a> <img class='azc_bbc_image' src='https:\/\/www.rume.de\/smilies\/sarkasm.gif'  \/><\/p>\n<p><a href='http:\/\/www.n-tv.de\/technik\/Athena-spioniert-jedes-Windows-aus-article19853436.html' class='azc_bbc_url'>Wikileaks enttarnt CIA-Programm: &#8222;Athena&#8220; spioniert jedes Windows aus<\/a><br \/>\nN-TV berichtet: <span class='azc_bbc_italic'>&#8222;Die massenhafte \u00dcbernahme von Windows-Computern durch den Erpresser-Trojaner &#8222;WannaCry&#8220; hat in den vergangenen Tagen gro\u00dfe Wellen geschlagen. Doch die Ransomware befiel fast ausschlie\u00dflich Windows-7-Rechner, deren Besitzer oder Administratoren das Betriebssystem nicht aktuell gehalten hatten. Wikileaks hat jetzt ein viel gef\u00e4hrlicheres Programm im Rahmen seiner &#8222;Vault 7&#8220;-Ver\u00f6ffentlichungen enttarnt, das sich im Arsenal der CIA befindet. &#8222;Athena&#8220; soll in der Lage sein, jede Windows-Version zu knacken und dem US-Geheimdienst erm\u00f6glichen, \u00fcbernommene Computer auszuspionieren und auf dem befallenen System weitere Software zu installieren oder Daten zu l\u00f6schen.&#8220;<\/span> <a href='http:\/\/www.n-tv.de\/technik\/Athena-spioniert-jedes-Windows-aus-article19853436.html' class='azc_bbc_url'>Weiterlesen&#8230;<\/a><\/p>\n<p>Ein weiterer Beweis f\u00fcr das kriminelle Verhalten von Geheimdiensten. Und ebenfalls ein weiterer Beweis daf\u00fcr, dass es auf einem Computer niemals gerichtsfeste Beweise geben kann. Denn wer einen Computer \u00fcbernehmen kann, der kann dort auch jede x-beliebige Datei (Terrorpl\u00e4ne, Kinderpornos, usw.) platzieren.<\/p>\n<p><a href='http:\/\/feynsinn.org\/?p=7881' class='azc_bbc_url'>Bullshit News Front Syrien<\/a><br \/>\nDer Bloggerkollege &#8222;Feynsinn&#8220; seziert mal eben den von unseren Qualit\u00e4tsmedien als ernsthafte Nachricht (!) hingerotzten Satz: <span class='azc_bbc_italic'>&#8222;Die NATO ist der Anti-IS-Koalition beigetreten, dem B\u00fcndnis gegen die Terrormiliz IS&#8220;<\/span>. Dringende Leseempfehlung <img class='azc_bbc_image' src='https:\/\/www.rume.de\/smilies\/verehr.gif'  \/><\/p>\n<p><a href='http:\/\/www.wsws.org\/de\/articles\/2017\/05\/29\/aren-m29.html' class='azc_bbc_url'>Die Toten von Manchester sind Opfer der Regimewechsel-Operationen im Nahen Osten<\/a><br \/>\n<span class='azc_bbc_italic'>&#8222;Angesichts von Abedis Beziehungen und seinem Reiseverhalten im Vorfeld des Anschlags gibt es nur eine Erkl\u00e4rung daf\u00fcr, warum er so lange auf freiem Fu\u00df bleiben konnte: er war ein gesch\u00fctzter T\u00e4ter &#8211; Teil eines breiten Netzwerks von Agenten, die Gro\u00dfbritannien und die USA f\u00fcr ihre ruchlosen Operationen im Nahen Osten benutzen. Die Enth\u00fcllung dieser Operationen ist der Grund f\u00fcr die Wut von Premierministerin Theresa May auf die USA, die Geheimdienstinformationen \u00fcber die britischen Ermittlungen des Anschlags ver\u00f6ffentlicht haben.<\/p>\n<p>Was auch immer der Grund f\u00fcr diese Ver\u00f6ffentlichungen ist, sie haben in jedem Fall die urspr\u00fcngliche Behauptung der britischen Beh\u00f6rden vollst\u00e4ndig widerlegt, Abedi sei ein unbekannter &#8222;einsamer Wolf&#8220; gewesen. Vielmehr ist jetzt klar, dass die Menschen, die w\u00e4hrend eines Popkonzerts ermordet oder verst\u00fcmmelt wurden, Opfer der britischen Regimewechsel-Politik im Nahen Osten und Nordafrika sind.&#8220;<\/span><\/p>\n<p>Zusammengefasst: Ein M\u00f6rder, der von den Geheimdiensten besch\u00fctzt wurde, damit er sein Attentat (wie gew\u00fcnscht) auch durchf\u00fchrt &#8211; erinnert alles an Anis Amri hier in Deutschland. Wann nochmal genau machen wir die organisierte Kriminalit\u00e4t namens Geheimdienste endlich dicht?<\/p>\n<p>Dazu passt:<\/p>\n<p><a href='http:\/\/www.endstation-rechts.de\/news\/kategorie\/kameradschaften\/artikel\/ueberfall-auf-kirmesgesellschaft-haft-fuer-die-meisten-ballstaedt-nazis.html' class='azc_bbc_url'>Ballst\u00e4dter Kirmesgesellschaft: Verfassungsschutz war \u00fcber Neonazi-\u00dcberfall informiert<\/a><br \/>\n<span class='azc_bbc_italic'>&#8222;Bereits im Jahre 2014 hatte eine Gruppe Neonazis eine Kirmesgesellschaft im th\u00fcringischen Ballst\u00e4dt \u00fcberfallen und zusammengeschlagen. W\u00e4hrend der 44 Verhandlungstage vor Gericht wurde \u00f6ffentlich, dass der Th\u00fcringer Verfassungsschutz die Verabredung zur Tat mitgeschnitten, aber erst NACH (!) dem erfolgten \u00dcberfall ausgewertet hatte.&#8220;<\/span><\/p>\n<p>Soviel auch mal eben zum Thema, dass der sogenannte &#8222;Verfassungsschutz&#8220; (und insbesondere der aus Th\u00fcringen) irgendwelche Konsequenzen aus dem NSU-Mordtrio-Skandal gezogen h\u00e4tte. Oder gar einen Neuanfang <img class='azc_bbc_image' src='https:\/\/www.rume.de\/smilies\/laugh.gif'  \/><\/p>\n<p><a href='https:\/\/www.freitag.de\/autoren\/mladen-gladic\/der-nsu-komplex' class='azc_bbc_url'>Der NSU-Komplex<\/a><br \/>\nDer NSU-Prozess geht seinem Ende entgegen. Von einer umfassenden Aufkl\u00e4rung sind wir noch weit entfernt. Ein Dossier im aktuellen &#8222;Freitag&#8220; zeigt die offenen Wunden auf.<\/p>\n<p><a href='http:\/\/www.rp-online.de\/politik\/deutschland\/1907-minderjaehrige-sind-bei-der-bundeswehr-neuer-rekord-aid-1.6845766' class='azc_bbc_url'>DIE LINKE deckt auf: \u00dcber 1.900 Kindersoldaten bei der Bundeswehr<\/a><br \/>\n<span class='azc_bbc_italic'>&#8222;Ein neuer Rekordwert&#8220;<\/span>, wie RP-Online jubelnd berichtet. Jubelnd? Ja, denn (Zitat): <span class='azc_bbc_italic'>&#8222;Auch die Zahl der weiblichen minderj\u00e4hrigen Bewerber ist so hoch wie nie zuvor. Damit zeigen die neuen Imagekampagnen eine verbesserte Wirkung.&#8220;<\/span><\/p>\n<p>Deutscher Qualit\u00e4tsjournalismus im Jahre 2017, der Kindersoldaten als &#8222;erfolgreiche Werbekampagne&#8220; bezeichnet.<\/p>\n<p><a href='http:\/\/www.faz.net\/aktuell\/politik\/ausland\/pentagon-bestaetigt-mehr-als-100-zivile-opfer-durch-luftangriff-in-mossul-15032793.html' class='azc_bbc_url'>Pentagon best\u00e4tigt mehr als 100 zivile Opfer in Mossul<\/a><br \/>\nMal eben lachend \u00fcber 100 unschuldige Menschen weggebombt von den NATO-Truppen? Wird im Kleingedruckten wegmoderiert. <span class='azc_bbc_italic'>&#8222;Ein Versehen&#8220;<\/span> und daher <span class='azc_bbc_italic'>&#8222;nicht weiter erw\u00e4hnenswert&#8220;<\/span>. Aber wehe, im kriegstreibenden Westen geht mal eine Revanche-Bombe hoch! Massenpanik, Sondersendungen, schnappatmende Politiker mit immer absurderen \u00dcberwachungsforderungen &#8211; und ab sofort wird noch h\u00e4rter zur\u00fcckgeschlagen.<\/p>\n<p>Ursachenforschung? Zusammenh\u00e4nge? Alles nur Themen f\u00fcr altlinke Friedensheinis. Moderne Politik trampelt \u00fcber solche Sachverhalte nur lachend hinweg. Und kann das auch nur, weil eine unkritische Qualit\u00e4tsjournaille sie dabei unterst\u00fctzt.<\/p>\n<p><a href='http:\/\/www.abendzeitung-muenchen.de\/inhalt.aeltester-haendler-ist-83-polizei-mit-grossem-waffenfund-vier-festnahmen.32b00a34-a390-4917-964b-693b642f8997.html' class='azc_bbc_url'>Niederbayern: Polizei mit gro\u00dfem Waffenfund<\/a><br \/>\nMan stelle sich vor, solch ein Waffenarsenal h\u00e4tte man bei einem Fl\u00fcchtling gefunden. Oder bei einem Moslem. Die Qualit\u00e4tspresse w\u00fcrde sich \u00fcberschlagen vor lauter Terrorwarnungen.<\/p>\n<p>Zum Gl\u00fcck war es nur ein Deutscher. Die sind per se v\u00f6llig harmlos. Und deswegen ist solch ein Waffenfund auch nur eine Meldung f\u00fcr die Regionalpresse &#8211; und nicht etwa die Topmeldung in der Tagesschau.<\/p>\n<p>Und zu guter Letzt:<\/p>\n<p><a href='http:\/\/sakurai-cartoons.de\/\/images\/g_immerenttaeuscht.gif' class='azc_bbc_url'>Ganz ganz sp\u00e4te Einsicht<\/a><br \/>\n&#8230; wenn sie denn k\u00e4me.<\/p>\n","protected":false},"excerpt":{"rendered":"<p>\/ Hartz-IV-Sanktionen und ihr Nutzen \/ 100-Prozent-Sanktion weil er keine 10 Bewerbungen schrieb \/ Von 1995 bis 2015 lag die j\u00e4hrliche Wachstumsrate mittlerer Einkommen im Schnitt bei null Prozent \/ Union und SPD beschlie\u00dfen Reform der Betriebsrente \/ Anna-Freud-Schule in K\u00f6ln: Unter diesen Bedingungen ist ein Schulbesuch unzumutbar \/ Noch vor Pfingsten: Grundgesetz\u00e4nderungen zur Privatisierung &hellip; <a href=\"https:\/\/www.rume.de\/?p=164\" class=\"more-link\"><span class=\"screen-reader-text\">\u201eAufgelesen und kommentiert 2017-05-29\u201c <\/span>weiterlesen<\/a><\/p>\n","protected":false},"author":1,"featured_media":0,"comment_status":"open","ping_status":"closed","sticky":false,"template":"","format":"standard","meta":{"footnotes":""},"categories":[2],"tags":[],"class_list":["post-164","post","type-post","status-publish","format-standard","hentry","category-aufgelesen"],"_links":{"self":[{"href":"https:\/\/www.rume.de\/index.php?rest_route=\/wp\/v2\/posts\/164","targetHints":{"allow":["GET"]}}],"collection":[{"href":"https:\/\/www.rume.de\/index.php?rest_route=\/wp\/v2\/posts"}],"about":[{"href":"https:\/\/www.rume.de\/index.php?rest_route=\/wp\/v2\/types\/post"}],"author":[{"embeddable":true,"href":"https:\/\/www.rume.de\/index.php?rest_route=\/wp\/v2\/users\/1"}],"replies":[{"embeddable":true,"href":"https:\/\/www.rume.de\/index.php?rest_route=%2Fwp%2Fv2%2Fcomments&post=164"}],"version-history":[{"count":3,"href":"https:\/\/www.rume.de\/index.php?rest_route=\/wp\/v2\/posts\/164\/revisions"}],"predecessor-version":[{"id":168,"href":"https:\/\/www.rume.de\/index.php?rest_route=\/wp\/v2\/posts\/164\/revisions\/168"}],"wp:attachment":[{"href":"https:\/\/www.rume.de\/index.php?rest_route=%2Fwp%2Fv2%2Fmedia&parent=164"}],"wp:term":[{"taxonomy":"category","embeddable":true,"href":"https:\/\/www.rume.de\/index.php?rest_route=%2Fwp%2Fv2%2Fcategories&post=164"},{"taxonomy":"post_tag","embeddable":true,"href":"https:\/\/www.rume.de\/index.php?rest_route=%2Fwp%2Fv2%2Ftags&post=164"}],"curies":[{"name":"wp","href":"https:\/\/api.w.org\/{rel}","templated":true}]}}