{"id":158,"date":"2017-05-22T21:48:45","date_gmt":"2017-05-22T19:48:45","guid":{"rendered":"http:\/\/rume.katti.eu\/?p=158"},"modified":"2017-05-22T21:48:45","modified_gmt":"2017-05-22T19:48:45","slug":"aufgelesen-und-kommentiert-2017-05-22","status":"publish","type":"post","link":"https:\/\/www.rume.de\/?p=158","title":{"rendered":"Aufgelesen und kommentiert 2017-05-22"},"content":{"rendered":"<p>\/ Hartz IV: \u00dcberleben nur auf Pump m\u00f6glich<br \/>\n\/ Ford will weltweit 20.000 Stellen streichen<br \/>\n\/ Steinzeitindustrieboss des Tages: Tesla-Chef Elon Musk<br \/>\n\/ Verkaufsoffene Sonntage schaden den Verk\u00e4ufern<br \/>\n\/ Mercedes-Arbeiter fordern ein neues Streikrecht &#8211; und IG Metall blockiert<br \/>\n\/ Der Schulz-Effekt-Defekt<br \/>\n\/ SPD-Kanzlerkandidat Martin Schulz will mit Bildungspolitik punkten<br \/>\n\/ Bundestagskandidaten von CDU und SPD: Ohne Geld kein Mandat<br \/>\n\/ Lug und Betrug: Autobahnprivatisierung immer noch m\u00f6glich<br \/>\n\/ Privatisierung und Korruption: Kein Betriebsunfall, sondern neoliberale Methode<br \/>\n\/ Handelsabkommen CETA bringt Besch\u00e4ftigten keine weiteren Rechte<br \/>\n\/ Mutti auf ewig?<br \/>\n\/ Was f\u00fcr die Propaganda des ZDF ein &#8222;Propagandavideo&#8220; ist<br \/>\n\/ SPD fordert Anzeigezwang von ARD- und ZDF-Inhalte in sozialen Medien<br \/>\n\/ Nach NRW-Wahlniederlage: SPD zieht mit AfD-Positionen in den Wahlkampf<br \/>\n\/ Bundesregierung vereinfacht Abschiebungen: Verachtung per Gesetz<br \/>\n\/ Bundesregierung bringt aus politischem Kalk\u00fcl das Leben afghanischer Fl\u00fcchtlinge in Gefahr<br \/>\n\/ Ausverkauft<\/p>\n<p>&#8212;<\/p>\n<p><!--more--><\/p>\n<p><a href='https:\/\/www.jungewelt.de\/artikel\/311093.%C3%BCberleben-auf-pump.html' class='azc_bbc_url'>Hartz IV: \u00dcberleben nur auf Pump m\u00f6glich<\/a><br \/>\nDIE LINKE deckt auf: Die Anzahl an Menschen, die auf Kredite vom Sanktionscenter angewiesen sind, steigt immer weiter an. Jeden Monat sind \u00fcber 15.000 Opfer auf Kredite von durchschnittlich 434 Euro angewiesen. 2007 waren es monatlich knapp 4.000 Menschen weniger (bei 233 Euro).<\/p>\n<span class='azc_bbc_italic'>&#8222;Hartz-IV-Bezieher werden gezielt in Armut gehalten.&#8220; Es werde deutlich, dass der Regelsatz von derzeit 409 Euro viel zu niedrig sei. &#8222;Zuwenig f\u00fcr ein w\u00fcrdevolles Leben.&#8220; DIE LINKE und Sozialverb\u00e4nde fordern eine Erh\u00f6hung auf 560 Euro. Die Statistik belege zudem, dass die Armut in Deutschland zunehme. &#8222;Nicht nur bei denjenigen, die im Hartz-IV-System gefangen sind, sondern auch bei denen, die an der Hartz-IV-Grenze arbeiten und dort einen Lohn erhalten, von dem sie nicht leben k\u00f6nnen, und aufstocken m\u00fcssen&#8220;, so Sabine Zimmermann, arbeitsmarktpolitische Sprecherin der Linksfraktion im Bundestag. Das seien weitere 1,2 Millionen Menschen.&#8220;<\/span>\n<p><a href='http:\/\/www.wsws.org\/de\/articles\/2017\/05\/18\/ford-m18.html' class='azc_bbc_url'>Ford will weltweit 20.000 Stellen streichen<\/a><br \/>\nKurzer Auszug: <span class='azc_bbc_italic'>&#8222;Nur wenige Tage nachdem Aktion\u00e4re und Investoren die F\u00fchrungskr\u00e4fte der Ford Motor Company f\u00fcr das &#8222;kl\u00e4gliche Abschneiden&#8220; der Aktienkurse kritisiert hatten, berichtete das Wall Street Journal, dass Ford seine weltweite Belegschaft um zehn Prozent reduzieren will. Das Jobmassaker, das vor allem auf Angestellte abzielt, k\u00f6nnte jeden Zehnten der 201.000 Besch\u00e4ftigten der Firma weltweit betreffen.<\/p>\n<p>Die Nummer zwei der amerikanischen Autohersteller hat sieben Jahre hintereinander stabile Gewinne gemeldet. In den letzten zwei Jahren waren es sogar Rekordgewinne und Rekordmargen, und im ersten Quartal 2017 waren es 1,6 Milliarden Dollar Gewinn. Dennoch hat die Wall Street das in Dearborn (Michigan) beheimatete Unternehmen abgestraft und erwarten, dass die Autohersteller die Zahl der Angestellten und der Produktionsarbeiter kurzfristig reduzieren.<\/p>\n<p>Dass die Aktienkurse des Detroiter Autoherstellers trotz seiner Rekordprofite sinken, ist Teil eines schon l\u00e4nger anhaltenden Trends. Das Finanzparasitentum hat die Industrieproduktion \u00fcberholt und ist heute f\u00fcr die herrschende US-Elite das wichtigste Instrument, um riesige Verm\u00f6gen anzuh\u00e4ufen. Die Stellenstreichungen bei Ford wurden am selben Tag verk\u00fcndet, an dem die New York Times berichtete, der Hedgefond-Manager Ray Dalio habe letztes Jahr 1,4 Milliarden Dollar abkassiert. Dalio hatte vor einiger Zeit die ganze Verachtung der herrschenden Elite f\u00fcr die arbeitende Klasse auf den Punkt gebracht, als er sagte: &#8222;Das Geld, das in der Produktion verdient wird, ist nur ein Almosen verglichen mit den Summen, die durch das Hin- und Herschieben von Geld gemacht werden.&#8220;<\/span><\/p>\n<p>Seht ihr: Ist der Kapitalismus nicht toll? <img class='azc_bbc_image' src='https:\/\/www.rume.de\/smilies\/sarkasm.gif'  \/><\/p>\n<p><a href='https:\/\/www.jungewelt.de\/artikel\/311131.html' class='azc_bbc_url'>Steinzeitindustrieboss des Tages: Tesla-Chef Elon Musk<\/a><br \/>\n<span class='azc_bbc_italic'>&#8222;Der britische Guardian berichtete \u00fcber das Autowerk des &#8211; was sonst &#8211; Milliard\u00e4rs Elon Musk, der in Fremont\/Kalifornien Elektroautos der Marke Tesla herstellen l\u00e4sst. Der Autorin Julia Carrie Wong erz\u00e4hlte z. B. Arbeiter Jonathan Galescu folgendes: &#8222;Ich habe Leute gesehen, die ohnm\u00e4chtig werden, auf den Boden fallen wie ein Pfannkuchen und sich ihr Gesicht aufschlagen. Sie haben uns einfach aufgetragen, um ihn herum zu arbeiten, w\u00e4hrend er noch immer am Boden lag.&#8220;<\/p>\n<p>Tesla spricht von \u00bbEinzelfall\u00ab, die Besch\u00e4ftigten von Dauerzustand. Produktionsarbeiter Richard Ortiz schildert nach jahrelanger \u00dcber-Kopf-Arbeit in Zw\u00f6lf-Stunden-Schichten, Sechs-Tage-Woche und zwei Bandscheibenvorf\u00e4llen: \u00bbDu schaffst es am Montag und am Dienstag, Mittwoch merkst du was, Donnerstag ist Schmerz, Freitag Qual, Sonnabend kommst du gerade so durch den Tag.\u00ab<\/p>\n<p>2018 will Musk 500.000 Autos herstellen lassen, fast 500 Prozent mehr als 2016. Dazu der Tesla-Chef: &#8222;Man kann einfach keine Leute in der Fertigungsstrecke haben. Sonst f\u00e4llt man auf deren Geschwindigkeit zur\u00fcck.&#8220;<\/span><\/p>\n<p><a href='https:\/\/www.welt.de\/debatte\/kommentare\/article164711002\/Verkaufsoffene-Sonntage-schaden-den-Verkaeufern.html' class='azc_bbc_url'>Verkaufsoffene Sonntage schaden den Verk\u00e4ufern<\/a><br \/>\nDIE WELT berichtet: <span class='azc_bbc_italic'>&#8222;Woher soll das zus\u00e4tzliche Geld kommen, das die Kunden in den L\u00e4den lassen? Zumal derjenige Anteil am Einkommen, den deutsche Kunden f\u00fcr Nahrung und Kleidung ausgeben, seit Jahren schrumpft. Das konstatiert etwa das Hamburgische Weltwirtschaftsinstitut (HWWI). Anders ausgedr\u00fcckt: Egal, wie lange die L\u00e4den offen sind, egal, wie gro\u00df die Verkaufsfl\u00e4chen &#8211; es l\u00e4sst sich einfach kaum mehr aus den Portemonnaies der Kunden locken. Stattdessen machen sich die Ladenbesitzer nur gegenseitig Konkurrenz. Es ist derselbe Effekt wie im Kino: Wenn vorne jemand aufsteht, m\u00fcssen alle, die hinter ihm sitzen, auch aufstehen, um noch etwas sehen zu k\u00f6nnen. Am Ende hat niemand einen Vorteil. Es wird ganz einfach f\u00fcr alle nur unbequemer.&#8220;<\/span><\/p>\n<p>So!<\/p>\n<p>Und jetzt bitte mal dieselbe (v\u00f6llig richtige) Schlussfolgerung auch auf andere Themen ausrollen bitte:<\/p>\n<p>&#8211; Wenn man Leiharbeit und Werkvertr\u00e4ge &#8222;billiger&#8220; macht, m\u00fcssen die Festangestellten ebenfalls &#8222;billiger&#8220; werden, damit sie nicht verdr\u00e4ngt werden. Anschliessend geht es ALLEN schlechter.<\/p>\n<p>&#8211; Wenn man Arbeitslose mit menschenverachtenden Gesetzen sanktioniert, wird anteilig bei anderen Menschengruppen (Rentner, Fl\u00fcchtlinge, Obdachlose) ebenfalls gek\u00fcrzt &#8211; und am Ende geht es ALLEN schlechter.<\/p>\n<p>&#8211; Wenn die Agenda 2010 daf\u00fcr sorgt, dass es den Deutschen immer schlechter geht, m\u00fcssen unsere europ\u00e4ischen Nachbarl\u00e4nder ebenfalls nachziehen &#8211; und zum Schluss geht es ganz Europa schlechter.<\/p>\n<p><a href='http:\/\/www.deutschlandfunk.de\/die-kampfansage-mercedes-arbeiter-fordern-ein-neues.1247.de.html?dram:article_id=384864' class='azc_bbc_url'>Mercedes-Arbeiter fordern ein neues Streikrecht &#8211; und IG Metall blockiert<\/a><br \/>\nDer Deutschlandfunk berichtet: <span class='azc_bbc_italic'>&#8222;W\u00e4hrend einer Nachtschicht im Dezember 2014 legten 1.300 Mercedes-Besch\u00e4ftigte im Bremer Werk spontan die Arbeit nieder. Sie protestierten gegen Leiharbeit und eine weitere Auslagerung von Arbeitspl\u00e4tzen. Es war ein wilder Streik, die IG Metall wollte die Aktion nicht unterst\u00fctzen. Daimler reagierte prompt, sprach Abmahnungen aus und drohte im Wiederholungsfall mit K\u00fcndigung. Doch die k\u00e4mpferischen Metallarbeiter klagen nun gegen den Konzern. Sie wollen eine Reform des deutschen Streikrechts bewirken, das Arbeitsniederlegungen ohne Gewerkschaftsbeschluss verbietet. Nach Ansicht der Kl\u00e4ger und ihrer vier Anw\u00e4lte steht das geltende Streikrecht im Widerspruch zum Grundgesetz und zur Europ\u00e4ischen Sozialcharta. Von ihrer Gewerkschaft f\u00fchlen sich die Arbeiter im Stich gelassen. Im Kampf um die Reform des Streikrechts sind die Bremer entschlossen, durch alle Instanzen zu ziehen, notfalls bis vor den Europ\u00e4ischen Gerichtshof f\u00fcr Menschenrechte in Stra\u00dfburg.&#8220;<\/span><\/p>\n<p>Nun ja, die fehlende Unterst\u00fctzung h\u00e4ngt sicherlich damit zusammen, weil die IG Metall gerade einen eigenen Leiharbeitervertrag mit bis zu vier Jahren Ausbeutungsm\u00f6glichkeit abschliessen will. Da darf man jetzt doch nicht das Kapital verunsichern, wenn man sich pl\u00f6tzlich f\u00fcr ganz neue Streikformen stark macht. Die tolle &#8222;Sozialpartnerschaft&#8220; droht ansonsten noch zu kriseln <img class='azc_bbc_image' src='https:\/\/www.rume.de\/smilies\/sarkasm.gif'  \/><\/p>\n<p><a href='http:\/\/uebermedien.de\/15797\/der-martin-schulz-effekt-defekt' class='azc_bbc_url'>Der Schulz-Effekt-Defekt<\/a><br \/>\nErst Hoch- und dann Runtergeschrieben. Der Umgang der Medienm\u00e4chtigen mit ihren Politikern unterscheidet sich kaum vom Vorgehen eines Landwirtes mit seinem Nutzvieh. Ein Hausschwein wird auch erst gem\u00e4stet, dann geschlachtet. So ist der Lauf der Welt <img class='azc_bbc_image' src='https:\/\/www.rume.de\/smilies\/nasiehste.gif'  \/> <a href='http:\/\/www.sopos.org\/aufsaetze\/4f1d2759359d2\/1.phtml' class='azc_bbc_url'>[i](via)[\/i]<\/a><\/p>\n<p><a href='http:\/\/www.deutschlandfunk.de\/spd-bildungspolitik-was-martin-schulz-anders-machen-wuerde.680.de.html?dram:article_id=386619' class='azc_bbc_url'>SPD-Kanzlerkandidat Martin Schulz will mit Bildungspolitik punkten<\/a><br \/>\nDas ist, wie ich finde, ein ziemlich gef\u00e4hrliches Unterfangen. Denn bislang hat es f\u00fcr die SPD, dank der bildungspolitischen &#8222;Intelligenz&#8220; der Deutschen, doch immer wieder f\u00fcr Regierungsp\u00f6stchen und diverse Landesf\u00fcrsten gereicht. Trotz Hartz4, Rente mit 67 und Auslandskriege &#8211; und genauso nat\u00fcrlich auch trotz Ausbau des \u00dcberwachungsstaates, mehreren Ausl\u00e4nder-raus-Gesetzen und zahlreichen Privatisierungen. Den Deutschen eine bessere Bildung zukommen zu lassen, ist insofern doch kontraproduktiv.<\/p>\n<p>Aber zum Gl\u00fcck sind das ja nur Wahlversprechen. Und die haben die SPD bekanntlich <a href='https:\/\/www.youtube.com\/watch?v=ShQypmChFrg&amp;t=10s' class='azc_bbc_url'>noch nie interessiert<\/a>.<\/p>\n<p><a href='http:\/\/www1.wdr.de\/daserste\/monitor\/sendungen\/bundestagskandidaten-100.html' class='azc_bbc_url'>Bundestagskandidaten von CDU und SPD: Ohne Geld kein Mandat<\/a><br \/>\nDer WDR berichtet: <span class='azc_bbc_italic'>&#8222;Eigentlich sollte man ja davon ausgehen, dass jeder Mensch in Deutschland die gleichen Chancen hat, f\u00fcr den Bundestag zu kandidieren. Stimmt aber nicht, denn vor allem die gro\u00dfen Parteien erwarten von ihren Kandidaten regelm\u00e4\u00dfig jede Menge Geld. Bis zu 70.000 Euro sollen Bundestagskandidaten f\u00fcr den Wahlkampf bezahlen. Kann sich nat\u00fcrlich nicht jeder leisten. Deshalb haben Geringverdiener auch deutlich schlechtere Chancen in den Bundestag einzuziehen. Und da sitzen dann &#8211; wen wunderts &#8211; vor allem die Besserverdienenden.&#8220;<\/span> <a href='http:\/\/www1.wdr.de\/daserste\/monitor\/sendungen\/bundestagskandidaten-100.html' class='azc_bbc_url'>Weiterlesen&#8230;<\/a><\/p>\n<p><a href='https:\/\/www.jungewelt.de\/artikel\/310986.lug-und-trug.html' class='azc_bbc_url'>Lug und Betrug: Autobahnprivatisierung immer noch m\u00f6glich<\/a><br \/>\nDer Kern der Grundgesetz\u00e4nderung bleibt unangetastet, dort <a href='https:\/\/is.gd\/WPM96D' class='azc_bbc_url'>soll weiterhin stehen<\/a> (Zitat): <span class='azc_bbc_italic'>&#8222;Die Verwaltung der Bundesautobahnen wird in Bundesverwaltung gef\u00fchrt. Der Bund kann sich zur Erledigung seiner Aufgaben einer Gesellschaft privaten Rechts bedienen.&#8220;<\/span><\/p>\n<p>Was genau ist daran eine Verhinderung (!) der Privatisierung?<\/p>\n<p>Und weiter im Text: <span class='azc_bbc_italic'>&#8222;Es hei\u00dft, die SPD habe durchgesetzt, dass auch eine \u00bbindirekte Privatisierung\u00ab durch sogenannte \u00f6ffentlich-private Partnerschaften (\u00d6PP) verhindert werde. Daf\u00fcr soll ein Passus in die Verfassung, wonach \u00d6PP f\u00fcr Streckennetze, \u00bbdie das gesamte Bundesautobahnnetz oder das gesamte Netz sonstiger Bundesfernstra\u00dfen in einem Land oder wesentliche Teile davon umfassen\u00ab, ausgeschlossen werden. Das ist erstens: keine Absage an \u00d6PP. Das Modell wird in den L\u00e4ndern l\u00e4ngst praktiziert und soll k\u00fcnftig auch in Bundeshoheit auf der \u00bbEbene von Einzelprojekten\u00ab gestattet sein. Zweitens: \u00d6PP ist juristisch nicht definiert. Und Drittens: Gr\u00f6\u00dfenbeschr\u00e4nkungen bringen nichts, \u00d6PP werden global gehandelt, ein Hedgefonds k\u00f6nnte sich ein Netz auch h\u00e4ppchenweise zusammenkaufen.<\/p>\n<p>Dass die SPD seit Tagen eine Nebelkerze nach der n\u00e4chsten z\u00fcndet, beweist nur einmal mehr, wie sehr sich die Partei den Kapitalinteressen verpflichtet f\u00fchlt und wie wenig dem Wohl der Allgemeinheit. Die gesamte Konzeption der Autobahn-GmbH ist auf dem Mist neoliberaler Vordenker gewachsen, vorneweg DIW-Chef Marcel Fratzscher, der im Auftrag von Sigmar Gabriel (SPD) ausgeheckt hat, wie man \u00f6ffentliche Infrastruktur &#8211; neben Stra\u00dfen auch Schulen &#8211; in hochprofitable Anlageprodukte f\u00fcr Banken und Versicherern verwandelt.&#8220;<\/span><\/p>\n<p><a href='https:\/\/www.neues-deutschland.de\/artikel\/1051433.ppp-oder-von-der-salonfaehigkeit-der-unterwelt.html' class='azc_bbc_url'>Privatisierung und Korruption: Kein Betriebsunfall, sondern neoliberale Methode<\/a><br \/>\nKein weiterer Kommentar n\u00f6tig.<\/p>\n<p><a href='https:\/\/www.jungewelt.de\/artikel\/310954.das-ist-die-%C3%BCbliche-augenwischerei.html' class='azc_bbc_url'>Handelsabkommen CETA bringt Besch\u00e4ftigten keine weiteren Rechte<\/a><br \/>\nWenn Konzerne glauben, dass ihnen wegen Sozialgesetze oder Umweltauflagen etwas Profit verloren gehen k\u00f6nnte, k\u00f6nnen sie jederzeit dagegen klagen &#8211; und entweder die entgangenen Profite aus unserer Steuerzahlerkasse abgreifen, oder eben nicht. Verlieren k\u00f6nnen Konzerne dabei nie, sondern deren h\u00f6chste &#8222;Strafe&#8220; ist, das alles bleibt wie es ist.<\/p>\n<p>Was ich allerdings auch nicht wusste: Wenn Konzerne vors\u00e4tzlich gegen Sozialgesetze (!) verstossen (und das tun sie oft und gerne), dann gibt es KEINE Stelle, bei der man Klage einreichen k\u00f6nnte. Zitat: <span class='azc_bbc_italic'>&#8222;Im Gegensatz zu den fragw\u00fcrdigen Schiedsgerichten gibt es kein gleichwertiges Pendant, bei dem Besch\u00e4ftigte und Gewerkschaften ihre Rechte einklagen k\u00f6nnten. Derlei ist vertraglich sogar ausdr\u00fccklich ausgeschlossen. Als Schlichtungsmechanismus bei Konflikten wird hier lediglich die Einrichtung eines Sachverst\u00e4ndigengremiums genannt. Am Ende des Prozesses steht aber keine verbindliche Entscheidung. Es sollen lediglich L\u00f6sungsvorschl\u00e4ge erarbeitet werden, an die sich die Vertragsparteien halten k\u00f6nnen &#8211; oder aber nicht.&#8220;<\/span><\/p>\n<p>Fassen wir also zusammen: JEDE Partei, die sich f\u00fcr CETA einsetzt (also CDU, CSU, SPD und FDP), ist UNW\u00c4HLBAR. Punkt.<\/p>\n<p><a href='https:\/\/www.rubikon.news\/artikel\/mutti-auf-ewig' class='azc_bbc_url'>Mutti auf ewig?<\/a><br \/>\nRUBIKON schreibt: <span class='azc_bbc_italic'>&#8222;Aus allen Medienkan\u00e4len schallt uns tagt\u00e4glich die Botschaft &#8222;Deutschland geht es so gut wie noch nie&#8220; entgegen. Man m\u00fcsste als erstes die Frage stellen, wem es denn genau gut geht. Bei uns droht inzwischen jedem zweiten Einwohner die Altersarmut! Die Obdachlosigkeit w\u00e4chst rasant, die Verschuldungsquote der Privathaushalte steigt unaufhaltsam. Besonders krass ist, dass Vollbesch\u00e4ftigung keine Garantie mehr f\u00fcr angemessenen Lebensstandard ist.<\/p>\n<p>Dazu: In sogenannten strukturschwachen Gebieten, etwa in den l\u00e4ndlichen Regionen von Sachsen, haben viele Menschen erlebt, dass man sich jahrzehntelang nicht um den Verfall ihrer Gemeinden gek\u00fcmmert hat. Dass die das Gef\u00fchl bekommen, Fl\u00fcchtlinge seien ihrer Regierung wichtiger als die eigene Bev\u00f6lkerung, hat ja reale Gr\u00fcnde. Trotzdem ist es auch wichtig, zu zeigen, dass die Fl\u00fcchtlinge aus Nordafrika nicht unser gr\u00f6\u00dftes Problem sind.<\/p>\n<p>Unser gr\u00f6\u00dftes Problem sind ganz andere Fl\u00fcchtlinge &#8211; die Steuerfl\u00fcchtlinge, also jene Reichen und vor allem Nutznie\u00dfer der Billiglohnpolitik, die ihre Gewinne und ihr Verm\u00f6gen illegal vor dem Fiskus in Sicherheit bringen. Der Schaden betr\u00e4gt pro Jahr ein Vielfaches von dem, was unser Land f\u00fcr Fl\u00fcchtlinge aufwenden muss.&#8220;<\/span><\/p>\n<p>An dieser Stelle auch nochmal <a href='https:\/\/heise.de\/-3387374' class='azc_bbc_url'>folgender Hinweis<\/a>:<\/p>\n<p>&#8211; Belastung der B\u00fcrger pro Kopf und Jahr durch &#8222;Sozialbetrug&#8220;: 0,88 Euro<br \/>\n&#8211; Belastung der B\u00fcrger pro Kopf und Jahr durch Steuerhinterziehung: 1.250 Euro<\/p>\n<p>Und nochmal RUBIKON: <span class='azc_bbc_italic'>&#8222;Und es geht auch um die Erh\u00f6hung des Wehretats. Da wird mal eben der Verteidigungshaushalt verdoppelt, was Deutschland auf Platz Vier der m\u00e4chtigsten Milit\u00e4rm\u00e4chte auf diesem Planeten katapultiert. Weder CDU noch SPD werden ihre W\u00e4hler klipp und klar fragen: Wollt ihr wirklich die viertst\u00e4rkste Milit\u00e4rmacht auf dieser Welt sein? Wollt ihr von euren Steuergeldern wirklich mehr Waffen, Panzer und Raketen finanzieren als das gesamte, riesige Russland besitzt? Ich glaube kaum, dass die Bev\u00f6lkerung dann noch CDU oder SPD w\u00e4hlen w\u00fcrde. Man muss ihnen aber erst einmal klar machen, dass eine Wahl der heutigen Regierungsparteien auf nichts anderes hinaus laufen wird.&#8220;<\/span> <a href='https:\/\/www.rubikon.news\/artikel\/mutti-auf-ewig' class='azc_bbc_url'>Weiterlesen&#8230;<\/a><\/p>\n<p><a href='https:\/\/propagandaschau.wordpress.com\/2017\/05\/20\/was-fuer-die-propaganda-des-zdf-ein-propagandavideo-ist' class='azc_bbc_url'>Was f\u00fcr die Propaganda des ZDF ein &#8222;Propagandavideo&#8220; ist<\/a><br \/>\nDie Taliban zeigen ein Video ihrer Rakete = Propaganda<br \/>\nDas US-Milit\u00e4r zeigt ein Video ihrer Rakete = keine Propaganda<\/p>\n<p>So einfach ist die neutrale Qualit\u00e4tsberichterstattung der \u00d6ffentlich-Rechten. <span class='azc_bbc_italic'>&#8222;Die Doppelmoral ist so entlarvend, als w\u00fcrde ein notorischer S\u00e4ufer mit dem erhobenen Finger auf den Kr\u00e4uterschnaps des Nachbarn zeigen.&#8220;<\/span> <img class='azc_bbc_image' src='https:\/\/www.rume.de\/smilies\/nasiehste.gif'  \/><\/p>\n<p>Weitere Beispiele:<\/p>\n<p><a href='https:\/\/propagandaschau.wordpress.com\/2017\/05\/21\/waehrend-die-ard-tagesschau-merkel-und-poroschenko-als-friedensengel-verkauft' class='azc_bbc_url'>ARD-Bericht \u00fcber den Merkel-Besuch in der Ukraine<\/a> und zum direkten Vergleich <a href='https:\/\/propagandaschau.wordpress.com\/2017\/05\/22\/weitere-propaganda-gegen-venezuela-in-ard-und-zdf' class='azc_bbc_url'>dieselbe ARD \u00fcber die Lage in Venezuela<\/a>. Mal sind die demonstrierenden B\u00fcrger lobenswerte Randalierer, die gegen ein herrschendes Regime protestieren &#8211; und mal sind die demonstrierenden B\u00fcrger randalierende Separatisten, die ein lobenswertes Regime gef\u00e4hrden. Jetzt muss man nur noch wissen, welches Etikett man wo hinkleben muss und fertig ist die neutrale Qualit\u00e4tsberichterstattung unserer \u00d6ffentlich-Rechten <img class='azc_bbc_image' src='https:\/\/www.rume.de\/smilies\/sarkasm.gif'  \/><\/p>\n<p><a href='https:\/\/heise.de\/-3721706' class='azc_bbc_url'>SPD fordert Anzeigezwang von ARD- und ZDF-Inhalte in sozialen Medien<\/a><br \/>\n<span class='azc_bbc_italic'>&#8222;In ein zeitgem\u00e4\u00dfes&#8220; Medienrecht geh\u00f6rten deshalb &#8222;Must-be-found-Regeln&#8220;, hei\u00dft es im j\u00fcngst ver\u00f6ffentlichten Entwurf der SPD-Wahlprogrammkommission. Im Klartext: Google, Facebook und andere gro\u00dfe Online-Portale sollen Inhalte von Qualit\u00e4tsmedien und insbesondere des \u00f6ffentlich-rechtlichen Rundfunks an prominenter Stelle anzeigen m\u00fcssen.&#8220;<\/span><\/p>\n<p>Warum nicht gleich den guten alten Volksempf\u00e4nger mit gleichzeitigem Feindsender-H\u00f6rverbot?<\/p>\n<p><a href='http:\/\/www.wsws.org\/de\/articles\/2017\/05\/19\/staa-m19.html' class='azc_bbc_url'>Nach NRW-Wahlniederlage: SPD zieht mit AfD-Positionen in den Wahlkampf<\/a><br \/>\n<span class='azc_bbc_italic'>&#8222;Anfang der Woche erkl\u00e4rte Martin Schulz, seine SPD werde die &#8222;innere Sicherheit&#8220; ins Zentrum des Bundestagswahlkampfs stellen. Am Dienstag, zwei Tage nach der NRW-Wahlniederlage, verschickte die Parteif\u00fchrung ein 67-Seiten-Papier an die Mitgliedschaft, in dem die Eckpunkte des Bundestagswahlprogramms zusammengefasst sind. Sie fordert darin:<\/p>\n<p>&#8211; Wir wollen 15.000 neue Stellen bei der Polizei in Bund und L\u00e4ndern schaffen.<br \/>\n&#8211; Wo Videotechnik hilft, Gefahren vorzubeugen und Beweise zu sichern, soll sie eingesetzt werden.<br \/>\n&#8211; Ausl\u00e4nder, die schwere Straftaten begehen, sollen nach Verb\u00fc\u00dfung ihrer Strafe unverz\u00fcglich abgeschoben werden.<br \/>\n&#8211; Wir werden extremistische islamistische Moscheen schlie\u00dfen und ihre Finanzierung unterbinden.<\/p>\n<p>Das ist AfD-Politik. Mit ihrer Forderung nach schneller Abschiebung krimineller Ausl\u00e4nder sch\u00fcrt die SPD gezielt rassistische Stimmungen. Wie alle rechten Parteien versucht sie so, die wachsende Opposition gegen die soziale Krise in rassistische Bahnen zu lenken.<\/p>\n<p>Die SPD vollzieht diese Rechtswende in ihrem Wahlprogramm aber nicht aus wahltaktischen \u00dcberlegungen. Sie wei\u00df sehr gut, dass beide Themen &#8211; innerstaatliche Aufr\u00fcstung und Ausl\u00e4nderfeindschaft &#8211; von gro\u00dfen Teilen der arbeitenden Bev\u00f6lkerung und Jugend abgelehnt werden. Die SPD wertet die eigenen Stimmenverluste als Ausdruck einer massiven Opposition gegen die gesamte herrschende Klasse. In den Medienberichten \u00fcber die Wahl war weitgehend untergegangen, dass nicht nur die SPD ihr historisch schlechtestes Ergebnis seit 1947 hinnehmen musste, sondern auch die CDU ihr zweitschlechtestes Ergebnis erzielte.<\/p>\n<p>Die SPD wertet das Wahlergebnis als Ank\u00fcndigung gro\u00dfer Klassenk\u00e4mpfe und reagiert mit einer Law-and-Order-Kampagne, die darauf ausgerichtet ist, einen Polizeistaat zu schaffen. Die SPD und die mit ihr verb\u00fcndeten Gewerkschaften sind Instrumente der herrschenden Klasse. Arbeiter m\u00fcssen ihrerseits Lehren aus der NRW-Wahl ziehen und sich auf heftige Klassenk\u00e4mpfe vorbereiten.&#8220;<\/span><\/p>\n<p>Das erste Beispiel hat die SPD direkt mal umgesetzt:<\/p>\n<p><a href='https:\/\/www.neues-deutschland.de\/artikel\/1051553.bundestag-vereinfacht-abschiebungen.html' class='azc_bbc_url'>Bundesregierung vereinfacht Abschiebungen: Verachtung per Gesetz<\/a><br \/>\nInklusive Inhaftierung aller, die man einsperren will &#8211; und das bereits bekannte Gesetz zur Durchsuchen der Mobiltelefone, was dann sp\u00e4ter (nach einer &#8222;Gew\u00f6hnungsphase&#8220;) auch gegen uns ausgeweitet wird.<\/p>\n<p>Mauern hoch, Ausbeutung beibehalten und die Opfer des Kapitalismus mit rassistischer Hetze und Menschenrechtsverbrechen aus dem Land jagen, Hauptsache &#8222;Ausl\u00e4nder raus&#8220; und zur\u00fcck ins Kriegsgebiet gepr\u00fcgelt &#8211; das ist die Politik von Merkel und Schulz, ganz ohne Beteiligung der angeblich so schlimmen AfD.<\/p>\n<p>Dazu passt:<\/p>\n<p><a href='https:\/\/www.linksfraktion.de\/presse\/pressemitteilungen\/detail\/bundesregierung-bringt-aus-politischem-kalkuel-das-leben-afghanischer-fluechtlinge-in-gefahr' class='azc_bbc_url'>Bundesregierung bringt aus politischem Kalk\u00fcl das Leben afghanischer Fl\u00fcchtlinge in Gefahr<\/a><br \/>\n<span class='azc_bbc_italic'>&#8222;Die verbrecherischen Angriffe in Afghanistan zeigen deutlich: Die Bundesregierung l\u00fcgt, wenn sie behauptet, in Afghanistan g\u00e4be es sichere Gebiete, in die abgeschoben werden k\u00f6nne. Ihr Ziel ist schlicht, m\u00f6glichst viele Menschen abzuschieben, nach dem &#8222;Motto aus den Augen, aus dem Sinn&#8220;. Es ist eine Schande, dass die Bundesregierung f\u00fcr ihr eigenes politisches Kalk\u00fcl systematisch das Leben von Fl\u00fcchtlingen in Gefahr bringt. Die Abschiebungen nach Afghanistan m\u00fcssen sofort gestoppt werden.&#8220;<\/span><\/p>\n<p>Jemand zustimmend genickt. Dann schaut mal, wer das gesagt hat.<\/p>\n<p>Und zu guter Letzt:<\/p>\n<p><a href='http:\/\/www.harm-bengen.de\/toonpool\/2017%2005%2022%20Alte_Huete-FARBE.jpg' class='azc_bbc_url'>Ausverkauft<\/a><br \/>\n<img class='azc_bbc_image' src='https:\/\/www.rume.de\/smilies\/nasiehste.gif'  \/><\/p>\n","protected":false},"excerpt":{"rendered":"<p>\/ Hartz IV: \u00dcberleben nur auf Pump m\u00f6glich \/ Ford will weltweit 20.000 Stellen streichen \/ Steinzeitindustrieboss des Tages: Tesla-Chef Elon Musk \/ Verkaufsoffene Sonntage schaden den Verk\u00e4ufern \/ Mercedes-Arbeiter fordern ein neues Streikrecht &#8211; und IG Metall blockiert \/ Der Schulz-Effekt-Defekt \/ SPD-Kanzlerkandidat Martin Schulz will mit Bildungspolitik punkten \/ Bundestagskandidaten von CDU und &hellip; <a href=\"https:\/\/www.rume.de\/?p=158\" class=\"more-link\"><span class=\"screen-reader-text\">\u201eAufgelesen und kommentiert 2017-05-22\u201c <\/span>weiterlesen<\/a><\/p>\n","protected":false},"author":1,"featured_media":0,"comment_status":"open","ping_status":"closed","sticky":false,"template":"","format":"standard","meta":{"footnotes":""},"categories":[2],"tags":[],"class_list":["post-158","post","type-post","status-publish","format-standard","hentry","category-aufgelesen"],"_links":{"self":[{"href":"https:\/\/www.rume.de\/index.php?rest_route=\/wp\/v2\/posts\/158","targetHints":{"allow":["GET"]}}],"collection":[{"href":"https:\/\/www.rume.de\/index.php?rest_route=\/wp\/v2\/posts"}],"about":[{"href":"https:\/\/www.rume.de\/index.php?rest_route=\/wp\/v2\/types\/post"}],"author":[{"embeddable":true,"href":"https:\/\/www.rume.de\/index.php?rest_route=\/wp\/v2\/users\/1"}],"replies":[{"embeddable":true,"href":"https:\/\/www.rume.de\/index.php?rest_route=%2Fwp%2Fv2%2Fcomments&post=158"}],"version-history":[{"count":1,"href":"https:\/\/www.rume.de\/index.php?rest_route=\/wp\/v2\/posts\/158\/revisions"}],"predecessor-version":[{"id":159,"href":"https:\/\/www.rume.de\/index.php?rest_route=\/wp\/v2\/posts\/158\/revisions\/159"}],"wp:attachment":[{"href":"https:\/\/www.rume.de\/index.php?rest_route=%2Fwp%2Fv2%2Fmedia&parent=158"}],"wp:term":[{"taxonomy":"category","embeddable":true,"href":"https:\/\/www.rume.de\/index.php?rest_route=%2Fwp%2Fv2%2Fcategories&post=158"},{"taxonomy":"post_tag","embeddable":true,"href":"https:\/\/www.rume.de\/index.php?rest_route=%2Fwp%2Fv2%2Ftags&post=158"}],"curies":[{"name":"wp","href":"https:\/\/api.w.org\/{rel}","templated":true}]}}