{"id":156,"date":"2017-05-18T21:49:28","date_gmt":"2017-05-18T19:49:28","guid":{"rendered":"http:\/\/rume.katti.eu\/?p=156"},"modified":"2017-05-18T21:49:28","modified_gmt":"2017-05-18T19:49:28","slug":"aufgelesen-und-kommentiert-2017-05-18","status":"publish","type":"post","link":"https:\/\/www.rume.de\/?p=156","title":{"rendered":"Aufgelesen und kommentiert 2017-05-18"},"content":{"rendered":"<p>\/ Teilzeit: Fast jeder Dritte bekommt nur Niedriglohn<br \/>\n\/ &#8222;Crowdworker&#8220; auf Onlineplattformen: Die meisten verdienen unter 100 Euro<br \/>\n\/ Wie sich das Jobcenter Pinneberg \u00fcber Hartz-4-Opfer lustig macht<br \/>\n\/ Hartz-IV: Unterwirf dich oder stirb<br \/>\n\/ Wahlprogramm der SPD ist hochnotpeinlich<br \/>\n\/ EU-Kommission gestattet weiterhin Geldw\u00e4sche und Steuertricks<br \/>\n\/ Krankenhausreform auf Kosten von Besch\u00e4ftigten und Patienten<br \/>\n\/ Neuigkeiten zum Thema Autobahnprivatisierung<br \/>\n\/ Netzwerkdurchsetzungsgesetz geht unver\u00e4ndert in den Bundestag<br \/>\n\/ V-Mann &#8222;Tarif&#8220;: Verfassungsschutz hat Untertauchen des NSU-Trio mitorganisiert<br \/>\n\/ Attent\u00e4ter Anis Amri h\u00e4tte vor Anschlag verhaftet werden k\u00f6nnen<br \/>\n\/ NSU-Aufkl\u00e4rung und Zensurversuche<br \/>\n\/ Bayerischer Rundfunk startet eigene &#8222;Anti-Fake-News-Einheit&#8220;<br \/>\n\/ Und zu guter Letzt noch zweimal Bundeswehr<\/p>\n<p>&#8212;<\/p>\n<p><!--more--><\/p>\n<p><a href='https:\/\/www.neues-deutschland.de\/artikel\/1051423.teilzeit-prozent-erhalten-niedriglohn.html' class='azc_bbc_url'>Teilzeit: Fast jeder Dritte bekommt nur Niedriglohn<\/a><br \/>\nIst der Kapitalismus nicht toll? <img class='azc_bbc_image' src='https:\/\/www.rume.de\/smilies\/sarkasm.gif'  \/><\/p>\n<p>Dazu passt:<\/p>\n<p><a href='https:\/\/www.jungewelt.de\/artikel\/310915.die-meisten-verdienen-unter-100-euro.html' class='azc_bbc_url'>&#8220;Crowdworker&#8220; auf Onlineplattformen: Die meisten verdienen unter 100 Euro<\/a><br \/>\nDas reinste Paradies f\u00fcr Kapitalisten: Keine Mindestl\u00f6hne, keine Sozialabgaben, kein Urlaubsanspruch, keine geregelten Arbeitszeiten, keine Lohnfortzahlung im Krankheitsfall &#8211; jederzeit per Onlineklick verf\u00fcgbare Lohnsklaven zur Ausbeutung im Angebot. Und keine Bundesregierung weit und breit, die sich f\u00fcr den Schutz der Leute auch nur im entferntesten interessiert. <span class='azc_bbc_italic'>&#8222;Die k\u00f6nnen ja Hartz4 beantragen zum Aufstocken.&#8220;<\/span> Und das ist alles an Sozialpolitik, was die Opfer dank &#8222;mutiger SPD-Reformpolitik&#8220; noch erhalten (wenn sie Gl\u00fcck haben).<\/p>\n<p><a href='https:\/\/hartz4widerspruch.de\/jobcenter-pinneberg' class='azc_bbc_url'>Wie sich das Jobcenter Pinneberg \u00fcber Hartz-4-Opfer lustig macht<\/a><br \/>\nIndem man einfach mal einen &#8222;Ratgeber&#8220; drucken und verteilen l\u00e4sst:<\/p>\n<p>&#8211; verzichtet doch auf Fleisch<br \/>\n&#8211; baut doch selber Gem\u00fcse an<br \/>\n&#8211; verkauft doch eure M\u00f6bel<br \/>\n&#8211; dann gew\u00f6hnt ihr euch schon dran<\/p>\n<span class='azc_bbc_italic'>&#8222;Unsere Empfehlung: Die Brosch\u00fcren kostenfrei als Brennstoff f\u00fcr \u00d6fen zur Verf\u00fcgung stellen. Hier haben sie die beste Wirkung.&#8220;<\/span>\n<p>Ich hab <a href='https:\/\/hartz4widerspruch.de\/blog' class='azc_bbc_url'>dieses Blog<\/a>, in dem Sozialanw\u00e4lte schon seit November 2015 berichten, erst heute entdeckt &#8211; und werde zuk\u00fcnftig sicherlich noch \u00f6fters davon zitieren.<\/p>\n<p><a href='https:\/\/www.rubikon.news\/artikel\/unterwirf-dich-oder-stirb' class='azc_bbc_url'>Hartz-IV: Unterwirf dich oder stirb<\/a><br \/>\nL E S E B E F E H L<\/p>\n<p>Kurzer Auszug: <span class='azc_bbc_italic'>&#8222;Mehreren Studien zufolge leidet etwa ein Drittel der 4,3 Millionen erwerbsf\u00e4higen Leistungsberechtigten &#8211; inklusive Kinder sind fast 6,4 Millionen Menschen in Deutschland von der Leistung abh\u00e4ngig &#8211; unter psychischen Problemen. Depressionen und Angstst\u00f6rungen stehen ganz oben auf der Skala, hei\u00dft es. Bis zu f\u00fcnf Millionen Menschen machen ihren Anspruch auf Hartz IV gar nicht geltend. Sie leben lieber von Hungerl\u00f6hnen, manchmal auch vom Flaschensammeln. Nicht selten sammeln sie Schulden bei der Krankenkasse an und erhalten nur die absolute Notversorgung.&#8220;<\/span><\/p>\n<p>UPDATE: <a href='http:\/\/narrenschiffsbruecke.blogspot.de\/2017\/05\/hartz-terror-ich-bin-ein-krimineller.html' class='azc_bbc_url'>Hier noch ein Alltagsbericht eines Betroffenen<\/a>.<\/p>\n<p><a href='https:\/\/www.neues-deutschland.de\/artikel\/1051414.html' class='azc_bbc_url'>Wahlprogramm der SPD ist hochnotpeinlich<\/a><br \/>\n<span class='azc_bbc_italic'>&#8222;Noch nicht einmal im Wahlprogramm ist eine Erh\u00f6hung des ALG II (Hartz IV) geplant. Es soll weder eine Abschaffung der Sanktionen im ALG II, noch der Sperrzeiten beim ALG I geben. Es gibt nur die eine, doch sehr d\u00fcrftige Forderung nach Aufhebung der besonders scharfen Sanktionen f\u00fcr Unter-25-J\u00e4hrige. Das wollte die SPD bereits in der Gro\u00dfen Koalition &#8211; und hat es von der CDU nat\u00fcrlich nicht bekommen.<\/p>\n<p>Es gibt keinerlei belastbare Aussage zur Freiwilligkeit, zum Entgeltniveau oder zu \u00f6ffentlich gef\u00f6rderter Besch\u00e4ftigung. Auch bei der Rente gibt es nur Absichtserkl\u00e4rungen. Es soll eine Pflichtmitgliedschaft f\u00fcr Selbst\u00e4ndige geben, aber keine klar geregelte Erwerbst\u00e4tigenversicherung. Genauso ist es bei der parit\u00e4tischen B\u00fcrgerversicherung: sie soll zwar &#8222;gerecht&#8220; finanziert werden, aber au\u00dfer bei chronisch Kranken gibt es keine klaren Ansagen zur Zuzahlungsfreiheit.<\/p>\n<p>Um es in aller Deutlichkeit zu sagen: Das alles ist so wenig, dass es aus Sicht der sozial Ausgegrenzten noch nicht mal einen substanziellen Unterschied machen wird, ob nach der kommenden Bundestagswahl die SPD mit absoluter Mehrheit oder erneut in einer gro\u00dfen Koalition regiert.&#8220;<\/span><\/p>\n<p>Jemand \u00fcberrascht? Oder muss ich erneut eine neue Ladung an Eselsm\u00fctzen vorbestellen, die sich dann alle SPD-W\u00e4hler nach der Bundestagswahl abholen k\u00f6nnen, w\u00e4hrend ich ihnen hier im Blog den gesamten Sozialabbau um die Ohren kloppe, den die SPD mal wieder NACH der Bundestagswahl durchziehen wird? <a href='http:\/\/blog.todamax.net\/2017\/photographies-of-wtf-34' class='azc_bbc_url'>Der Deutsche lernt ja nur sehr langsam &#8211; wenn \u00fcberhaupt<\/a>.<\/p>\n<p><a href='http:\/\/www.dielinke-europa.eu\/article\/11250.kommission-gestattet-geldwaesche-steuertricks.html' class='azc_bbc_url'>EU-Kommission gestattet weiterhin Geldw\u00e4sche und Steuertricks<\/a><br \/>\nTrotz des Auffliegens zahlreicher Steuer-CDs, Luxemburg- und Panama-Leaks ver\u00e4ndert die EU-Kommission ihre Steuerhinterzieher-L\u00e4nderliste nur in einem einzigen Punkt: Statt Guyana taucht nun neuerdings \u00c4thiopien (!) auf <img class='azc_bbc_image' src='https:\/\/www.rume.de\/smilies\/clown.gif'  \/><\/p>\n<p><a href='https:\/\/www.linksfraktion.de\/presse\/pressemitteilungen\/detail\/groehe-setzt-krankenhausreform-auf-kosten-von-beschaeftigten-und-patienten-durch' class='azc_bbc_url'>Krankenhausreform auf Kosten von Besch\u00e4ftigten und Patienten<\/a><br \/>\n<span class='azc_bbc_italic'>&#8222;Die Bundesregierung will unwirtschaftliche Kliniken schlie\u00dfen. Die Reform f\u00fchrt dazu, dass ein Krankenhaus am besten f\u00e4hrt, wenn m\u00f6glichst wenig Personal m\u00f6glichst viele und m\u00f6glichst schwere Operationen (Stichwort: Fallpauschale) durchf\u00fchrt. Die Leidtragenden sind die Besch\u00e4ftigten sowie die Patientinnen und Patienten. Hier muss dringend umgesteuert werden. Krankenhaus-Politik muss sich am Gemeinwohl orientieren und darf nicht dem Wettbewerb geopfert werden.&#8220;<\/span><\/p>\n<p>Klingt das f\u00fcr euch gut? Dann klickt mal, wer das fordert <img class='azc_bbc_image' src='https:\/\/www.rume.de\/smilies\/nasiehste.gif'  \/><\/p>\n<p><a href='https:\/\/www.facebook.com\/sahra.wagenknecht\/posts\/1707344699282920' class='azc_bbc_url'>Neuigkeiten zum Thema Autobahnprivatisierung<\/a><br \/>\n<span class='azc_bbc_italic'>&#8222;Die schlechte Nachricht ist, dass das Thema damit leider nicht erledigt, sondern nur verschoben ist. Und skeptisch stimmt insbesondere, dass die Gro\u00dfe Koalition dabei bleibt, die Abstimmung als Gesamtpaket durchf\u00fchren zu wollen. Die Bund-L\u00e4nder-Finanzreform soll somit weiterhin als Erpressungsmittel genutzt werden, um eine Zustimmung zu erreichen. Ohne Privatisierung br\u00e4uchte es eine solche Erpressung nicht. Ich sage: Nein zu diesen R\u00e4nkespielen. Die Autobahnprivatisierung geh\u00f6rt nicht nur verschoben, sondern vollst\u00e4ndig von der Tagesordnung abgesetzt! Au\u00dfer den Renditej\u00e4gern bei Banken und Versicherungen braucht kein Mensch dieses unsinnige Projekt!&#8220;<\/span><\/p>\n<p>Nochmal: Klingt das gut? Dann klickt mal, wer das fordert <img class='azc_bbc_image' src='https:\/\/www.rume.de\/smilies\/nasiehste.gif'  \/><\/p>\n<p>\u00dcbrigens: CDU\/CSU und SPD haben <a href='http:\/\/www.berliner-zeitung.de\/wirtschaft\/privatisierung-verkauf-der-autobahnen-wird-vertagt-26916186' class='azc_bbc_url'>\u00fcber zwei Millionen Euro unseres Steuergelds veruntreut<\/a>, damit Privatkonzerne schon mal <span class='azc_bbc_italic'>&#8222;die n\u00f6tigen Privatisierungs-Klauseln&#8220;<\/span> in die Vertr\u00e4ge schreiben.<\/p>\n<p>Aber nochmal: Soweit ich das den aktuellen Wahlumfragen entnehmen kann, freuen sich die Deutschen schon wie Bolle darauf, endlich eine Pkw-Maut zugunsten der Profite von Banken und Versicherungskonzernen berappen zu d\u00fcrfen.<\/p>\n<p><a href='https:\/\/netzpolitik.org\/2017\/vorsicht-beruhigungspille-netzwerkdurchsetzungsgesetz-geht-unveraendert-in-den-bundestag' class='azc_bbc_url'>Netzwerkdurchsetzungsgesetz geht unver\u00e4ndert in den Bundestag<\/a><br \/>\n<span class='azc_bbc_italic'>&#8222;Kurz bevor das Netzwerkdurchsetzungsgesetz in den Bundestag eingebracht wird, versucht die Gro\u00dfe Koalition zu beruhigen und verk\u00fcndet, es gebe Nachbesserungen. Das Problem daran: Der Gesetzestext ist weiterhin exakt derselbe, die angek\u00fcndigten &#8222;Klarstellungen&#8220; nicht einmal kosmetische Ver\u00e4nderungen.&#8220;<\/span> <a href='https:\/\/netzpolitik.org\/2017\/vorsicht-beruhigungspille-netzwerkdurchsetzungsgesetz-geht-unveraendert-in-den-bundestag' class='azc_bbc_url'>Weiterlesen&#8230;<\/a><\/p>\n<p>Falls jemand nicht mehr weiss, worum es im Kern geht: <a href='http:\/\/norberthaering.de\/de\/27-german\/news\/831-maas' class='azc_bbc_url'>Klick<\/a>.<\/p>\n<p><a href='http:\/\/internetz-zeitung.eu\/index.php\/4364-staatsterror-vs-agent-tarif-verfassungsschutz-hat-das-untertauchen-des-nsu-trio-mitorganisiert' class='azc_bbc_url'>V-Mann &#8222;Tarif&#8220;: Verfassungsschutz hat Untertauchen des NSU-Trio mitorganisiert<\/a><br \/>\nDer bezahlte Spitzel des &#8222;Verfassungsschutzes&#8220; packt in seiner Ver\u00f6ffentlichung mit dem Namen &#8222;Enttarnt &#8211; Ich h\u00e4tte den NSU stoppen k\u00f6nnen&#8220;, welches der &#8222;Welt am Sonntag&#8220; vorliegt, gnadenlos aus: Dar\u00fcber, dass man das NSU-Trio jederzeit h\u00e4tte festnehmen k\u00f6nnen, wenn man es nur gewollt h\u00e4tte. Und dar\u00fcber, dass die &#8222;Sicherheitsbeh\u00f6rden&#8220; selbst dann nicht eingriffen, als die NSU-Leute offen dar\u00fcber sprachen, untertauchen zu wollen.<\/p>\n<p>Es \u00fcberrascht daher wenig, dass exakt diese Akten mit die Ersten waren, die der &#8222;Verfassungsschutz&#8220; eilig durch den Schredder jagte.<\/p>\n<p>Und zynischer Schmunzler zum Abschluss (Zitat): <span class='azc_bbc_italic'>&#8222;Ein weiterer V-Mann der rechten Szene will jetzt vor dem NSU-Untersuchungsausschu\u00df in Hessen aussagen. Oft starben Zeugen vor diesem Wunsch &#8211; bleibt zu hoffen, dass dieser Zeuge die Vernehmung lebendig erlebt.&#8220;<\/span> <img class='azc_bbc_image' src='https:\/\/www.rume.de\/smilies\/sarkasm.gif'  \/><\/p>\n<p>Dazu passt:<\/p>\n<p><a href='http:\/\/www.berliner-zeitung.de\/berlin\/polizei\/innensenator-anis-amri-haette-vor-anschlag-verhaftet-werden-koennen-26920356' class='azc_bbc_url'>Attent\u00e4ter Anis Amri h\u00e4tte vor Anschlag verhaftet werden k\u00f6nnen<\/a><br \/>\nDie Berliner Zeitung berichtet: <span class='azc_bbc_italic'>&#8222;Es sei ein neues Dokument aufgetaucht, das ihm bereits im November gewerblichen, bandenm\u00e4\u00dfigen Handel mit Bet\u00e4ubungsmitteln vorwarf. Jetzt werde gepr\u00fcft, ob das Dokument im Landeskriminalamt m\u00f6glicherweise vors\u00e4tzlich zugunsten Amris zur\u00fcckgehalten wurde. Nach dem Anschlag war deutlich geworden, dass Amri deutschen Sicherheitsbeh\u00f6rden schon l\u00e4nger als sogenannter islamistischer Gef\u00e4hrder bekannt war und er sogar zeitweise \u00fcberwacht wurde. Verhaftet wurde er indes nicht.&#8220;<\/span><\/p>\n<p>Und <a href='http:\/\/www.spiegel.de\/politik\/deutschland\/anis-amri-berliner-senat-erstattet-anzeige-wegen-strafvereitelung-im-lka-a-1148163.html' class='azc_bbc_url'>das ehemalige Nachrichtenmagazin<\/a> erg\u00e4nzt: <span class='azc_bbc_italic'>&#8222;Entscheidende Aktenvermerke seien r\u00fcckdatiert worden.&#8220;<\/span><\/p>\n<p>Ich hatte das ja schon vor mehreren Wochen verlinkt und geschrieben, dass Anis Amri unter dem Schutz der Geheimdienste stand &#8211; und deshalb nat\u00fcrlich auch nicht verhaftet wurde, weil seine Mordaktion politisch gewollt war. Schliesslich gab es jede Menge \u00dcberwachungs- und Polizeigesetze, die noch vor Ende der &#8222;Grossen Koalition&#8220; durchgedr\u00fcckt werden m\u00fcssen.<\/p>\n<p>Somit wiederhole ich: <a href='https:\/\/www.heise.de\/forum\/Telepolis\/Kommentare\/Fall-Amri-Neues-Dokument-schwere-Vorwuerfe-gegen-das-LKA\/Fragen-und-Antworten-im-Fall-Berliner-Breitscheidplatz\/posting-30409499\/show' class='azc_bbc_url'>Niemand h\u00e4tte &#8222;wegen Amri&#8220; sterben m\u00fcssen<\/a>, wenn es nicht gewollt gewesen w\u00e4re. Punkt.<\/p>\n<p>Und es ist sicherlich unn\u00f6tig zu erw\u00e4hnen, dass die \u00d6ffentlich-Rechten diesen handfesten Politskandal <a href='https:\/\/propagandaschau.wordpress.com\/2017\/05\/18\/die-prioritaeten-der-ard-trump-vs-amri' class='azc_bbc_url'>in nur wenigen Sekunden wegsendeten<\/a>, w\u00e4hrend substanzlose Spekulationen um und \u00fcber Trump direkt zum Einstieg die f\u00fcnffache Sendezeit bekam.<\/p>\n<p><a href='https:\/\/www.heise.de\/tp\/features\/NSU-Aufklaerung-und-Zensurversuche-3714986.html' class='azc_bbc_url'>NSU-Aufkl\u00e4rung und Zensurversuche<\/a><br \/>\nTELEPOLIS berichtet: <span class='azc_bbc_italic'>&#8222;Er wolle erreichen, dass der Film nicht noch einmal ausgestrahlt wird. Das erkl\u00e4rte der SPD-Landtagsabgeordnete von Baden-W\u00fcrttemberg Wolfgang Drexler gegen\u00fcber der Presse. Der Film: Das ist die TV-Dokumentation \u00fcber den ungekl\u00e4rten Polizistenmord von Heilbronn von Clemens und Katja Riha, Titel: &#8222;Tod einer Polizistin. Das kurze Leben der Michele Kiesewetter&#8220;, ausgestrahlt in der ARD am 24. April.<\/p>\n<p>Drexler ist zugleich Vorsitzender des NSU-Untersuchungsausschusses von Baden-W\u00fcrttemberg. Drexler z\u00e4hlte zu der \u00fcbergro\u00dfen Landtagsmehrheit, die sich nach dem Auffliegen des NSU im November 2011 drei Jahre lang mit H\u00e4nden und F\u00fc\u00dfen gegen einen Untersuchungsausschuss zum Polizistenmord von Heilbronn stemmte, ehe er nicht mehr verhinderbar war. Seither soll der Parlamentarier aufkl\u00e4ren, was er vorher nicht aufkl\u00e4ren wollte. Skepsis ist angebracht. Denn was Drexler angreift, sind konkrete Recherchen, die geeignet sind, die offizielle Version anzutasten.&#8220;<\/span> <a href='https:\/\/www.heise.de\/tp\/features\/NSU-Aufklaerung-und-Zensurversuche-3714986.html' class='azc_bbc_url'>Weiterlesen&#8230;<\/a><\/p>\n<p><a href='https:\/\/www.heise.de\/tp\/features\/Erklaervideos-fuer-die-Zuschauer-BR-mit-eigener-Anti-Fake-News-Einheit-3715722.html' class='azc_bbc_url'>Bayerischer Rundfunk startet eigene &#8222;Anti-Fake-News-Einheit&#8220;<\/a><br \/>\nNach dem <a href='https:\/\/www.heise.de\/tp\/features\/ARD-Projekt-Von-Fakten-sprechen-und-dabei-vermuten-3676093.html' class='azc_bbc_url'>grandiosen Erfolg der ARD-Faktenfinder<\/a> <img class='azc_bbc_image' src='https:\/\/www.rume.de\/smilies\/laugh.gif'  \/> <img class='azc_bbc_image' src='https:\/\/www.rume.de\/smilies\/laugh.gif'  \/> <img class='azc_bbc_image' src='https:\/\/www.rume.de\/smilies\/laugh.gif'  \/> versucht es nun auch der Bayerische Rundfunk. Vorsichtshalber will man aber gar nicht erst (wie die ARD) versuchen, die eigenen Propagandameldungen nochmal nachdr\u00fccklich als &#8222;Fakten&#8220; zu veredeln. Nein, man will sich ausschliesslich darauf konzentrieren, andere Medien nach Falschmeldungen abzusuchen.<\/p>\n<p>Und zu guter Letzt noch zweimal Bundeswehr:<\/p>\n<p><a href='http:\/\/www.stuttmann-karikaturen.de\/karikaturen\/2017\/abhauen_kol_b.jpg' class='azc_bbc_url'>Klick<\/a> und <a href='http:\/\/www.titanic-magazin.de\/fileadmin\/content\/Bundeswehrreform.jpg' class='azc_bbc_url'>Klack<\/a> <img class='azc_bbc_image' src='https:\/\/www.rume.de\/smilies\/biggrin.gif'  \/> und sch\u00f6nes Wochenende.<\/p>\n","protected":false},"excerpt":{"rendered":"<p>\/ Teilzeit: Fast jeder Dritte bekommt nur Niedriglohn \/ &#8222;Crowdworker&#8220; auf Onlineplattformen: Die meisten verdienen unter 100 Euro \/ Wie sich das Jobcenter Pinneberg \u00fcber Hartz-4-Opfer lustig macht \/ Hartz-IV: Unterwirf dich oder stirb \/ Wahlprogramm der SPD ist hochnotpeinlich \/ EU-Kommission gestattet weiterhin Geldw\u00e4sche und Steuertricks \/ Krankenhausreform auf Kosten von Besch\u00e4ftigten und Patienten &hellip; <a href=\"https:\/\/www.rume.de\/?p=156\" class=\"more-link\"><span class=\"screen-reader-text\">\u201eAufgelesen und kommentiert 2017-05-18\u201c <\/span>weiterlesen<\/a><\/p>\n","protected":false},"author":1,"featured_media":0,"comment_status":"open","ping_status":"closed","sticky":false,"template":"","format":"standard","meta":{"footnotes":""},"categories":[2],"tags":[],"class_list":["post-156","post","type-post","status-publish","format-standard","hentry","category-aufgelesen"],"_links":{"self":[{"href":"https:\/\/www.rume.de\/index.php?rest_route=\/wp\/v2\/posts\/156","targetHints":{"allow":["GET"]}}],"collection":[{"href":"https:\/\/www.rume.de\/index.php?rest_route=\/wp\/v2\/posts"}],"about":[{"href":"https:\/\/www.rume.de\/index.php?rest_route=\/wp\/v2\/types\/post"}],"author":[{"embeddable":true,"href":"https:\/\/www.rume.de\/index.php?rest_route=\/wp\/v2\/users\/1"}],"replies":[{"embeddable":true,"href":"https:\/\/www.rume.de\/index.php?rest_route=%2Fwp%2Fv2%2Fcomments&post=156"}],"version-history":[{"count":1,"href":"https:\/\/www.rume.de\/index.php?rest_route=\/wp\/v2\/posts\/156\/revisions"}],"predecessor-version":[{"id":157,"href":"https:\/\/www.rume.de\/index.php?rest_route=\/wp\/v2\/posts\/156\/revisions\/157"}],"wp:attachment":[{"href":"https:\/\/www.rume.de\/index.php?rest_route=%2Fwp%2Fv2%2Fmedia&parent=156"}],"wp:term":[{"taxonomy":"category","embeddable":true,"href":"https:\/\/www.rume.de\/index.php?rest_route=%2Fwp%2Fv2%2Fcategories&post=156"},{"taxonomy":"post_tag","embeddable":true,"href":"https:\/\/www.rume.de\/index.php?rest_route=%2Fwp%2Fv2%2Ftags&post=156"}],"curies":[{"name":"wp","href":"https:\/\/api.w.org\/{rel}","templated":true}]}}