{"id":1064,"date":"2019-02-04T10:48:00","date_gmt":"2019-02-04T09:48:00","guid":{"rendered":"https:\/\/rume.inrieda.de\/?p=1064"},"modified":"2019-02-04T10:48:00","modified_gmt":"2019-02-04T09:48:00","slug":"und-schon-haben-wir-februar","status":"publish","type":"post","link":"https:\/\/www.rume.de\/?p=1064","title":{"rendered":"Und schon haben wir Februar"},"content":{"rendered":"<p>Wie ihr ja alle seht, komme ich derzeit nicht in Schwung. Momentan habe ich das Gef\u00fchl, dass ich nach \u00fcber zehn Jahren der Blogarbeit vielleicht am Ende meiner Erkenntnisse angekommen sein k\u00f6nnte. Und zudem habe ich das Gef\u00fchl, dass ich mich vom gesellschaftlichen Diskussionsniveau vollst\u00e4ndig hinfort entwickelt habe.<\/p>\n<p><!--more--><\/p>\n<p>Nehmen wir nur mal als Beispiel die Hartz4-Sanktionen, die nach vielen Jahren endlich auch mal vor dem Bundesverfassungsgericht gelandet sind. Wie kann man als Bundesregierung auch nur auf die Idee kommen, zur Verteidigung (!) der Sanktionen vorzutragen, dass man einen Hebel haben muss, um die Leute zur Arbeit zu zwingen? Und was sagt das \u00fcber eine Gesellschaft aus, die bei derartigen S\u00e4tzen nicht emp\u00f6rt ist?<\/p>\n<p>Lohnarbeit ist im Kapitalismus immer Ausbeutung zugunsten der Besitzenden. Niemals bekommt derjenige, der zur Lohnarbeit gezwungen wird, seinen vollen Anteil am geschaffenen Mehrwert. Immer wird der Betrieb (und somit die Besitzenden) den meisten Profit f\u00fcr sich abgreifen \u2013 und die immer weiter auseinander gehende Schere zwischen Arm und Reich beweist genau das Schwarz auf Weiss.<\/p>\n<p>Die Bundesregierung sagt also im Klartext: Sanktionen m\u00fcssen sein, damit die Reichen immer reicher werden k\u00f6nnen. Weil wer zur Lohnarbeit gezwungen wird, macht genau das. Und ich f\u00fchle mich zutiefst beleidigt, wenn hochbezahlte Menschen aus Politik und Medien mich mit derartigen \u201cVerteidigungen\u201d ernsthaft von ihrem unmenschlichen System \u00fcberzeugen wollen.<\/p>\n<p>Bin ich damit jetzt Marxist?<\/p>\n","protected":false},"excerpt":{"rendered":"<p>Wie ihr ja alle seht, komme ich derzeit nicht in Schwung. Momentan habe ich das Gef\u00fchl, dass ich nach \u00fcber zehn Jahren der Blogarbeit vielleicht am Ende meiner Erkenntnisse angekommen sein k\u00f6nnte. Und zudem habe ich das Gef\u00fchl, dass ich mich vom gesellschaftlichen Diskussionsniveau vollst\u00e4ndig hinfort entwickelt habe.<\/p>\n","protected":false},"author":1,"featured_media":0,"comment_status":"open","ping_status":"closed","sticky":false,"template":"","format":"standard","meta":{"footnotes":""},"categories":[1],"tags":[],"class_list":["post-1064","post","type-post","status-publish","format-standard","hentry","category-allgemein"],"_links":{"self":[{"href":"https:\/\/www.rume.de\/index.php?rest_route=\/wp\/v2\/posts\/1064","targetHints":{"allow":["GET"]}}],"collection":[{"href":"https:\/\/www.rume.de\/index.php?rest_route=\/wp\/v2\/posts"}],"about":[{"href":"https:\/\/www.rume.de\/index.php?rest_route=\/wp\/v2\/types\/post"}],"author":[{"embeddable":true,"href":"https:\/\/www.rume.de\/index.php?rest_route=\/wp\/v2\/users\/1"}],"replies":[{"embeddable":true,"href":"https:\/\/www.rume.de\/index.php?rest_route=%2Fwp%2Fv2%2Fcomments&post=1064"}],"version-history":[{"count":1,"href":"https:\/\/www.rume.de\/index.php?rest_route=\/wp\/v2\/posts\/1064\/revisions"}],"predecessor-version":[{"id":1065,"href":"https:\/\/www.rume.de\/index.php?rest_route=\/wp\/v2\/posts\/1064\/revisions\/1065"}],"wp:attachment":[{"href":"https:\/\/www.rume.de\/index.php?rest_route=%2Fwp%2Fv2%2Fmedia&parent=1064"}],"wp:term":[{"taxonomy":"category","embeddable":true,"href":"https:\/\/www.rume.de\/index.php?rest_route=%2Fwp%2Fv2%2Fcategories&post=1064"},{"taxonomy":"post_tag","embeddable":true,"href":"https:\/\/www.rume.de\/index.php?rest_route=%2Fwp%2Fv2%2Ftags&post=1064"}],"curies":[{"name":"wp","href":"https:\/\/api.w.org\/{rel}","templated":true}]}}