{"id":1048,"date":"2018-11-25T19:40:17","date_gmt":"2018-11-25T18:40:17","guid":{"rendered":"https:\/\/rume.inrieda.de\/?p=1048"},"modified":"2021-11-10T20:04:18","modified_gmt":"2021-11-10T19:04:18","slug":"politische-grundlagen","status":"publish","type":"post","link":"https:\/\/www.rume.de\/?p=1048","title":{"rendered":"Politische Grundlagen"},"content":{"rendered":"<p>Ich war in der vergangenen Woche auf einem Seminar, um mal zu schauen, wie heutzutage &#8222;Politische Grundlagen&#8220; erkl\u00e4rt werden. Und es ist sicherlich nicht \u00fcberraschend, wenn ich sage: Ich wurde doch ein wenig entt\u00e4uscht <img class='azc_bbc_image' src='https:\/\/www.rume.de\/smilies\/nasiehste.gif'  \/> Denn unter &#8222;Politischen Grundlagen&#8220; verstehe ich dann doch etwas anderes. Und wer weiss: Vielleicht liest ja einer der mit mir anwesenden Seminarbesucher (oder sogar die Seminarleitung) hier mit und kann anschliessend meine Entt\u00e4uschung nachvollziehen.<\/p>\n<p><!--more--><\/p>\n<p>F\u00fcr mich lassen sich die Entwicklungen in der Welt nicht erkl\u00e4ren, wenn man den Kapitalismus nicht erkl\u00e4rt. Denn der Kapitalismus hat eine ebenso zentrale wie ruin\u00f6se Eigenschaft: Die zunehmende Macht- und Verm\u00f6genskonzentration in immer weniger H\u00e4nde! Der Kapitalismus sorgt systembedingt immer daf\u00fcr, dass die Kapitalisten aufgrund ihrer Eigentumsherrschaft stets mehr Profit an sich reissen k\u00f6nnen, als die Arbeiter und Nichtarbeiter. Diese Entwicklung ist empirisch nachweisbar und steht heute auch als &#8222;Schere zwischen Arm und Reich&#8220; ganz offen in jeder Zeitung.<\/p>\n<p>Dieses Wissen ist von zentraler Bedeutung!<\/p>\n<p>Gelegentlich h\u00f6rt man n\u00e4mlich S\u00e4tze, dass doch &#8222;die Globalisierung&#8220; an allem Schuld w\u00e4re, man &#8222;den Neoliberalismus&#8220; bloss nicht h\u00e4tte zuschlagen lassen d\u00fcrfen, oder man zur\u00fcck zur &#8222;Sozialen Marktwirtschaft&#8220; gehen m\u00fcsste. Diese Entwicklungen sind aber keine &#8222;Fehler&#8220; gewesen, sondern logische Folgeschritte innerhalb eines kapitalistischen Systems. Wenn die Superreichen zu reich werden, reicht irgendwann der Profit der eigenen Wirtschaft nicht mehr aus, um deren Zinserwartungen zu erf\u00fcllen.<\/p>\n<p>Und wenn die Profite nicht reichen, wird expandiert. Wenn die Profite nicht reichen, wird privatisiert. Wenn die Profite nicht reichen, wird der Sozialstaat &#8222;reformiert&#8220;. Und wenn die Profite der realen Wirtschaft nicht reichen, werden eben Finanzgesch\u00e4fte liberalisiert. All das passiert nicht aus Zufall, sondern sind vollkommen logische Schritte innerhalb eines kapitalistischen Systems, welches den Gewinn vom Vorjahr immer wieder \u00fcbertrumpfen muss.<\/p>\n<p>Soziale Marktwirtschaft nach dem Mauerfall<\/p>\n<p>In diesem Zusammenhang ist auch der &#8222;Fall der Mauer&#8220; keinesfalls das zentrale Datum, an dem sich der Kapitalismus immer unmenschlicher zeigte, weil die angebliche Systemkonkurrenz aus dem Osten wegfiel. Privatisierung, Liberalisierung und Sozialabbau w\u00e4ren sowieso gekommen &#8211; und ein Blick auf die USA (Reagan) und England (Thatcher) zeigt, dass man daf\u00fcr auch keine &#8222;umfallende Mauer&#8220; ben\u00f6tigt.<\/p>\n<p>Auch die angebliche &#8222;Soziale Marktwirtschaft&#8220; ist nur eine reine Namenserfindung. Als nach dem Zweiten Weltkrieg die CDU die Macht \u00fcbernahm und den Kapitalismus wieder einf\u00fchrte, war man sich klar, dass man das Wirtschaftssystem keinesfalls so nennen darf. Zu frisch und eindeutig waren <a href='https:\/\/de.wikipedia.org\/wiki\/Ahlener_Programm' class='azc_bbc_url'>sogar in der CDU<\/a> die Erkenntnisse, dass die zwei Weltkriege keine Verteidigung vor irgendeiner drohenden Gefahr waren, sondern Eroberungskriege f\u00fcr das Kapital (&#8222;Nach jedem deutschen Tank kommt sofort die Dresdner Bank&#8220;). Und nur deshalb bezeichnete die CDU den Kapitalismus als &#8222;Soziale Marktwirtschaft&#8220;.<\/p>\n<p>Mehrere Jahre ging das anschliessend sogar gut, weil die Verm\u00f6genskonzentration aufgrund hoher Steuern f\u00fcr Reiche (in den 1950er Jahren galt ein <a href='https:\/\/de.wikipedia.org\/wiki\/Einkommensteuer_(Deutschland)#Entwicklung_nach_1945' class='azc_bbc_url'>Spitzensteuersatz von \u00fcber 90 Prozent<\/a>) anfangs nur mit sehr geringer Geschwindigkeit stattfand. Doch sp\u00e4testens in den 1980er Jahren war endg\u00fcltig Schluss (Stichwort: <a href='https:\/\/de.wikipedia.org\/wiki\/Konzept_f%C3%BCr_eine_Politik_zur_%C3%9Cberwindung_der_Wachstumsschw%C3%A4che_und_zur_Bek%C3%A4mpfung_der_Arbeitslosigkeit' class='azc_bbc_url'>Lambsdorff-Papier<\/a>) und der Sozialabbau wurde zum allt\u00e4glichen Regierungshandeln aller Parteien &#8211; bis heute.<\/p>\n<p>Die Leute verstehen die Welt nicht mehr<\/p>\n<p>Wie kann man nur Trump w\u00e4hlen? Wie konnte nur der Brexit zustande kommen? Warum werden die Rechten immer st\u00e4rker? Solche Fragen stellen sich die Leute, weil ihnen die politischen Grundlagen fehlen. Denn was passiert wohl folgerichtig, wenn eine Bev\u00f6lkerung aufgrund des Profitzwangs im Kapitalismus immer engere G\u00fcrtel verpasst bekommt? Ganz klar: Sie schliessen sich denjenigen an, die auf Egoismus setzen (&#8222;Jetzt sind wir dran&#8220;) und sich vom Rest abzuschotten versuchen. &#8222;America First&#8220; heisst daf\u00fcr die Parole in den USA, beim Brexit ging es ebenfalls um das &#8222;Wir gegen die EU&#8220; und in Deutschland nennt sie sich sogar direkt &#8222;Alternative&#8220; und fordert &#8222;Kindergeld\/Rente\/Pflege nur f\u00fcr Deutsche&#8220;.<\/p>\n<p>Versagen der Sozialdemokratie?<\/p>\n<p>Gleichzeitig fragen sich die Leute, warum denn die SPD immer wieder ihre W\u00e4hler verr\u00e4t und daraus nichts lernt? Und auch hier fehlt es an den politischen Grundlagen. Denn was bedeutet denn Sozialdemokratie? Sozialdemokraten wollen die Eigentums- und Machtverh\u00e4ltnisse nicht antasten (<a href='https:\/\/www.wsws.org\/de\/articles\/2018\/11\/09\/nove-n09.html' class='azc_bbc_url'>ganz im Gegenteil, wie uns die Geschichte lehrt<\/a>), aber trotzdem den Kapitalismus irgendwie sozial gestalten. Die zentrale Frage dabei ist jedoch: Welchen Spielraum hat die Sozialdemokratie, wenn die Machtverh\u00e4ltnisse sich immer st\u00e4rker konzentrieren?<\/p>\n<p>Gr\u00fcne, Linke, Gewerkschaften<\/p>\n<p>Dies schliesst \u00fcbrigens auch DIE LINKE mit ein, deren kapitalistische Verwaltungsarbeit als (Mit-)Regierungspartei in mehreren Bundesl\u00e4ndern ebenfalls die Schere zwischen Arm und Reich weiter auseinandergehen l\u00e4sst. Und der momentane H\u00f6henflug der GR\u00dcNEN ist nichts anderes als der Ablasshandel der gehobenen Mittelschicht. Denn jeder weiss, dass das kapitalistische System f\u00fcr unsere Erde den totalen Kollaps bedeutet. Gleichzeitig m\u00f6chte man aber seinen (gehobenen) Lebensstil keinesfalls zur\u00fcckschrauben. Und in dieser Marketingl\u00fccke stehen die GR\u00dcNEN mit ihrem <a href='https:\/\/www.deutschlandfunk.de\/kathrin-hartmann-die-gruene-luege.1310.de.html?dram:article_id=410423' class='azc_bbc_url'>&#8220;gr\u00fcnen Kapitalismus&#8220;<\/a>. Statt dass man einen SUV mit Verbrennungsmotor kauft, legt man etwas Geld obendrauf und kauft sich einen SUV mit Elektromotor. Statt dass man ausbeuterischen Billigkaffee kauft, legt man etwas Geld obendrauf und kauft sich Fairtrade-Kaffeekapseln. Statt einer Billigjeans aus Kinderarbeit legt man etwas Geld obendrauf und kauft eine teurere Markenjeans. NICHTS davon ist zugunsten der Umwelt, <a href='http:\/\/www.spiegel.de\/kultur\/gesellschaft\/alt-linke-jutta-ditfurth-gruenen-waehler-wollen-getaeuscht-werden-a-745943-2.html' class='azc_bbc_url'>aber man hat ein besseres Gewissen<\/a>.<\/p>\n<p>Tja und unsere Gewerkschaften? Welche Macht haben wohl Gewerkschaften, so lange sie die Eigentumsverh\u00e4ltnisse nicht als DEN zentralen Bremsklotz f\u00fcr jede menschlichere Ausrichtung der Gesellschaft erkennen &#8211; und bek\u00e4mpfen? DAS w\u00e4re mal eine spannende Debatte innerhalb eines &#8222;Politischen Grundlagenseminars&#8220;.<\/p>\n<p>Gab es aber nicht&#8230;<\/p>\n","protected":false},"excerpt":{"rendered":"<p>Ich war in der vergangenen Woche auf einem Seminar, um mal zu schauen, wie heutzutage &#8222;Politische Grundlagen&#8220; erkl\u00e4rt werden. Und es ist sicherlich nicht \u00fcberraschend, wenn ich sage: Ich wurde doch ein wenig entt\u00e4uscht Denn unter &#8222;Politischen Grundlagen&#8220; verstehe ich dann doch etwas anderes. Und wer weiss: Vielleicht liest ja einer der mit mir anwesenden &hellip; <a href=\"https:\/\/www.rume.de\/?p=1048\" class=\"more-link\"><span class=\"screen-reader-text\">\u201ePolitische Grundlagen\u201c <\/span>weiterlesen<\/a><\/p>\n","protected":false},"author":1,"featured_media":0,"comment_status":"open","ping_status":"closed","sticky":false,"template":"","format":"standard","meta":{"footnotes":""},"categories":[3],"tags":[],"class_list":["post-1048","post","type-post","status-publish","format-standard","hentry","category-bildung"],"_links":{"self":[{"href":"https:\/\/www.rume.de\/index.php?rest_route=\/wp\/v2\/posts\/1048","targetHints":{"allow":["GET"]}}],"collection":[{"href":"https:\/\/www.rume.de\/index.php?rest_route=\/wp\/v2\/posts"}],"about":[{"href":"https:\/\/www.rume.de\/index.php?rest_route=\/wp\/v2\/types\/post"}],"author":[{"embeddable":true,"href":"https:\/\/www.rume.de\/index.php?rest_route=\/wp\/v2\/users\/1"}],"replies":[{"embeddable":true,"href":"https:\/\/www.rume.de\/index.php?rest_route=%2Fwp%2Fv2%2Fcomments&post=1048"}],"version-history":[{"count":7,"href":"https:\/\/www.rume.de\/index.php?rest_route=\/wp\/v2\/posts\/1048\/revisions"}],"predecessor-version":[{"id":1076,"href":"https:\/\/www.rume.de\/index.php?rest_route=\/wp\/v2\/posts\/1048\/revisions\/1076"}],"wp:attachment":[{"href":"https:\/\/www.rume.de\/index.php?rest_route=%2Fwp%2Fv2%2Fmedia&parent=1048"}],"wp:term":[{"taxonomy":"category","embeddable":true,"href":"https:\/\/www.rume.de\/index.php?rest_route=%2Fwp%2Fv2%2Fcategories&post=1048"},{"taxonomy":"post_tag","embeddable":true,"href":"https:\/\/www.rume.de\/index.php?rest_route=%2Fwp%2Fv2%2Ftags&post=1048"}],"curies":[{"name":"wp","href":"https:\/\/api.w.org\/{rel}","templated":true}]}}