{"id":1025,"date":"2018-11-08T21:16:56","date_gmt":"2018-11-08T20:16:56","guid":{"rendered":"https:\/\/rume.inrieda.de\/?p=1025"},"modified":"2018-11-08T23:00:01","modified_gmt":"2018-11-08T22:00:01","slug":"aufgelesen-und-kommentiert-2018-11-08","status":"publish","type":"post","link":"https:\/\/www.rume.de\/?p=1025","title":{"rendered":"Aufgelesen und kommentiert 2018-11-08"},"content":{"rendered":"<p>\/ Bundesminister Heil (SPD) \u00fcber Hartz-IV-Stromsperren: &#8222;Einfach Kuchen essen!&#8220;<br \/>\n\/ Scholz streicht Milliarden: Groko verschiebt Ausbau von Ganztagsschulen<br \/>\n\/ Bewaffnung f\u00fcr Bundeswehr-Drohnen konkreter als geplant<br \/>\n\/ BASF, Telekom &#038; Co.: F\u00fcr wen deutsche Konzerne im US-Wahlkampf spendeten<br \/>\n\/ Arbeiter protestieren gegen Schlie\u00dfung des Augsburger Fujitsu-Werks<br \/>\n\/ Image von Angela Merkel hat mit der Realit\u00e4t nicht viel zu tun<br \/>\n\/ Drohnenst\u00fctzpunkt Ramstein: Blutspur nach Europa<br \/>\n\/ Eingesperrt, verpr\u00fcgelt, erniedrigt: Misshandlungen im Asylbewerberheim Burbach<br \/>\n\/ Hausdurchsuchungen bei Greenpeace<br \/>\n\/ Kraftfahrtbundesamt wirbt f\u00fcr Autoindustrie<br \/>\n\/ Monatsr\u00fcckblick: Wie man aufsteht<\/p>\n<p>&#8212;<\/p>\n<p><!--more--><\/p>\n<p><a href='https:\/\/makroskop.eu\/2018\/11\/einfach-kuchen-essen' class='azc_bbc_url'>Bundesminister Heil (SPD) \u00fcber Hartz-IV-Stromsperren: &#8222;Einfach Kuchen essen!&#8220;<\/a><br \/>\nAuf die Frage des ARD-Magazins Report aus Mainz allerdings, was das Sozialministerium im Falle der ab 100 EURO Zahlungsverzug m\u00f6glichen Stromsperren f\u00fcr Hartz IV-Empf\u00e4nger und Niedrigl\u00f6hner zu unternehmen gedenke, l\u00e4sst der Minister allen Ernstes antworten, es l\u00e4ge in der Budget-Verantwortung jedes Einzelnen, wie er seine Priorit\u00e4ten setze &#8211; Handlungsbedarf werde nicht gesehen.<\/p>\n<p>Da haben wir es: Der deutsche Sozialminister teilt den Humor des europ\u00e4ischen Adels am Vorabend der franz\u00f6sischen Revolution. Was soll der Hartz-IV Empf\u00e4nger im Rahmen seiner &#8222;Budget-Verantwortung&#8220; tun, wenn er Strom haben will? Furchtbar einfach &#8211; auf\u2019s Essen verzichten!<\/p>\n<p>Ach ja, sollte jemand vergessen haben, was eine Stromsperre bedeutet: <a href='https:\/\/www.swr.de\/report\/leben-ohne-strom-hunderttausenden-wird-der-strom-abgestellt-mit-schlimmen-folgen-fuer-die-betroffenen\/-\/id=233454\/did=22515508\/nid=233454\/1eirrgw\/index.html' class='azc_bbc_url'>Hier Klicken!<\/a><\/p>\n<p><a href='https:\/\/www.berliner-zeitung.de\/politik\/rnd\/scholz-streicht-milliarden-groko-verschiebt-ausbau-von-ganztagsschulen-31549518' class='azc_bbc_url'>Scholz streicht Milliarden: Groko verschiebt Ausbau von Ganztagsschulen<\/a><br \/>\nDie Berliner Zeitung meldet: <span class='azc_bbc_italic'>&#8222;Union und SPD verschieben eines ihrer zentralen Projekte aus dem Koalitionsvertrag: den Ausbau von Ganztagsschulen und der Hortbetreuung f\u00fcr Grundsch\u00fcler. Nach Informationen des Redaktionsnetzwerkes Deutschland (RND) hat Bundesfinanzminister Olaf Scholz (SPD) die eigentlich f\u00fcr dieses Programm eingeplanten zwei Milliarden Euro wieder aus der Haushaltsplanung f\u00fcr 2019 gestrichen. Der Spielraum f\u00fcr andere Ausgaben steigt entsprechend. Scholz hatte bereits angek\u00fcndigt, mehr Geld f\u00fcr die Verteidigung bereit zu stellen. Das ergibt sich auch aus seiner Vorlage f\u00fcr die Bereinigungssitzung im Bundestag, die dem RND vorliegt. Danach ist f\u00fcr das Verteidigungsministerium f\u00fcr das n\u00e4chste Jahr bereits ein Plus von 320 Millionen Euro vorgesehen.&#8220;<\/span><\/p>\n<p>Joah, bei Schulkindern k\u00fcrzen, um mehr Milit\u00e4r und Krieg finanzieren zu k\u00f6nnen.<\/p>\n<p>Das muss diese SPD-Erneuerung sein, \u00fcber die sie st\u00e4ndig reden <img class='azc_bbc_image' src='https:\/\/www.rume.de\/smilies\/sarkasm.gif'  \/><\/p>\n<p><a href='https:\/\/www.swr.de\/report\/drohnen-fuer-die-bundeswehr-bewaffnung-offensichtlich-konkreter-geplant-als-bisher-bekannt\/-\/id=233454\/did=22515512\/nid=233454\/zzkpbo\/index.html' class='azc_bbc_url'>Bewaffnung f\u00fcr Bundeswehr-Drohnen konkreter als geplant<\/a><br \/>\nTja Leute, wann hatte ich berichtet, dass die bestellten Drohnen entgegen dem Geschw\u00e4tz der Regierenden nat\u00fcrlich DOCH bewaffnet werden? Ach ja, richtig, <a href='https:\/\/www.rume.de\/2018\/04\/15\/aufgelesen-und-kommentiert-2018-04-15' class='azc_bbc_url'>im April<\/a>. Heute berichten unsere \u00d6ffentlich-Rechten (Zitat): <span class='azc_bbc_italic'>&#8222;Das Verteidigungsministerium r\u00e4umt nun erstmals in einer Stellungnahme ein, dass die Drohnen mit Waffen getestet und die Munition entsprechend angepasst werden soll. Daf\u00fcr sind 51 Millionen US-Dollar veranschlagt.&#8220;<\/span><\/p>\n<p>Nein, wer h\u00e4tte DAS ahnen k\u00f6nnen? Unsere Qualit\u00e4tsjournaille auf jeden Fall nicht. Das haben wir heute schriftlich.<\/p>\n<p>Und noch etwas: Ihr k\u00f6nnt euch auch schon <a href='https:\/\/www.heise.de\/tp\/features\/Die-Kampfdrohnen-fuer-den-Stadtkrieg-und-die-Polizei-kommen-3765970.html' class='azc_bbc_url'>auf bewaffnete Polizei-Drohnen freuen<\/a>, die ihre Tr\u00e4nengas-Granaten direkt in die demonstrierende Menschenmenge feuern kann.<\/p>\n<p><a href='http:\/\/www.spiegel.de\/wirtschaft\/unternehmen\/midterms-wie-basf-telekom-und-bayer-donald-trump-unterstuetzen-a-1237105.html' class='azc_bbc_url'>BASF, Telekom &#038; Co.: F\u00fcr wen deutsche Konzerne im US-Wahlkampf spendeten<\/a><br \/>\nNa zum Gl\u00fcck sind es westliche Konzerne, die den 5,2 Milliarden Dollar teuren Wahlkampf in ihre gew\u00fcnschte Richtung schmieren. Man stelle sich dieselbe Schlagzeile im ehemaligen Nachrichtenmagazin vor, wenn der &#8222;b\u00f6se Russe&#8220; mit \u00e4hnlichen Schmiergeldsummen in den US-Wahlkampf eingegriffen h\u00e4tte <img class='azc_bbc_image' src='https:\/\/www.rume.de\/smilies\/sarkasm.gif'  \/><\/p>\n<p>Aber hey: Wir k\u00f6nnen halt Demokratie haben, oder Kapitalismus &#8211; aber nicht beides.<\/p>\n<p>Wer es nicht glaubt, sollte bei der n\u00e4chsten Ank\u00fcndigung eines Firmenbesitzers, einen Standort dicht zu machen, einmal versuchen, \u00fcber diese Werksschliessung demokratisch abzustimmen. Die Erfahrung d\u00fcrfte heilsam sein f\u00fcr die Beantwortung der Frage, ob der Kapitalismus \u00fcberhaupt demokratisch (oder auch nur ann\u00e4hernd sozial) regulierbar w\u00e4re <img class='azc_bbc_image' src='https:\/\/www.rume.de\/smilies\/nasiehste.gif'  \/><\/p>\n<p>Dazu passt auch:<\/p>\n<p><a href='http:\/\/www.wsws.org\/de\/articles\/2018\/11\/08\/fuji-n08.html' class='azc_bbc_url'>Arbeiter protestieren gegen Schlie\u00dfung des Augsburger Fujitsu-Werks<\/a><br \/>\n<span class='azc_bbc_italic'>&#8222;Gestern demonstrierten rund 700 Fujitsu-Arbeiter in M\u00fcnchen gegen das Aus des Augsburger Werks. Das bayerische Fujitsu-Werk ist die letzte Produktionsst\u00e4tte von Computern in Europa. Im Augsburger Werk produzieren etwa 550 Arbeiter t\u00e4glich bis zu 8000 Systemplatinen, PCs, Work Stations und Server. Weitere 500 sind in Forschung und Entwicklung besch\u00e4ftigt und etwa 400 in Vertrieb und Marketing. Die ersten Opfer des Abbaus sind mehrere Hundert Leiharbeiter, deren befristete Vertr\u00e4ge nicht verl\u00e4ngert werden. Die Schlie\u00dfung ist ein Schritt im endlosen Konzentrationsprozess in der IT-Branche. Die Besch\u00e4ftigten zahlen so f\u00fcr die Profit- und Rendite-Anforderungen der Konzerne und ihrer Aktienbesitzer mit ihren Arbeitspl\u00e4tzen.<\/p>\n<p>Die IG Metall hat diesem Prozess nichts entgegenzusetzen. Sie ist Teil davon. Sie wird ebenso wie in Paderborn helfen, den Arbeitsplatzabbau &#8222;sozialvertr\u00e4glich&#8220; abzuwickeln. In Paderborn waren die Besch\u00e4ftigten in eine Transfergesellschaft abgeschoben worden.<\/p>\n<p>Um einen Arbeitskampf zur Verteidigung der Arbeitspl\u00e4tze zu verhindern und die Belegschaft zu spalten, werden offenbar auch geheime Gespr\u00e4che \u00fcber eine schrittweise Stilllegung gef\u00fchrt. Am Dienstag berichtete die Augsburger Allgemeine, dass &#8222;hinter den Kulissen intensiv diskutiert&#8220; werde, wie angeblich bis zu 500 Besch\u00e4ftigte, etwa IT- oder Marketing-Spezialisten, weiter in Augsburg f\u00fcr das Unternehmen arbeiten.<\/p>\n<p>Eine derartige Salamitaktik liegt auf einer Linie mit der der IG Metall und ist von vielen anderen Betrieben bekannt. Der bekannteste darunter ist Opel Bochum. Dort haben IG Metall und Betriebsrat immer wieder Entlassungen und Lohnsenkungen zugestimmt, um angeblich die restlichen Arbeitspl\u00e4tze zu &#8222;retten&#8220;. Ende 2014 lief dann das letzte Auto vom Band und die verbliebene Belegschaft wurde in die Arbeitslosigkeit geschickt. Von den 20.000 Arbeitern, die in den 1980er Jahren bei Opel Bochum gearbeitet hatten, waren zu diesem Zeitpunkt gerade noch 3300 \u00fcbrig.&#8220;<\/span><\/p>\n<p><a href='http:\/\/www.nachdenkseiten.de\/?p=46948' class='azc_bbc_url'>Image von Angela Merkel hat mit der Realit\u00e4t nicht viel zu tun<\/a><br \/>\nF\u00fcr Stammleser nichts Neues, aber der Umfang der Linksammlung verdient eine W\u00fcrdigung.<\/p>\n<p><a href='https:\/\/www.heise.de\/tp\/features\/Blutspur-nach-Europa-4215972.html' class='azc_bbc_url'>Drohnenst\u00fctzpunkt Ramstein: Blutspur nach Europa<\/a><br \/>\n<span class='azc_bbc_italic'>&#8222;Durch die Recherchen einer Gruppe Investigativjournalisten der S\u00fcddeutschen Zeitung wurde bekannt, dass die deutsche Regierung sich in Sachen Drohnen die H\u00e4nde nicht in Unschuld waschen kann. Etliche Dokumente und Aussagen belegen, dass die US-Milit\u00e4rbasis Ramstein (Rheinland-Pfalz) &#8211; und damit das Hoheitsgebiet der Bundesrepublik Deutschland &#8211; eine ausschlaggebende Rolle im v\u00f6lkerrechtswidrigen US-Drohnenkrieg spielt.<\/p>\n<p>Wieso das Oberkommando \u00fcberhaupt in einem europ\u00e4ischen Land anstelle eines afrikanischen eingerichtet wurde, haben Christian Fuchs und John Goetz vom NDR herausgefunden. W\u00e4hrend 18 Monaten seien hohe Beamte des amerikanischen Au\u00dfenministeriums in Afrika von Hauptstadt zu Hauptstadt geflogen und h\u00e4tten unter anderem in S\u00fcdafrika, Angola, Simbabwe, Namibia, Botswana, Kongo und Algerien erfolglos vorgesprochen. Trotz der finanziellen Vorteile, die mit der Stationierung eines Kontingents amerikanische Streitkr\u00e4fte in einem armen afrikanischen Land einhergegangen w\u00e4ren, wollte keiner der zw\u00f6lf angefragten Staaten auf dem Kontinent mit den Skandalen der US-Foltergef\u00e4ngnisse oder \u00c4hnlichem in Verbindung gebracht werden. Die deutschen Unterh\u00e4ndler hie\u00dfen die amerikanische Drohneneinsatzzentrale jedoch bei sich willkommen.<\/p>\n<p>Das geheime Einverst\u00e4ndnis erteilte die damalige GroKo unter Merkel und M\u00fcntefering im Januar 2007 und dies sollte vom damaligen Pr\u00e4sidenten George W. Bush bei seiner Rede zur Lage der Nation als gro\u00dfe Errungenschaft verk\u00fcndet werden. Das war den Deutschen jedoch ein Zuviel an Aufrichtigkeit: Der Unterh\u00e4ndler aus Berlin bat seine Kollegen auf der anderen Seite des Atlantiks darum, diese Zusage vorerst diskret zu behandeln. Laut den oben genannten NDR-Reportern wurde dieser Bitte stattgegeben und der Hinweis aus Bushs Rede gestrichen. Das Bundesfinanzministerium hat dem NDR zudem best\u00e4tigt, dass der deutsche Staat in den vergangenen Jahrzehnten mehrere hundert Millionen Euro in den Aus- und Umbau der Einrichtungen investiert habe.&#8220;<\/span> <a href='https:\/\/www.heise.de\/tp\/features\/Blutspur-nach-Europa-4215972.html' class='azc_bbc_url'>Weiterlesen&#8230;<\/a><\/p>\n<p><a href='http:\/\/www.spiegel.de\/panorama\/justiz\/burbach-prozess-wegen-misshandlungen-im-fluechtlingsheim-beginnt-a-1236997.html' class='azc_bbc_url'>Eingesperrt, verpr\u00fcgelt, erniedrigt: Misshandlungen im Asylbewerberheim Burbach<\/a><br \/>\nGute alte Tradition eben, wenn deutsche Wachleute in Kontrollierten Zentren f\u00fcr das &#8222;unwerte Leben&#8220; zust\u00e4ndig ist. <span class='azc_bbc_italic'>&#8222;Auf dem Boden kauernd und unter Tr\u00e4nen fragte Karim M. die Wachen mehrmals, warum sie ihn denn schl\u00fcgen. &#8222;Halt die Fresse&#8220;, schrien sie. &#8222;Leg dich in deine Kotze und schlaf!&#8220; Die Erniedrigung filmten sie mit einem Handy. Karim blieb f\u00fcnf Tage lang eingesperrt&#8220;<\/span>, berichtet das ehemalige Nachrichtenmagazin.<\/p>\n<p>Genau das ist es, was die fl\u00fcchtlingsgute Kanzlerin mitsamt ihrer Obergrenzen-CSU und der Ankerzentren-SPD wollten, als sie &#8222;den Asyltourismus eind\u00e4mmen&#8220; und &#8222;Anreize zur Einwanderung abschaffen&#8220; forderten &#8211; und genau das haben sie auch bekommen. Und wir erinnern uns: Mitten in Deutschland werden inzwischen auch wieder unschuldige Menschen mit der &#8222;falschen&#8220; Hautfarbe \u00fcber Monate in den Knast gesteckt, wo sie dann (politisch gewollt) aus lauter Verzweiflung <a href='https:\/\/www.jungewelt.de\/artikel\/343126.html' class='azc_bbc_url'>Selbstmord begehen<\/a>.<\/p>\n<p>Von daher folgt auch noch folgender zynischer Lacher (Zitat): <span class='azc_bbc_italic'>&#8222;Im Fall Burbach geht es darum, wie Fl\u00fcchtlinge systematisch erniedrigt und misshandelt wurden &#8211; von Sozialbetreuern und Wachleuten, mitgetragen von der Heimleitung und wohl \u00fcbersehen von der damaligen rot-gr\u00fcnen Landesregierung in Nordrhein-Westfalen (NRW).&#8220;<\/span> <img class='azc_bbc_image' src='https:\/\/www.rume.de\/smilies\/clown.gif'  \/> Ja klar, \u00fcbersehen <img class='azc_bbc_image' src='https:\/\/www.rume.de\/smilies\/laugh.gif'  \/> Ausgerechnet die GR\u00dcNEN Deportationsmeister &#8222;\u00fcbersehen&#8220; sowas. Ja nee, ist klar.<\/p>\n<p><a href='https:\/\/www.heise.de\/tp\/news\/Hausdurchsuchungen-bei-Greenpeace-4216680.html' class='azc_bbc_url'>Hausdurchsuchungen bei Greenpeace<\/a><br \/>\nL E S E B E F E H L !! Dem Kommentar ist NICHTS hinzuzuf\u00fcgen <img class='azc_bbc_image' src='https:\/\/www.rume.de\/smilies\/verehr.gif'  \/><\/p>\n<p>Dazu passt auch:<\/p>\n<p><a href='https:\/\/www.jungewelt.de\/artikel\/343161.html' class='azc_bbc_url'>Kraftfahrtbundesamt wirbt f\u00fcr Autoindustrie<\/a><br \/>\nBesitzer von Diesel-Pkw, deren Abgaswerte von der Autoindustrie frisiert wurden, sollen ihren Neuwagen verschrotten lassen und einen neuen Neuwagen kaufen. Das Kraftfahrtbundesamt (KBA) hat zu diesem Zweck 1,5 Millionen Haushalte angeschrieben.<\/p>\n<p>Laut b\u00fcrgerlichem Recht hat die Beh\u00f6rde die Aufgabe, dem Bundesverkehrsministerium auf die Finger zu schauen. Damit h\u00e4tten die Beamten alle H\u00e4nde voll zu tun. Selbst die EU-Kommission hat die Bundesrepublik ger\u00fcgt, zu lax mit den Betr\u00fcgereien der Autokonzerne umzugehen. Doch statt die Regierung zu kontrollieren, macht die Beh\u00f6rde Werbung f\u00fcr die deutschen Autokonzerne. Den Diesel-Besitzern wird die Anschaffung eines Neuwagens nahegelegt &#8211; und die Umtauschpr\u00e4mienprogramme von BMW, Daimler und VW werden (inkl. Internetadresse und Durchwahl) dem Schreiben direkt beigef\u00fcgt.<\/p>\n<p>Dazu passt auch:<\/p>\n<p><a href='http:\/\/www.ossietzky.net\/21-2018&#038;textfile=4554' class='azc_bbc_url'>Monatsr\u00fcckblick: Wie man aufsteht<\/a><br \/>\n<img class='azc_bbc_image' src='https:\/\/www.rume.de\/smilies\/nasiehste.gif'  \/><\/p>\n","protected":false},"excerpt":{"rendered":"<p>\/ Bundesminister Heil (SPD) \u00fcber Hartz-IV-Stromsperren: &#8222;Einfach Kuchen essen!&#8220; \/ Scholz streicht Milliarden: Groko verschiebt Ausbau von Ganztagsschulen \/ Bewaffnung f\u00fcr Bundeswehr-Drohnen konkreter als geplant \/ BASF, Telekom &#038; Co.: F\u00fcr wen deutsche Konzerne im US-Wahlkampf spendeten \/ Arbeiter protestieren gegen Schlie\u00dfung des Augsburger Fujitsu-Werks \/ Image von Angela Merkel hat mit der Realit\u00e4t nicht &hellip; <a href=\"https:\/\/www.rume.de\/?p=1025\" class=\"more-link\"><span class=\"screen-reader-text\">\u201eAufgelesen und kommentiert 2018-11-08\u201c <\/span>weiterlesen<\/a><\/p>\n","protected":false},"author":1,"featured_media":0,"comment_status":"open","ping_status":"closed","sticky":false,"template":"","format":"standard","meta":{"footnotes":""},"categories":[2],"tags":[],"class_list":["post-1025","post","type-post","status-publish","format-standard","hentry","category-aufgelesen"],"_links":{"self":[{"href":"https:\/\/www.rume.de\/index.php?rest_route=\/wp\/v2\/posts\/1025","targetHints":{"allow":["GET"]}}],"collection":[{"href":"https:\/\/www.rume.de\/index.php?rest_route=\/wp\/v2\/posts"}],"about":[{"href":"https:\/\/www.rume.de\/index.php?rest_route=\/wp\/v2\/types\/post"}],"author":[{"embeddable":true,"href":"https:\/\/www.rume.de\/index.php?rest_route=\/wp\/v2\/users\/1"}],"replies":[{"embeddable":true,"href":"https:\/\/www.rume.de\/index.php?rest_route=%2Fwp%2Fv2%2Fcomments&post=1025"}],"version-history":[{"count":3,"href":"https:\/\/www.rume.de\/index.php?rest_route=\/wp\/v2\/posts\/1025\/revisions"}],"predecessor-version":[{"id":1030,"href":"https:\/\/www.rume.de\/index.php?rest_route=\/wp\/v2\/posts\/1025\/revisions\/1030"}],"wp:attachment":[{"href":"https:\/\/www.rume.de\/index.php?rest_route=%2Fwp%2Fv2%2Fmedia&parent=1025"}],"wp:term":[{"taxonomy":"category","embeddable":true,"href":"https:\/\/www.rume.de\/index.php?rest_route=%2Fwp%2Fv2%2Fcategories&post=1025"},{"taxonomy":"post_tag","embeddable":true,"href":"https:\/\/www.rume.de\/index.php?rest_route=%2Fwp%2Fv2%2Ftags&post=1025"}],"curies":[{"name":"wp","href":"https:\/\/api.w.org\/{rel}","templated":true}]}}