{"id":1019,"date":"2018-11-05T22:11:48","date_gmt":"2018-11-05T21:11:48","guid":{"rendered":"https:\/\/rume.inrieda.de\/?p=1019"},"modified":"2018-11-05T22:11:48","modified_gmt":"2018-11-05T21:11:48","slug":"aufgelesen-und-kommentiert-2018-11-05","status":"publish","type":"post","link":"https:\/\/www.rume.de\/?p=1019","title":{"rendered":"Aufgelesen und kommentiert 2018-11-05"},"content":{"rendered":"<p>\/ Milliardenpaket f\u00fcr Familien &#8211; wer wird wirklich entlastet?<br \/>\n\/ Kurzreportage: \u00dcber 30 Jahre Fachkr\u00e4ftemangel-Propaganda<br \/>\n\/ Kapitalistisches Gesundheitssystem: Der marktgerechte Patient<br \/>\n\/ Wie eng die Bande zwischen Politik und Wirtschaftspr\u00fcfern sind<br \/>\n\/ Ein Jahr Paradise Papers: Der Steuerdiebstahl geht ungebremst weiter<br \/>\n\/ Wahlkampf gegen eine Merz-CDU k\u00f6nnte die SPD wieder auf Trab bringen<br \/>\n\/ SPD unterst\u00fctzt Rechtsruck der CDU<br \/>\n\/ Kramp-Karrenbauer warnt vor sozialem Sprengsatz<br \/>\n\/ Atomkraftgegner findet vorgefertigtes Urteil in Prozessakte<br \/>\n\/ Klimapolitischer Schwindel f\u00fcr Fortgeschrittene<br \/>\n\/ \u00d6kostrom-Anteil klettert auf 38 Prozent<br \/>\n\/ Trump Idiot, Welt in Gefahr, Klima krepiert<br \/>\n\/ \u00dcberf\u00e4llig: Seehofer schickt Maa\u00dfen in einstweiligen Ruhestand<br \/>\n\/ Ver\u00f6ffentlichung im Volltext: Das AfD-interne Gutachten zur eigenen Verfassungsfeindlichkeit<br \/>\n\/ Landeskriminalamt NRW schreddert \u00bbFeindeslisten\u00ab faschistischer Terrorgruppen<br \/>\n\/ Wie geht es uns, Herr K\u00fcppersbusch?<br \/>\n\/ Vielen Dank f\u00fcr eure Kommentare<\/p>\n<p>&#8212;<\/p>\n<p><!--more--><\/p>\n<p><a href='https:\/\/www.gegen-hartz.de\/news\/milliardenpaket-fuer-familien-wer-wird-wirklich-entlastet' class='azc_bbc_url'>Milliardenpaket f\u00fcr Familien &#8211; wer wird wirklich entlastet?<\/a><br \/>\nIhr werdet es nicht glauben, aber genau diejenigen, die heute schon in Armut leben m\u00fcssen, profitieren nat\u00fcrlich NICHT. Kindergeld wird vom Regelsatz komplett wieder abgezogen, Ein Unterhaltsvorschuss ebenfalls &#8211; und h\u00f6here Kinderfreibetr\u00e4ge lohnen sich ohnehin nur f\u00fcr Besserverdiener.<\/p>\n<p>Aber hey: Dieses dicke Familienpaket geh\u00f6rt bestimmt zu dieser SPD-Erneuerung, \u00fcber die sie st\u00e4ndig reden <img class='azc_bbc_image' src='https:\/\/www.rume.de\/smilies\/sarkasm.gif'  \/><\/p>\n<p><a href='http:\/\/www.3sat.de\/mediathek\/?mode=play&#038;obj=76862' class='azc_bbc_url'>Kurzreportage: \u00dcber 30 Jahre Fachkr\u00e4ftemangel-Propaganda<\/a><br \/>\nUnd der Lacher ist ja, dass die Konzernlobby-Kloppertruppen sich inzwischen sogar schon gegenseitig in ihrer Propganda \u00fcberbieten. \u00dcber 1,6 Millionen fehlende Fachkr\u00e4fte, wie es der DIHK derzeit trompetet? Kein Problem, das toppt die Prognos-Klitsche locker und schwadroniert von 3,6 Millionen fehlenden Fachkr\u00e4ften bis 2040.<\/p>\n<p>Nur ein fl\u00fcchtiger Blick auf die Lohnentwicklung dieser seltenen und somit begehrten Spezie &#8222;Fachkraft&#8220; zeigt hingegen: <a href='https:\/\/www.wiwo.de\/erfolg\/management\/fachkraeftemangel-ein-guter-indikator-fuer-knappheit-sind-die-loehne\/20504844-2.html' class='azc_bbc_url'>Sie &#8222;steigen&#8220; um atemberaubende 0,7 Prozent im Jahr<\/a> <img class='azc_bbc_image' src='https:\/\/www.rume.de\/smilies\/laugh.gif'  \/><\/p>\n<p><a href='https:\/\/www.rubikon.news\/artikel\/der-marktgerechte-patient' class='azc_bbc_url'>Kapitalistisches Gesundheitssystem: Der marktgerechte Patient<\/a><br \/>\n<span class='azc_bbc_italic'>&#8222;\u00c4rzte definieren Patienten praktisch nur noch durch ihre Krankheit, die mit einer feststehenden &#8222;Fallpauschale&#8220; in einen optimierten Arbeitsablauf eingetaktet wird, der dem &#8222;Unternehmen Krankenhaus&#8220; zudem noch Gewinn bringen muss. Krankenh\u00e4user werden nicht mehr von Chef\u00e4rzten, sondern Wirtschaftsmanagern geleitet und verbuchen alle Komplikationen oder zus\u00e4tzlichen Bed\u00fcrfnisse von Patienten als St\u00f6rgr\u00f6\u00dfen.<\/p>\n<p>Zu den Opfern dieses Rendite-Drucks geh\u00f6rt aber auch das chronisch \u00fcberlastete Personal. So muss man erst einmal erkennen, wie verlogen Jens Spahns Zusage zur Schaffung von 13.000 neuen Pflegestellen ist, weil er in dieser Zusage verschweigt, dass in den letzten 15 Jahren 50.000 Stellen gestrichen wurden.<\/p>\n<p>Sogar die \u00f6ffentlich-rechtlichen Medien zeigen die unhaltbaren Zust\u00e4nde in unseren Gesundheitseinrichtungen inzwischen ganz unverh\u00fcllt. Doch gehen die Berichte selten \u00fcber eine Betroffenheitsprosa hinaus.&#8220;<\/span> <a href='https:\/\/www.rubikon.news\/artikel\/der-marktgerechte-patient' class='azc_bbc_url'>Weiterlesen&#8230;<\/a><\/p>\n<p><a href='https:\/\/www.tagesspiegel.de\/wirtschaft\/23288424.html' class='azc_bbc_url'>Wie eng die Bande zwischen Politik und Wirtschaftspr\u00fcfern sind<\/a><br \/>\n<span class='azc_bbc_italic'>&#8222;Die vier gro\u00dfen Wirtschaftspr\u00fcfungsunternehmen (KPMG, Deloitte, PWC, EY) helfen Konzernen, Steuern zu sparen. Das hindert die Regierung nicht daran, sie ebenfalls anzuheuern&#8220;<\/span>, berichtet der Tagesspiegel &#8211; und glaubt damit wahrscheinlich sogar, eine emp\u00f6rende Enth\u00fcllung ver\u00f6ffentlicht zu haben <img class='azc_bbc_image' src='https:\/\/www.rume.de\/smilies\/biggrin.gif'  \/><\/p>\n<p>Daher nochmal f\u00fcr alle Qualit\u00e4tsjournalisten: Wir leben im Kapitalismus!<\/p>\n<p>Wir werden regiert von kapitalistischen Parteien, die ihre Befehle von kapitalistischen Konzernen erhalten. Und das oberste Gebot im Kapitalismus heisst Profit. Von der Vermehrung von Profit ist selbst dann nicht abzuweichen, wenn Frieden zu beenden, Umwelt zu zerst\u00f6ren und Menschenrechte zu missachten sind. Also scharen kapitalistische Parteien alles um sich, um bei der Vermehrung von Profit helfen zu k\u00f6nnen. Dazu geh\u00f6ren Konzernmanager und deren Lobbytruppen, wie auch Gewerkschaftsbonzen (zur Kontrolle der Arbeiterklasse) und sich selbst als &#8222;Linke&#8220; bezeichnende Parteien (siehe z.B. Regierungsarbeit von Rot-Rot in Berlin).<\/p>\n<p>Das alles bewegt sich komplett innerhalb der kapitalistischen Profitlogik.<\/p>\n<p>Wenn also die Politik &#8222;ganz eng&#8220; mit Wirtschaftspr\u00fcfern dealt, dann ist dies genauso kapitalistische Logik, wie die Gesetze zur sogenannten &#8222;Bankenrettung&#8220; von den Finanzlobbyisten schreiben zu lassen. Und wenn eine Gewerkschaft eine Massenentlassung nur mit einem sogenannten &#8222;Sozialplan&#8220; gegen die Besch\u00e4ftigten durchdr\u00fccken kann, dann wird eben dieser lachend bezahlt, damit anschliessend das reibungslose Profitscheffeln endlich weitergehen kann.<\/p>\n<p>Eine sensationelle Enth\u00fcllung w\u00e4re es gewesen, wenn eine kapitalistische Regierung sich Tipps von Marxisten und Antikapitalisten einholen w\u00fcrde, um die Machtverh\u00e4ltnisse von den wenigen Schwerreichen hin zu den H\u00e4nden der Arbeiterklasse zu \u00fcberf\u00fchren. Aber kapitalistische Parteien, bei denen die kapitalistische Lobby ein und aus geht? Das ist keine Enth\u00fcllung, sondern genau deren Aufgabe. Genauer gesagt sogar deren einzige Aufgabe.<\/p>\n<p><a href='https:\/\/www.attac.de\/startseite\/detailansicht\/news\/ein-jahr-paradise-papers-der-steuerdiebstahl-geht-ungebremst-weiter' class='azc_bbc_url'>Ein Jahr Paradise Papers: Der Steuerdiebstahl geht ungebremst weiter<\/a><br \/>\nEs hat aber doch hoffentlich niemand erwartet, dass ein Bundesfinanzminister Scholz (SPD) sich gegen die Steuerhinterziehungssysteme der Schwerreichen einsetzt, oder? <img class='azc_bbc_image' src='https:\/\/www.rume.de\/smilies\/laugh.gif'  \/> <img class='azc_bbc_image' src='https:\/\/www.rume.de\/smilies\/laugh.gif'  \/> <img class='azc_bbc_image' src='https:\/\/www.rume.de\/smilies\/laugh.gif'  \/><\/p>\n<p>Im Wahlkampf, auf dem Parteitag und auch im Ortsverein wird bei der SPD sicherlich oft und gerne geschimpft. Reale Taten hingegen folgen aber nat\u00fcrlich nicht. Man ist ja schliesslich Sozialdemokrat &#8211; und kein Linker.<\/p>\n<p><a href='https:\/\/www.freitag.de\/autoren\/wolfgang-michal\/regenerierungsauftrag' class='azc_bbc_url'>Wahlkampf gegen eine Merz-CDU k\u00f6nnte die SPD wieder auf Trab bringen<\/a><br \/>\nDas meint zumindest der FREITAG. Ich hingegen sage: Die SPD wurde als Oppositionspartei auch unter einer schwarz-gelben Bundesregierung mit Westerwelle, Br\u00fcderle und Niebel &#8211; inklusive Pofalla, Kristina Schr\u00f6der und Guttenberg &#8211; nicht wieder &#8222;auf Trab&#8220; gebracht.<\/p>\n<p><a href='http:\/\/www.wsws.org\/de\/articles\/2018\/11\/02\/spde-n02.html' class='azc_bbc_url'>SPD unterst\u00fctzt Rechtsruck der CDU<\/a><br \/>\nDie SPD setzt darauf, dass ein m\u00f6glichst rechter Kandidat Parteivorsitzender der CDU wird. Ein Rechtsruck der Union, so ihre Argumentation, werde der SPD den n\u00f6tigen Spielraum verschaffen, um sich zu regenerieren und wieder Unterst\u00fctzung zu gewinnen.<\/p>\n<p>Der Juso-Vorsitzende Kevin K\u00fchnert bezeichnet Angela Merkels R\u00fcckzug vom CDU-Vorsitz als Chance f\u00fcr die SPD. Viele Menschen h\u00e4tten in den letzten Jahren das Gef\u00fchl gehabt, Union und SPD seien zwei Fl\u00fcgel einer Partei, die von Merkel moderiert werde, sagte er im ARD-Morgenmagazin. Deshalb favorisiere er als Nachfolger einen konservativen Kandidaten. &#8222;Selbst wenn wir unser Programm gar nicht ver\u00e4ndern, sehen wir dann wieder sozialdemokratisch aus.&#8220;<\/p>\n<p><a href='https:\/\/www.deutschlandfunk.de\/armut-in-deutschland-kramp-karrenbauer-warnt-vor-sozialem.1939.de.html?drn:news_id=941988' class='azc_bbc_url'>Kramp-Karrenbauer warnt vor sozialem Sprengsatz<\/a><br \/>\nCDU-Generalsekret\u00e4rin Kramp-Karrenbauer hat das Armutsproblem in Deutschland als sozialen Sprengsatz bezeichnet. Man d\u00fcrfe sich nicht damit abfinden, dass Kinder ausgegrenzt w\u00fcrden und allein in Deutschland mehr als 15 Millionen Menschen von Armut bedroht sind.<\/p>\n<p>In weiteren Meldungen: Uli Hoene\u00df warnt vor Habgier und Steuerbetrug: &#8222;Gef\u00e4hrdet Rechtsempfinden und gesellschaftlichen Zusammenhalt&#8220; ++++ Volkswagen warnt vor Abgasbelastungen: &#8222;In Ballungsgebieten ist die Gesundheit gef\u00e4hrdet&#8220; ++++ Verfassungsschutz warnt vor Rechtsentwicklung: &#8222;Der wahre Feind ist die kapitalistische Ausbeutung&#8220; ++++ RWE warnt vor Klimaver\u00e4nderungen: &#8222;Jeder gerodete Wald ist einer zu viel&#8220; ++++ Innenminister warnen vor zu viel \u00dcberwachung: &#8222;Immer sch\u00e4rfere Gesetze f\u00fchren in den Polizeistaat&#8220; ++++ Horst Seehofer warnt vor Fremdenfeindlichkeit: &#8222;Gefl\u00fcchteten Menschen muss man helfen, nicht verhetzen&#8220; ++++ ARD und ZDF warnen vor einseitiger Berichterstattung: &#8222;D\u00fcrfen nicht nur Sprachrohr der NATO sein&#8220; ++++<\/p>\n<p><a href='https:\/\/www.jungewelt.de\/artikel\/342711.html' class='azc_bbc_url'>Atomkraftgegner findet vorgefertigtes Urteil in Prozessakte<\/a><br \/>\nWohlgemerkt: Obwohl der Gerichtsprozess noch gar nicht stattgefunden hat und man lediglich um Akteneinsicht bat, bekam man das bereits mit der Politik und Atomkonzernen abgestimmte Urteil zugeschickt. &#8222;Ein Versehen&#8220;, wie man einr\u00e4umen musste. Zitat: <span class='azc_bbc_italic'>&#8222;Bei Durchsicht der Unterlagen fand ich unter anderem einen exakten Ablaufplan f\u00fcr meinen Prozess&#8220;, berichtet der Angeklagte. In diesem Ablaufplan seien zwar noch L\u00fccken zum Ausf\u00fcllen gewesen, etwa f\u00fcr Notizen zum Pl\u00e4doyer. Das Urteil sei jedoch mit &#8222;N\u00f6tigung in Tateinheit mit St\u00f6rung \u00f6ffentlicher Betriebe&#8220; bereits ausgef\u00fcllt. Auf der n\u00e4chsten Seite das handschriftliche Konzept f\u00fcr die passende Urteilsbegr\u00fcndung. &#8222;Alles geschrieben, bevor die Beweisaufnahme \u00fcberhaupt begonnen hat&#8220;, emp\u00f6rt sich der Angeklagte. &#8222;Schwarz auf wei\u00df steht hier also in den Unterlagen schon, dass ich verurteilt werden soll.&#8220;<\/span><\/p>\n<p>Und wer jetzt denkt, dass solch ein Showprozess mit einem Antrag auf Befangenheit vor einem anderen Richter neu gestartet werden muss, hat sich noch nie in den M\u00fchlen unserer Klassenjustiz befunden. Denn nat\u00fcrlich wurde der Befangenheitsantrag lachend abgelehnt. <span class='azc_bbc_italic'>&#8222;Nur weil der Richter bereits sein Urteil gef\u00e4llt hat, noch bevor Aussagen und Beweise vorgelegt wurden, heisst das noch lange nicht, dass er diesen Prozess nicht rechtsstaatlich in genau diese Richtung gebeugt bekommt&#8220;<\/span>, so das Motto.<\/p>\n<p><a href='https:\/\/is.gd\/l9jjEK' class='azc_bbc_url'>Klimapolitischer Schwindel f\u00fcr Fortgeschrittene<\/a><br \/>\nIch hab es ja auch schon mehrmals beschrieben, mit welcher Maximallautst\u00e4rke unsere Qualit\u00e4tspresse emp\u00f6rt gegen Trump schimpfte, als er das Pariser Klimaabkommen zerriss &#8211; und mit welch vergleichsweisem Schweigen das \u00dcberschreiten s\u00e4mtlicher Klimaziele durch die deutsche &#8222;Klimakanzlerin&#8220; begleitet. Jetzt hat TELEPOLIS nochmal ausf\u00fchrlich zusammengetragen, wie unter Kanzlerin Angela Merkel das Klima effizient ruiniert werden konnte, ohne daf\u00fcr \u00f6ffentlich verantwortlich gemacht zu werden.<\/p>\n<p><span class='azc_bbc_italic'>&#8222;Letztendlich unterscheidet sich die Klimapolitik Merkels kaum von derjenigen Trumps &#8211; mit dem Unterschied, dass die Kanzlerin nicht so dumm ist, dieses, angereichert durch absurde Klimaleugnung, in alle Welt hinauszuposaunen. Man kann das Klima auch ruinieren, ohne den Klimawandel zu leugnen. Denn ganz im Gegensatz zur Berliner Polit-PR ist die Bundesrepublik tats\u00e4chlich einer der gr\u00f6\u00dften Klimas\u00fcnder Europas.&#8220;<\/span> <a href='https:\/\/www.heise.de\/tp\/features\/Klimapolitischer-Schwindel-fuer-Fortgeschrittene-4210218.html' class='azc_bbc_url'>Weiterlesen&#8230;<\/a><\/p>\n<p>Sehr lesenswerter Schlussabsatz \u00fcbrigens auch f\u00fcr alle Gewerkschafter, die sich inzwischen als gr\u00f6sste Anti-Umwelt-Bewegung etablieren.<\/p>\n<p><a href='https:\/\/www.heise.de\/newsticker\/meldung\/Oekostrom-Anteil-klettert-auf-38-Prozent-4209275.html' class='azc_bbc_url'>\u00d6kostrom-Anteil klettert auf 38 Prozent<\/a><br \/>\nDurchaus beeindruckend, wenn man bedenkt, dass es vor 20 Jahren noch Qualit\u00e4tsjournalisten und Politmarionetten gab, die selbst 10 Prozent f\u00fcr unerreichbar hielten.<\/p>\n<p><a href='https:\/\/meedia.de\/2018\/11\/02\/trump-idiot-welt-in-gefahr-klima-krepiert-vom-sound-der-welterkenntnis-in-susanne-daubners-teleprompter' class='azc_bbc_url'>Trump Idiot, Welt in Gefahr, Klima krepiert<\/a><br \/>\nThomas Fischer rechnet mit der deutschen Qualit\u00e4tspresse ab <img class='azc_bbc_image' src='https:\/\/www.rume.de\/smilies\/biggrin.gif'  \/> <img class='azc_bbc_image' src='https:\/\/www.rume.de\/smilies\/biggrin.gif'  \/> <img class='azc_bbc_image' src='https:\/\/www.rume.de\/smilies\/biggrin.gif'  \/><\/p>\n<p><a href='http:\/\/www.spiegel.de\/politik\/deutschland\/hans-georg-maassen-horst-seehofer-schickt-den-verfassungsschutzchef-in-den-ruhestand-a-1236835.html' class='azc_bbc_url'>\u00dcberf\u00e4llig: Seehofer schickt Maa\u00dfen in einstweiligen Ruhestand<\/a><br \/>\nJetzt war der Quasifaschist Maa\u00dfen doch nicht mehr zu halten, als er die SPD (!) als eine &#8222;von linksradikalen Kr\u00e4ften&#8220; unterwandert Partei bezeichnete, die den Bruch der Groko provozieren.<\/p>\n<p>Die SPD und linksradikal <img class='azc_bbc_image' src='https:\/\/www.rume.de\/smilies\/laugh.gif'  \/> Das letzte Mal, als die SPD so bezeichnet wurde, war im Jahr 1933. Und welche Gesinnungsgenossen von Herrn Maa\u00dfen das damals waren, lernt jedes Kind in der Schule. Soviel nur mal so am Rande zum politischen Standpunkt, den der oberste (!) Pr\u00e4sident einer Staatsbeh\u00f6rde in sich tr\u00e4gt, die (zumindest auf dem Papier) f\u00fcr den Schutz von Demokratie und Rechtsstaatlichkeit zust\u00e4ndig sein soll &#8211; aber ganz real (und v\u00f6llig \u00fcberraschend <img class='azc_bbc_image' src='https:\/\/www.rume.de\/smilies\/clown.gif'  \/> ) mit unserem Steuergeld rechtsextreme Hochburgen aufbaut.<\/p>\n<p>Aber aufgepasst: Maa\u00dfen ist noch l\u00e4ngst nicht fertig mit seinem Werk. Zitat: <span class='azc_bbc_italic'>&#8222;Maa\u00dfen hat allerdings bereits gesagt, dass er sich eine Position in der Politik oder in der Wirtschaft sehr gut vorstellen k\u00f6nne.&#8220;<\/span> Ob er also als Abgeordneter bei seiner AfD wieder auftaucht, wird sich zeigen.<\/p>\n<p><a href='https:\/\/netzpolitik.org\/2018\/wir-veroeffentlichen-wie-sich-die-afd-ihre-eigene-verfassungsfeindlichkeit-bescheinigen-laesst' class='azc_bbc_url'>Ver\u00f6ffentlichung im Volltext: Das AfD-interne Gutachten zur eigenen Verfassungsfeindlichkeit<\/a><br \/>\nMuss der Verfassungsschutz die AfD beobachten, weil die Partei verfassungsfeindlich ist? Ein Gutachten gibt der AfD Tipps, wie sie das vermeiden k\u00f6nnte. Vergleicht man die Empfehlungen mit der Realit\u00e4t, f\u00e4llt auf: Viel w\u00fcrde von der Partei nicht \u00fcbrig bleiben. Wohlgemerkt: Sogar nach den Kriterien des rechtssympathisierenden Verfassungsschutzes, der noch nicht einmal die Morde des NSU f\u00fcr eine Straftat hielt, sondern dieses Nazi-Netzwerk vor polizeilichen Ermittlungen sch\u00fctzte.<\/p>\n<p><a href='https:\/\/www.jungewelt.de\/artikel\/342509.html' class='azc_bbc_url'>Landeskriminalamt NRW schreddert \u00bbFeindeslisten\u00ab faschistischer Terrorgruppen<\/a><br \/>\nStatt konkreten Straftaten nachzugehen, wird seitens unserer &#8222;Sicherheitsbeh\u00f6rden&#8220; lieber geschreddert. Deutschland ist schliesslich ein RECHTSstaat. Und das soll auch so bleiben.<\/p>\n<p><a href='http:\/\/www.taz.de\/!5545056' class='azc_bbc_url'>Wie geht es uns, Herr K\u00fcppersbusch?<\/a><br \/>\nSind ein paar gute S\u00e4tze dabei <img class='azc_bbc_image' src='https:\/\/www.rume.de\/smilies\/nasiehste.gif'  \/><\/p>\n<p>Und zu guter Letzt:<\/p>\n<p><a href='https:\/\/blog.fdik.org\/2018-11\/s1541362685' class='azc_bbc_url'>Vielen Dank f\u00fcr eure Kommentare<\/a><br \/>\n<img class='azc_bbc_image' src='https:\/\/www.rume.de\/smilies\/nasiehste.gif'  \/><\/p>\n","protected":false},"excerpt":{"rendered":"<p>\/ Milliardenpaket f\u00fcr Familien &#8211; wer wird wirklich entlastet? \/ Kurzreportage: \u00dcber 30 Jahre Fachkr\u00e4ftemangel-Propaganda \/ Kapitalistisches Gesundheitssystem: Der marktgerechte Patient \/ Wie eng die Bande zwischen Politik und Wirtschaftspr\u00fcfern sind \/ Ein Jahr Paradise Papers: Der Steuerdiebstahl geht ungebremst weiter \/ Wahlkampf gegen eine Merz-CDU k\u00f6nnte die SPD wieder auf Trab bringen \/ SPD &hellip; <a href=\"https:\/\/www.rume.de\/?p=1019\" class=\"more-link\"><span class=\"screen-reader-text\">\u201eAufgelesen und kommentiert 2018-11-05\u201c <\/span>weiterlesen<\/a><\/p>\n","protected":false},"author":1,"featured_media":0,"comment_status":"open","ping_status":"closed","sticky":false,"template":"","format":"standard","meta":{"footnotes":""},"categories":[2],"tags":[],"class_list":["post-1019","post","type-post","status-publish","format-standard","hentry","category-aufgelesen"],"_links":{"self":[{"href":"https:\/\/www.rume.de\/index.php?rest_route=\/wp\/v2\/posts\/1019","targetHints":{"allow":["GET"]}}],"collection":[{"href":"https:\/\/www.rume.de\/index.php?rest_route=\/wp\/v2\/posts"}],"about":[{"href":"https:\/\/www.rume.de\/index.php?rest_route=\/wp\/v2\/types\/post"}],"author":[{"embeddable":true,"href":"https:\/\/www.rume.de\/index.php?rest_route=\/wp\/v2\/users\/1"}],"replies":[{"embeddable":true,"href":"https:\/\/www.rume.de\/index.php?rest_route=%2Fwp%2Fv2%2Fcomments&post=1019"}],"version-history":[{"count":1,"href":"https:\/\/www.rume.de\/index.php?rest_route=\/wp\/v2\/posts\/1019\/revisions"}],"predecessor-version":[{"id":1020,"href":"https:\/\/www.rume.de\/index.php?rest_route=\/wp\/v2\/posts\/1019\/revisions\/1020"}],"wp:attachment":[{"href":"https:\/\/www.rume.de\/index.php?rest_route=%2Fwp%2Fv2%2Fmedia&parent=1019"}],"wp:term":[{"taxonomy":"category","embeddable":true,"href":"https:\/\/www.rume.de\/index.php?rest_route=%2Fwp%2Fv2%2Fcategories&post=1019"},{"taxonomy":"post_tag","embeddable":true,"href":"https:\/\/www.rume.de\/index.php?rest_route=%2Fwp%2Fv2%2Ftags&post=1019"}],"curies":[{"name":"wp","href":"https:\/\/api.w.org\/{rel}","templated":true}]}}