{"id":1002,"date":"2018-10-24T20:37:06","date_gmt":"2018-10-24T18:37:06","guid":{"rendered":"https:\/\/rume.inrieda.de\/?p=1002"},"modified":"2018-10-24T20:37:06","modified_gmt":"2018-10-24T18:37:06","slug":"aufgelesen-und-kommentiert-2018-10-24","status":"publish","type":"post","link":"https:\/\/www.rume.de\/?p=1002","title":{"rendered":"Aufgelesen und kommentiert 2018-10-24"},"content":{"rendered":"<p>\/ Recht auf Existenzminimum ist keine Frage der Barmherzigkeit<br \/>\n\/ Steigende Mietkosten verst\u00e4rken Ungleichheit<br \/>\n\/ Rechnungshof pr\u00fcft Privatisierung der &#8222;Unabh\u00e4ngigen Patientenberatung&#8220;<br \/>\n\/ Krankenschwester beklagt Sparzwang: Bald sterben Menschen nach Mandel-OPs<br \/>\n\/ B\u00fcrokostenpauschale: Martin Sonneborn \u00fcber das Abkassieren der EU-Politiker<br \/>\n\/ Stell Dir vor, es ist Hessenwahl und niemand thematisiert die NSU-Vertuschung der CDU<br \/>\n\/ &#8222;Gab keine Hetzjagd&#8220;: Maa\u00dfen st\u00e4rkt Rechtsextremen erneut den R\u00fccken<br \/>\n\/ Gericht: Presseteam der Polizei darf bei Demos nicht fotografieren<br \/>\n\/ Die unz\u00e4hligen Khashoggis anderer Nationen<br \/>\n\/ Nun die K\u00fcndigung des Truppenstationierungsvertrages zur zentralen Forderung machen!<br \/>\n\/ Niger: Europas Gendarm in Afrika<br \/>\n\/ EU will Plastikm\u00fcll bek\u00e4mpfen<\/p>\n<p>&#8212;<\/p>\n<p><!--more--><\/p>\n<p><a href='https:\/\/www.jungewelt.de\/artikel\/342190.html' class='azc_bbc_url'>Recht auf Existenzminimum ist keine Frage der Barmherzigkeit<\/a><br \/>\n<span class='azc_bbc_italic'>&#8222;Es war ein langer Weg, bis gesagt wurde: Die Absicherung von Menschen, die in Not geraten sind, ist keine freiwillige Tat oder eine Frage von Barmherzigkeit. Menschen haben einen Rechtsanspruch auf das Existenzminimum. Und dieses muss dann auch ausk\u00f6mmlich sein. Das ist derzeit nicht der Fall. Statt dessen wird der Regelsatz zum Teil sogar f\u00fcr Dinge verwendet, die damit nicht bezahlt werden sollten. Zum Beispiel wenn die Miete h\u00f6her ist als der Zuschlag, der f\u00fcr die Kosten der Unterkunft vom Staat gew\u00e4hrt wird. Oder wenn Mietkautionen oder Anschaffungen get\u00e4tigt werden m\u00fcssen, f\u00fcr die ein Darlehen ben\u00f6tigt wird. Dieses wird dann aus dem laufenden Regelsatz abgezahlt. Auch Sanktionen sind ein Widerspruch in sich, weil in ihrem Falle faktisch das Existenzminimum gek\u00fcrzt wird. Insofern ist die Mindestversorgung nicht gesichert. Dadurch wird ein Recht (UN-Sozialpakt, 1973 von Deutschland ratifiziert) nicht voll erf\u00fcllt.&#8220;<\/span><\/p>\n<p><a href='https:\/\/www.tagesspiegel.de\/politik\/23216720.html' class='azc_bbc_url'>Steigende Mietkosten verst\u00e4rken Ungleichheit<\/a><br \/>\n<span class='azc_bbc_italic'>&#8222;Die Schere zwischen Armen und Reichen geht durch die steigenden Miet- und Wohnkosten in Deutschland weiter auseinander. Zu diesem Ergebnis kommt eine wissenschaftliche Studie der Humboldt-Universit\u00e4t&#8220;<\/span>, berichtet der Tagesspiegel. Und wenn man jetzt den Schlaumeiern von der Humboldt-Uni erkl\u00e4ren w\u00fcrde, dass <a href='https:\/\/alternativlos.org\/40' class='azc_bbc_url'>schon der Immobilienbesitz allein<\/a> die Schere zwischen Arm und Reich verst\u00e4rkt, sind die Forscher bestimmt v\u00f6llig aus dem H\u00e4uschen.<\/p>\n<p>Unfassbar, dass es heutzutage schon f\u00fcr die reine Logik eine Studie n\u00f6tig ist.<\/p>\n<p><a href='https:\/\/www.jungewelt.de\/artikel\/342192.html' class='azc_bbc_url'>Rechnungshof pr\u00fcft Privatisierung der &#8222;Unabh\u00e4ngigen Patientenberatung&#8220;<\/a><br \/>\nEine reichlich sinnlose \u00dcberpr\u00fcfung, denn wie es sich im Kapitalismus geh\u00f6rt, haben ALLE Kontrollbeh\u00f6rden maximal ein Recht auf Auskunft &#8211; aber NIEMALS die Macht, eine (politisch gewollte) Profitmaximierung zu Lasten der Bev\u00f6lkerung stoppen zu k\u00f6nnen. Somit wird der Rechnungshof auch hier sicherlich umfangreich pr\u00fcfen, einen vorwurfsvollen Bericht schreiben, damit f\u00fcr einen Tag lang in der Zeitung stehen &#8211; und die Regierenden wischen sich damit lachend den Hintern ab.<\/p>\n<p><a href='https:\/\/www.mopo.de\/hamburg\/krankenschwester-klagt-an-sparzwang&#8211;bald-sterben-menschen-nach-mandel-ops-31463676' class='azc_bbc_url'>Krankenschwester beklagt Sparzwang: Bald sterben Menschen nach Mandel-OPs<\/a><br \/>\n<span class='azc_bbc_italic'>&#8222;Kinder werden an Mittelohrentz\u00fcndungen sterben. Erwachsene nach Wurzelbehandlungen. Weil wir den Ernst der Lage nicht erkennen. Weil Kliniken kaputt gespart werden. Und weil immer mehr Patienten in noch k\u00fcrzerer Zeit operiert werden m\u00fcssen, damit das Krankenhaus mehr Geld verdient.&#8220;<\/span> <a href='https:\/\/www.mopo.de\/hamburg\/krankenschwester-klagt-an-sparzwang&#8211;bald-sterben-menschen-nach-mandel-ops-31463676' class='azc_bbc_url'>Weiterlesen&#8230;<\/a><\/p>\n<p>Erw\u00e4hnte ich bereits, dass wir entweder ein menschenw\u00fcrdiges Gesundheitssystem, oder Kapitalismus haben k\u00f6nnen &#8211; aber nicht beides?<\/p>\n<p><a href='https:\/\/twitter.com\/MartinSonneborn\/status\/1055021395586043904' class='azc_bbc_url'>B\u00fcrokostenpauschale: Martin Sonneborn \u00fcber das Abkassieren der EU-Politiker<\/a><br \/>\nAngesichts solcher Ver\u00f6ffentlichungen ist klar, warum die CDU unbedingt eine Prozenth\u00fcrde bei der Europawahl einf\u00fchren will. DIE PARTEI ist ihnen einfach zu l\u00e4stig beim schamlosen Abkassieren <img class='azc_bbc_image' src='https:\/\/www.rume.de\/smilies\/nasiehste.gif'  \/> <a href='https:\/\/blog.fefe.de\/?ts=a52efe53' class='azc_bbc_url'>[i](via)[\/i]<\/a><\/p>\n<p><a href='http:\/\/blauerbote.com\/2018\/10\/24\/hessenwahl-naziskandal' class='azc_bbc_url'>Stell Dir vor, es ist Hessenwahl und niemand thematisiert die NSU-Vertuschung der CDU<\/a><br \/>\nIm Bundesland Hessen war ein Mitarbeiter des hessischen Verfassungsschutzes bei der Ermordung eines Internetcafebesitzers direkt mit dabei, hat aber angeblich den Schuss nicht geh\u00f6rt und auch &#8222;nichts gesehen&#8220;. Und damit der Verfassungsschutz dieses L\u00fcgenbgebilde aufrecht gehalten werden konnte, hat der amtierende CDU-Ministerpr\u00e4sident Bouffier alles daf\u00fcr getan, damit es nicht in sich zusammenf\u00e4llt: Die eilige Versetzung des Mannes, mehrmalige Sabotage des Untersuchungsausschusses, Blockade der Strafverfolgung und &#8211;  wir erinnern uns &#8211; das staatliche Wegschliessen der NSU-Akten f\u00fcr satte 120 Jahre!<\/p>\n<p>Am Sonntag wird in Hessen gew\u00e4hlt &#8211; und keine einzige Qualit\u00e4tspresse erinnert die W\u00e4hler daran, wie die CDU aktiv die Mordaufkl\u00e4rung (!) sabotiert.<\/p>\n<p><a href='https:\/\/www.n-tv.de\/politik\/Maassen-keilt-wieder-gegen-die-Medien-article20684769.html' class='azc_bbc_url'>&#8220;Gab keine Hetzjagd&#8220;: Maa\u00dfen st\u00e4rkt Rechtsextremen erneut den R\u00fccken<\/a><br \/>\nUnd wieder wird auf dem &#8222;Hase, du bleibst hier&#8220;-Video herumgeritten, welches eben doch eine Hetzjagd auf einen Menschen zeigt. Und in der Zwischenzeit sind noch unz\u00e4hlige weitere Meldungen und Videos aufgetaucht: Das angegriffene j\u00fcdische Restaurant, mehrere Angriffe auf Journalisten, die Angriffe auf die SPD-Reisegruppe und es gab auch viele Menschen, die sich in ihren H\u00e4usern verschanzen mussten.<\/p>\n<p>Wer heute immer noch den Rechtsextremen beiseite springt und ihre Taten verharmlost, macht dies aus reiner Sympathie. Und dass genau solche Leute auch noch mit einem neuen Posten und 12.000 Euro Monatsgehalt belohnt (!) werden, zeigt dabei nur erneut, dass Rassismus und Rechtsextremismus politisch gewollt ist. Punkt.<\/p>\n<p>Aber einen kleinen Lacher gibt es auch noch (Zitat): <span class='azc_bbc_italic'>&#8222;Beim Kampf gegen den Rechtsextremismus helfe nur eine pr\u00e4zise Analyse der Ereignisse und eine sachliche und kritische Deutung insbesondere von Bildern, so Maa\u00dfen.&#8220;<\/span> <img class='azc_bbc_image' src='https:\/\/www.rume.de\/smilies\/clown.gif'  \/> Nein, gegen den Rechtsextremismus hilft vor allem das Dichtmachen und Aufl\u00f6sen der organisierten Kriminalit\u00e4t mit dem Namen &#8222;Verfassungsschutz&#8220;, der Neonazi-Hochburgen mit Steuergeld unterst\u00fctzt, bei der Beschaffung von Mordwaffen hilft, Beweise schreddert &#8211; und gerade einmal drei Monate nach dem Zsch\u00e4pe-Urteil schon wieder \u00fcber die Medien ihre volle R\u00fcckendeckung f\u00fcr Rechtsextreme signalisiert.<\/p>\n<p><a href='https:\/\/www.heise.de\/newsticker\/meldung\/Gericht-Presseteam-der-Polizei-darf-bei-Demos-nicht-fotografieren-4199389.html' class='azc_bbc_url'>Gericht: Presseteam der Polizei darf bei Demos nicht fotografieren<\/a><br \/>\nHeise-Online meldet: <span class='azc_bbc_italic'>&#8222;Fotografierende Polizeibeamte k\u00f6nnten einsch\u00fcchternd wirken und Demonstranten von der Aus\u00fcbung ihres Grundrechts auf Versammlungsfreiheit abhalten. Daran \u00e4ndere auch eine Weste mit der Aufschrift &#8222;Social-Media-Team&#8220; nichts, stellte das Verwaltungsgericht Gelsenkirchen klar.&#8220;<\/span><\/p>\n<p>Wow, ein Urteil, dass ich so deutlich auf dem Boden unseres Grundgesetzes verankert <a href='https:\/\/www.rume.de\/2018\/10\/22\/aufgelesen-und-kommentiert-2018-10-22' class='azc_bbc_url'>nicht erwartet hatte<\/a>.<\/p>\n<p>Allerdings (Zitat): <span class='azc_bbc_italic'>&#8222;Das Urteil ist nicht rechtskr\u00e4ftig.&#8220;<\/span> Im Klartext: Das Urteil wird die n\u00e4chsth\u00f6here Instanz nicht \u00fcberleben.<\/p>\n<p><a href='https:\/\/qpress.de\/2018\/10\/21\/die-unzaehligen-khashoggis-anderer-nationen' class='azc_bbc_url'>Die unz\u00e4hligen Khashoggis anderer Nationen<\/a><br \/>\n<span class='azc_bbc_italic'>&#8222;Reden wir doch mal \u00fcber andere Nationen und ihre goldigen Praktiken, unliebsame Menschen ganz fix und unspektakul\u00e4r zu entsorgen. Als Altmeister dieser Disziplin mag man aus dem Bauch heraus Israel nominieren. Die machen das schamlos bis ungeniert und nahezu \u00fcberall. Sie sind eingedenk ihrer Geschichte \u00fcber jede Kritik erhaben. Bei ihnen ist das immer reine Selbstverteidigung. Nach einigem Nasenr\u00fcmpfen sind Israels Leichen schnell vergessen und man kann wieder zu den gegenseitigen Liebesbekundungen \u00fcbergehen. Zur Belohnung gibt es Deutsche U-Boote f\u00fcr den halben Kurs und eine Erkl\u00e4rung oben drauf, dass Israel f\u00fcr Deutschland Staatsr\u00e4son ist. Bravo, die Israelis haben das, anders als die Saudis, einfach sehr viel besser im Griff. Dazu muss man einfach gratulieren.<\/p>\n<p>Auch der US-Pr\u00e4sident Obama hat eine Entsorgungstechnik perfektioniert. Besonders im arabischen Ausland bekamen seine Lieblingsgegner dann Anklageschrift, Prozess, Todesurteil und Vollstreckung mittels einer einzigen Hellfire-Rakete zugestellt. Und das massenhaft, weil das wirklich rationell durchorganisiert war. Dazu eine besonders preiswerte Methode der abschlie\u00dfenden Rechtsetzung. Auch in diesem Fall nat\u00fcrlich nicht ohne deutsche Beteiligung, denn die Vollstreckung musste meistenteils \u00fcber Ramstein in Rheinland-Pfalz erfolgen.<\/p>\n<p>Ob wir jetzt noch China, den Iran, Nordkorea oder beliebige hiesige Demokratien anf\u00fchren, tut nichts zur Sache. Viele Nationen verr\u00e4umen so sie ihre unliebsamsten Widersacher. Das hat durchaus Tradition, wie die Menschenverachtung seitens der Herrschaft selbst. Menschenleben und Menschenrechte sind beim Dirigieren der Nutzmensch-Massen einfach nur hinderlich. Das alles ist purste Heuchelei in Hochkultur, was uns unsere Regierungen dazu vorjammern.<\/p>\n<p>Sp\u00e4testens in einem Jahr wird Jamal Khashoggi eine Randnotiz bei Wikipedia sein und die Frachtschiffe mit den sch\u00f6nen Panzern, Raketen und anderen Waffen, werden bereits mehrmals in Saudi-Arabien gel\u00f6scht und wieder heimgefahren sein.&#8220;<\/span><\/p>\n<p><a href='http:\/\/www.nrhz.de\/flyer\/beitrag.php?id=25318' class='azc_bbc_url'>Nun die K\u00fcndigung des Truppenstationierungsvertrages zur zentralen Forderung machen!<\/a><br \/>\nGerade jetzt, <a href='https:\/\/www.german-foreign-policy.com\/news\/detail\/7759' class='azc_bbc_url'>wo Trump einseitig den INF-Abr\u00fcstungsvertrag k\u00fcndigen will<\/a>, muss SOFORT die Gegenank\u00fcndigung erfolgen, auch den Truppenstationierungsvertrag in Frage zu stellen und den Abzug aller US-Soldaten innerhalb der n\u00e4chsten 24 Monate einzufordern.<\/p>\n<p><a href='https:\/\/www.freitag.de\/autoren\/der-freitag\/europas-gendarm-in-afrika' class='azc_bbc_url'>Niger: Europas Gendarm in Afrika<\/a><br \/>\nDas verarmte Land soll die Migration nach Norden aufhalten und der EU zu Diensten sein.<\/p>\n<p>Und zu guter Letzt:<\/p>\n<p><a href='http:\/\/www.harm-bengen.de\/toonpool\/2018%2010%2024%20EU_und_Plastik-FARBE.jpg' class='azc_bbc_url'>EU will Plastikm\u00fcll bek\u00e4mpfen<\/a><br \/>\nKleiner Bonus-Tipp: Einfach wie <a href='http:\/\/sakurai-cartoons.de\/\/images\/g_kunststoffgrenzwerte.gif' class='azc_bbc_url'>bei den Abgas-Grenzwerten<\/a> vorgehen <img class='azc_bbc_image' src='https:\/\/www.rume.de\/smilies\/sarkasm.gif'  \/><\/p>\n","protected":false},"excerpt":{"rendered":"<p>\/ Recht auf Existenzminimum ist keine Frage der Barmherzigkeit \/ Steigende Mietkosten verst\u00e4rken Ungleichheit \/ Rechnungshof pr\u00fcft Privatisierung der &#8222;Unabh\u00e4ngigen Patientenberatung&#8220; \/ Krankenschwester beklagt Sparzwang: Bald sterben Menschen nach Mandel-OPs \/ B\u00fcrokostenpauschale: Martin Sonneborn \u00fcber das Abkassieren der EU-Politiker \/ Stell Dir vor, es ist Hessenwahl und niemand thematisiert die NSU-Vertuschung der CDU \/ &#8222;Gab &hellip; <a href=\"https:\/\/www.rume.de\/?p=1002\" class=\"more-link\"><span class=\"screen-reader-text\">\u201eAufgelesen und kommentiert 2018-10-24\u201c <\/span>weiterlesen<\/a><\/p>\n","protected":false},"author":1,"featured_media":0,"comment_status":"open","ping_status":"closed","sticky":false,"template":"","format":"standard","meta":{"footnotes":""},"categories":[2],"tags":[],"class_list":["post-1002","post","type-post","status-publish","format-standard","hentry","category-aufgelesen"],"_links":{"self":[{"href":"https:\/\/www.rume.de\/index.php?rest_route=\/wp\/v2\/posts\/1002","targetHints":{"allow":["GET"]}}],"collection":[{"href":"https:\/\/www.rume.de\/index.php?rest_route=\/wp\/v2\/posts"}],"about":[{"href":"https:\/\/www.rume.de\/index.php?rest_route=\/wp\/v2\/types\/post"}],"author":[{"embeddable":true,"href":"https:\/\/www.rume.de\/index.php?rest_route=\/wp\/v2\/users\/1"}],"replies":[{"embeddable":true,"href":"https:\/\/www.rume.de\/index.php?rest_route=%2Fwp%2Fv2%2Fcomments&post=1002"}],"version-history":[{"count":1,"href":"https:\/\/www.rume.de\/index.php?rest_route=\/wp\/v2\/posts\/1002\/revisions"}],"predecessor-version":[{"id":1003,"href":"https:\/\/www.rume.de\/index.php?rest_route=\/wp\/v2\/posts\/1002\/revisions\/1003"}],"wp:attachment":[{"href":"https:\/\/www.rume.de\/index.php?rest_route=%2Fwp%2Fv2%2Fmedia&parent=1002"}],"wp:term":[{"taxonomy":"category","embeddable":true,"href":"https:\/\/www.rume.de\/index.php?rest_route=%2Fwp%2Fv2%2Fcategories&post=1002"},{"taxonomy":"post_tag","embeddable":true,"href":"https:\/\/www.rume.de\/index.php?rest_route=%2Fwp%2Fv2%2Ftags&post=1002"}],"curies":[{"name":"wp","href":"https:\/\/api.w.org\/{rel}","templated":true}]}}