{"id":1000,"date":"2018-10-23T22:31:18","date_gmt":"2018-10-23T20:31:18","guid":{"rendered":"https:\/\/rume.inrieda.de\/?p=1000"},"modified":"2018-10-23T22:31:18","modified_gmt":"2018-10-23T20:31:18","slug":"aufgelesen-und-kommentiert-2018-10-23","status":"publish","type":"post","link":"https:\/\/www.rume.de\/?p=1000","title":{"rendered":"Aufgelesen und kommentiert 2018-10-23"},"content":{"rendered":"<p>\/ Gesundheitswesen: Das war\u2019s f\u00fcr 2018<br \/>\n\/ Soziale Herkunft entscheidet \u00fcber Chancen in der Schule<br \/>\n\/ Dogmen versus Realit\u00e4t<br \/>\n\/ Ich schr\u00f6der jetzt!<br \/>\n\/ Steuertricks der Digitalkonzerne: Bundesfinanzminister Scholz (SPD) will globale Mindeststeuer<br \/>\n\/ Ganz kurz nur, Andrea Nahles<br \/>\n\/ Entwicklungsministerium: L\u00f6schen statt offenlegen<br \/>\n\/ So bestehlen uns Superreiche: Eine Anleitung in sechs Schritten<br \/>\n\/ SPD-Chefin Nahles gr\u00fcndet &#8222;Parlamentskreis Pferd&#8220;<br \/>\n\/ Rechts vor Links &#8211; wohin treibt die Republik?<br \/>\n\/ US-Geheimdienst-Software Palantir in Deutschland: Wo die Polizei alles sieht<br \/>\n\/ Abschiebeflug: Fl\u00fcchtlinge gefesselt und mit Medikamenten sediert<br \/>\n\/ Warum Deutschland weiter Waffen liefert<br \/>\n\/ Leitmedien: Die Herrschaftsideologen<br \/>\n\/ Merkel will Fahrverbote per Gesetz erschweren<br \/>\n\/ Siemens-Chef sagt Konferenz in Riad ab<\/p>\n<p>&#8212;<\/p>\n<p><!--more--><\/p>\n<p><a href='https:\/\/www.jungewelt.de\/artikel\/342122.html' class='azc_bbc_url'>Gesundheitswesen: Das war\u2019s f\u00fcr 2018<\/a><br \/>\nF\u00fcr 2018 w\u00e4re das vorhandene Personal bereits am 22. Oktober aufgebraucht, wenn die Schichten so besetzt w\u00fcrden, wie es f\u00fcr eine sichere Versorgung der Patientinnen und Patienten notwendig w\u00e4re. Zwischen dem 23. Oktober und dem 31. Dezember bricht die Versorgung in den Krankenh\u00e4usern nur deshalb nicht zusammen, weil Pflegekr\u00e4fte regelm\u00e4\u00dfig \u00fcber ihre Grenzen gehen, um Patienten nicht im Stich zu lassen.<\/p>\n<p>Aber wie sagte Bundesminister Spahn (CDU) neulich noch: <span class='azc_bbc_italic'>&#8222;Wenn die Pflegekr\u00e4fte nur jeden Tag ein\/zwei \u00dcberstunden zus\u00e4tzlich machen w\u00fcrden, g\u00e4be es gar keinen Pflegenotstand&#8220;<\/span> <img class='azc_bbc_image' src='https:\/\/www.rume.de\/smilies\/sarkasm.gif'  \/><\/p>\n<p><a href='http:\/\/www.faz.net\/aktuell\/politik\/inland\/bildungserfolg-bleibt-fuer-sozial-schwache-schueler-schwer-15851887.html' class='azc_bbc_url'>Soziale Herkunft entscheidet \u00fcber Chancen in der Schule<\/a><br \/>\nMit zwei kurzen S\u00e4tzen erkl\u00e4rt uns die FAZ unser Bildungssystem: <span class='azc_bbc_italic'>&#8222;Die soziale Herkunft bestimmt in Deutschland \u00fcber den Schulerfolg. In L\u00e4ndern wie Finnland, Norwegen oder Polen existiert ein solche Ungerechtigkeit nicht.&#8220;<\/span><\/p>\n<p><a href='http:\/\/endlessgoodnews.blogspot.com\/2018\/10\/dogmen-vs-realitat.html' class='azc_bbc_url'>Dogmen versus Realit\u00e4t<\/a><br \/>\nChriwi seziert in kurzen Abschnitten eine &#8222;Nachrichtenmeldung&#8220; von DIE ZEIT (Wirtschaftsboom, Fachkr\u00e4ftemangel, steigende L\u00f6hne) und \u00fcberpr\u00fcft dies mit der Realit\u00e4t. Er macht also genau das, was eigentlich die Aufgabe des Journalismus w\u00e4re: N\u00e4mlich Recherche, statt Propaganda <img class='azc_bbc_image' src='https:\/\/www.rume.de\/smilies\/nasiehste.gif'  \/><\/p>\n<p><a href='https:\/\/www.youtube.com\/watch?v=vTPg2oF2i70' class='azc_bbc_url'>Ich schr\u00f6der jetzt!<\/a><br \/>\n<img class='azc_bbc_image' src='https:\/\/www.rume.de\/smilies\/nasiehste.gif'  \/><\/p>\n<p><a href='https:\/\/www.heise.de\/newsticker\/meldung\/Steuertricks-der-Digitalkonzerne-Olaf-Scholz-will-globale-Mindeststeuer-4198562.html' class='azc_bbc_url'>Steuertricks der Digitalkonzerne: Bundesfinanzminister Scholz (SPD) will globale Mindeststeuer<\/a><br \/>\nWer etwas &#8222;global&#8220; fordert, will es in Wirklichkeit verhindern und blockieren. Denn die Wahrscheinlichkeit, irgendetwas weltweit durchzusetzen ist praktisch unm\u00f6glich. Daf\u00fcr reicht ein kurzer Blick auf die europ\u00e4ischen Helfer zur Steuerhinterziehung wie Irland, Luxemburg und auch die Niederlande und britischen Offshore-Inseln. Niemand innerhalb der EU will gegen diese Steuerhinterziehung etwas unternehmen &#8211; und weltweit interessiert das erst recht niemanden. Und das weiss auch die SPD.<\/p>\n<p>Aber es stehen halt Landtagswahlen in Hessen an. Da muss die SPD eben ein paar Parolen rausklopfen, die schon direkt am Wahlsonntag schon wieder vergessen sind.<\/p>\n<p><a href='http:\/\/www.titanic-magazin.de\/news\/ganz-kurz-nur-andrea-nahles-10024' class='azc_bbc_url'>Ganz kurz nur, Andrea Nahles,<\/a><br \/>\nweil Sie der schei\u00df BILD steckten, dass f\u00fcr Ihre Tochter die <span class='azc_bbc_italic'>&#8222;Geisterbahn schockierender als SPD-Wahlergebnisse&#8220;<\/span> sei &#8211; ja klar, wen soll das wundern? In der Geisterbahn kommen die Schocker schlie\u00dflich \u00fcberraschend, Nahles. Das SPD-Ergebnis bei der hessischen Landtagswahl n\u00e4chstes Wochenende hingegen &#8230; Sie ahnen es!<\/p>\n<p><a href='https:\/\/netzpolitik.org\/2018\/entwicklungsministerium-loeschen-statt-offenlegen' class='azc_bbc_url'>Entwicklungsministerium: L\u00f6schen statt offenlegen<\/a><br \/>\nDas Bundesministerium f\u00fcr wirtschaftliche Zusammenarbeit will einen alten Terminkalender seines Ministers Gerd M\u00fcller (CSU) nicht herausgeben. Die Bundesbeauftragte f\u00fcr Informationsfreiheit schaltet sich ein &#8211; und das Ministerium l\u00f6scht die Daten einfach und verk\u00fcndet anschliessend lachend: <span class='azc_bbc_italic'>&#8222;Eine Wiederbeschaffungspflicht von gel\u00f6schten Daten gebe es nicht, die Vermittlung sei somit beendet.&#8220;<\/span><\/p>\n<p><a href='https:\/\/orange.handelsblatt.com\/artikel\/50621' class='azc_bbc_url'>So bestehlen uns Superreiche: Eine Anleitung in sechs Schritten<\/a><br \/>\nBei Interesse <img class='azc_bbc_image' src='https:\/\/www.rume.de\/smilies\/biggrin.gif'  \/> k\u00f6nnt ihr euch das ja durchlesen. Aber auch hier g\u00e4be es einen wirksamen Hebel, der schon seit der Finanzkrise auf seine Umsetzung wartet: <a href='https:\/\/www.youtube.com\/watch?v=X2Kb1En2fVs' class='azc_bbc_url'>Die Finanztransaktionssteuer!<\/a><\/p>\n<p>Auf jeden Mist, den man sich kauft, ist Mehrwertsteuer draufzuzahlen &#8211; nur bei &#8222;Wertpapieren&#8220; ist dies nicht der Fall. W\u00fcrde bei jedem Verkauf einer Aktie auch eine Steuer f\u00e4llig, w\u00e4re das gesamte Schneeballsystem schlagartig auf ein Niveau gesenkt, welches volkswirtschaftlich betrachtet keinen Schaden mehr anrichtet.<\/p>\n<p>Das einzige, was fehlt, ist der politische Wille.<\/p>\n<p><a href='https:\/\/www.stern.de\/politik\/deutschland\/andrea-nahles&#8211;mit-pferden-die-fragen-der-heutigen-zeit-beantworten&#8211;8407836.html' class='azc_bbc_url'>SPD-Chefin Nahles gr\u00fcndet &#8222;Parlamentskreis Pferd&#8220;<\/a><br \/>\nWozu sollte sich die SPD gross mit Themen wie der sozialen Gerechtigkeit aufhalten, zu der sie eh nichts beizutragen hat &#8211; dachte sich die SPD-Chefin Andrea Nahles und gr\u00fcndete nach der Bayern-Wahlpleite direkt mal einen &#8222;Parlamentskreis Pferd&#8220;. Und Nein, das ist KEINE Satire. <span class='azc_bbc_italic'>&#8222;Zusammen mit Bundestagskollegen von der CDU, der CSU und der FDP lud sie jetzt zum Gr\u00fcndungstreffen des Parlamentskreises Pferd&#8220;<\/span>, berichtet der STERN, ohne nochmal explizit darauf hinzuweisen, warum die SPD inzwischen nur noch mit Union und FDP kuschelt. Und wem das noch nicht reicht: Der Ehrengast und Redner beim Gr\u00fcndungstreffen ist Stefan Aust, einer der Hardcore-Lautsprecher des Kapitals, der den SPIEGEL zum ehemaligen Nachrichtenmagazin herunterpr\u00fcgelte und heute sein Geld beim Springer-Verlag abkassiert.<\/p>\n<p>Aber das alles geh\u00f6rt bestimmt zu dieser SPD-Erneuerung, \u00fcber die sie st\u00e4ndig reden <img class='azc_bbc_image' src='https:\/\/www.rume.de\/smilies\/sarkasm.gif'  \/><\/p>\n<p><a href='https:\/\/www.youtube.com\/watch?v=g9zFjmIKcWA' class='azc_bbc_url'>Rechts vor Links &#8211; wohin treibt die Republik?<\/a><br \/>\nDiese Diskussion mit Jens Berger, Christoph Butterwegge, Rainer Mausfeld und Peter Zudeick ist exemplarisch daf\u00fcr, dass auch die linke Sozialdemokraten keinen Plan haben, wie man die Rechtsentwicklung stoppen k\u00f6nnte. Es dauert fast 50 Minuten (!), bis das Wort Kapitalismus und Eigentumsverh\u00e4ltnisse zum allerersten Mal genannt werden &#8211; und direkt danach nicht etwa im Mittelpunkt der Debatte stehen, sondern sofort das Thema gewechselt wird. Das waren, <a href='https:\/\/www.youtube.com\/watch?v=g9zFjmIKcWA&#038;t=4486s' class='azc_bbc_url'>abgesehen von diesem Hinweis von Rainer Mausfeld<\/a>, mal wieder 80 Minuten meines Lebens, die ich verschenkt habe.<\/p>\n<p><a href='https:\/\/www.sueddeutsche.de\/digital\/palantir-in-deutschland-wo-die-polizei-alles-sieht-1.4173809' class='azc_bbc_url'>US-Geheimdienst-Software Palantir in Deutschland: Wo die Polizei alles sieht<\/a><br \/>\nDie S\u00fcddeutsche Zeitung berichtet (Zitat): <span class='azc_bbc_italic'>&#8222;Hauptkommissar Otto, der seinen Vornamen nicht in den Medien lesen will, jagt linke Protestler von seinem Laptop aus. Er sitzt tief im Bauch des Frankfurter Polizeipr\u00e4sidiums, wo ein Aufkleber an einer T\u00fcr auf Hessisch verk\u00fcndet: &#8222;Mir basse uff!&#8220; Otto ist Teil eines kleinen Teams, das seit 2017 f\u00fcr das Land Hessen die Zukunft der Polizeiarbeit testet &#8211; oder, aus Sicht der Skeptiker: die Zukunft des \u00dcberwachungsstaates. 200 Staatssch\u00fctzer sind im Umgang mit &#8222;Hessendata&#8220; bereits geschult.<\/p>\n<p>Wenn Hauptkommissar Otto dieses &#8222;Hessendata&#8220; \u00f6ffnet, sieht er eine Suchmaske &#8211; eine Art Google, mit der er Menschen und ihr Umfeld durchleuchtet. Die neue Macht liegt darin, dass es Informationen aus verschiedensten Quellen kombinieren kann. Hessendata bindet dabei auch Daten aus sozialen Medien ein. Als &#8222;Facebook Business Records&#8220; erh\u00e4lt die Polizei u.a. alle Informationen aus Facebook-Profilen. Kommissar Otto scrollt durch Chats, Likes und Logins mit der IP-Adresse eines \u00dcberwachten, alles maschinenlesbar: Nachrichten auf Englisch, unter jeder steht die \u00dcbersetzung der Polizeidolmetscher. Es geht um die Organisation von Demonstrationen, die Chats sind echt, nach ihrer Auswertung nahmen Ermittler im Februar einen 17-J\u00e4hrigen fest. <a href='https:\/\/www.falkennrw.de\/offenerbriefg20demo' class='azc_bbc_url'>Er wollte zum G20-Protest nach Hamburg fahren<\/a>. Die Polizei pr\u00e4sentiert das als Erfolg der neuen Software. Der Datensatz von Facebook ist so umfangreich, dass Otto sagt: &#8222;Wir haben eine neue Welt betreten.&#8220; Frankfurts Polizeipr\u00e4sident lacht und zeigt auf die Leinwand, auf der Hauptkommissar Otto das Programm vorf\u00fchrt. &#8222;Mich begeistert das ja immer: Alles mit einem Klick.&#8220;<\/span><\/p>\n<p>Da l\u00e4uft es einem eiskalt den R\u00fccken herunter, oder?<\/p>\n<p>Und jeder, der nun verst\u00f6rt auf den Bericht geklickt hat und aufatmet, weil es im Text gegen Salafisten geht &#8211; und nicht gegen Demonstranten &#8211; der hat nicht bis zum Ende gelesen. Denn weiter unten steht (Zitat): <span class='azc_bbc_italic'>&#8222;Der Einsatz gegen Salafisten ist erst der Anfang. Die Polizei hat bereits beantragt, das Programm auszuweiten. Und die anderen Bundesl\u00e4nder verfolgen sehr genau, wie Palantirs Software in Frankfurt ihre Netze baut.&#8220;<\/span><\/p>\n<p>Als sie Salafisten in den Knast warfen, habe ich geschwiegen, denn ich war ja keiner.<br \/>\nAls sie Fl\u00fcchtlinge in Lager sperrten, habe ich geschwiegen, denn ich war ja keiner.<br \/>\nAls sie Linke drangsalierten, habe ich geschwiegen, denn ich war ja keiner.<\/p>\n<p>Kennt ihr ja alle, wie es weitergeht. Und in Hessen haben CDU und GR\u00dcNE, die dort gemeinsam regieren, diese Software explizit gewollt und eingef\u00fchrt. Auch die SPD erhebt kein einziges Wort der Kritik dagegen. Die FDP betreibt nur ein wenig Oppositionsemp\u00f6rung und schwadroniert \u00fcber &#8222;abfliessende Daten&#8220; und den Kosten der Software herum. Und die AfD freut sich auf dieses polizeiliche Werkzeug f\u00fcr ihren Kampf zur S\u00e4uberung des Volksk\u00f6rpers.<\/p>\n<p>Und sp\u00e4ter werden unsere Kinder uns (wieder einmal) fragen, warum wir nichts dagegen getan haben. Aber aus der Geschichte lernt man eben &#8211; oder man ist Deutscher.<\/p>\n<p><a href='https:\/\/www.neues-deutschland.de\/artikel\/1104089.html' class='azc_bbc_url'>Abschiebeflug: Fl\u00fcchtlinge gefesselt und mit Medikamenten sediert<\/a><br \/>\nUnter Ausschluss der \u00d6ffentlichkeit versuchen die Beh\u00f6rden mit allen Mitteln, die (politisch gewollte) &#8222;Ausl\u00e4nder raus&#8220;-Politik durchzusetzen. Exemplarisch daf\u00fcr steht die Sammelabschiebung vom 6. Juni 2018. Den betroffenen Menschen sollen unter anderem zwangsweise sedierende Medikamente verabreicht worden sein. Besonders schutzbed\u00fcrftige Gefl\u00fcchtete sollen gefesselt, Familien gewaltsam getrennt worden sein und Polizisten Schl\u00e4ge ausgeteilt haben, auch auf eine schwangere Frau. Federf\u00fchrend organisiert wurde die Sammelabschiebung \u00fcbrigens durch die rot-rot-gr\u00fcne Berliner Ausl\u00e4nderbeh\u00f6rde, von den 90 abgeschobenen Asylsuchenden waren 26 aus Berlin.<\/p>\n<p>Tja Leute: So sehen die zwangsl\u00e4ufigen Folgen aus, wenn man Menschen nach ihrer N\u00fctzlichkeit f\u00fcr den Kapitalismus sortiert &#8211; und dann &#8222;die Nutzlosen&#8220; aussortiert. Das sind die zwangsl\u00e4ufigen Folgen, wenn man Einwanderungsgesetze schreibt, statt klipp und klar das System anzugreifen, welches durch seine brutale Profitmaximierungs-Logik immer schlimmere Fluchtursachen produziert.<\/p>\n<p><a href='http:\/\/www.tagesschau.de\/inland\/saudi-arabien-ruestung-101.html' class='azc_bbc_url'>Warum Deutschland weiter Waffen liefert<\/a><br \/>\nAngesichts der breiten Ablehnung innerhalb der Bev\u00f6lkerung mussten die \u00d6ffentlich-Rechten unbedingt etwas unternehmen, um der Bundesregierung bei ihren Waffenexporten zugunsten des Profits zu verteidigen. Also erfindet man irgendwelche &#8222;Begr\u00fcndungen&#8220;, weswegen die arme Bundesregierung quasi dazu gezwungen ist, weiterhin Waffen selbst an die verbrecherischsten Regimes zu exportieren.<\/p>\n<p>Staatsfernsehen eben.<\/p>\n<p>Da werden dann pl\u00f6tzlich &#8222;alte Genehmigungen&#8220; ins Feld gef\u00fchrt, die man ja noch zu erf\u00fcllen h\u00e4tte. Nein, muss man nicht! Man kann auch sagen, die politische Lage hat sich ver\u00e4ndert &#8211; und akzeptiert dann u.U. eine Vertragsstrafe, die meistens eh nicht kommt.<\/p>\n<p>Da werden dann Kooperationen mit anderen L\u00e4ndern ins Feld gef\u00fchrt, die man ja nicht gef\u00e4hrden darf. Doch, auch das kann man nat\u00fcrlich beenden. Das Kooperationsland ist dann vielleicht ver\u00e4rgert, vielleicht pochte es auch Ausgleichzzahlungen &#8211; aber auch hier kann man jederzeit die Handbremse ziehen.<\/p>\n<p>Tja und nat\u00fcrlich d\u00fcrfen &#8222;die Arbeitspl\u00e4tze&#8220; nicht fehlen, die bei einem Waffen-Exportstopp gef\u00e4hrdet w\u00e4ren. Ja und weiter? Der Atomausstieg ist auch beschlossen, obwohl es Arbeitsvertr\u00e4ge beendet. H\u00e4tten wir eine Regierung zugunsten der Bev\u00f6lkerung, w\u00fcrde der Sofort-Exportstopp mit einer Gehaltsabsicherung f\u00fcr die betroffenen Arbeitspl\u00e4tze einhergehen &#8211; und fertig.<\/p>\n<p>So sehr sich die ARD hier auch ganz im Sinne (oder sogar im Auftrag) der Bundesregierung bem\u00fcht, um dem Wahlvieh zu erkl\u00e4ren, dass es keinen Exportstopp geben kann &#8211; es bleibt letzlich doch kein einziger Grund \u00fcbrig. Es wird lediglich umso mehr erkennbar, dass einzig und allein der politische Wille fehlt.<\/p>\n<p><a href='https:\/\/www.rubikon.news\/artikel\/die-herrschaftsideologen' class='azc_bbc_url'>Leitmedien: Die Herrschaftsideologen<\/a><br \/>\n<span class='azc_bbc_italic'>&#8222;Warum werden ausgerechnet &#8222;alternative Medien&#8220; der L\u00fcgen bezichtigt? Sie entstehen ja nur, wenn die &#8222;normalen Medien&#8220; sich mit den Herrschenden gemein machen. Und je st\u00e4rker die Kritik, desto deutlicher die Anzeichen, dass etwas falsch l\u00e4uft. Medienkritik zu denunzieren oder gar zu kriminalisieren, ist garantiert der falsche Weg.&#8220;<\/span> <a href='https:\/\/www.rubikon.news\/artikel\/die-herrschaftsideologen' class='azc_bbc_url'>Weiterlesen&#8230;<\/a><\/p>\n<p>\u00dcbrigens sind auch Facebook, Twitter und Google inzwischen in den Kampf gegen alternative Medien eingestiegen und haben in einer ersten &#8222;S\u00e4uberungswelle&#8220; <a href='https:\/\/www.heise.de\/tp\/features\/Facebook-Loeschungen-Manufacturing-Consent-4193284.html' class='azc_bbc_url'>\u00fcber 800 Seiten und Accounts gel\u00f6scht<\/a>, die der Meinung von Regierung und ihrer Qualit\u00e4tspresse widersprechen.<\/p>\n<p><a href='http:\/\/www.google.de\/search?q=merkel+fahrverbote&#038;hl=de&#038;tbm=nws' class='azc_bbc_url'>Merkel will Fahrverbote per Gesetz erschweren<\/a><br \/>\n<span class='azc_bbc_italic'>&#8222;Fahrverbote sind nicht verh\u00e4ltnism\u00e4\u00dfig, wenn die Grenzwerte f\u00fcr Stickstoffdioxid nur in geringem Umfang \u00fcberschritten werden&#8220;<\/span>, verk\u00fcndet die Kanzlerin. Im Klartext: Statt Gerichtsurteile zu befolgen, fordert Merkel offen zum Rechtsbruch auf. Eine bemerkenswerte Aussage der obersten Regierungsfigur. Andere werden schon f\u00fcr weit weniger vom sogenannten &#8222;Verfassungsschutz&#8220; beobachtet.<\/p>\n<p>Und \u00fcbrigens auch eine interessante Ansage f\u00fcr eine Stahlhelmpartei, die ansonsten stets nach sch\u00e4rferen Strafen br\u00fcllt. Ob die CDU &#8222;ein bisschen Krawall&#8220; bei politischen Gipfeltreffen auch f\u00fcr verh\u00e4ltnism\u00e4ssig h\u00e4lt? <img class='azc_bbc_image' src='https:\/\/www.rume.de\/smilies\/biggrin.gif'  \/><\/p>\n<p>Man k\u00f6nnte Abgasbetrug, Gerichtsurteile und Klimawandel perfekt daf\u00fcr nutzen, um eine Verkehrswende einzuleiten. Weg von der Lagerhaltung auf der Strasse, weg vom stauproduzierenden Individualverkehr, hin <a href='http:\/\/www.taz.de\/!5540035' class='azc_bbc_url'>zur autofreien Innenstadt<\/a>, zu ticketlosen \u00d6ffis, zu ausgebauten Bahnverbindungen, zu ausgebauten Park-and-Ride Stationen. Das alles liesse sich sogar f\u00fcr die CDU im kapitalistischen Sinne umsetzen, denn <a href='https:\/\/www.gemeingut.org\/getarnte-privatisierung' class='azc_bbc_url'>die Kapitalisten lechzen doch nach neuen Profitmodellen<\/a>. Stattdessen wird sich an aussterbende Saurier geklammert.<\/p>\n<p>Das sowas wie die CDU sogar im kapitalistischen Deutschland \u00fcber die F\u00fcnf-Prozent-H\u00fcrde kommt, dokumentiert die bildungspolitische Intelligenz der Bev\u00f6lkerung schon sehr gut &#8211; bzw. genauer gesagt: schlecht <img class='azc_bbc_image' src='https:\/\/www.rume.de\/smilies\/nasiehste.gif'  \/><\/p>\n<p>Und zu guter Letzt:<\/p>\n<p><a href='http:\/\/www.schwarwel.de\/wp-content\/uploads\/2018\/10\/181022-saudi-arabien-waffen-1000-karikatur-schwarwel.jpg' class='azc_bbc_url'>Siemens-Chef sagt Konferenz in Riad ab<\/a><br \/>\n<a href='http:\/\/tomicek.de\/images\/tomicek_bw\/18_10_22_Saudi-Arabien_Exporte_Hessen_f.jpg' class='azc_bbc_url'>Alles nur eine Frage der Zeit<\/a> <img class='azc_bbc_image' src='https:\/\/www.rume.de\/smilies\/nasiehste.gif'  \/><\/p>\n","protected":false},"excerpt":{"rendered":"<p>\/ Gesundheitswesen: Das war\u2019s f\u00fcr 2018 \/ Soziale Herkunft entscheidet \u00fcber Chancen in der Schule \/ Dogmen versus Realit\u00e4t \/ Ich schr\u00f6der jetzt! \/ Steuertricks der Digitalkonzerne: Bundesfinanzminister Scholz (SPD) will globale Mindeststeuer \/ Ganz kurz nur, Andrea Nahles \/ Entwicklungsministerium: L\u00f6schen statt offenlegen \/ So bestehlen uns Superreiche: Eine Anleitung in sechs Schritten \/ &hellip; <a href=\"https:\/\/www.rume.de\/?p=1000\" class=\"more-link\"><span class=\"screen-reader-text\">\u201eAufgelesen und kommentiert 2018-10-23\u201c <\/span>weiterlesen<\/a><\/p>\n","protected":false},"author":1,"featured_media":0,"comment_status":"open","ping_status":"closed","sticky":false,"template":"","format":"standard","meta":{"footnotes":""},"categories":[2],"tags":[],"class_list":["post-1000","post","type-post","status-publish","format-standard","hentry","category-aufgelesen"],"_links":{"self":[{"href":"https:\/\/www.rume.de\/index.php?rest_route=\/wp\/v2\/posts\/1000","targetHints":{"allow":["GET"]}}],"collection":[{"href":"https:\/\/www.rume.de\/index.php?rest_route=\/wp\/v2\/posts"}],"about":[{"href":"https:\/\/www.rume.de\/index.php?rest_route=\/wp\/v2\/types\/post"}],"author":[{"embeddable":true,"href":"https:\/\/www.rume.de\/index.php?rest_route=\/wp\/v2\/users\/1"}],"replies":[{"embeddable":true,"href":"https:\/\/www.rume.de\/index.php?rest_route=%2Fwp%2Fv2%2Fcomments&post=1000"}],"version-history":[{"count":1,"href":"https:\/\/www.rume.de\/index.php?rest_route=\/wp\/v2\/posts\/1000\/revisions"}],"predecessor-version":[{"id":1001,"href":"https:\/\/www.rume.de\/index.php?rest_route=\/wp\/v2\/posts\/1000\/revisions\/1001"}],"wp:attachment":[{"href":"https:\/\/www.rume.de\/index.php?rest_route=%2Fwp%2Fv2%2Fmedia&parent=1000"}],"wp:term":[{"taxonomy":"category","embeddable":true,"href":"https:\/\/www.rume.de\/index.php?rest_route=%2Fwp%2Fv2%2Fcategories&post=1000"},{"taxonomy":"post_tag","embeddable":true,"href":"https:\/\/www.rume.de\/index.php?rest_route=%2Fwp%2Fv2%2Ftags&post=1000"}],"curies":[{"name":"wp","href":"https:\/\/api.w.org\/{rel}","templated":true}]}}